{"id":22659,"date":"2022-02-10T06:20:15","date_gmt":"2022-02-10T05:20:15","guid":{"rendered":"https:\/\/kulturonline.tv\/?p=22659"},"modified":"2022-02-10T06:20:17","modified_gmt":"2022-02-10T05:20:17","slug":"kultregisseur-reinhard-schwabenitzky-mit-74-jahren-verstorben","status":"publish","type":"post","link":"https:\/\/kulturonline.tv\/de\/kultregisseur-reinhard-schwabenitzky-mit-74-jahren-verstorben\/","title":{"rendered":"Kultregisseur Reinhard Schwabenitzky mit 74 Jahren verstorben"},"content":{"rendered":"\n<p>Der Filmemacher verstarb am Mittwoch nach langer Krankheit. Er schrieb mit &#8222;Ein echter Wiener geht nicht unter&#8220; und dem &#8222;Kaiserm\u00fchlen Blues&#8220; TV-Geschichte<\/p>\n\n\n\n<figure class=\"wp-block-image size-full is-resized\"><img decoding=\"async\" src=\"https:\/\/kulturonline.tv\/wp-content\/uploads\/2022\/02\/Reinhard-Schwabnitzkie-edited.jpg\" alt=\"\" class=\"wp-image-22662\" width=\"833\" srcset=\"https:\/\/kulturonline.tv\/wp-content\/uploads\/2022\/02\/Reinhard-Schwabnitzkie-edited.jpg 520w, https:\/\/kulturonline.tv\/wp-content\/uploads\/2022\/02\/Reinhard-Schwabnitzkie-edited-416x234.jpg 416w\" sizes=\"(max-width: 520px) 100vw, 520px\" \/><\/figure>\n\n\n\n<p>Der geb\u00fcrtige Salzburger z\u00e4hlte \u00fcber Jahrzehnte zu den erfolgreichsten Film- und Fernsehregisseuren \u00d6sterreichs und schrieb mit &#8222;Ein echter Wiener geht nicht unter&#8220; in den 1970er-Jahren und mit dem &#8222;Kaiserm\u00fchlen Blues&#8220; in den 1990er-Jahren TV-Geschichte. Der Kultregisseur verstarb am Mittwoch, 9. Februar, nach langer Krankheit im Alter von 74 Jahren, wie sein Sohn Markus Schwabenitzky der APA mitteilte.<\/p>\n\n\n\n<p>Geboren wurde Reinhard Schwabenitzky am 23. April 1947 im famili\u00e4ren Wirtshaus in Bucheben bei Rauris (Salzburg). Er erlebte eine von Entbehrungen gepr\u00e4gte, aber gl\u00fcckliche Kindheit. Erste Schuljahre ohne Strom oder der beschwerliche Schulweg den Berg hinunter und wieder herauf h\u00e4tten ihm fr\u00fch &#8222;Ellbogen&#8220; verpasst, erinnert sich Schwabenitzky. &#8222;Man lernt hier Durchhalten. Das habe ich dringend gebraucht, um mit dieser flachen, oberfl\u00e4chlichen, intriganten Branche zurechtzukommen.&#8220;<\/p>\n\n\n\n<figure class=\"wp-block-embed is-type-video is-provider-youtube wp-block-embed-youtube wp-embed-aspect-16-9 wp-has-aspect-ratio\"><div class=\"wp-block-embed__wrapper\">\n<iframe title=\"Katia Wagner #brennpunkt: Wie politisch d\u00fcrfen K\u00fcnstler sein?\" width=\"800\" height=\"450\" src=\"https:\/\/www.youtube.com\/embed\/jBCRt8WgMNI?feature=oembed\" frameborder=\"0\" allow=\"accelerometer; autoplay; clipboard-write; encrypted-media; gyroscope; picture-in-picture; web-share\" referrerpolicy=\"strict-origin-when-cross-origin\" allowfullscreen><\/iframe>\n<\/div><\/figure>\n\n\n\n<p>D\u00fcrfen K\u00fcnstler geschlossen den R\u00fccktritt eines Ministers fordern? Oder ist es sogar eine wichtige Aufgabe von Kunst potenzielle Missst\u00e4nde in der Politik aufzuzeigen? Wie politisch K\u00fcnstler sein d\u00fcrfen, das diskutiert Katia Wagner mit \u201eMundl\u201c-<strong>Regisseur Reinhard Schwabenitzky,<\/strong> Polit-Quereinsteiger Wolfram Pirchner (\u00d6VP) und dem ehemaligen SP\u00d6-Bundesgesch\u00e4ftsf\u00fchrer und nunmehrigen PR-Berater Josef Kalina und Caroline Athanasiadis, Kabarettistin.<\/p>\n\n\n\n<p>Kultur Online TV<\/p>\n\n\n\n<p>#news #film #kultur<\/p>\n","protected":false},"excerpt":{"rendered":"<p>Der Filmemacher verstarb am Mittwoch nach langer Krankheit. Er schrieb mit &#8222;Ein echter Wiener geht nicht unter&#8220; und dem &#8222;Kaiserm\u00fchlen Blues&#8220; TV-Geschichte Der geb\u00fcrtige Salzburger z\u00e4hlte \u00fcber Jahrzehnte zu den erfolgreichsten Film- und Fernsehregisseuren \u00d6sterreichs und schrieb mit &#8222;Ein echter Wiener geht nicht unter&#8220; in den 1970er-Jahren und mit dem &#8222;Kaiserm\u00fchlen Blues&#8220; in den 1990er-Jahren [&hellip;]<\/p>\n","protected":false},"author":2,"featured_media":22662,"comment_status":"closed","ping_status":"closed","sticky":false,"template":"","format":"standard","meta":{"_acf_changed":false,"footnotes":""},"categories":[3],"tags":[],"class_list":["post-22659","post","type-post","status-publish","format-standard","has-post-thumbnail","hentry","category-newsflash"],"acf":[],"yoast_head":"<!-- This site is optimized with the Yoast SEO plugin v26.1.1 - https:\/\/yoast.com\/wordpress\/plugins\/seo\/ -->\n<title>Kultregisseur Reinhard Schwabenitzky mit 74 Jahren verstorben - Kultur Online TV &amp; FM<\/title>\n<meta name=\"description\" content=\"Kultur sehen und H\u00f6ren\" \/>\n<meta name=\"robots\" content=\"index, follow, max-snippet:-1, max-image-preview:large, max-video-preview:-1\" \/>\n<link rel=\"canonical\" href=\"https:\/\/kulturonline.tv\/de\/kultregisseur-reinhard-schwabenitzky-mit-74-jahren-verstorben\/\" \/>\n<meta property=\"og:locale\" content=\"de_DE\" \/>\n<meta property=\"og:type\" content=\"article\" \/>\n<meta property=\"og:title\" content=\"Kultregisseur Reinhard Schwabenitzky mit 74 Jahren verstorben - Kultur Online TV &amp; FM\" \/>\n<meta property=\"og:description\" content=\"Kultur sehen und H\u00f6ren\" \/>\n<meta property=\"og:url\" content=\"https:\/\/kulturonline.tv\/de\/kultregisseur-reinhard-schwabenitzky-mit-74-jahren-verstorben\/\" \/>\n<meta property=\"og:site_name\" content=\"Kultur Online TV &amp; FM\" \/>\n<meta property=\"article:publisher\" content=\"https:\/\/www.facebook.com\/kulturonline.tv\" \/>\n<meta property=\"article:published_time\" content=\"2022-02-10T05:20:15+00:00\" \/>\n<meta property=\"article:modified_time\" content=\"2022-02-10T05:20:17+00:00\" \/>\n<meta property=\"og:image\" content=\"https:\/\/kulturonline.tv\/wp-content\/uploads\/2022\/02\/Reinhard-Schwabnitzkie-edited.jpg\" \/>\n\t<meta property=\"og:image:width\" content=\"520\" \/>\n\t<meta property=\"og:image:height\" content=\"292\" \/>\n\t<meta property=\"og:image:type\" content=\"image\/jpeg\" \/>\n<meta name=\"author\" content=\"guenter.wolfgang\" \/>\n<meta name=\"twitter:card\" content=\"summary_large_image\" \/>\n<meta name=\"twitter:label1\" content=\"Verfasst von\" \/>\n\t<meta name=\"twitter:data1\" content=\"guenter.wolfgang\" \/>\n\t<meta name=\"twitter:label2\" content=\"Gesch\u00e4tzte Lesezeit\" \/>\n\t<meta name=\"twitter:data2\" content=\"2\u00a0Minuten\" \/>\n<script type=\"application\/ld+json\" class=\"yoast-schema-graph\">{\"@context\":\"https:\/\/schema.org\",\"@graph\":[{\"@type\":\"Article\",\"@id\":\"https:\/\/kulturonline.tv\/de\/kultregisseur-reinhard-schwabenitzky-mit-74-jahren-verstorben\/#article\",\"isPartOf\":{\"@id\":\"https:\/\/kulturonline.tv\/de\/kultregisseur-reinhard-schwabenitzky-mit-74-jahren-verstorben\/\"},\"author\":{\"name\":\"guenter.wolfgang\",\"@id\":\"https:\/\/kulturonline.tv\/de\/#\/schema\/person\/b0fac729bb9a0c193fb1df23449df4fe\"},\"headline\":\"Kultregisseur Reinhard Schwabenitzky mit 74 Jahren verstorben\",\"datePublished\":\"2022-02-10T05:20:15+00:00\",\"dateModified\":\"2022-02-10T05:20:17+00:00\",\"mainEntityOfPage\":{\"@id\":\"https:\/\/kulturonline.tv\/de\/kultregisseur-reinhard-schwabenitzky-mit-74-jahren-verstorben\/\"},\"wordCount\":232,\"publisher\":{\"@id\":\"https:\/\/kulturonline.tv\/de\/#organization\"},\"image\":{\"@id\":\"https:\/\/kulturonline.tv\/de\/kultregisseur-reinhard-schwabenitzky-mit-74-jahren-verstorben\/#primaryimage\"},\"thumbnailUrl\":\"https:\/\/kulturonline.tv\/wp-content\/uploads\/2022\/02\/Reinhard-Schwabnitzkie-edited.jpg\",\"articleSection\":[\"Newsflash\"],\"inLanguage\":\"de\"},{\"@type\":\"WebPage\",\"@id\":\"https:\/\/kulturonline.tv\/de\/kultregisseur-reinhard-schwabenitzky-mit-74-jahren-verstorben\/\",\"url\":\"https:\/\/kulturonline.tv\/de\/kultregisseur-reinhard-schwabenitzky-mit-74-jahren-verstorben\/\",\"name\":\"Kultregisseur Reinhard Schwabenitzky mit 74 Jahren verstorben - Kultur Online TV &amp; FM\",\"isPartOf\":{\"@id\":\"https:\/\/kulturonline.tv\/de\/#website\"},\"primaryImageOfPage\":{\"@id\":\"https:\/\/kulturonline.tv\/de\/kultregisseur-reinhard-schwabenitzky-mit-74-jahren-verstorben\/#primaryimage\"},\"image\":{\"@id\":\"https:\/\/kulturonline.tv\/de\/kultregisseur-reinhard-schwabenitzky-mit-74-jahren-verstorben\/#primaryimage\"},\"thumbnailUrl\":\"https:\/\/kulturonline.tv\/wp-content\/uploads\/2022\/02\/Reinhard-Schwabnitzkie-edited.jpg\",\"datePublished\":\"2022-02-10T05:20:15+00:00\",\"dateModified\":\"2022-02-10T05:20:17+00:00\",\"description\":\"Kultur sehen und H\u00f6ren\",\"breadcrumb\":{\"@id\":\"https:\/\/kulturonline.tv\/de\/kultregisseur-reinhard-schwabenitzky-mit-74-jahren-verstorben\/#breadcrumb\"},\"inLanguage\":\"de\",\"potentialAction\":[{\"@type\":\"ReadAction\",\"target\":[\"https:\/\/kulturonline.tv\/de\/kultregisseur-reinhard-schwabenitzky-mit-74-jahren-verstorben\/\"]}]},{\"@type\":\"ImageObject\",\"inLanguage\":\"de\",\"@id\":\"https:\/\/kulturonline.tv\/de\/kultregisseur-reinhard-schwabenitzky-mit-74-jahren-verstorben\/#primaryimage\",\"url\":\"https:\/\/kulturonline.tv\/wp-content\/uploads\/2022\/02\/Reinhard-Schwabnitzkie-edited.jpg\",\"contentUrl\":\"https:\/\/kulturonline.tv\/wp-content\/uploads\/2022\/02\/Reinhard-Schwabnitzkie-edited.jpg\",\"width\":520,\"height\":292},{\"@type\":\"BreadcrumbList\",\"@id\":\"https:\/\/kulturonline.tv\/de\/kultregisseur-reinhard-schwabenitzky-mit-74-jahren-verstorben\/#breadcrumb\",\"itemListElement\":[{\"@type\":\"ListItem\",\"position\":1,\"name\":\"Startseite\",\"item\":\"https:\/\/kulturonline.tv\/de\/\"},{\"@type\":\"ListItem\",\"position\":2,\"name\":\"Kultregisseur Reinhard Schwabenitzky mit 74 Jahren verstorben\"}]},{\"@type\":\"WebSite\",\"@id\":\"https:\/\/kulturonline.tv\/de\/#website\",\"url\":\"https:\/\/kulturonline.tv\/de\/\",\"name\":\"Kultur Online TV &amp; FM\",\"description\":\"Wir sind Kultur 2.0 zum sehen &amp; h\u00f6ren\",\"publisher\":{\"@id\":\"https:\/\/kulturonline.tv\/de\/#organization\"},\"potentialAction\":[{\"@type\":\"SearchAction\",\"target\":{\"@type\":\"EntryPoint\",\"urlTemplate\":\"https:\/\/kulturonline.tv\/de\/?s={search_term_string}\"},\"query-input\":{\"@type\":\"PropertyValueSpecification\",\"valueRequired\":true,\"valueName\":\"search_term_string\"}}],\"inLanguage\":\"de\"},{\"@type\":\"Organization\",\"@id\":\"https:\/\/kulturonline.tv\/de\/#organization\",\"name\":\"Kultur Online TV\",\"url\":\"https:\/\/kulturonline.tv\/de\/\",\"logo\":{\"@type\":\"ImageObject\",\"inLanguage\":\"de\",\"@id\":\"https:\/\/kulturonline.tv\/de\/#\/schema\/logo\/image\/\",\"url\":\"https:\/\/kulturonline.tv\/wp-content\/uploads\/2021\/08\/Kultur-Online-Tv-Logo-Endversion-neu.png\",\"contentUrl\":\"https:\/\/kulturonline.tv\/wp-content\/uploads\/2021\/08\/Kultur-Online-Tv-Logo-Endversion-neu.png\",\"width\":200,\"height\":200,\"caption\":\"Kultur Online TV\"},\"image\":{\"@id\":\"https:\/\/kulturonline.tv\/de\/#\/schema\/logo\/image\/\"},\"sameAs\":[\"https:\/\/www.facebook.com\/kulturonline.tv\",\"https:\/\/www.instagram.com\/kulturonline.tv\"]},{\"@type\":\"Person\",\"@id\":\"https:\/\/kulturonline.tv\/de\/#\/schema\/person\/b0fac729bb9a0c193fb1df23449df4fe\",\"name\":\"guenter.wolfgang\"}]}<\/script>\n<!-- \/ Yoast SEO plugin. -->","yoast_head_json":{"title":"Kultregisseur Reinhard Schwabenitzky mit 74 Jahren verstorben - Kultur Online TV &amp; FM","description":"Kultur sehen und H\u00f6ren","robots":{"index":"index","follow":"follow","max-snippet":"max-snippet:-1","max-image-preview":"max-image-preview:large","max-video-preview":"max-video-preview:-1"},"canonical":"https:\/\/kulturonline.tv\/de\/kultregisseur-reinhard-schwabenitzky-mit-74-jahren-verstorben\/","og_locale":"de_DE","og_type":"article","og_title":"Kultregisseur Reinhard Schwabenitzky mit 74 Jahren verstorben - Kultur Online TV &amp; FM","og_description":"Kultur sehen und H\u00f6ren","og_url":"https:\/\/kulturonline.tv\/de\/kultregisseur-reinhard-schwabenitzky-mit-74-jahren-verstorben\/","og_site_name":"Kultur Online TV &amp; FM","article_publisher":"https:\/\/www.facebook.com\/kulturonline.tv","article_published_time":"2022-02-10T05:20:15+00:00","article_modified_time":"2022-02-10T05:20:17+00:00","og_image":[{"width":520,"height":292,"url":"https:\/\/kulturonline.tv\/wp-content\/uploads\/2022\/02\/Reinhard-Schwabnitzkie-edited.jpg","type":"image\/jpeg"}],"author":"guenter.wolfgang","twitter_card":"summary_large_image","twitter_misc":{"Verfasst von":"guenter.wolfgang","Gesch\u00e4tzte Lesezeit":"2\u00a0Minuten"},"schema":{"@context":"https:\/\/schema.org","@graph":[{"@type":"Article","@id":"https:\/\/kulturonline.tv\/de\/kultregisseur-reinhard-schwabenitzky-mit-74-jahren-verstorben\/#article","isPartOf":{"@id":"https:\/\/kulturonline.tv\/de\/kultregisseur-reinhard-schwabenitzky-mit-74-jahren-verstorben\/"},"author":{"name":"guenter.wolfgang","@id":"https:\/\/kulturonline.tv\/de\/#\/schema\/person\/b0fac729bb9a0c193fb1df23449df4fe"},"headline":"Kultregisseur Reinhard Schwabenitzky mit 74 Jahren verstorben","datePublished":"2022-02-10T05:20:15+00:00","dateModified":"2022-02-10T05:20:17+00:00","mainEntityOfPage":{"@id":"https:\/\/kulturonline.tv\/de\/kultregisseur-reinhard-schwabenitzky-mit-74-jahren-verstorben\/"},"wordCount":232,"publisher":{"@id":"https:\/\/kulturonline.tv\/de\/#organization"},"image":{"@id":"https:\/\/kulturonline.tv\/de\/kultregisseur-reinhard-schwabenitzky-mit-74-jahren-verstorben\/#primaryimage"},"thumbnailUrl":"https:\/\/kulturonline.tv\/wp-content\/uploads\/2022\/02\/Reinhard-Schwabnitzkie-edited.jpg","articleSection":["Newsflash"],"inLanguage":"de"},{"@type":"WebPage","@id":"https:\/\/kulturonline.tv\/de\/kultregisseur-reinhard-schwabenitzky-mit-74-jahren-verstorben\/","url":"https:\/\/kulturonline.tv\/de\/kultregisseur-reinhard-schwabenitzky-mit-74-jahren-verstorben\/","name":"Kultregisseur Reinhard Schwabenitzky mit 74 Jahren verstorben - Kultur Online TV &amp; FM","isPartOf":{"@id":"https:\/\/kulturonline.tv\/de\/#website"},"primaryImageOfPage":{"@id":"https:\/\/kulturonline.tv\/de\/kultregisseur-reinhard-schwabenitzky-mit-74-jahren-verstorben\/#primaryimage"},"image":{"@id":"https:\/\/kulturonline.tv\/de\/kultregisseur-reinhard-schwabenitzky-mit-74-jahren-verstorben\/#primaryimage"},"thumbnailUrl":"https:\/\/kulturonline.tv\/wp-content\/uploads\/2022\/02\/Reinhard-Schwabnitzkie-edited.jpg","datePublished":"2022-02-10T05:20:15+00:00","dateModified":"2022-02-10T05:20:17+00:00","description":"Kultur sehen und H\u00f6ren","breadcrumb":{"@id":"https:\/\/kulturonline.tv\/de\/kultregisseur-reinhard-schwabenitzky-mit-74-jahren-verstorben\/#breadcrumb"},"inLanguage":"de","potentialAction":[{"@type":"ReadAction","target":["https:\/\/kulturonline.tv\/de\/kultregisseur-reinhard-schwabenitzky-mit-74-jahren-verstorben\/"]}]},{"@type":"ImageObject","inLanguage":"de","@id":"https:\/\/kulturonline.tv\/de\/kultregisseur-reinhard-schwabenitzky-mit-74-jahren-verstorben\/#primaryimage","url":"https:\/\/kulturonline.tv\/wp-content\/uploads\/2022\/02\/Reinhard-Schwabnitzkie-edited.jpg","contentUrl":"https:\/\/kulturonline.tv\/wp-content\/uploads\/2022\/02\/Reinhard-Schwabnitzkie-edited.jpg","width":520,"height":292},{"@type":"BreadcrumbList","@id":"https:\/\/kulturonline.tv\/de\/kultregisseur-reinhard-schwabenitzky-mit-74-jahren-verstorben\/#breadcrumb","itemListElement":[{"@type":"ListItem","position":1,"name":"Startseite","item":"https:\/\/kulturonline.tv\/de\/"},{"@type":"ListItem","position":2,"name":"Kultregisseur Reinhard Schwabenitzky mit 74 Jahren verstorben"}]},{"@type":"WebSite","@id":"https:\/\/kulturonline.tv\/de\/#website","url":"https:\/\/kulturonline.tv\/de\/","name":"Kultur Online TV &amp; FM","description":"Wir sind Kultur 2.0 zum sehen &amp; h\u00f6ren","publisher":{"@id":"https:\/\/kulturonline.tv\/de\/#organization"},"potentialAction":[{"@type":"SearchAction","target":{"@type":"EntryPoint","urlTemplate":"https:\/\/kulturonline.tv\/de\/?s={search_term_string}"},"query-input":{"@type":"PropertyValueSpecification","valueRequired":true,"valueName":"search_term_string"}}],"inLanguage":"de"},{"@type":"Organization","@id":"https:\/\/kulturonline.tv\/de\/#organization","name":"Kultur Online TV","url":"https:\/\/kulturonline.tv\/de\/","logo":{"@type":"ImageObject","inLanguage":"de","@id":"https:\/\/kulturonline.tv\/de\/#\/schema\/logo\/image\/","url":"https:\/\/kulturonline.tv\/wp-content\/uploads\/2021\/08\/Kultur-Online-Tv-Logo-Endversion-neu.png","contentUrl":"https:\/\/kulturonline.tv\/wp-content\/uploads\/2021\/08\/Kultur-Online-Tv-Logo-Endversion-neu.png","width":200,"height":200,"caption":"Kultur Online TV"},"image":{"@id":"https:\/\/kulturonline.tv\/de\/#\/schema\/logo\/image\/"},"sameAs":["https:\/\/www.facebook.com\/kulturonline.tv","https:\/\/www.instagram.com\/kulturonline.tv"]},{"@type":"Person","@id":"https:\/\/kulturonline.tv\/de\/#\/schema\/person\/b0fac729bb9a0c193fb1df23449df4fe","name":"guenter.wolfgang"}]}},"_links":{"self":[{"href":"https:\/\/kulturonline.tv\/de\/wp-json\/wp\/v2\/posts\/22659","targetHints":{"allow":["GET"]}}],"collection":[{"href":"https:\/\/kulturonline.tv\/de\/wp-json\/wp\/v2\/posts"}],"about":[{"href":"https:\/\/kulturonline.tv\/de\/wp-json\/wp\/v2\/types\/post"}],"author":[{"embeddable":true,"href":"https:\/\/kulturonline.tv\/de\/wp-json\/wp\/v2\/users\/2"}],"replies":[{"embeddable":true,"href":"https:\/\/kulturonline.tv\/de\/wp-json\/wp\/v2\/comments?post=22659"}],"version-history":[{"count":0,"href":"https:\/\/kulturonline.tv\/de\/wp-json\/wp\/v2\/posts\/22659\/revisions"}],"wp:featuredmedia":[{"embeddable":true,"href":"https:\/\/kulturonline.tv\/de\/wp-json\/wp\/v2\/media\/22662"}],"wp:attachment":[{"href":"https:\/\/kulturonline.tv\/de\/wp-json\/wp\/v2\/media?parent=22659"}],"wp:term":[{"taxonomy":"category","embeddable":true,"href":"https:\/\/kulturonline.tv\/de\/wp-json\/wp\/v2\/categories?post=22659"},{"taxonomy":"post_tag","embeddable":true,"href":"https:\/\/kulturonline.tv\/de\/wp-json\/wp\/v2\/tags?post=22659"}],"curies":[{"name":"wp","href":"https:\/\/api.w.org\/{rel}","templated":true}]}}