{"id":22714,"date":"2022-02-11T06:17:40","date_gmt":"2022-02-11T05:17:40","guid":{"rendered":"https:\/\/kulturonline.tv\/?p=22714"},"modified":"2022-02-11T06:18:44","modified_gmt":"2022-02-11T05:18:44","slug":"angelina-jolie-fordert-mehr-schutz-fuer-opfer-haeuslicher-gewalt","status":"publish","type":"post","link":"https:\/\/kulturonline.tv\/de\/angelina-jolie-fordert-mehr-schutz-fuer-opfer-haeuslicher-gewalt\/","title":{"rendered":"Angelina Jolie fordert mehr Schutz f\u00fcr Opfer h\u00e4uslicher Gewalt"},"content":{"rendered":"\n<p>In einer Pressekonferenz im Wei\u00dfen Haus sagte sie, h\u00e4usliche Gewalt sei in den USA Normalit\u00e4t geworden, das sei die h\u00e4ssliche Wahrheit.<\/p>\n\n\n\n<figure class=\"wp-block-image size-full\"><img fetchpriority=\"high\" decoding=\"async\" width=\"1440\" height=\"809\" src=\"https:\/\/kulturonline.tv\/wp-content\/uploads\/2022\/02\/angelina-jolie-edited.jpg\" alt=\"\" class=\"wp-image-22717\" srcset=\"https:\/\/kulturonline.tv\/wp-content\/uploads\/2022\/02\/angelina-jolie-edited.jpg 1440w, https:\/\/kulturonline.tv\/wp-content\/uploads\/2022\/02\/angelina-jolie-edited-600x337.jpg 600w, https:\/\/kulturonline.tv\/wp-content\/uploads\/2022\/02\/angelina-jolie-edited-800x449.jpg 800w, https:\/\/kulturonline.tv\/wp-content\/uploads\/2022\/02\/angelina-jolie-edited-768x431.jpg 768w\" sizes=\"(max-width: 1440px) 100vw, 1440px\" \/><\/figure>\n\n\n\n<p>Jolie appellierte an die Politik, eine geplante Gesetzreform schnell umzusetzen, um Opfern von Misshandlungen medizinische und rechtliche Hilfe zu bieten.<\/p>\n\n\n\n<p>Mehrere US-Senatoren hatten in einer partei\u00fcbergreifenden Initiative den Vorschlag eingebracht, ein vor drei Jahren erloschenes Gesetz gegen h\u00e4usliche Gewalt wieder in Kraft zu setzen. Das Gesetz war seit den 1990er Jahren in Kraft, lief aber 2019 auf Bestreben der Republikaner aus.<\/p>\n\n\n\n<figure class=\"wp-block-embed is-type-video is-provider-youtube wp-block-embed-youtube wp-embed-aspect-16-9 wp-has-aspect-ratio\"><div class=\"wp-block-embed__wrapper\">\n<iframe title=\"WATCH: Angelina Jolie urges Senate to pass new deal on domestic violence bill\" width=\"800\" height=\"450\" src=\"https:\/\/www.youtube.com\/embed\/iF87L3Me9zQ?feature=oembed\" frameborder=\"0\" allow=\"accelerometer; autoplay; clipboard-write; encrypted-media; gyroscope; picture-in-picture; web-share\" referrerpolicy=\"strict-origin-when-cross-origin\" allowfullscreen><\/iframe>\n<\/div><\/figure>\n\n\n\n<p>Kultur Online TV<\/p>\n\n\n\n<p>#news #film<\/p>\n","protected":false},"excerpt":{"rendered":"<p>In einer Pressekonferenz im Wei\u00dfen Haus sagte sie, h\u00e4usliche Gewalt sei in den USA Normalit\u00e4t geworden, das sei die h\u00e4ssliche Wahrheit. Jolie appellierte an die Politik, eine geplante Gesetzreform schnell umzusetzen, um Opfern von Misshandlungen medizinische und rechtliche Hilfe zu bieten. Mehrere US-Senatoren hatten in einer partei\u00fcbergreifenden Initiative den Vorschlag eingebracht, ein vor drei Jahren [&hellip;]<\/p>\n","protected":false},"author":2,"featured_media":22717,"comment_status":"closed","ping_status":"closed","sticky":false,"template":"","format":"standard","meta":{"_acf_changed":false,"footnotes":""},"categories":[1],"tags":[],"class_list":["post-22714","post","type-post","status-publish","format-standard","has-post-thumbnail","hentry","category-unkategorisiert"],"acf":[],"yoast_head":"<!-- This site is optimized with the Yoast SEO plugin v26.1.1 - https:\/\/yoast.com\/wordpress\/plugins\/seo\/ -->\n<title>Angelina Jolie fordert mehr Schutz f\u00fcr Opfer h\u00e4uslicher Gewalt - Kultur Online TV &amp; FM<\/title>\n<meta name=\"description\" content=\"Kultur sehen und H\u00f6ren\" \/>\n<meta name=\"robots\" content=\"index, follow, max-snippet:-1, max-image-preview:large, max-video-preview:-1\" \/>\n<link rel=\"canonical\" href=\"https:\/\/kulturonline.tv\/de\/angelina-jolie-fordert-mehr-schutz-fuer-opfer-haeuslicher-gewalt\/\" \/>\n<meta property=\"og:locale\" content=\"de_DE\" \/>\n<meta property=\"og:type\" content=\"article\" \/>\n<meta property=\"og:title\" content=\"Angelina Jolie fordert mehr Schutz f\u00fcr Opfer h\u00e4uslicher Gewalt - Kultur Online TV &amp; FM\" \/>\n<meta property=\"og:description\" content=\"Kultur sehen und H\u00f6ren\" \/>\n<meta property=\"og:url\" content=\"https:\/\/kulturonline.tv\/de\/angelina-jolie-fordert-mehr-schutz-fuer-opfer-haeuslicher-gewalt\/\" \/>\n<meta property=\"og:site_name\" content=\"Kultur Online TV &amp; FM\" \/>\n<meta property=\"article:publisher\" content=\"https:\/\/www.facebook.com\/kulturonline.tv\" \/>\n<meta property=\"article:published_time\" content=\"2022-02-11T05:17:40+00:00\" \/>\n<meta property=\"article:modified_time\" content=\"2022-02-11T05:18:44+00:00\" \/>\n<meta property=\"og:image\" content=\"https:\/\/kulturonline.tv\/wp-content\/uploads\/2022\/02\/angelina-jolie-edited.jpg\" \/>\n\t<meta property=\"og:image:width\" content=\"1440\" \/>\n\t<meta property=\"og:image:height\" content=\"809\" \/>\n\t<meta property=\"og:image:type\" content=\"image\/jpeg\" \/>\n<meta name=\"author\" content=\"guenter.wolfgang\" \/>\n<meta name=\"twitter:card\" content=\"summary_large_image\" \/>\n<meta name=\"twitter:label1\" content=\"Verfasst von\" \/>\n\t<meta name=\"twitter:data1\" content=\"guenter.wolfgang\" \/>\n\t<meta name=\"twitter:label2\" content=\"Gesch\u00e4tzte Lesezeit\" \/>\n\t<meta name=\"twitter:data2\" content=\"1\u00a0Minute\" \/>\n<script type=\"application\/ld+json\" class=\"yoast-schema-graph\">{\"@context\":\"https:\/\/schema.org\",\"@graph\":[{\"@type\":\"Article\",\"@id\":\"https:\/\/kulturonline.tv\/de\/angelina-jolie-fordert-mehr-schutz-fuer-opfer-haeuslicher-gewalt\/#article\",\"isPartOf\":{\"@id\":\"https:\/\/kulturonline.tv\/de\/angelina-jolie-fordert-mehr-schutz-fuer-opfer-haeuslicher-gewalt\/\"},\"author\":{\"name\":\"guenter.wolfgang\",\"@id\":\"https:\/\/kulturonline.tv\/de\/#\/schema\/person\/b0fac729bb9a0c193fb1df23449df4fe\"},\"headline\":\"Angelina Jolie fordert mehr Schutz f\u00fcr Opfer h\u00e4uslicher Gewalt\",\"datePublished\":\"2022-02-11T05:17:40+00:00\",\"dateModified\":\"2022-02-11T05:18:44+00:00\",\"mainEntityOfPage\":{\"@id\":\"https:\/\/kulturonline.tv\/de\/angelina-jolie-fordert-mehr-schutz-fuer-opfer-haeuslicher-gewalt\/\"},\"wordCount\":113,\"publisher\":{\"@id\":\"https:\/\/kulturonline.tv\/de\/#organization\"},\"image\":{\"@id\":\"https:\/\/kulturonline.tv\/de\/angelina-jolie-fordert-mehr-schutz-fuer-opfer-haeuslicher-gewalt\/#primaryimage\"},\"thumbnailUrl\":\"https:\/\/kulturonline.tv\/wp-content\/uploads\/2022\/02\/angelina-jolie-edited.jpg\",\"articleSection\":[\"Unkategorisiert\"],\"inLanguage\":\"de\"},{\"@type\":\"WebPage\",\"@id\":\"https:\/\/kulturonline.tv\/de\/angelina-jolie-fordert-mehr-schutz-fuer-opfer-haeuslicher-gewalt\/\",\"url\":\"https:\/\/kulturonline.tv\/de\/angelina-jolie-fordert-mehr-schutz-fuer-opfer-haeuslicher-gewalt\/\",\"name\":\"Angelina Jolie fordert mehr Schutz f\u00fcr Opfer h\u00e4uslicher Gewalt - Kultur Online TV &amp; FM\",\"isPartOf\":{\"@id\":\"https:\/\/kulturonline.tv\/de\/#website\"},\"primaryImageOfPage\":{\"@id\":\"https:\/\/kulturonline.tv\/de\/angelina-jolie-fordert-mehr-schutz-fuer-opfer-haeuslicher-gewalt\/#primaryimage\"},\"image\":{\"@id\":\"https:\/\/kulturonline.tv\/de\/angelina-jolie-fordert-mehr-schutz-fuer-opfer-haeuslicher-gewalt\/#primaryimage\"},\"thumbnailUrl\":\"https:\/\/kulturonline.tv\/wp-content\/uploads\/2022\/02\/angelina-jolie-edited.jpg\",\"datePublished\":\"2022-02-11T05:17:40+00:00\",\"dateModified\":\"2022-02-11T05:18:44+00:00\",\"description\":\"Kultur sehen und H\u00f6ren\",\"breadcrumb\":{\"@id\":\"https:\/\/kulturonline.tv\/de\/angelina-jolie-fordert-mehr-schutz-fuer-opfer-haeuslicher-gewalt\/#breadcrumb\"},\"inLanguage\":\"de\",\"potentialAction\":[{\"@type\":\"ReadAction\",\"target\":[\"https:\/\/kulturonline.tv\/de\/angelina-jolie-fordert-mehr-schutz-fuer-opfer-haeuslicher-gewalt\/\"]}]},{\"@type\":\"ImageObject\",\"inLanguage\":\"de\",\"@id\":\"https:\/\/kulturonline.tv\/de\/angelina-jolie-fordert-mehr-schutz-fuer-opfer-haeuslicher-gewalt\/#primaryimage\",\"url\":\"https:\/\/kulturonline.tv\/wp-content\/uploads\/2022\/02\/angelina-jolie-edited.jpg\",\"contentUrl\":\"https:\/\/kulturonline.tv\/wp-content\/uploads\/2022\/02\/angelina-jolie-edited.jpg\",\"width\":1440,\"height\":809},{\"@type\":\"BreadcrumbList\",\"@id\":\"https:\/\/kulturonline.tv\/de\/angelina-jolie-fordert-mehr-schutz-fuer-opfer-haeuslicher-gewalt\/#breadcrumb\",\"itemListElement\":[{\"@type\":\"ListItem\",\"position\":1,\"name\":\"Startseite\",\"item\":\"https:\/\/kulturonline.tv\/de\/\"},{\"@type\":\"ListItem\",\"position\":2,\"name\":\"Angelina Jolie fordert mehr Schutz f\u00fcr Opfer h\u00e4uslicher Gewalt\"}]},{\"@type\":\"WebSite\",\"@id\":\"https:\/\/kulturonline.tv\/de\/#website\",\"url\":\"https:\/\/kulturonline.tv\/de\/\",\"name\":\"Kultur Online TV &amp; FM\",\"description\":\"Wir sind Kultur 2.0 zum sehen &amp; h\u00f6ren\",\"publisher\":{\"@id\":\"https:\/\/kulturonline.tv\/de\/#organization\"},\"potentialAction\":[{\"@type\":\"SearchAction\",\"target\":{\"@type\":\"EntryPoint\",\"urlTemplate\":\"https:\/\/kulturonline.tv\/de\/?s={search_term_string}\"},\"query-input\":{\"@type\":\"PropertyValueSpecification\",\"valueRequired\":true,\"valueName\":\"search_term_string\"}}],\"inLanguage\":\"de\"},{\"@type\":\"Organization\",\"@id\":\"https:\/\/kulturonline.tv\/de\/#organization\",\"name\":\"Kultur Online TV\",\"url\":\"https:\/\/kulturonline.tv\/de\/\",\"logo\":{\"@type\":\"ImageObject\",\"inLanguage\":\"de\",\"@id\":\"https:\/\/kulturonline.tv\/de\/#\/schema\/logo\/image\/\",\"url\":\"https:\/\/kulturonline.tv\/wp-content\/uploads\/2021\/08\/Kultur-Online-Tv-Logo-Endversion-neu.png\",\"contentUrl\":\"https:\/\/kulturonline.tv\/wp-content\/uploads\/2021\/08\/Kultur-Online-Tv-Logo-Endversion-neu.png\",\"width\":200,\"height\":200,\"caption\":\"Kultur Online TV\"},\"image\":{\"@id\":\"https:\/\/kulturonline.tv\/de\/#\/schema\/logo\/image\/\"},\"sameAs\":[\"https:\/\/www.facebook.com\/kulturonline.tv\",\"https:\/\/www.instagram.com\/kulturonline.tv\"]},{\"@type\":\"Person\",\"@id\":\"https:\/\/kulturonline.tv\/de\/#\/schema\/person\/b0fac729bb9a0c193fb1df23449df4fe\",\"name\":\"guenter.wolfgang\"}]}<\/script>\n<!-- \/ Yoast SEO plugin. -->","yoast_head_json":{"title":"Angelina Jolie fordert mehr Schutz f\u00fcr Opfer h\u00e4uslicher Gewalt - Kultur Online TV &amp; FM","description":"Kultur sehen und H\u00f6ren","robots":{"index":"index","follow":"follow","max-snippet":"max-snippet:-1","max-image-preview":"max-image-preview:large","max-video-preview":"max-video-preview:-1"},"canonical":"https:\/\/kulturonline.tv\/de\/angelina-jolie-fordert-mehr-schutz-fuer-opfer-haeuslicher-gewalt\/","og_locale":"de_DE","og_type":"article","og_title":"Angelina Jolie fordert mehr Schutz f\u00fcr Opfer h\u00e4uslicher Gewalt - Kultur Online TV &amp; FM","og_description":"Kultur sehen und H\u00f6ren","og_url":"https:\/\/kulturonline.tv\/de\/angelina-jolie-fordert-mehr-schutz-fuer-opfer-haeuslicher-gewalt\/","og_site_name":"Kultur Online TV &amp; FM","article_publisher":"https:\/\/www.facebook.com\/kulturonline.tv","article_published_time":"2022-02-11T05:17:40+00:00","article_modified_time":"2022-02-11T05:18:44+00:00","og_image":[{"width":1440,"height":809,"url":"https:\/\/kulturonline.tv\/wp-content\/uploads\/2022\/02\/angelina-jolie-edited.jpg","type":"image\/jpeg"}],"author":"guenter.wolfgang","twitter_card":"summary_large_image","twitter_misc":{"Verfasst von":"guenter.wolfgang","Gesch\u00e4tzte Lesezeit":"1\u00a0Minute"},"schema":{"@context":"https:\/\/schema.org","@graph":[{"@type":"Article","@id":"https:\/\/kulturonline.tv\/de\/angelina-jolie-fordert-mehr-schutz-fuer-opfer-haeuslicher-gewalt\/#article","isPartOf":{"@id":"https:\/\/kulturonline.tv\/de\/angelina-jolie-fordert-mehr-schutz-fuer-opfer-haeuslicher-gewalt\/"},"author":{"name":"guenter.wolfgang","@id":"https:\/\/kulturonline.tv\/de\/#\/schema\/person\/b0fac729bb9a0c193fb1df23449df4fe"},"headline":"Angelina Jolie fordert mehr Schutz f\u00fcr Opfer h\u00e4uslicher Gewalt","datePublished":"2022-02-11T05:17:40+00:00","dateModified":"2022-02-11T05:18:44+00:00","mainEntityOfPage":{"@id":"https:\/\/kulturonline.tv\/de\/angelina-jolie-fordert-mehr-schutz-fuer-opfer-haeuslicher-gewalt\/"},"wordCount":113,"publisher":{"@id":"https:\/\/kulturonline.tv\/de\/#organization"},"image":{"@id":"https:\/\/kulturonline.tv\/de\/angelina-jolie-fordert-mehr-schutz-fuer-opfer-haeuslicher-gewalt\/#primaryimage"},"thumbnailUrl":"https:\/\/kulturonline.tv\/wp-content\/uploads\/2022\/02\/angelina-jolie-edited.jpg","articleSection":["Unkategorisiert"],"inLanguage":"de"},{"@type":"WebPage","@id":"https:\/\/kulturonline.tv\/de\/angelina-jolie-fordert-mehr-schutz-fuer-opfer-haeuslicher-gewalt\/","url":"https:\/\/kulturonline.tv\/de\/angelina-jolie-fordert-mehr-schutz-fuer-opfer-haeuslicher-gewalt\/","name":"Angelina Jolie fordert mehr Schutz f\u00fcr Opfer h\u00e4uslicher Gewalt - Kultur Online TV &amp; FM","isPartOf":{"@id":"https:\/\/kulturonline.tv\/de\/#website"},"primaryImageOfPage":{"@id":"https:\/\/kulturonline.tv\/de\/angelina-jolie-fordert-mehr-schutz-fuer-opfer-haeuslicher-gewalt\/#primaryimage"},"image":{"@id":"https:\/\/kulturonline.tv\/de\/angelina-jolie-fordert-mehr-schutz-fuer-opfer-haeuslicher-gewalt\/#primaryimage"},"thumbnailUrl":"https:\/\/kulturonline.tv\/wp-content\/uploads\/2022\/02\/angelina-jolie-edited.jpg","datePublished":"2022-02-11T05:17:40+00:00","dateModified":"2022-02-11T05:18:44+00:00","description":"Kultur sehen und H\u00f6ren","breadcrumb":{"@id":"https:\/\/kulturonline.tv\/de\/angelina-jolie-fordert-mehr-schutz-fuer-opfer-haeuslicher-gewalt\/#breadcrumb"},"inLanguage":"de","potentialAction":[{"@type":"ReadAction","target":["https:\/\/kulturonline.tv\/de\/angelina-jolie-fordert-mehr-schutz-fuer-opfer-haeuslicher-gewalt\/"]}]},{"@type":"ImageObject","inLanguage":"de","@id":"https:\/\/kulturonline.tv\/de\/angelina-jolie-fordert-mehr-schutz-fuer-opfer-haeuslicher-gewalt\/#primaryimage","url":"https:\/\/kulturonline.tv\/wp-content\/uploads\/2022\/02\/angelina-jolie-edited.jpg","contentUrl":"https:\/\/kulturonline.tv\/wp-content\/uploads\/2022\/02\/angelina-jolie-edited.jpg","width":1440,"height":809},{"@type":"BreadcrumbList","@id":"https:\/\/kulturonline.tv\/de\/angelina-jolie-fordert-mehr-schutz-fuer-opfer-haeuslicher-gewalt\/#breadcrumb","itemListElement":[{"@type":"ListItem","position":1,"name":"Startseite","item":"https:\/\/kulturonline.tv\/de\/"},{"@type":"ListItem","position":2,"name":"Angelina Jolie fordert mehr Schutz f\u00fcr Opfer h\u00e4uslicher Gewalt"}]},{"@type":"WebSite","@id":"https:\/\/kulturonline.tv\/de\/#website","url":"https:\/\/kulturonline.tv\/de\/","name":"Kultur Online TV &amp; FM","description":"Wir sind Kultur 2.0 zum sehen &amp; h\u00f6ren","publisher":{"@id":"https:\/\/kulturonline.tv\/de\/#organization"},"potentialAction":[{"@type":"SearchAction","target":{"@type":"EntryPoint","urlTemplate":"https:\/\/kulturonline.tv\/de\/?s={search_term_string}"},"query-input":{"@type":"PropertyValueSpecification","valueRequired":true,"valueName":"search_term_string"}}],"inLanguage":"de"},{"@type":"Organization","@id":"https:\/\/kulturonline.tv\/de\/#organization","name":"Kultur Online TV","url":"https:\/\/kulturonline.tv\/de\/","logo":{"@type":"ImageObject","inLanguage":"de","@id":"https:\/\/kulturonline.tv\/de\/#\/schema\/logo\/image\/","url":"https:\/\/kulturonline.tv\/wp-content\/uploads\/2021\/08\/Kultur-Online-Tv-Logo-Endversion-neu.png","contentUrl":"https:\/\/kulturonline.tv\/wp-content\/uploads\/2021\/08\/Kultur-Online-Tv-Logo-Endversion-neu.png","width":200,"height":200,"caption":"Kultur Online TV"},"image":{"@id":"https:\/\/kulturonline.tv\/de\/#\/schema\/logo\/image\/"},"sameAs":["https:\/\/www.facebook.com\/kulturonline.tv","https:\/\/www.instagram.com\/kulturonline.tv"]},{"@type":"Person","@id":"https:\/\/kulturonline.tv\/de\/#\/schema\/person\/b0fac729bb9a0c193fb1df23449df4fe","name":"guenter.wolfgang"}]}},"_links":{"self":[{"href":"https:\/\/kulturonline.tv\/de\/wp-json\/wp\/v2\/posts\/22714","targetHints":{"allow":["GET"]}}],"collection":[{"href":"https:\/\/kulturonline.tv\/de\/wp-json\/wp\/v2\/posts"}],"about":[{"href":"https:\/\/kulturonline.tv\/de\/wp-json\/wp\/v2\/types\/post"}],"author":[{"embeddable":true,"href":"https:\/\/kulturonline.tv\/de\/wp-json\/wp\/v2\/users\/2"}],"replies":[{"embeddable":true,"href":"https:\/\/kulturonline.tv\/de\/wp-json\/wp\/v2\/comments?post=22714"}],"version-history":[{"count":0,"href":"https:\/\/kulturonline.tv\/de\/wp-json\/wp\/v2\/posts\/22714\/revisions"}],"wp:featuredmedia":[{"embeddable":true,"href":"https:\/\/kulturonline.tv\/de\/wp-json\/wp\/v2\/media\/22717"}],"wp:attachment":[{"href":"https:\/\/kulturonline.tv\/de\/wp-json\/wp\/v2\/media?parent=22714"}],"wp:term":[{"taxonomy":"category","embeddable":true,"href":"https:\/\/kulturonline.tv\/de\/wp-json\/wp\/v2\/categories?post=22714"},{"taxonomy":"post_tag","embeddable":true,"href":"https:\/\/kulturonline.tv\/de\/wp-json\/wp\/v2\/tags?post=22714"}],"curies":[{"name":"wp","href":"https:\/\/api.w.org\/{rel}","templated":true}]}}