{"id":22753,"date":"2022-02-11T08:01:19","date_gmt":"2022-02-11T07:01:19","guid":{"rendered":"https:\/\/kulturonline.tv\/unkategorisiert\/news-des-tages-vom-11-02-2022"},"modified":"2022-03-26T11:35:56","modified_gmt":"2022-03-26T10:35:56","slug":"news-des-tages-vom-11-02-2022","status":"publish","type":"post","link":"https:\/\/kulturonline.tv\/de\/news-des-tages-vom-11-02-2022\/","title":{"rendered":"Kulturflash"},"content":{"rendered":"\n<p>11.02.2022<\/p>\n\n\n\n<figure class=\"wp-block-embed is-type-video is-provider-youtube wp-block-embed-youtube wp-embed-aspect-16-9 wp-has-aspect-ratio\"><div class=\"wp-block-embed__wrapper\">\nhttps:\/\/www.youtube.com\/watch?v=fLtchR6cSzA&#038;feature=youtu.be\n<\/div><\/figure>\n\n\n<form role=\"search\" method=\"get\" action=\"https:\/\/kulturonline.tv\/de\/\" class=\"wp-block-search__button-outside wp-block-search__text-button wp-block-search\"    ><label class=\"wp-block-search__label\" for=\"wp-block-search__input-1\" >Suchen<\/label><div class=\"wp-block-search__inside-wrapper \" ><input class=\"wp-block-search__input\" id=\"wp-block-search__input-1\" placeholder=\"\" value=\"\" type=\"search\" name=\"s\" required \/><button aria-label=\"Suchen\" class=\"wp-block-search__button wp-element-button\" type=\"submit\" >Suchen<\/button><\/div><\/form>\n\n\n<p><a href=\"https:\/\/kulturonline.tv\/de\/film\/angelina-jolie-fordert-mehr-schutz-fuer-opfer-haeuslicher-gewalt\">Angelina Jolie fordert mehr Schutz f\u00fcr Opfer h\u00e4uslicher Gewalt<\/a><\/p>\n\n\n\n<div class=\"wp-block-query is-layout-flow wp-block-query-is-layout-flow\"><ul class=\"wp-block-post-template is-layout-flow wp-block-post-template-is-layout-flow\"><li class=\"wp-block-post post-148053 post type-post status-publish format-standard has-post-thumbnail hentry category-kunst\">\n\n<div class=\"wp-block-group is-layout-flow wp-block-group-is-layout-flow\" style=\"padding-top:30px;padding-right:30px;padding-bottom:30px;padding-left:30px\"><h2 class=\"wp-block-post-title\"><a href=\"https:\/\/kulturonline.tv\/de\/fruehlingserwachen-vernissage-von-alexandra-kordas\/\" target=\"_self\" >\u201eFr\u00fchlingserwachen\u201c Vernissage von Alexandra Kordas<\/a><\/h2>\n\n<div class=\"wp-block-post-excerpt\"><p class=\"wp-block-post-excerpt__excerpt\">Ein 1. Fr\u00fchlings VIP-\u00a0Highlight im Kunstfoyer der LV1871 in M\u00fcnchen ! Fr\u00fchlingsduft lag in der Luft bei der Vernissage von \u201eFr\u00fchlingserwachen\u201c der M\u00fcnchner K\u00fcnstlerin Alexandra Kordas im Kunstfoyer der LV1871, die zu einem glanzvollen Treffpunkt f\u00fcr Pers\u00f6nlich-keiten aus Kultur, dem Showbiz, den Medien und der Wirtschaft wurde. Wolfgang Reichel, Vorsitzender des Vorstands LV1871 und Dr.&hellip; <\/p><\/div>\n\n<div class=\"wp-block-post-date\"><time datetime=\"2026-04-29T10:57:10+02:00\">29. April 2026<\/time><\/div><\/div>\n\n<\/li><li class=\"wp-block-post post-145728 post type-post status-publish format-standard has-post-thumbnail hentry category-medien\">\n\n<div class=\"wp-block-group is-layout-flow wp-block-group-is-layout-flow\" style=\"padding-top:30px;padding-right:30px;padding-bottom:30px;padding-left:30px\"><h2 class=\"wp-block-post-title\"><a href=\"https:\/\/kulturonline.tv\/de\/tiefpunkt-der-medienkultur-wenn-voyeuristischer-schlamm-die-debatte-ersetzt\/\" target=\"_self\" >Tiefpunkt der Medienkultur: Wenn voyeuristischer Schlamm die Debatte ersetzt.<\/a><\/h2>\n\n<div class=\"wp-block-post-excerpt\"><p class=\"wp-block-post-excerpt__excerpt\">Was sich derzeit in der \u00f6sterreichischen Medienlandschaft rund um die Causa des ehemaligen ORF-Generaldirektors Roland Wei\u00dfmann abspielt, ist ein beispielloser Absturz in der Berichterstattung. Ein Spektakel der Niveaulosigkeit Dieser Talk-Spezial auf OE24 TV zum \u201eFall Wei\u00dfmann\u201c illustriert eindrucksvoll den massiven Konflikt zwischen journalistischem Aufkl\u00e4rungsanspruch, rechtlicher Grauzone und einer Medienkultur, die zunehmend jede Schamgrenze hinter sich&hellip; <\/p><\/div>\n\n<div class=\"wp-block-post-date\"><time datetime=\"2026-04-22T23:45:30+02:00\">22. April 2026<\/time><\/div><\/div>\n\n<\/li><li class=\"wp-block-post post-143635 post type-post status-publish format-standard has-post-thumbnail hentry category-veranstaltungstipps-de\">\n\n<div class=\"wp-block-group is-layout-flow wp-block-group-is-layout-flow\" style=\"padding-top:30px;padding-right:30px;padding-bottom:30px;padding-left:30px\"><h2 class=\"wp-block-post-title\"><a href=\"https:\/\/kulturonline.tv\/de\/wien-im-song-contest-fieber\/\" target=\"_self\" >Wien im Song-Contest-Fieber<\/a><\/h2>\n\n<div class=\"wp-block-post-excerpt\"><p class=\"wp-block-post-excerpt__excerpt\">Wien setzt im Mai 2026 neue Ma\u00dfst\u00e4be f\u00fcr das ESC-Rahmenprogramm. Am Mittwoch, dem 13. Mai 2026, verwandelt sich der Wiener Naschmarkt von 14:00 bis 19:00 Uhr in den Schauplatz des ersten \u201eEurovision Markt Contests\u201c. \u00a9 Bild: KI generiert Anstatt nur vor dem Fernseher mitzufiebern, k\u00f6nnen sich Besucherinnen und Besucher beim \u201eEurovision Markt Contest\u201c quer durch&hellip; <\/p><\/div>\n\n<div class=\"wp-block-post-date\"><time datetime=\"2026-04-16T08:54:39+02:00\">16. April 2026<\/time><\/div><\/div>\n\n<\/li><li class=\"wp-block-post post-143621 post type-post status-publish format-standard has-post-thumbnail hentry category-medien category-newsflash\">\n\n<div class=\"wp-block-group is-layout-flow wp-block-group-is-layout-flow\" style=\"padding-top:30px;padding-right:30px;padding-bottom:30px;padding-left:30px\"><h2 class=\"wp-block-post-title\"><a href=\"https:\/\/kulturonline.tv\/de\/zeitenwende-in-budapest-peter-magyar-kuendigt-radikalkur-fuer-staatsmedien-an\/\" target=\"_self\" >Zeitenwende in Budapest: P\u00e9ter Magyar k\u00fcndigt Radikalkur f\u00fcr Staatsmedien an<\/a><\/h2>\n\n<div class=\"wp-block-post-excerpt\"><p class=\"wp-block-post-excerpt__excerpt\">Drei Tage nach dem historischen Wahlsieg seiner Partei TISZA hat der k\u00fcnftige ungarische Premierminister P\u00e9ter Magyar am Mittwochmorgen f\u00fcr ein politisches Beben gesorgt \u2013 und das ausgerechnet im Studio des \u00f6ffentlich-rechtlichen Rundfunks, den er jahrelang gemieden hatte. \u00a9 Bild: KI generiert Das Ende der \u201ePropaganda\u201c? In seinem ersten gro\u00dfen Interview nach der Wahl wiederholte Magyar&hellip; <\/p><\/div>\n\n<div class=\"wp-block-post-date\"><time datetime=\"2026-04-16T08:45:42+02:00\">16. April 2026<\/time><\/div><\/div>\n\n<\/li><li class=\"wp-block-post post-143614 post type-post status-publish format-standard has-post-thumbnail hentry category-medien\">\n\n<div class=\"wp-block-group is-layout-flow wp-block-group-is-layout-flow\" style=\"padding-top:30px;padding-right:30px;padding-bottom:30px;padding-left:30px\"><h2 class=\"wp-block-post-title\"><a href=\"https:\/\/kulturonline.tv\/de\/kinderschutz-per-klick-die-neue-eu-alters-app\/\" target=\"_self\" >Kinderschutz per Klick: Die neue EU-Alters-App<\/a><\/h2>\n\n<div class=\"wp-block-post-excerpt\"><p class=\"wp-block-post-excerpt__excerpt\">Ursula von der Leyen pers\u00f6nlich k\u00fcndigte die Anwendung in Br\u00fcssel an: Die Technik sei \u201estartklar\u201c. Ziel ist es, den Zugang zu Inhalten, die erst ab 15, 16 oder 18 Jahren freigegeben sind, rechtssicher und gleichzeitig datensparsam zu kontrollieren. \u00a9 Bild: KI generiert 2026 Die App fungiert als digitales Bindeglied zwischen deinem Ausweis und der besuchten&hellip; <\/p><\/div>\n\n<div class=\"wp-block-post-date\"><time datetime=\"2026-04-16T08:14:15+02:00\">16. April 2026<\/time><\/div><\/div>\n\n<\/li><li class=\"wp-block-post post-143285 post type-post status-publish format-standard has-post-thumbnail hentry category-medien\">\n\n<div class=\"wp-block-group is-layout-flow wp-block-group-is-layout-flow\" style=\"padding-top:30px;padding-right:30px;padding-bottom:30px;padding-left:30px\"><h2 class=\"wp-block-post-title\"><a href=\"https:\/\/kulturonline.tv\/de\/tipp-zwischen-idealismus-und-gewalt-ein-blick-in-den-linksextremismus\/\" target=\"_self\" >Tipp: Zwischen Idealismus und Gewalt, ein Blick in den Linksextremismus.<\/a><\/h2>\n\n<div class=\"wp-block-post-excerpt\"><p class=\"wp-block-post-excerpt__excerpt\">Der Vorwurf der Einseitigkeit gegen\u00fcber dem \u00f6ffentlich-rechtlichen Rundfunk ist ein zentrales Thema im gesellschaftlichen Diskurs, w\u00e4hrend die \u00f6ffentlich rechtlichen Sender versuchen ihren gesetzlichen Auftrag zur Objektivit\u00e4t und Vielfalt nachzukommen. Ein aktueller dokumentarischer Beitrag, der gestern Abend (14.April.2026 ) im Rahmen des Sendeformates &#8222;Monitor&#8220; auf der ARD sich explizit mit der linksextremen Szene auseinandersetzt, dient hierbei&hellip; <\/p><\/div>\n\n<div class=\"wp-block-post-date\"><time datetime=\"2026-04-14T23:27:26+02:00\">14. April 2026<\/time><\/div><\/div>\n\n<\/li><\/ul><\/div>\n","protected":false},"excerpt":{"rendered":"<p>11.02.2022 Angelina Jolie fordert mehr Schutz f\u00fcr Opfer h\u00e4uslicher Gewalt<\/p>\n","protected":false},"author":2,"featured_media":23514,"comment_status":"closed","ping_status":"closed","sticky":false,"template":"","format":"standard","meta":{"_acf_changed":false,"footnotes":""},"categories":[1],"tags":[],"class_list":["post-22753","post","type-post","status-publish","format-standard","has-post-thumbnail","hentry","category-unkategorisiert"],"acf":[],"yoast_head":"<!-- This site is optimized with the Yoast SEO plugin v26.1.1 - https:\/\/yoast.com\/wordpress\/plugins\/seo\/ -->\n<title>Kulturflash - Kultur Online TV &amp; FM<\/title>\n<meta name=\"description\" content=\"Kultur sehen und H\u00f6ren\" \/>\n<meta name=\"robots\" content=\"index, follow, max-snippet:-1, max-image-preview:large, max-video-preview:-1\" \/>\n<link rel=\"canonical\" href=\"https:\/\/kulturonline.tv\/de\/news-des-tages-vom-11-02-2022\/\" \/>\n<meta property=\"og:locale\" content=\"de_DE\" \/>\n<meta property=\"og:type\" content=\"article\" \/>\n<meta property=\"og:title\" content=\"Kulturflash - Kultur Online TV &amp; FM\" \/>\n<meta property=\"og:description\" content=\"Kultur sehen und H\u00f6ren\" \/>\n<meta property=\"og:url\" content=\"https:\/\/kulturonline.tv\/de\/news-des-tages-vom-11-02-2022\/\" \/>\n<meta property=\"og:site_name\" content=\"Kultur Online TV &amp; FM\" \/>\n<meta property=\"article:publisher\" content=\"https:\/\/www.facebook.com\/kulturonline.tv\" \/>\n<meta property=\"article:published_time\" content=\"2022-02-11T07:01:19+00:00\" \/>\n<meta property=\"article:modified_time\" content=\"2022-03-26T10:35:56+00:00\" \/>\n<meta property=\"og:image\" content=\"https:\/\/kulturonline.tv\/wp-content\/uploads\/2022\/02\/music-3-1.png\" \/>\n\t<meta property=\"og:image:width\" content=\"1280\" \/>\n\t<meta property=\"og:image:height\" content=\"720\" \/>\n\t<meta property=\"og:image:type\" content=\"image\/png\" \/>\n<meta name=\"author\" content=\"guenter.wolfgang\" \/>\n<meta name=\"twitter:card\" content=\"summary_large_image\" \/>\n<meta name=\"twitter:label1\" content=\"Verfasst von\" \/>\n\t<meta name=\"twitter:data1\" content=\"guenter.wolfgang\" \/>\n\t<meta name=\"twitter:label2\" content=\"Gesch\u00e4tzte Lesezeit\" \/>\n\t<meta name=\"twitter:data2\" content=\"1\u00a0Minute\" \/>\n<script type=\"application\/ld+json\" class=\"yoast-schema-graph\">{\"@context\":\"https:\/\/schema.org\",\"@graph\":[{\"@type\":\"Article\",\"@id\":\"https:\/\/kulturonline.tv\/de\/news-des-tages-vom-11-02-2022\/#article\",\"isPartOf\":{\"@id\":\"https:\/\/kulturonline.tv\/de\/news-des-tages-vom-11-02-2022\/\"},\"author\":{\"name\":\"guenter.wolfgang\",\"@id\":\"https:\/\/kulturonline.tv\/de\/#\/schema\/person\/b0fac729bb9a0c193fb1df23449df4fe\"},\"headline\":\"Kulturflash\",\"datePublished\":\"2022-02-11T07:01:19+00:00\",\"dateModified\":\"2022-03-26T10:35:56+00:00\",\"mainEntityOfPage\":{\"@id\":\"https:\/\/kulturonline.tv\/de\/news-des-tages-vom-11-02-2022\/\"},\"wordCount\":24,\"publisher\":{\"@id\":\"https:\/\/kulturonline.tv\/de\/#organization\"},\"image\":{\"@id\":\"https:\/\/kulturonline.tv\/de\/news-des-tages-vom-11-02-2022\/#primaryimage\"},\"thumbnailUrl\":\"https:\/\/kulturonline.tv\/wp-content\/uploads\/2022\/02\/music-3-1.png\",\"articleSection\":[\"Unkategorisiert\"],\"inLanguage\":\"de\"},{\"@type\":\"WebPage\",\"@id\":\"https:\/\/kulturonline.tv\/de\/news-des-tages-vom-11-02-2022\/\",\"url\":\"https:\/\/kulturonline.tv\/de\/news-des-tages-vom-11-02-2022\/\",\"name\":\"Kulturflash - Kultur Online TV &amp; FM\",\"isPartOf\":{\"@id\":\"https:\/\/kulturonline.tv\/de\/#website\"},\"primaryImageOfPage\":{\"@id\":\"https:\/\/kulturonline.tv\/de\/news-des-tages-vom-11-02-2022\/#primaryimage\"},\"image\":{\"@id\":\"https:\/\/kulturonline.tv\/de\/news-des-tages-vom-11-02-2022\/#primaryimage\"},\"thumbnailUrl\":\"https:\/\/kulturonline.tv\/wp-content\/uploads\/2022\/02\/music-3-1.png\",\"datePublished\":\"2022-02-11T07:01:19+00:00\",\"dateModified\":\"2022-03-26T10:35:56+00:00\",\"description\":\"Kultur sehen und H\u00f6ren\",\"breadcrumb\":{\"@id\":\"https:\/\/kulturonline.tv\/de\/news-des-tages-vom-11-02-2022\/#breadcrumb\"},\"inLanguage\":\"de\",\"potentialAction\":[{\"@type\":\"ReadAction\",\"target\":[\"https:\/\/kulturonline.tv\/de\/news-des-tages-vom-11-02-2022\/\"]}]},{\"@type\":\"ImageObject\",\"inLanguage\":\"de\",\"@id\":\"https:\/\/kulturonline.tv\/de\/news-des-tages-vom-11-02-2022\/#primaryimage\",\"url\":\"https:\/\/kulturonline.tv\/wp-content\/uploads\/2022\/02\/music-3-1.png\",\"contentUrl\":\"https:\/\/kulturonline.tv\/wp-content\/uploads\/2022\/02\/music-3-1.png\",\"width\":1280,\"height\":720},{\"@type\":\"BreadcrumbList\",\"@id\":\"https:\/\/kulturonline.tv\/de\/news-des-tages-vom-11-02-2022\/#breadcrumb\",\"itemListElement\":[{\"@type\":\"ListItem\",\"position\":1,\"name\":\"Startseite\",\"item\":\"https:\/\/kulturonline.tv\/de\/\"},{\"@type\":\"ListItem\",\"position\":2,\"name\":\"Kulturflash\"}]},{\"@type\":\"WebSite\",\"@id\":\"https:\/\/kulturonline.tv\/de\/#website\",\"url\":\"https:\/\/kulturonline.tv\/de\/\",\"name\":\"Kultur Online TV &amp; FM\",\"description\":\"Wir sind Kultur 2.0 zum sehen &amp; h\u00f6ren\",\"publisher\":{\"@id\":\"https:\/\/kulturonline.tv\/de\/#organization\"},\"potentialAction\":[{\"@type\":\"SearchAction\",\"target\":{\"@type\":\"EntryPoint\",\"urlTemplate\":\"https:\/\/kulturonline.tv\/de\/?s={search_term_string}\"},\"query-input\":{\"@type\":\"PropertyValueSpecification\",\"valueRequired\":true,\"valueName\":\"search_term_string\"}}],\"inLanguage\":\"de\"},{\"@type\":\"Organization\",\"@id\":\"https:\/\/kulturonline.tv\/de\/#organization\",\"name\":\"Kultur Online TV\",\"url\":\"https:\/\/kulturonline.tv\/de\/\",\"logo\":{\"@type\":\"ImageObject\",\"inLanguage\":\"de\",\"@id\":\"https:\/\/kulturonline.tv\/de\/#\/schema\/logo\/image\/\",\"url\":\"https:\/\/kulturonline.tv\/wp-content\/uploads\/2021\/08\/Kultur-Online-Tv-Logo-Endversion-neu.png\",\"contentUrl\":\"https:\/\/kulturonline.tv\/wp-content\/uploads\/2021\/08\/Kultur-Online-Tv-Logo-Endversion-neu.png\",\"width\":200,\"height\":200,\"caption\":\"Kultur Online TV\"},\"image\":{\"@id\":\"https:\/\/kulturonline.tv\/de\/#\/schema\/logo\/image\/\"},\"sameAs\":[\"https:\/\/www.facebook.com\/kulturonline.tv\",\"https:\/\/www.instagram.com\/kulturonline.tv\"]},{\"@type\":\"Person\",\"@id\":\"https:\/\/kulturonline.tv\/de\/#\/schema\/person\/b0fac729bb9a0c193fb1df23449df4fe\",\"name\":\"guenter.wolfgang\"}]}<\/script>\n<!-- \/ Yoast SEO plugin. -->","yoast_head_json":{"title":"Kulturflash - Kultur Online TV &amp; FM","description":"Kultur sehen und H\u00f6ren","robots":{"index":"index","follow":"follow","max-snippet":"max-snippet:-1","max-image-preview":"max-image-preview:large","max-video-preview":"max-video-preview:-1"},"canonical":"https:\/\/kulturonline.tv\/de\/news-des-tages-vom-11-02-2022\/","og_locale":"de_DE","og_type":"article","og_title":"Kulturflash - Kultur Online TV &amp; FM","og_description":"Kultur sehen und H\u00f6ren","og_url":"https:\/\/kulturonline.tv\/de\/news-des-tages-vom-11-02-2022\/","og_site_name":"Kultur Online TV &amp; FM","article_publisher":"https:\/\/www.facebook.com\/kulturonline.tv","article_published_time":"2022-02-11T07:01:19+00:00","article_modified_time":"2022-03-26T10:35:56+00:00","og_image":[{"width":1280,"height":720,"url":"https:\/\/kulturonline.tv\/wp-content\/uploads\/2022\/02\/music-3-1.png","type":"image\/png"}],"author":"guenter.wolfgang","twitter_card":"summary_large_image","twitter_misc":{"Verfasst von":"guenter.wolfgang","Gesch\u00e4tzte Lesezeit":"1\u00a0Minute"},"schema":{"@context":"https:\/\/schema.org","@graph":[{"@type":"Article","@id":"https:\/\/kulturonline.tv\/de\/news-des-tages-vom-11-02-2022\/#article","isPartOf":{"@id":"https:\/\/kulturonline.tv\/de\/news-des-tages-vom-11-02-2022\/"},"author":{"name":"guenter.wolfgang","@id":"https:\/\/kulturonline.tv\/de\/#\/schema\/person\/b0fac729bb9a0c193fb1df23449df4fe"},"headline":"Kulturflash","datePublished":"2022-02-11T07:01:19+00:00","dateModified":"2022-03-26T10:35:56+00:00","mainEntityOfPage":{"@id":"https:\/\/kulturonline.tv\/de\/news-des-tages-vom-11-02-2022\/"},"wordCount":24,"publisher":{"@id":"https:\/\/kulturonline.tv\/de\/#organization"},"image":{"@id":"https:\/\/kulturonline.tv\/de\/news-des-tages-vom-11-02-2022\/#primaryimage"},"thumbnailUrl":"https:\/\/kulturonline.tv\/wp-content\/uploads\/2022\/02\/music-3-1.png","articleSection":["Unkategorisiert"],"inLanguage":"de"},{"@type":"WebPage","@id":"https:\/\/kulturonline.tv\/de\/news-des-tages-vom-11-02-2022\/","url":"https:\/\/kulturonline.tv\/de\/news-des-tages-vom-11-02-2022\/","name":"Kulturflash - Kultur Online TV &amp; FM","isPartOf":{"@id":"https:\/\/kulturonline.tv\/de\/#website"},"primaryImageOfPage":{"@id":"https:\/\/kulturonline.tv\/de\/news-des-tages-vom-11-02-2022\/#primaryimage"},"image":{"@id":"https:\/\/kulturonline.tv\/de\/news-des-tages-vom-11-02-2022\/#primaryimage"},"thumbnailUrl":"https:\/\/kulturonline.tv\/wp-content\/uploads\/2022\/02\/music-3-1.png","datePublished":"2022-02-11T07:01:19+00:00","dateModified":"2022-03-26T10:35:56+00:00","description":"Kultur sehen und H\u00f6ren","breadcrumb":{"@id":"https:\/\/kulturonline.tv\/de\/news-des-tages-vom-11-02-2022\/#breadcrumb"},"inLanguage":"de","potentialAction":[{"@type":"ReadAction","target":["https:\/\/kulturonline.tv\/de\/news-des-tages-vom-11-02-2022\/"]}]},{"@type":"ImageObject","inLanguage":"de","@id":"https:\/\/kulturonline.tv\/de\/news-des-tages-vom-11-02-2022\/#primaryimage","url":"https:\/\/kulturonline.tv\/wp-content\/uploads\/2022\/02\/music-3-1.png","contentUrl":"https:\/\/kulturonline.tv\/wp-content\/uploads\/2022\/02\/music-3-1.png","width":1280,"height":720},{"@type":"BreadcrumbList","@id":"https:\/\/kulturonline.tv\/de\/news-des-tages-vom-11-02-2022\/#breadcrumb","itemListElement":[{"@type":"ListItem","position":1,"name":"Startseite","item":"https:\/\/kulturonline.tv\/de\/"},{"@type":"ListItem","position":2,"name":"Kulturflash"}]},{"@type":"WebSite","@id":"https:\/\/kulturonline.tv\/de\/#website","url":"https:\/\/kulturonline.tv\/de\/","name":"Kultur Online TV &amp; FM","description":"Wir sind Kultur 2.0 zum sehen &amp; h\u00f6ren","publisher":{"@id":"https:\/\/kulturonline.tv\/de\/#organization"},"potentialAction":[{"@type":"SearchAction","target":{"@type":"EntryPoint","urlTemplate":"https:\/\/kulturonline.tv\/de\/?s={search_term_string}"},"query-input":{"@type":"PropertyValueSpecification","valueRequired":true,"valueName":"search_term_string"}}],"inLanguage":"de"},{"@type":"Organization","@id":"https:\/\/kulturonline.tv\/de\/#organization","name":"Kultur Online TV","url":"https:\/\/kulturonline.tv\/de\/","logo":{"@type":"ImageObject","inLanguage":"de","@id":"https:\/\/kulturonline.tv\/de\/#\/schema\/logo\/image\/","url":"https:\/\/kulturonline.tv\/wp-content\/uploads\/2021\/08\/Kultur-Online-Tv-Logo-Endversion-neu.png","contentUrl":"https:\/\/kulturonline.tv\/wp-content\/uploads\/2021\/08\/Kultur-Online-Tv-Logo-Endversion-neu.png","width":200,"height":200,"caption":"Kultur Online TV"},"image":{"@id":"https:\/\/kulturonline.tv\/de\/#\/schema\/logo\/image\/"},"sameAs":["https:\/\/www.facebook.com\/kulturonline.tv","https:\/\/www.instagram.com\/kulturonline.tv"]},{"@type":"Person","@id":"https:\/\/kulturonline.tv\/de\/#\/schema\/person\/b0fac729bb9a0c193fb1df23449df4fe","name":"guenter.wolfgang"}]}},"_links":{"self":[{"href":"https:\/\/kulturonline.tv\/de\/wp-json\/wp\/v2\/posts\/22753","targetHints":{"allow":["GET"]}}],"collection":[{"href":"https:\/\/kulturonline.tv\/de\/wp-json\/wp\/v2\/posts"}],"about":[{"href":"https:\/\/kulturonline.tv\/de\/wp-json\/wp\/v2\/types\/post"}],"author":[{"embeddable":true,"href":"https:\/\/kulturonline.tv\/de\/wp-json\/wp\/v2\/users\/2"}],"replies":[{"embeddable":true,"href":"https:\/\/kulturonline.tv\/de\/wp-json\/wp\/v2\/comments?post=22753"}],"version-history":[{"count":0,"href":"https:\/\/kulturonline.tv\/de\/wp-json\/wp\/v2\/posts\/22753\/revisions"}],"wp:featuredmedia":[{"embeddable":true,"href":"https:\/\/kulturonline.tv\/de\/wp-json\/wp\/v2\/media\/23514"}],"wp:attachment":[{"href":"https:\/\/kulturonline.tv\/de\/wp-json\/wp\/v2\/media?parent=22753"}],"wp:term":[{"taxonomy":"category","embeddable":true,"href":"https:\/\/kulturonline.tv\/de\/wp-json\/wp\/v2\/categories?post=22753"},{"taxonomy":"post_tag","embeddable":true,"href":"https:\/\/kulturonline.tv\/de\/wp-json\/wp\/v2\/tags?post=22753"}],"curies":[{"name":"wp","href":"https:\/\/api.w.org\/{rel}","templated":true}]}}