{"id":23039,"date":"2022-02-17T06:00:00","date_gmt":"2022-02-17T05:00:00","guid":{"rendered":"https:\/\/kulturonline.tv\/?p=23039"},"modified":"2022-02-16T20:01:31","modified_gmt":"2022-02-16T19:01:31","slug":"teilerfolg-fuer-autorin-im-streit-um-den-filmkeinohrhasen","status":"publish","type":"post","link":"https:\/\/kulturonline.tv\/de\/teilerfolg-fuer-autorin-im-streit-um-den-filmkeinohrhasen\/","title":{"rendered":"Teilerfolg f\u00fcr Autorin im Streit um den Film&#8220;Keinohrhasen&#8220;"},"content":{"rendered":"\n<p><strong>Die Drehbuchautorin Anika Decker hat ein Recht auf Auskunft \u00fcber die Gesamteinnahmen aus Til Schweigers Kinohits &#8222;Keinohrhasen&#8220; und &#8222;Zweiohrk\u00fcken&#8220;.<\/strong><\/p>\n\n\n\n<figure class=\"wp-block-image size-full\"><img fetchpriority=\"high\" decoding=\"async\" width=\"996\" height=\"560\" src=\"https:\/\/kulturonline.tv\/wp-content\/uploads\/2022\/02\/Kleinorhasen-edited.jpg\" alt=\"\" class=\"wp-image-23042\" srcset=\"https:\/\/kulturonline.tv\/wp-content\/uploads\/2022\/02\/Kleinorhasen-edited.jpg 996w, https:\/\/kulturonline.tv\/wp-content\/uploads\/2022\/02\/Kleinorhasen-edited-600x337.jpg 600w, https:\/\/kulturonline.tv\/wp-content\/uploads\/2022\/02\/Kleinorhasen-edited-800x450.jpg 800w, https:\/\/kulturonline.tv\/wp-content\/uploads\/2022\/02\/Kleinorhasen-edited-768x432.jpg 768w\" sizes=\"(max-width: 996px) 100vw, 996px\" \/><\/figure>\n\n\n\n<p>In der m\u00fcndlichen Verhandlung vor dem Berliner Kammergericht nahmen die Produktionsfirma und der Verleih der Filme ihre Berufungen gegen ein fr\u00fcheres Urteil des Landgerichts zur\u00fcck.<\/p>\n\n\n\n<p>Damit ist das Urteil von 2020 rechtskr\u00e4ftig und der Drehbuchautorin steht eine Auskunft \u00fcber die Einnahmen zu. In einem weiteren Schritt k\u00f6nnte es um die Frage einer h\u00f6heren nachtr\u00e4glichen Bezahlung f\u00fcr Decker gehen.<\/p>\n\n\n\n<p>&#8222;Keinohrhasen&#8220; war 2008 der erfolgreichste deutsche Film im Kino. Auch &#8222;Zweiohrk\u00fcken&#8220; lockte Millionen Besucher.<\/p>\n\n\n\n<figure class=\"wp-block-embed is-type-video is-provider-youtube wp-block-embed-youtube wp-embed-aspect-4-3 wp-has-aspect-ratio\"><div class=\"wp-block-embed__wrapper\">\n<iframe title=\"KEINOHRHASEN - TRAILER (Til Schweiger \/ Barefoot Films)\" width=\"800\" height=\"450\" src=\"https:\/\/www.youtube.com\/embed\/2GuO_M7gEgc?feature=oembed\" frameborder=\"0\" allow=\"accelerometer; autoplay; clipboard-write; encrypted-media; gyroscope; picture-in-picture; web-share\" referrerpolicy=\"strict-origin-when-cross-origin\" allowfullscreen><\/iframe>\n<\/div><\/figure>\n\n\n\n<p>Keinohrhasen ist eine deutsche Liebeskom\u00f6die von und mit Til Schweiger. Die Produktion entstand nach einem Drehbuch Schweigers und der Autorin Anika Decker und handelt vom Berliner Boulevardreporter Ludo Decker, der nach einem \u00f6ffentlichen Fauxpas zu 300 Sozialstunden in einem Kinderhort verurteilt wird und dort auf seine ehemalige Mitsch\u00fclerin Anna, gespielt von Nora Tschirner, trifft. Der Film startete am 20. Dezember 2007 in den deutschen Kinos. Der Film belegt Platz 13 der Liste der erfolgreichsten deutschen Filme in Deutschland seit Beginn der offiziellen Zuschauerz\u00e4hlung 1968.<\/p>\n\n\n\n<p>Das Budget des Films belief sich auf 4,2 Millionen Euro. Zum ersten Mal stand Til Schweiger gemeinsam mit seinen vier Kindern vor der Kamera. Die Szenen mit Nora Tschirner und J\u00fcrgen Vogel auf dem Roten Teppich beim Deutschen Filmpreis wurden w\u00e4hrend der Zeremonie beim Deutschen Filmpreis 2007 gedreht. Keinohrhasen feierte am 24. November 2007 in Berlin Weltpremiere und startete am 20. Dezember 2007 in den deutschen Kinos.<\/p>\n\n\n\n<p>Kultur Online TV<\/p>\n\n\n\n<p>#film #medien #news<\/p>\n\n\n\n<p><\/p>\n\n\n\n<figure class=\"wp-block-image\"><img decoding=\"async\" src=\"https:\/\/t.adcell.com\/p\/image?promoId=197861&amp;slotId=98564\" alt=\"Zweitausendeins\"\/><\/figure>\n\n\n\n<p><a href=\"https:\/\/t.adcell.com\/p\/click?promoId=197861&amp;slotId=98564\" target=\"_blank\" rel=\"noreferrer noopener\"><\/a><\/p>\n","protected":false},"excerpt":{"rendered":"<p>Die Drehbuchautorin Anika Decker hat ein Recht auf Auskunft \u00fcber die Gesamteinnahmen aus Til Schweigers Kinohits &#8222;Keinohrhasen&#8220; und &#8222;Zweiohrk\u00fcken&#8220;. In der m\u00fcndlichen Verhandlung vor dem Berliner Kammergericht nahmen die Produktionsfirma und der Verleih der Filme ihre Berufungen gegen ein fr\u00fcheres Urteil des Landgerichts zur\u00fcck. Damit ist das Urteil von 2020 rechtskr\u00e4ftig und der Drehbuchautorin steht [&hellip;]<\/p>\n","protected":false},"author":2,"featured_media":23042,"comment_status":"closed","ping_status":"closed","sticky":false,"template":"","format":"standard","meta":{"_acf_changed":false,"footnotes":""},"categories":[193],"tags":[],"class_list":["post-23039","post","type-post","status-publish","format-standard","has-post-thumbnail","hentry","category-medien"],"acf":[],"yoast_head":"<!-- This site is optimized with the Yoast SEO plugin v26.1.1 - https:\/\/yoast.com\/wordpress\/plugins\/seo\/ -->\n<title>Teilerfolg f\u00fcr Autorin im Streit um den Film&quot;Keinohrhasen&quot; - Kultur Online TV &amp; FM<\/title>\n<meta name=\"description\" content=\"Kultur sehen und H\u00f6ren\" \/>\n<meta name=\"robots\" content=\"index, follow, max-snippet:-1, max-image-preview:large, max-video-preview:-1\" \/>\n<link rel=\"canonical\" href=\"https:\/\/kulturonline.tv\/de\/teilerfolg-fuer-autorin-im-streit-um-den-filmkeinohrhasen\/\" \/>\n<meta property=\"og:locale\" content=\"de_DE\" \/>\n<meta property=\"og:type\" content=\"article\" \/>\n<meta property=\"og:title\" content=\"Teilerfolg f\u00fcr Autorin im Streit um den Film&quot;Keinohrhasen&quot; - Kultur Online TV &amp; FM\" \/>\n<meta property=\"og:description\" content=\"Kultur sehen und H\u00f6ren\" \/>\n<meta property=\"og:url\" content=\"https:\/\/kulturonline.tv\/de\/teilerfolg-fuer-autorin-im-streit-um-den-filmkeinohrhasen\/\" \/>\n<meta property=\"og:site_name\" content=\"Kultur Online TV &amp; FM\" \/>\n<meta property=\"article:publisher\" content=\"https:\/\/www.facebook.com\/kulturonline.tv\" \/>\n<meta property=\"article:published_time\" content=\"2022-02-17T05:00:00+00:00\" \/>\n<meta property=\"og:image\" content=\"https:\/\/kulturonline.tv\/wp-content\/uploads\/2022\/02\/Kleinorhasen-edited.jpg\" \/>\n\t<meta property=\"og:image:width\" content=\"996\" \/>\n\t<meta property=\"og:image:height\" content=\"560\" \/>\n\t<meta property=\"og:image:type\" content=\"image\/jpeg\" \/>\n<meta name=\"author\" content=\"guenter.wolfgang\" \/>\n<meta name=\"twitter:card\" content=\"summary_large_image\" \/>\n<meta name=\"twitter:label1\" content=\"Verfasst von\" \/>\n\t<meta name=\"twitter:data1\" content=\"guenter.wolfgang\" \/>\n\t<meta name=\"twitter:label2\" content=\"Gesch\u00e4tzte Lesezeit\" \/>\n\t<meta name=\"twitter:data2\" content=\"2\u00a0Minuten\" \/>\n<script type=\"application\/ld+json\" class=\"yoast-schema-graph\">{\"@context\":\"https:\/\/schema.org\",\"@graph\":[{\"@type\":\"Article\",\"@id\":\"https:\/\/kulturonline.tv\/de\/teilerfolg-fuer-autorin-im-streit-um-den-filmkeinohrhasen\/#article\",\"isPartOf\":{\"@id\":\"https:\/\/kulturonline.tv\/de\/teilerfolg-fuer-autorin-im-streit-um-den-filmkeinohrhasen\/\"},\"author\":{\"name\":\"guenter.wolfgang\",\"@id\":\"https:\/\/kulturonline.tv\/de\/#\/schema\/person\/b0fac729bb9a0c193fb1df23449df4fe\"},\"headline\":\"Teilerfolg f\u00fcr Autorin im Streit um den Film&#8220;Keinohrhasen&#8220;\",\"datePublished\":\"2022-02-17T05:00:00+00:00\",\"mainEntityOfPage\":{\"@id\":\"https:\/\/kulturonline.tv\/de\/teilerfolg-fuer-autorin-im-streit-um-den-filmkeinohrhasen\/\"},\"wordCount\":269,\"publisher\":{\"@id\":\"https:\/\/kulturonline.tv\/de\/#organization\"},\"image\":{\"@id\":\"https:\/\/kulturonline.tv\/de\/teilerfolg-fuer-autorin-im-streit-um-den-filmkeinohrhasen\/#primaryimage\"},\"thumbnailUrl\":\"https:\/\/kulturonline.tv\/wp-content\/uploads\/2022\/02\/Kleinorhasen-edited.jpg\",\"articleSection\":[\"Medien\"],\"inLanguage\":\"de\"},{\"@type\":\"WebPage\",\"@id\":\"https:\/\/kulturonline.tv\/de\/teilerfolg-fuer-autorin-im-streit-um-den-filmkeinohrhasen\/\",\"url\":\"https:\/\/kulturonline.tv\/de\/teilerfolg-fuer-autorin-im-streit-um-den-filmkeinohrhasen\/\",\"name\":\"Teilerfolg f\u00fcr Autorin im Streit um den Film\\\"Keinohrhasen\\\" - Kultur Online TV &amp; FM\",\"isPartOf\":{\"@id\":\"https:\/\/kulturonline.tv\/de\/#website\"},\"primaryImageOfPage\":{\"@id\":\"https:\/\/kulturonline.tv\/de\/teilerfolg-fuer-autorin-im-streit-um-den-filmkeinohrhasen\/#primaryimage\"},\"image\":{\"@id\":\"https:\/\/kulturonline.tv\/de\/teilerfolg-fuer-autorin-im-streit-um-den-filmkeinohrhasen\/#primaryimage\"},\"thumbnailUrl\":\"https:\/\/kulturonline.tv\/wp-content\/uploads\/2022\/02\/Kleinorhasen-edited.jpg\",\"datePublished\":\"2022-02-17T05:00:00+00:00\",\"description\":\"Kultur sehen und H\u00f6ren\",\"breadcrumb\":{\"@id\":\"https:\/\/kulturonline.tv\/de\/teilerfolg-fuer-autorin-im-streit-um-den-filmkeinohrhasen\/#breadcrumb\"},\"inLanguage\":\"de\",\"potentialAction\":[{\"@type\":\"ReadAction\",\"target\":[\"https:\/\/kulturonline.tv\/de\/teilerfolg-fuer-autorin-im-streit-um-den-filmkeinohrhasen\/\"]}]},{\"@type\":\"ImageObject\",\"inLanguage\":\"de\",\"@id\":\"https:\/\/kulturonline.tv\/de\/teilerfolg-fuer-autorin-im-streit-um-den-filmkeinohrhasen\/#primaryimage\",\"url\":\"https:\/\/kulturonline.tv\/wp-content\/uploads\/2022\/02\/Kleinorhasen-edited.jpg\",\"contentUrl\":\"https:\/\/kulturonline.tv\/wp-content\/uploads\/2022\/02\/Kleinorhasen-edited.jpg\",\"width\":996,\"height\":560},{\"@type\":\"BreadcrumbList\",\"@id\":\"https:\/\/kulturonline.tv\/de\/teilerfolg-fuer-autorin-im-streit-um-den-filmkeinohrhasen\/#breadcrumb\",\"itemListElement\":[{\"@type\":\"ListItem\",\"position\":1,\"name\":\"Startseite\",\"item\":\"https:\/\/kulturonline.tv\/de\/\"},{\"@type\":\"ListItem\",\"position\":2,\"name\":\"Teilerfolg f\u00fcr Autorin im Streit um den Film&#8220;Keinohrhasen&#8220;\"}]},{\"@type\":\"WebSite\",\"@id\":\"https:\/\/kulturonline.tv\/de\/#website\",\"url\":\"https:\/\/kulturonline.tv\/de\/\",\"name\":\"Kultur Online TV &amp; FM\",\"description\":\"Wir sind Kultur 2.0 zum sehen &amp; h\u00f6ren\",\"publisher\":{\"@id\":\"https:\/\/kulturonline.tv\/de\/#organization\"},\"potentialAction\":[{\"@type\":\"SearchAction\",\"target\":{\"@type\":\"EntryPoint\",\"urlTemplate\":\"https:\/\/kulturonline.tv\/de\/?s={search_term_string}\"},\"query-input\":{\"@type\":\"PropertyValueSpecification\",\"valueRequired\":true,\"valueName\":\"search_term_string\"}}],\"inLanguage\":\"de\"},{\"@type\":\"Organization\",\"@id\":\"https:\/\/kulturonline.tv\/de\/#organization\",\"name\":\"Kultur Online TV\",\"url\":\"https:\/\/kulturonline.tv\/de\/\",\"logo\":{\"@type\":\"ImageObject\",\"inLanguage\":\"de\",\"@id\":\"https:\/\/kulturonline.tv\/de\/#\/schema\/logo\/image\/\",\"url\":\"https:\/\/kulturonline.tv\/wp-content\/uploads\/2021\/08\/Kultur-Online-Tv-Logo-Endversion-neu.png\",\"contentUrl\":\"https:\/\/kulturonline.tv\/wp-content\/uploads\/2021\/08\/Kultur-Online-Tv-Logo-Endversion-neu.png\",\"width\":200,\"height\":200,\"caption\":\"Kultur Online TV\"},\"image\":{\"@id\":\"https:\/\/kulturonline.tv\/de\/#\/schema\/logo\/image\/\"},\"sameAs\":[\"https:\/\/www.facebook.com\/kulturonline.tv\",\"https:\/\/www.instagram.com\/kulturonline.tv\"]},{\"@type\":\"Person\",\"@id\":\"https:\/\/kulturonline.tv\/de\/#\/schema\/person\/b0fac729bb9a0c193fb1df23449df4fe\",\"name\":\"guenter.wolfgang\"}]}<\/script>\n<!-- \/ Yoast SEO plugin. -->","yoast_head_json":{"title":"Teilerfolg f\u00fcr Autorin im Streit um den Film\"Keinohrhasen\" - Kultur Online TV &amp; FM","description":"Kultur sehen und H\u00f6ren","robots":{"index":"index","follow":"follow","max-snippet":"max-snippet:-1","max-image-preview":"max-image-preview:large","max-video-preview":"max-video-preview:-1"},"canonical":"https:\/\/kulturonline.tv\/de\/teilerfolg-fuer-autorin-im-streit-um-den-filmkeinohrhasen\/","og_locale":"de_DE","og_type":"article","og_title":"Teilerfolg f\u00fcr Autorin im Streit um den Film\"Keinohrhasen\" - Kultur Online TV &amp; FM","og_description":"Kultur sehen und H\u00f6ren","og_url":"https:\/\/kulturonline.tv\/de\/teilerfolg-fuer-autorin-im-streit-um-den-filmkeinohrhasen\/","og_site_name":"Kultur Online TV &amp; FM","article_publisher":"https:\/\/www.facebook.com\/kulturonline.tv","article_published_time":"2022-02-17T05:00:00+00:00","og_image":[{"width":996,"height":560,"url":"https:\/\/kulturonline.tv\/wp-content\/uploads\/2022\/02\/Kleinorhasen-edited.jpg","type":"image\/jpeg"}],"author":"guenter.wolfgang","twitter_card":"summary_large_image","twitter_misc":{"Verfasst von":"guenter.wolfgang","Gesch\u00e4tzte Lesezeit":"2\u00a0Minuten"},"schema":{"@context":"https:\/\/schema.org","@graph":[{"@type":"Article","@id":"https:\/\/kulturonline.tv\/de\/teilerfolg-fuer-autorin-im-streit-um-den-filmkeinohrhasen\/#article","isPartOf":{"@id":"https:\/\/kulturonline.tv\/de\/teilerfolg-fuer-autorin-im-streit-um-den-filmkeinohrhasen\/"},"author":{"name":"guenter.wolfgang","@id":"https:\/\/kulturonline.tv\/de\/#\/schema\/person\/b0fac729bb9a0c193fb1df23449df4fe"},"headline":"Teilerfolg f\u00fcr Autorin im Streit um den Film&#8220;Keinohrhasen&#8220;","datePublished":"2022-02-17T05:00:00+00:00","mainEntityOfPage":{"@id":"https:\/\/kulturonline.tv\/de\/teilerfolg-fuer-autorin-im-streit-um-den-filmkeinohrhasen\/"},"wordCount":269,"publisher":{"@id":"https:\/\/kulturonline.tv\/de\/#organization"},"image":{"@id":"https:\/\/kulturonline.tv\/de\/teilerfolg-fuer-autorin-im-streit-um-den-filmkeinohrhasen\/#primaryimage"},"thumbnailUrl":"https:\/\/kulturonline.tv\/wp-content\/uploads\/2022\/02\/Kleinorhasen-edited.jpg","articleSection":["Medien"],"inLanguage":"de"},{"@type":"WebPage","@id":"https:\/\/kulturonline.tv\/de\/teilerfolg-fuer-autorin-im-streit-um-den-filmkeinohrhasen\/","url":"https:\/\/kulturonline.tv\/de\/teilerfolg-fuer-autorin-im-streit-um-den-filmkeinohrhasen\/","name":"Teilerfolg f\u00fcr Autorin im Streit um den Film\"Keinohrhasen\" - Kultur Online TV &amp; FM","isPartOf":{"@id":"https:\/\/kulturonline.tv\/de\/#website"},"primaryImageOfPage":{"@id":"https:\/\/kulturonline.tv\/de\/teilerfolg-fuer-autorin-im-streit-um-den-filmkeinohrhasen\/#primaryimage"},"image":{"@id":"https:\/\/kulturonline.tv\/de\/teilerfolg-fuer-autorin-im-streit-um-den-filmkeinohrhasen\/#primaryimage"},"thumbnailUrl":"https:\/\/kulturonline.tv\/wp-content\/uploads\/2022\/02\/Kleinorhasen-edited.jpg","datePublished":"2022-02-17T05:00:00+00:00","description":"Kultur sehen und H\u00f6ren","breadcrumb":{"@id":"https:\/\/kulturonline.tv\/de\/teilerfolg-fuer-autorin-im-streit-um-den-filmkeinohrhasen\/#breadcrumb"},"inLanguage":"de","potentialAction":[{"@type":"ReadAction","target":["https:\/\/kulturonline.tv\/de\/teilerfolg-fuer-autorin-im-streit-um-den-filmkeinohrhasen\/"]}]},{"@type":"ImageObject","inLanguage":"de","@id":"https:\/\/kulturonline.tv\/de\/teilerfolg-fuer-autorin-im-streit-um-den-filmkeinohrhasen\/#primaryimage","url":"https:\/\/kulturonline.tv\/wp-content\/uploads\/2022\/02\/Kleinorhasen-edited.jpg","contentUrl":"https:\/\/kulturonline.tv\/wp-content\/uploads\/2022\/02\/Kleinorhasen-edited.jpg","width":996,"height":560},{"@type":"BreadcrumbList","@id":"https:\/\/kulturonline.tv\/de\/teilerfolg-fuer-autorin-im-streit-um-den-filmkeinohrhasen\/#breadcrumb","itemListElement":[{"@type":"ListItem","position":1,"name":"Startseite","item":"https:\/\/kulturonline.tv\/de\/"},{"@type":"ListItem","position":2,"name":"Teilerfolg f\u00fcr Autorin im Streit um den Film&#8220;Keinohrhasen&#8220;"}]},{"@type":"WebSite","@id":"https:\/\/kulturonline.tv\/de\/#website","url":"https:\/\/kulturonline.tv\/de\/","name":"Kultur Online TV &amp; FM","description":"Wir sind Kultur 2.0 zum sehen &amp; h\u00f6ren","publisher":{"@id":"https:\/\/kulturonline.tv\/de\/#organization"},"potentialAction":[{"@type":"SearchAction","target":{"@type":"EntryPoint","urlTemplate":"https:\/\/kulturonline.tv\/de\/?s={search_term_string}"},"query-input":{"@type":"PropertyValueSpecification","valueRequired":true,"valueName":"search_term_string"}}],"inLanguage":"de"},{"@type":"Organization","@id":"https:\/\/kulturonline.tv\/de\/#organization","name":"Kultur Online TV","url":"https:\/\/kulturonline.tv\/de\/","logo":{"@type":"ImageObject","inLanguage":"de","@id":"https:\/\/kulturonline.tv\/de\/#\/schema\/logo\/image\/","url":"https:\/\/kulturonline.tv\/wp-content\/uploads\/2021\/08\/Kultur-Online-Tv-Logo-Endversion-neu.png","contentUrl":"https:\/\/kulturonline.tv\/wp-content\/uploads\/2021\/08\/Kultur-Online-Tv-Logo-Endversion-neu.png","width":200,"height":200,"caption":"Kultur Online TV"},"image":{"@id":"https:\/\/kulturonline.tv\/de\/#\/schema\/logo\/image\/"},"sameAs":["https:\/\/www.facebook.com\/kulturonline.tv","https:\/\/www.instagram.com\/kulturonline.tv"]},{"@type":"Person","@id":"https:\/\/kulturonline.tv\/de\/#\/schema\/person\/b0fac729bb9a0c193fb1df23449df4fe","name":"guenter.wolfgang"}]}},"_links":{"self":[{"href":"https:\/\/kulturonline.tv\/de\/wp-json\/wp\/v2\/posts\/23039","targetHints":{"allow":["GET"]}}],"collection":[{"href":"https:\/\/kulturonline.tv\/de\/wp-json\/wp\/v2\/posts"}],"about":[{"href":"https:\/\/kulturonline.tv\/de\/wp-json\/wp\/v2\/types\/post"}],"author":[{"embeddable":true,"href":"https:\/\/kulturonline.tv\/de\/wp-json\/wp\/v2\/users\/2"}],"replies":[{"embeddable":true,"href":"https:\/\/kulturonline.tv\/de\/wp-json\/wp\/v2\/comments?post=23039"}],"version-history":[{"count":0,"href":"https:\/\/kulturonline.tv\/de\/wp-json\/wp\/v2\/posts\/23039\/revisions"}],"wp:featuredmedia":[{"embeddable":true,"href":"https:\/\/kulturonline.tv\/de\/wp-json\/wp\/v2\/media\/23042"}],"wp:attachment":[{"href":"https:\/\/kulturonline.tv\/de\/wp-json\/wp\/v2\/media?parent=23039"}],"wp:term":[{"taxonomy":"category","embeddable":true,"href":"https:\/\/kulturonline.tv\/de\/wp-json\/wp\/v2\/categories?post=23039"},{"taxonomy":"post_tag","embeddable":true,"href":"https:\/\/kulturonline.tv\/de\/wp-json\/wp\/v2\/tags?post=23039"}],"curies":[{"name":"wp","href":"https:\/\/api.w.org\/{rel}","templated":true}]}}