{"id":23150,"date":"2022-02-17T07:52:28","date_gmt":"2022-02-17T06:52:28","guid":{"rendered":"https:\/\/kulturonline.tv\/?p=23150"},"modified":"2022-02-17T07:52:30","modified_gmt":"2022-02-17T06:52:30","slug":"kinomitarbeiter-demonstrieren-bei-berlinale","status":"publish","type":"post","link":"https:\/\/kulturonline.tv\/de\/kinomitarbeiter-demonstrieren-bei-berlinale\/","title":{"rendered":"Kinomitarbeiter demonstrieren bei Berlinale"},"content":{"rendered":"\n<p><strong>Mitarbeitende der gro\u00dfen Berliner Kinos haben am Rande der Berlinale f\u00fcr h\u00f6here L\u00f6hne demonstriert.<\/strong><\/p>\n\n\n\n<figure class=\"wp-block-image size-full\"><img decoding=\"async\" src=\"https:\/\/kulturonline.tv\/wp-content\/uploads\/2022\/02\/Kino-Mitarbeiter.jpg\" alt=\"\" class=\"wp-image-23151\"\/><\/figure>\n\n\n\n<p>Auf Transparenten forderten sie am Dienstag (15.02.2022) unter anderem, dass sie in Zukunft den gesetzlichen Mindestlohn erhalten. Die Gewerkschaft Verdi hatte die Aktion anl\u00e4sslich der bundesweiten Tarifverhandlungen mit dem Kino-Betreiber &#8222;Cinemaxx&#8220; organisiert. Laut Verdi falle es den Servicekr\u00e4ften in den Filmtheatern zunehmend schwer, den eigenen Lebensunterhalt zu finanzieren.<\/p>\n\n\n\n<p>Kultur Online TV<\/p>\n\n\n\n<p>#medien #news #kino<\/p>\n","protected":false},"excerpt":{"rendered":"<p>Mitarbeitende der gro\u00dfen Berliner Kinos haben am Rande der Berlinale f\u00fcr h\u00f6here L\u00f6hne demonstriert. Auf Transparenten forderten sie am Dienstag (15.02.2022) unter anderem, dass sie in Zukunft den gesetzlichen Mindestlohn erhalten. Die Gewerkschaft Verdi hatte die Aktion anl\u00e4sslich der bundesweiten Tarifverhandlungen mit dem Kino-Betreiber &#8222;Cinemaxx&#8220; organisiert. Laut Verdi falle es den Servicekr\u00e4ften in den Filmtheatern [&hellip;]<\/p>\n","protected":false},"author":2,"featured_media":0,"comment_status":"closed","ping_status":"closed","sticky":false,"template":"","format":"standard","meta":{"_acf_changed":false,"footnotes":""},"categories":[193,3],"tags":[],"class_list":["post-23150","post","type-post","status-publish","format-standard","hentry","category-medien","category-newsflash"],"acf":[],"yoast_head":"<!-- This site is optimized with the Yoast SEO plugin v26.1.1 - https:\/\/yoast.com\/wordpress\/plugins\/seo\/ -->\n<title>Kinomitarbeiter demonstrieren bei Berlinale - Kultur Online TV &amp; FM<\/title>\n<meta name=\"description\" content=\"Kultur sehen und H\u00f6ren\" \/>\n<meta name=\"robots\" content=\"index, follow, max-snippet:-1, max-image-preview:large, max-video-preview:-1\" \/>\n<link rel=\"canonical\" href=\"https:\/\/kulturonline.tv\/de\/kinomitarbeiter-demonstrieren-bei-berlinale\/\" \/>\n<meta property=\"og:locale\" content=\"de_DE\" \/>\n<meta property=\"og:type\" content=\"article\" \/>\n<meta property=\"og:title\" content=\"Kinomitarbeiter demonstrieren bei Berlinale - Kultur Online TV &amp; FM\" \/>\n<meta property=\"og:description\" content=\"Kultur sehen und H\u00f6ren\" \/>\n<meta property=\"og:url\" content=\"https:\/\/kulturonline.tv\/de\/kinomitarbeiter-demonstrieren-bei-berlinale\/\" \/>\n<meta property=\"og:site_name\" content=\"Kultur Online TV &amp; FM\" \/>\n<meta property=\"article:publisher\" content=\"https:\/\/www.facebook.com\/kulturonline.tv\" \/>\n<meta property=\"article:published_time\" content=\"2022-02-17T06:52:28+00:00\" \/>\n<meta property=\"article:modified_time\" content=\"2022-02-17T06:52:30+00:00\" \/>\n<meta property=\"og:image\" content=\"https:\/\/kulturonline.tv\/wp-content\/uploads\/2022\/02\/Kino-Mitarbeiter.jpg\" \/>\n\t<meta property=\"og:image:width\" content=\"1440\" \/>\n\t<meta property=\"og:image:height\" content=\"810\" \/>\n\t<meta property=\"og:image:type\" content=\"image\/jpeg\" \/>\n<meta name=\"author\" content=\"guenter.wolfgang\" \/>\n<meta name=\"twitter:card\" content=\"summary_large_image\" \/>\n<meta name=\"twitter:label1\" content=\"Verfasst von\" \/>\n\t<meta name=\"twitter:data1\" content=\"guenter.wolfgang\" \/>\n\t<meta name=\"twitter:label2\" content=\"Gesch\u00e4tzte Lesezeit\" \/>\n\t<meta name=\"twitter:data2\" content=\"1\u00a0Minute\" \/>\n<script type=\"application\/ld+json\" class=\"yoast-schema-graph\">{\"@context\":\"https:\/\/schema.org\",\"@graph\":[{\"@type\":\"Article\",\"@id\":\"https:\/\/kulturonline.tv\/de\/kinomitarbeiter-demonstrieren-bei-berlinale\/#article\",\"isPartOf\":{\"@id\":\"https:\/\/kulturonline.tv\/de\/kinomitarbeiter-demonstrieren-bei-berlinale\/\"},\"author\":{\"name\":\"guenter.wolfgang\",\"@id\":\"https:\/\/kulturonline.tv\/de\/#\/schema\/person\/b0fac729bb9a0c193fb1df23449df4fe\"},\"headline\":\"Kinomitarbeiter demonstrieren bei Berlinale\",\"datePublished\":\"2022-02-17T06:52:28+00:00\",\"dateModified\":\"2022-02-17T06:52:30+00:00\",\"mainEntityOfPage\":{\"@id\":\"https:\/\/kulturonline.tv\/de\/kinomitarbeiter-demonstrieren-bei-berlinale\/\"},\"wordCount\":77,\"publisher\":{\"@id\":\"https:\/\/kulturonline.tv\/de\/#organization\"},\"image\":{\"@id\":\"https:\/\/kulturonline.tv\/de\/kinomitarbeiter-demonstrieren-bei-berlinale\/#primaryimage\"},\"thumbnailUrl\":\"https:\/\/kulturonline.tv\/wp-content\/uploads\/2022\/02\/Kino-Mitarbeiter.jpg\",\"articleSection\":[\"Medien\",\"Newsflash\"],\"inLanguage\":\"de\"},{\"@type\":\"WebPage\",\"@id\":\"https:\/\/kulturonline.tv\/de\/kinomitarbeiter-demonstrieren-bei-berlinale\/\",\"url\":\"https:\/\/kulturonline.tv\/de\/kinomitarbeiter-demonstrieren-bei-berlinale\/\",\"name\":\"Kinomitarbeiter demonstrieren bei Berlinale - Kultur Online TV &amp; FM\",\"isPartOf\":{\"@id\":\"https:\/\/kulturonline.tv\/de\/#website\"},\"primaryImageOfPage\":{\"@id\":\"https:\/\/kulturonline.tv\/de\/kinomitarbeiter-demonstrieren-bei-berlinale\/#primaryimage\"},\"image\":{\"@id\":\"https:\/\/kulturonline.tv\/de\/kinomitarbeiter-demonstrieren-bei-berlinale\/#primaryimage\"},\"thumbnailUrl\":\"https:\/\/kulturonline.tv\/wp-content\/uploads\/2022\/02\/Kino-Mitarbeiter.jpg\",\"datePublished\":\"2022-02-17T06:52:28+00:00\",\"dateModified\":\"2022-02-17T06:52:30+00:00\",\"description\":\"Kultur sehen und H\u00f6ren\",\"breadcrumb\":{\"@id\":\"https:\/\/kulturonline.tv\/de\/kinomitarbeiter-demonstrieren-bei-berlinale\/#breadcrumb\"},\"inLanguage\":\"de\",\"potentialAction\":[{\"@type\":\"ReadAction\",\"target\":[\"https:\/\/kulturonline.tv\/de\/kinomitarbeiter-demonstrieren-bei-berlinale\/\"]}]},{\"@type\":\"ImageObject\",\"inLanguage\":\"de\",\"@id\":\"https:\/\/kulturonline.tv\/de\/kinomitarbeiter-demonstrieren-bei-berlinale\/#primaryimage\",\"url\":\"https:\/\/kulturonline.tv\/wp-content\/uploads\/2022\/02\/Kino-Mitarbeiter.jpg\",\"contentUrl\":\"https:\/\/kulturonline.tv\/wp-content\/uploads\/2022\/02\/Kino-Mitarbeiter.jpg\"},{\"@type\":\"BreadcrumbList\",\"@id\":\"https:\/\/kulturonline.tv\/de\/kinomitarbeiter-demonstrieren-bei-berlinale\/#breadcrumb\",\"itemListElement\":[{\"@type\":\"ListItem\",\"position\":1,\"name\":\"Startseite\",\"item\":\"https:\/\/kulturonline.tv\/de\/\"},{\"@type\":\"ListItem\",\"position\":2,\"name\":\"Kinomitarbeiter demonstrieren bei Berlinale\"}]},{\"@type\":\"WebSite\",\"@id\":\"https:\/\/kulturonline.tv\/de\/#website\",\"url\":\"https:\/\/kulturonline.tv\/de\/\",\"name\":\"Kultur Online TV &amp; FM\",\"description\":\"Wir sind Kultur 2.0 zum sehen &amp; h\u00f6ren\",\"publisher\":{\"@id\":\"https:\/\/kulturonline.tv\/de\/#organization\"},\"potentialAction\":[{\"@type\":\"SearchAction\",\"target\":{\"@type\":\"EntryPoint\",\"urlTemplate\":\"https:\/\/kulturonline.tv\/de\/?s={search_term_string}\"},\"query-input\":{\"@type\":\"PropertyValueSpecification\",\"valueRequired\":true,\"valueName\":\"search_term_string\"}}],\"inLanguage\":\"de\"},{\"@type\":\"Organization\",\"@id\":\"https:\/\/kulturonline.tv\/de\/#organization\",\"name\":\"Kultur Online TV\",\"url\":\"https:\/\/kulturonline.tv\/de\/\",\"logo\":{\"@type\":\"ImageObject\",\"inLanguage\":\"de\",\"@id\":\"https:\/\/kulturonline.tv\/de\/#\/schema\/logo\/image\/\",\"url\":\"https:\/\/kulturonline.tv\/wp-content\/uploads\/2021\/08\/Kultur-Online-Tv-Logo-Endversion-neu.png\",\"contentUrl\":\"https:\/\/kulturonline.tv\/wp-content\/uploads\/2021\/08\/Kultur-Online-Tv-Logo-Endversion-neu.png\",\"width\":200,\"height\":200,\"caption\":\"Kultur Online TV\"},\"image\":{\"@id\":\"https:\/\/kulturonline.tv\/de\/#\/schema\/logo\/image\/\"},\"sameAs\":[\"https:\/\/www.facebook.com\/kulturonline.tv\",\"https:\/\/www.instagram.com\/kulturonline.tv\"]},{\"@type\":\"Person\",\"@id\":\"https:\/\/kulturonline.tv\/de\/#\/schema\/person\/b0fac729bb9a0c193fb1df23449df4fe\",\"name\":\"guenter.wolfgang\"}]}<\/script>\n<!-- \/ Yoast SEO plugin. -->","yoast_head_json":{"title":"Kinomitarbeiter demonstrieren bei Berlinale - Kultur Online TV &amp; FM","description":"Kultur sehen und H\u00f6ren","robots":{"index":"index","follow":"follow","max-snippet":"max-snippet:-1","max-image-preview":"max-image-preview:large","max-video-preview":"max-video-preview:-1"},"canonical":"https:\/\/kulturonline.tv\/de\/kinomitarbeiter-demonstrieren-bei-berlinale\/","og_locale":"de_DE","og_type":"article","og_title":"Kinomitarbeiter demonstrieren bei Berlinale - Kultur Online TV &amp; FM","og_description":"Kultur sehen und H\u00f6ren","og_url":"https:\/\/kulturonline.tv\/de\/kinomitarbeiter-demonstrieren-bei-berlinale\/","og_site_name":"Kultur Online TV &amp; FM","article_publisher":"https:\/\/www.facebook.com\/kulturonline.tv","article_published_time":"2022-02-17T06:52:28+00:00","article_modified_time":"2022-02-17T06:52:30+00:00","og_image":[{"width":1440,"height":810,"url":"https:\/\/kulturonline.tv\/wp-content\/uploads\/2022\/02\/Kino-Mitarbeiter.jpg","type":"image\/jpeg"}],"author":"guenter.wolfgang","twitter_card":"summary_large_image","twitter_misc":{"Verfasst von":"guenter.wolfgang","Gesch\u00e4tzte Lesezeit":"1\u00a0Minute"},"schema":{"@context":"https:\/\/schema.org","@graph":[{"@type":"Article","@id":"https:\/\/kulturonline.tv\/de\/kinomitarbeiter-demonstrieren-bei-berlinale\/#article","isPartOf":{"@id":"https:\/\/kulturonline.tv\/de\/kinomitarbeiter-demonstrieren-bei-berlinale\/"},"author":{"name":"guenter.wolfgang","@id":"https:\/\/kulturonline.tv\/de\/#\/schema\/person\/b0fac729bb9a0c193fb1df23449df4fe"},"headline":"Kinomitarbeiter demonstrieren bei Berlinale","datePublished":"2022-02-17T06:52:28+00:00","dateModified":"2022-02-17T06:52:30+00:00","mainEntityOfPage":{"@id":"https:\/\/kulturonline.tv\/de\/kinomitarbeiter-demonstrieren-bei-berlinale\/"},"wordCount":77,"publisher":{"@id":"https:\/\/kulturonline.tv\/de\/#organization"},"image":{"@id":"https:\/\/kulturonline.tv\/de\/kinomitarbeiter-demonstrieren-bei-berlinale\/#primaryimage"},"thumbnailUrl":"https:\/\/kulturonline.tv\/wp-content\/uploads\/2022\/02\/Kino-Mitarbeiter.jpg","articleSection":["Medien","Newsflash"],"inLanguage":"de"},{"@type":"WebPage","@id":"https:\/\/kulturonline.tv\/de\/kinomitarbeiter-demonstrieren-bei-berlinale\/","url":"https:\/\/kulturonline.tv\/de\/kinomitarbeiter-demonstrieren-bei-berlinale\/","name":"Kinomitarbeiter demonstrieren bei Berlinale - Kultur Online TV &amp; FM","isPartOf":{"@id":"https:\/\/kulturonline.tv\/de\/#website"},"primaryImageOfPage":{"@id":"https:\/\/kulturonline.tv\/de\/kinomitarbeiter-demonstrieren-bei-berlinale\/#primaryimage"},"image":{"@id":"https:\/\/kulturonline.tv\/de\/kinomitarbeiter-demonstrieren-bei-berlinale\/#primaryimage"},"thumbnailUrl":"https:\/\/kulturonline.tv\/wp-content\/uploads\/2022\/02\/Kino-Mitarbeiter.jpg","datePublished":"2022-02-17T06:52:28+00:00","dateModified":"2022-02-17T06:52:30+00:00","description":"Kultur sehen und H\u00f6ren","breadcrumb":{"@id":"https:\/\/kulturonline.tv\/de\/kinomitarbeiter-demonstrieren-bei-berlinale\/#breadcrumb"},"inLanguage":"de","potentialAction":[{"@type":"ReadAction","target":["https:\/\/kulturonline.tv\/de\/kinomitarbeiter-demonstrieren-bei-berlinale\/"]}]},{"@type":"ImageObject","inLanguage":"de","@id":"https:\/\/kulturonline.tv\/de\/kinomitarbeiter-demonstrieren-bei-berlinale\/#primaryimage","url":"https:\/\/kulturonline.tv\/wp-content\/uploads\/2022\/02\/Kino-Mitarbeiter.jpg","contentUrl":"https:\/\/kulturonline.tv\/wp-content\/uploads\/2022\/02\/Kino-Mitarbeiter.jpg"},{"@type":"BreadcrumbList","@id":"https:\/\/kulturonline.tv\/de\/kinomitarbeiter-demonstrieren-bei-berlinale\/#breadcrumb","itemListElement":[{"@type":"ListItem","position":1,"name":"Startseite","item":"https:\/\/kulturonline.tv\/de\/"},{"@type":"ListItem","position":2,"name":"Kinomitarbeiter demonstrieren bei Berlinale"}]},{"@type":"WebSite","@id":"https:\/\/kulturonline.tv\/de\/#website","url":"https:\/\/kulturonline.tv\/de\/","name":"Kultur Online TV &amp; FM","description":"Wir sind Kultur 2.0 zum sehen &amp; h\u00f6ren","publisher":{"@id":"https:\/\/kulturonline.tv\/de\/#organization"},"potentialAction":[{"@type":"SearchAction","target":{"@type":"EntryPoint","urlTemplate":"https:\/\/kulturonline.tv\/de\/?s={search_term_string}"},"query-input":{"@type":"PropertyValueSpecification","valueRequired":true,"valueName":"search_term_string"}}],"inLanguage":"de"},{"@type":"Organization","@id":"https:\/\/kulturonline.tv\/de\/#organization","name":"Kultur Online TV","url":"https:\/\/kulturonline.tv\/de\/","logo":{"@type":"ImageObject","inLanguage":"de","@id":"https:\/\/kulturonline.tv\/de\/#\/schema\/logo\/image\/","url":"https:\/\/kulturonline.tv\/wp-content\/uploads\/2021\/08\/Kultur-Online-Tv-Logo-Endversion-neu.png","contentUrl":"https:\/\/kulturonline.tv\/wp-content\/uploads\/2021\/08\/Kultur-Online-Tv-Logo-Endversion-neu.png","width":200,"height":200,"caption":"Kultur Online TV"},"image":{"@id":"https:\/\/kulturonline.tv\/de\/#\/schema\/logo\/image\/"},"sameAs":["https:\/\/www.facebook.com\/kulturonline.tv","https:\/\/www.instagram.com\/kulturonline.tv"]},{"@type":"Person","@id":"https:\/\/kulturonline.tv\/de\/#\/schema\/person\/b0fac729bb9a0c193fb1df23449df4fe","name":"guenter.wolfgang"}]}},"_links":{"self":[{"href":"https:\/\/kulturonline.tv\/de\/wp-json\/wp\/v2\/posts\/23150","targetHints":{"allow":["GET"]}}],"collection":[{"href":"https:\/\/kulturonline.tv\/de\/wp-json\/wp\/v2\/posts"}],"about":[{"href":"https:\/\/kulturonline.tv\/de\/wp-json\/wp\/v2\/types\/post"}],"author":[{"embeddable":true,"href":"https:\/\/kulturonline.tv\/de\/wp-json\/wp\/v2\/users\/2"}],"replies":[{"embeddable":true,"href":"https:\/\/kulturonline.tv\/de\/wp-json\/wp\/v2\/comments?post=23150"}],"version-history":[{"count":0,"href":"https:\/\/kulturonline.tv\/de\/wp-json\/wp\/v2\/posts\/23150\/revisions"}],"wp:attachment":[{"href":"https:\/\/kulturonline.tv\/de\/wp-json\/wp\/v2\/media?parent=23150"}],"wp:term":[{"taxonomy":"category","embeddable":true,"href":"https:\/\/kulturonline.tv\/de\/wp-json\/wp\/v2\/categories?post=23150"},{"taxonomy":"post_tag","embeddable":true,"href":"https:\/\/kulturonline.tv\/de\/wp-json\/wp\/v2\/tags?post=23150"}],"curies":[{"name":"wp","href":"https:\/\/api.w.org\/{rel}","templated":true}]}}