{"id":23229,"date":"2022-02-17T12:57:12","date_gmt":"2022-02-17T11:57:12","guid":{"rendered":"https:\/\/kulturonline.tv\/?p=23229"},"modified":"2022-02-22T20:38:37","modified_gmt":"2022-02-22T19:38:37","slug":"bildungsgerechtigkeit-kultur-nur-fuer-reiche","status":"publish","type":"post","link":"https:\/\/kulturonline.tv\/de\/bildungsgerechtigkeit-kultur-nur-fuer-reiche\/","title":{"rendered":"Bildungsgerechtigkeit: Kultur nur f\u00fcr Reiche?"},"content":{"rendered":"\n<p>DOKU<\/p>\n\n\n\n<figure class=\"wp-block-embed is-type-video is-provider-youtube wp-block-embed-youtube wp-embed-aspect-16-9 wp-has-aspect-ratio\"><div class=\"wp-block-embed__wrapper\">\nhttps:\/\/www.youtube.com\/watch?v=lnzkzEUhU_E\n<\/div><\/figure>\n\n\n\n<p>Warum bleibt die Kultur f\u00fcr viele Menschen unzug\u00e4nglich? Ist sie nur f\u00fcr die Reichen in diesem Land? F\u00fcr die einen ist es schlicht zu teuer, anderen fehlt der Zugang, weil sie im Elternhaus oder in der Schule keine Vermittlung bekommen haben und Angst vor Vorurteilen und Schwellen haben. Die Kultur bleibt vielen Menschen verborgen, dabei soll sie doch f\u00fcr alle da sein. <\/p>\n\n\n\n<p>Studien haben gezeigt, dass mehrheitlich die Menschen ins Theater gehen, die mindestens Abitur haben. Auch der Berufseinstieg in der Kulturbranche h\u00e4ngt oft davon ab, welchen Background man hat. Zwei trotzen den Studien: Magnus Rh\u00f6sen lernte das Theater durch den Schulbesuch einer Theaterp\u00e4dagogin des Staatstheaters in Schwerin kennen. Eintrittskarten konnte er sich lange nicht leisten. Heute studiert er Theaterp\u00e4dagogik. Auch Sonja Anders, Intendantin am Schauspielhaus Hannover, kommt aus einer Familie, in der Theater keine Rolle spielte. Ihr Weg zur Theaterchefin war ein jahrelanger Kampf gegen Widerst\u00e4nde und Vorurteile. Lennart Herberhold spricht in seinem neusten Film mit ihnen \u00fcber die Kultur und fragt: Ist Kultur elit\u00e4r?<\/p>\n\n\n\n<p>Kultur Online TV<\/p>\n\n\n\n<p>#tipp #news #kultur<\/p>\n\n\n\n<p><\/p>\n\n\n\n<figure class=\"wp-block-image\"><img decoding=\"async\" src=\"https:\/\/t.adcell.com\/p\/image?promoId=280066&amp;slotId=98564\" alt=\"audioprime\"\/><\/figure>\n\n\n\n<p><a href=\"https:\/\/t.adcell.com\/p\/click?promoId=280066&amp;slotId=98564\" target=\"_blank\" rel=\"noreferrer noopener\"><\/a><\/p>\n","protected":false},"excerpt":{"rendered":"<p>DOKU Warum bleibt die Kultur f\u00fcr viele Menschen unzug\u00e4nglich? Ist sie nur f\u00fcr die Reichen in diesem Land? F\u00fcr die einen ist es schlicht zu teuer, anderen fehlt der Zugang, weil sie im Elternhaus oder in der Schule keine Vermittlung bekommen haben und Angst vor Vorurteilen und Schwellen haben. Die Kultur bleibt vielen Menschen verborgen, [&hellip;]<\/p>\n","protected":false},"author":2,"featured_media":23230,"comment_status":"closed","ping_status":"closed","sticky":false,"template":"","format":"standard","meta":{"_acf_changed":false,"footnotes":""},"categories":[1],"tags":[],"class_list":["post-23229","post","type-post","status-publish","format-standard","has-post-thumbnail","hentry","category-unkategorisiert"],"acf":[],"yoast_head":"<!-- This site is optimized with the Yoast SEO plugin v26.1.1 - https:\/\/yoast.com\/wordpress\/plugins\/seo\/ -->\n<title>Bildungsgerechtigkeit: Kultur nur f\u00fcr Reiche? - Kultur Online TV &amp; FM<\/title>\n<meta name=\"description\" content=\"Kultur sehen und H\u00f6ren\" \/>\n<meta name=\"robots\" content=\"index, follow, max-snippet:-1, max-image-preview:large, max-video-preview:-1\" \/>\n<link rel=\"canonical\" href=\"https:\/\/kulturonline.tv\/de\/bildungsgerechtigkeit-kultur-nur-fuer-reiche\/\" \/>\n<meta property=\"og:locale\" content=\"de_DE\" \/>\n<meta property=\"og:type\" content=\"article\" \/>\n<meta property=\"og:title\" content=\"Bildungsgerechtigkeit: Kultur nur f\u00fcr Reiche? - Kultur Online TV &amp; FM\" \/>\n<meta property=\"og:description\" content=\"Kultur sehen und H\u00f6ren\" \/>\n<meta property=\"og:url\" content=\"https:\/\/kulturonline.tv\/de\/bildungsgerechtigkeit-kultur-nur-fuer-reiche\/\" \/>\n<meta property=\"og:site_name\" content=\"Kultur Online TV &amp; FM\" \/>\n<meta property=\"article:publisher\" content=\"https:\/\/www.facebook.com\/kulturonline.tv\" \/>\n<meta property=\"article:published_time\" content=\"2022-02-17T11:57:12+00:00\" \/>\n<meta property=\"article:modified_time\" content=\"2022-02-22T19:38:37+00:00\" \/>\n<meta property=\"og:image\" content=\"https:\/\/kulturonline.tv\/wp-content\/uploads\/2022\/02\/music-1.png\" \/>\n\t<meta property=\"og:image:width\" content=\"1280\" \/>\n\t<meta property=\"og:image:height\" content=\"720\" \/>\n\t<meta property=\"og:image:type\" content=\"image\/png\" \/>\n<meta name=\"author\" content=\"guenter.wolfgang\" \/>\n<meta name=\"twitter:card\" content=\"summary_large_image\" \/>\n<meta name=\"twitter:label1\" content=\"Verfasst von\" \/>\n\t<meta name=\"twitter:data1\" content=\"guenter.wolfgang\" \/>\n\t<meta name=\"twitter:label2\" content=\"Gesch\u00e4tzte Lesezeit\" \/>\n\t<meta name=\"twitter:data2\" content=\"2\u00a0Minuten\" \/>\n<script type=\"application\/ld+json\" class=\"yoast-schema-graph\">{\"@context\":\"https:\/\/schema.org\",\"@graph\":[{\"@type\":\"Article\",\"@id\":\"https:\/\/kulturonline.tv\/de\/bildungsgerechtigkeit-kultur-nur-fuer-reiche\/#article\",\"isPartOf\":{\"@id\":\"https:\/\/kulturonline.tv\/de\/bildungsgerechtigkeit-kultur-nur-fuer-reiche\/\"},\"author\":{\"name\":\"guenter.wolfgang\",\"@id\":\"https:\/\/kulturonline.tv\/de\/#\/schema\/person\/b0fac729bb9a0c193fb1df23449df4fe\"},\"headline\":\"Bildungsgerechtigkeit: Kultur nur f\u00fcr Reiche?\",\"datePublished\":\"2022-02-17T11:57:12+00:00\",\"dateModified\":\"2022-02-22T19:38:37+00:00\",\"mainEntityOfPage\":{\"@id\":\"https:\/\/kulturonline.tv\/de\/bildungsgerechtigkeit-kultur-nur-fuer-reiche\/\"},\"wordCount\":198,\"publisher\":{\"@id\":\"https:\/\/kulturonline.tv\/de\/#organization\"},\"image\":{\"@id\":\"https:\/\/kulturonline.tv\/de\/bildungsgerechtigkeit-kultur-nur-fuer-reiche\/#primaryimage\"},\"thumbnailUrl\":\"https:\/\/kulturonline.tv\/wp-content\/uploads\/2022\/02\/music-1.png\",\"articleSection\":[\"Unkategorisiert\"],\"inLanguage\":\"de\"},{\"@type\":\"WebPage\",\"@id\":\"https:\/\/kulturonline.tv\/de\/bildungsgerechtigkeit-kultur-nur-fuer-reiche\/\",\"url\":\"https:\/\/kulturonline.tv\/de\/bildungsgerechtigkeit-kultur-nur-fuer-reiche\/\",\"name\":\"Bildungsgerechtigkeit: Kultur nur f\u00fcr Reiche? - Kultur Online TV &amp; FM\",\"isPartOf\":{\"@id\":\"https:\/\/kulturonline.tv\/de\/#website\"},\"primaryImageOfPage\":{\"@id\":\"https:\/\/kulturonline.tv\/de\/bildungsgerechtigkeit-kultur-nur-fuer-reiche\/#primaryimage\"},\"image\":{\"@id\":\"https:\/\/kulturonline.tv\/de\/bildungsgerechtigkeit-kultur-nur-fuer-reiche\/#primaryimage\"},\"thumbnailUrl\":\"https:\/\/kulturonline.tv\/wp-content\/uploads\/2022\/02\/music-1.png\",\"datePublished\":\"2022-02-17T11:57:12+00:00\",\"dateModified\":\"2022-02-22T19:38:37+00:00\",\"description\":\"Kultur sehen und H\u00f6ren\",\"breadcrumb\":{\"@id\":\"https:\/\/kulturonline.tv\/de\/bildungsgerechtigkeit-kultur-nur-fuer-reiche\/#breadcrumb\"},\"inLanguage\":\"de\",\"potentialAction\":[{\"@type\":\"ReadAction\",\"target\":[\"https:\/\/kulturonline.tv\/de\/bildungsgerechtigkeit-kultur-nur-fuer-reiche\/\"]}]},{\"@type\":\"ImageObject\",\"inLanguage\":\"de\",\"@id\":\"https:\/\/kulturonline.tv\/de\/bildungsgerechtigkeit-kultur-nur-fuer-reiche\/#primaryimage\",\"url\":\"https:\/\/kulturonline.tv\/wp-content\/uploads\/2022\/02\/music-1.png\",\"contentUrl\":\"https:\/\/kulturonline.tv\/wp-content\/uploads\/2022\/02\/music-1.png\",\"width\":1280,\"height\":720},{\"@type\":\"BreadcrumbList\",\"@id\":\"https:\/\/kulturonline.tv\/de\/bildungsgerechtigkeit-kultur-nur-fuer-reiche\/#breadcrumb\",\"itemListElement\":[{\"@type\":\"ListItem\",\"position\":1,\"name\":\"Startseite\",\"item\":\"https:\/\/kulturonline.tv\/de\/\"},{\"@type\":\"ListItem\",\"position\":2,\"name\":\"Bildungsgerechtigkeit: Kultur nur f\u00fcr Reiche?\"}]},{\"@type\":\"WebSite\",\"@id\":\"https:\/\/kulturonline.tv\/de\/#website\",\"url\":\"https:\/\/kulturonline.tv\/de\/\",\"name\":\"Kultur Online TV &amp; FM\",\"description\":\"Wir sind Kultur 2.0 zum sehen &amp; h\u00f6ren\",\"publisher\":{\"@id\":\"https:\/\/kulturonline.tv\/de\/#organization\"},\"potentialAction\":[{\"@type\":\"SearchAction\",\"target\":{\"@type\":\"EntryPoint\",\"urlTemplate\":\"https:\/\/kulturonline.tv\/de\/?s={search_term_string}\"},\"query-input\":{\"@type\":\"PropertyValueSpecification\",\"valueRequired\":true,\"valueName\":\"search_term_string\"}}],\"inLanguage\":\"de\"},{\"@type\":\"Organization\",\"@id\":\"https:\/\/kulturonline.tv\/de\/#organization\",\"name\":\"Kultur Online TV\",\"url\":\"https:\/\/kulturonline.tv\/de\/\",\"logo\":{\"@type\":\"ImageObject\",\"inLanguage\":\"de\",\"@id\":\"https:\/\/kulturonline.tv\/de\/#\/schema\/logo\/image\/\",\"url\":\"https:\/\/kulturonline.tv\/wp-content\/uploads\/2021\/08\/Kultur-Online-Tv-Logo-Endversion-neu.png\",\"contentUrl\":\"https:\/\/kulturonline.tv\/wp-content\/uploads\/2021\/08\/Kultur-Online-Tv-Logo-Endversion-neu.png\",\"width\":200,\"height\":200,\"caption\":\"Kultur Online TV\"},\"image\":{\"@id\":\"https:\/\/kulturonline.tv\/de\/#\/schema\/logo\/image\/\"},\"sameAs\":[\"https:\/\/www.facebook.com\/kulturonline.tv\",\"https:\/\/www.instagram.com\/kulturonline.tv\"]},{\"@type\":\"Person\",\"@id\":\"https:\/\/kulturonline.tv\/de\/#\/schema\/person\/b0fac729bb9a0c193fb1df23449df4fe\",\"name\":\"guenter.wolfgang\"}]}<\/script>\n<!-- \/ Yoast SEO plugin. -->","yoast_head_json":{"title":"Bildungsgerechtigkeit: Kultur nur f\u00fcr Reiche? - Kultur Online TV &amp; FM","description":"Kultur sehen und H\u00f6ren","robots":{"index":"index","follow":"follow","max-snippet":"max-snippet:-1","max-image-preview":"max-image-preview:large","max-video-preview":"max-video-preview:-1"},"canonical":"https:\/\/kulturonline.tv\/de\/bildungsgerechtigkeit-kultur-nur-fuer-reiche\/","og_locale":"de_DE","og_type":"article","og_title":"Bildungsgerechtigkeit: Kultur nur f\u00fcr Reiche? - Kultur Online TV &amp; FM","og_description":"Kultur sehen und H\u00f6ren","og_url":"https:\/\/kulturonline.tv\/de\/bildungsgerechtigkeit-kultur-nur-fuer-reiche\/","og_site_name":"Kultur Online TV &amp; FM","article_publisher":"https:\/\/www.facebook.com\/kulturonline.tv","article_published_time":"2022-02-17T11:57:12+00:00","article_modified_time":"2022-02-22T19:38:37+00:00","og_image":[{"width":1280,"height":720,"url":"https:\/\/kulturonline.tv\/wp-content\/uploads\/2022\/02\/music-1.png","type":"image\/png"}],"author":"guenter.wolfgang","twitter_card":"summary_large_image","twitter_misc":{"Verfasst von":"guenter.wolfgang","Gesch\u00e4tzte Lesezeit":"2\u00a0Minuten"},"schema":{"@context":"https:\/\/schema.org","@graph":[{"@type":"Article","@id":"https:\/\/kulturonline.tv\/de\/bildungsgerechtigkeit-kultur-nur-fuer-reiche\/#article","isPartOf":{"@id":"https:\/\/kulturonline.tv\/de\/bildungsgerechtigkeit-kultur-nur-fuer-reiche\/"},"author":{"name":"guenter.wolfgang","@id":"https:\/\/kulturonline.tv\/de\/#\/schema\/person\/b0fac729bb9a0c193fb1df23449df4fe"},"headline":"Bildungsgerechtigkeit: Kultur nur f\u00fcr Reiche?","datePublished":"2022-02-17T11:57:12+00:00","dateModified":"2022-02-22T19:38:37+00:00","mainEntityOfPage":{"@id":"https:\/\/kulturonline.tv\/de\/bildungsgerechtigkeit-kultur-nur-fuer-reiche\/"},"wordCount":198,"publisher":{"@id":"https:\/\/kulturonline.tv\/de\/#organization"},"image":{"@id":"https:\/\/kulturonline.tv\/de\/bildungsgerechtigkeit-kultur-nur-fuer-reiche\/#primaryimage"},"thumbnailUrl":"https:\/\/kulturonline.tv\/wp-content\/uploads\/2022\/02\/music-1.png","articleSection":["Unkategorisiert"],"inLanguage":"de"},{"@type":"WebPage","@id":"https:\/\/kulturonline.tv\/de\/bildungsgerechtigkeit-kultur-nur-fuer-reiche\/","url":"https:\/\/kulturonline.tv\/de\/bildungsgerechtigkeit-kultur-nur-fuer-reiche\/","name":"Bildungsgerechtigkeit: Kultur nur f\u00fcr Reiche? - Kultur Online TV &amp; FM","isPartOf":{"@id":"https:\/\/kulturonline.tv\/de\/#website"},"primaryImageOfPage":{"@id":"https:\/\/kulturonline.tv\/de\/bildungsgerechtigkeit-kultur-nur-fuer-reiche\/#primaryimage"},"image":{"@id":"https:\/\/kulturonline.tv\/de\/bildungsgerechtigkeit-kultur-nur-fuer-reiche\/#primaryimage"},"thumbnailUrl":"https:\/\/kulturonline.tv\/wp-content\/uploads\/2022\/02\/music-1.png","datePublished":"2022-02-17T11:57:12+00:00","dateModified":"2022-02-22T19:38:37+00:00","description":"Kultur sehen und H\u00f6ren","breadcrumb":{"@id":"https:\/\/kulturonline.tv\/de\/bildungsgerechtigkeit-kultur-nur-fuer-reiche\/#breadcrumb"},"inLanguage":"de","potentialAction":[{"@type":"ReadAction","target":["https:\/\/kulturonline.tv\/de\/bildungsgerechtigkeit-kultur-nur-fuer-reiche\/"]}]},{"@type":"ImageObject","inLanguage":"de","@id":"https:\/\/kulturonline.tv\/de\/bildungsgerechtigkeit-kultur-nur-fuer-reiche\/#primaryimage","url":"https:\/\/kulturonline.tv\/wp-content\/uploads\/2022\/02\/music-1.png","contentUrl":"https:\/\/kulturonline.tv\/wp-content\/uploads\/2022\/02\/music-1.png","width":1280,"height":720},{"@type":"BreadcrumbList","@id":"https:\/\/kulturonline.tv\/de\/bildungsgerechtigkeit-kultur-nur-fuer-reiche\/#breadcrumb","itemListElement":[{"@type":"ListItem","position":1,"name":"Startseite","item":"https:\/\/kulturonline.tv\/de\/"},{"@type":"ListItem","position":2,"name":"Bildungsgerechtigkeit: Kultur nur f\u00fcr Reiche?"}]},{"@type":"WebSite","@id":"https:\/\/kulturonline.tv\/de\/#website","url":"https:\/\/kulturonline.tv\/de\/","name":"Kultur Online TV &amp; FM","description":"Wir sind Kultur 2.0 zum sehen &amp; h\u00f6ren","publisher":{"@id":"https:\/\/kulturonline.tv\/de\/#organization"},"potentialAction":[{"@type":"SearchAction","target":{"@type":"EntryPoint","urlTemplate":"https:\/\/kulturonline.tv\/de\/?s={search_term_string}"},"query-input":{"@type":"PropertyValueSpecification","valueRequired":true,"valueName":"search_term_string"}}],"inLanguage":"de"},{"@type":"Organization","@id":"https:\/\/kulturonline.tv\/de\/#organization","name":"Kultur Online TV","url":"https:\/\/kulturonline.tv\/de\/","logo":{"@type":"ImageObject","inLanguage":"de","@id":"https:\/\/kulturonline.tv\/de\/#\/schema\/logo\/image\/","url":"https:\/\/kulturonline.tv\/wp-content\/uploads\/2021\/08\/Kultur-Online-Tv-Logo-Endversion-neu.png","contentUrl":"https:\/\/kulturonline.tv\/wp-content\/uploads\/2021\/08\/Kultur-Online-Tv-Logo-Endversion-neu.png","width":200,"height":200,"caption":"Kultur Online TV"},"image":{"@id":"https:\/\/kulturonline.tv\/de\/#\/schema\/logo\/image\/"},"sameAs":["https:\/\/www.facebook.com\/kulturonline.tv","https:\/\/www.instagram.com\/kulturonline.tv"]},{"@type":"Person","@id":"https:\/\/kulturonline.tv\/de\/#\/schema\/person\/b0fac729bb9a0c193fb1df23449df4fe","name":"guenter.wolfgang"}]}},"_links":{"self":[{"href":"https:\/\/kulturonline.tv\/de\/wp-json\/wp\/v2\/posts\/23229","targetHints":{"allow":["GET"]}}],"collection":[{"href":"https:\/\/kulturonline.tv\/de\/wp-json\/wp\/v2\/posts"}],"about":[{"href":"https:\/\/kulturonline.tv\/de\/wp-json\/wp\/v2\/types\/post"}],"author":[{"embeddable":true,"href":"https:\/\/kulturonline.tv\/de\/wp-json\/wp\/v2\/users\/2"}],"replies":[{"embeddable":true,"href":"https:\/\/kulturonline.tv\/de\/wp-json\/wp\/v2\/comments?post=23229"}],"version-history":[{"count":0,"href":"https:\/\/kulturonline.tv\/de\/wp-json\/wp\/v2\/posts\/23229\/revisions"}],"wp:featuredmedia":[{"embeddable":true,"href":"https:\/\/kulturonline.tv\/de\/wp-json\/wp\/v2\/media\/23230"}],"wp:attachment":[{"href":"https:\/\/kulturonline.tv\/de\/wp-json\/wp\/v2\/media?parent=23229"}],"wp:term":[{"taxonomy":"category","embeddable":true,"href":"https:\/\/kulturonline.tv\/de\/wp-json\/wp\/v2\/categories?post=23229"},{"taxonomy":"post_tag","embeddable":true,"href":"https:\/\/kulturonline.tv\/de\/wp-json\/wp\/v2\/tags?post=23229"}],"curies":[{"name":"wp","href":"https:\/\/api.w.org\/{rel}","templated":true}]}}