{"id":23486,"date":"2022-02-20T14:03:32","date_gmt":"2022-02-20T13:03:32","guid":{"rendered":"https:\/\/kulturonline.tv\/?p=23486"},"modified":"2022-02-20T14:03:34","modified_gmt":"2022-02-20T13:03:34","slug":"schaubuehne-berlin-bedauert-rassismus-post","status":"publish","type":"post","link":"https:\/\/kulturonline.tv\/de\/schaubuehne-berlin-bedauert-rassismus-post\/","title":{"rendered":"Schaub\u00fchne Berlin bedauert Rassismus-Post"},"content":{"rendered":"\n<p><strong>Die Schaub\u00fchne Berlin und ihr Ensemblemitglied Robert Beyer haben sich f\u00fcr einen rassistischen und diskriminierenden Post auf dem Facebook-Account des Schauspielers entschuldigt.<\/strong><\/p>\n\n\n\n<figure class=\"wp-block-image size-full\"><img fetchpriority=\"high\" decoding=\"async\" width=\"1134\" height=\"637\" src=\"https:\/\/kulturonline.tv\/wp-content\/uploads\/2022\/02\/Schaubuehne-Berlin-edited.jpg\" alt=\"\" class=\"wp-image-23489\" srcset=\"https:\/\/kulturonline.tv\/wp-content\/uploads\/2022\/02\/Schaubuehne-Berlin-edited.jpg 1134w, https:\/\/kulturonline.tv\/wp-content\/uploads\/2022\/02\/Schaubuehne-Berlin-edited-600x337.jpg 600w, https:\/\/kulturonline.tv\/wp-content\/uploads\/2022\/02\/Schaubuehne-Berlin-edited-800x449.jpg 800w, https:\/\/kulturonline.tv\/wp-content\/uploads\/2022\/02\/Schaubuehne-Berlin-edited-768x431.jpg 768w\" sizes=\"(max-width: 1134px) 100vw, 1134px\" \/><\/figure>\n\n\n\n<p>In einer Mitteilung des Theaters hei\u00dft es: &#8222;Dieser Post verharmlost den Massenmord an der indigenen Bev\u00f6lkerung in Nordamerika.&#8220; Mit dem Einverst\u00e4ndnis Beyers schrieb die Schaub\u00fchne: &#8222;Wir verurteilen ihn. Er steht im Widerspruch zur Haltung des Hauses.&#8220;<\/p>\n\n\n\n<p>Der Schauspieler selber schrieb auf seinem Account \u00fcber den Eintrag, er werde &#8222;zuk\u00fcnftig darauf achten, weniger verletzend zu kommunizieren und umsichtiger sein&#8220;. Er werde an einem Einzelcoaching zum Thema Rassismus und Diversit\u00e4t teilnehmen. Beyer geh\u00f6rt seit 22 Jahren zum Ensemble der Schaub\u00fchne.<\/p>\n\n\n\n<p>Kultur Online TV<\/p>\n\n\n\n<p>#kultur #medien #news<\/p>\n","protected":false},"excerpt":{"rendered":"<p>Die Schaub\u00fchne Berlin und ihr Ensemblemitglied Robert Beyer haben sich f\u00fcr einen rassistischen und diskriminierenden Post auf dem Facebook-Account des Schauspielers entschuldigt. In einer Mitteilung des Theaters hei\u00dft es: &#8222;Dieser Post verharmlost den Massenmord an der indigenen Bev\u00f6lkerung in Nordamerika.&#8220; Mit dem Einverst\u00e4ndnis Beyers schrieb die Schaub\u00fchne: &#8222;Wir verurteilen ihn. Er steht im Widerspruch zur [&hellip;]<\/p>\n","protected":false},"author":2,"featured_media":23489,"comment_status":"closed","ping_status":"closed","sticky":false,"template":"","format":"standard","meta":{"_acf_changed":false,"footnotes":""},"categories":[193],"tags":[],"class_list":["post-23486","post","type-post","status-publish","format-standard","has-post-thumbnail","hentry","category-medien"],"acf":[],"yoast_head":"<!-- This site is optimized with the Yoast SEO plugin v26.1.1 - https:\/\/yoast.com\/wordpress\/plugins\/seo\/ -->\n<title>Schaub\u00fchne Berlin bedauert Rassismus-Post - Kultur Online TV &amp; FM<\/title>\n<meta name=\"description\" content=\"Kultur sehen und H\u00f6ren\" \/>\n<meta name=\"robots\" content=\"index, follow, max-snippet:-1, max-image-preview:large, max-video-preview:-1\" \/>\n<link rel=\"canonical\" href=\"https:\/\/kulturonline.tv\/de\/schaubuehne-berlin-bedauert-rassismus-post\/\" \/>\n<meta property=\"og:locale\" content=\"de_DE\" \/>\n<meta property=\"og:type\" content=\"article\" \/>\n<meta property=\"og:title\" content=\"Schaub\u00fchne Berlin bedauert Rassismus-Post - Kultur Online TV &amp; FM\" \/>\n<meta property=\"og:description\" content=\"Kultur sehen und H\u00f6ren\" \/>\n<meta property=\"og:url\" content=\"https:\/\/kulturonline.tv\/de\/schaubuehne-berlin-bedauert-rassismus-post\/\" \/>\n<meta property=\"og:site_name\" content=\"Kultur Online TV &amp; FM\" \/>\n<meta property=\"article:publisher\" content=\"https:\/\/www.facebook.com\/kulturonline.tv\" \/>\n<meta property=\"article:published_time\" content=\"2022-02-20T13:03:32+00:00\" \/>\n<meta property=\"article:modified_time\" content=\"2022-02-20T13:03:34+00:00\" \/>\n<meta property=\"og:image\" content=\"https:\/\/kulturonline.tv\/wp-content\/uploads\/2022\/02\/Schaubuehne-Berlin-edited.jpg\" \/>\n\t<meta property=\"og:image:width\" content=\"1134\" \/>\n\t<meta property=\"og:image:height\" content=\"637\" \/>\n\t<meta property=\"og:image:type\" content=\"image\/jpeg\" \/>\n<meta name=\"author\" content=\"guenter.wolfgang\" \/>\n<meta name=\"twitter:card\" content=\"summary_large_image\" \/>\n<meta name=\"twitter:label1\" content=\"Verfasst von\" \/>\n\t<meta name=\"twitter:data1\" content=\"guenter.wolfgang\" \/>\n\t<meta name=\"twitter:label2\" content=\"Gesch\u00e4tzte Lesezeit\" \/>\n\t<meta name=\"twitter:data2\" content=\"1\u00a0Minute\" \/>\n<script type=\"application\/ld+json\" class=\"yoast-schema-graph\">{\"@context\":\"https:\/\/schema.org\",\"@graph\":[{\"@type\":\"Article\",\"@id\":\"https:\/\/kulturonline.tv\/de\/schaubuehne-berlin-bedauert-rassismus-post\/#article\",\"isPartOf\":{\"@id\":\"https:\/\/kulturonline.tv\/de\/schaubuehne-berlin-bedauert-rassismus-post\/\"},\"author\":{\"name\":\"guenter.wolfgang\",\"@id\":\"https:\/\/kulturonline.tv\/de\/#\/schema\/person\/b0fac729bb9a0c193fb1df23449df4fe\"},\"headline\":\"Schaub\u00fchne Berlin bedauert Rassismus-Post\",\"datePublished\":\"2022-02-20T13:03:32+00:00\",\"dateModified\":\"2022-02-20T13:03:34+00:00\",\"mainEntityOfPage\":{\"@id\":\"https:\/\/kulturonline.tv\/de\/schaubuehne-berlin-bedauert-rassismus-post\/\"},\"wordCount\":120,\"publisher\":{\"@id\":\"https:\/\/kulturonline.tv\/de\/#organization\"},\"image\":{\"@id\":\"https:\/\/kulturonline.tv\/de\/schaubuehne-berlin-bedauert-rassismus-post\/#primaryimage\"},\"thumbnailUrl\":\"https:\/\/kulturonline.tv\/wp-content\/uploads\/2022\/02\/Schaubuehne-Berlin-edited.jpg\",\"articleSection\":[\"Medien\"],\"inLanguage\":\"de\"},{\"@type\":\"WebPage\",\"@id\":\"https:\/\/kulturonline.tv\/de\/schaubuehne-berlin-bedauert-rassismus-post\/\",\"url\":\"https:\/\/kulturonline.tv\/de\/schaubuehne-berlin-bedauert-rassismus-post\/\",\"name\":\"Schaub\u00fchne Berlin bedauert Rassismus-Post - Kultur Online TV &amp; FM\",\"isPartOf\":{\"@id\":\"https:\/\/kulturonline.tv\/de\/#website\"},\"primaryImageOfPage\":{\"@id\":\"https:\/\/kulturonline.tv\/de\/schaubuehne-berlin-bedauert-rassismus-post\/#primaryimage\"},\"image\":{\"@id\":\"https:\/\/kulturonline.tv\/de\/schaubuehne-berlin-bedauert-rassismus-post\/#primaryimage\"},\"thumbnailUrl\":\"https:\/\/kulturonline.tv\/wp-content\/uploads\/2022\/02\/Schaubuehne-Berlin-edited.jpg\",\"datePublished\":\"2022-02-20T13:03:32+00:00\",\"dateModified\":\"2022-02-20T13:03:34+00:00\",\"description\":\"Kultur sehen und H\u00f6ren\",\"breadcrumb\":{\"@id\":\"https:\/\/kulturonline.tv\/de\/schaubuehne-berlin-bedauert-rassismus-post\/#breadcrumb\"},\"inLanguage\":\"de\",\"potentialAction\":[{\"@type\":\"ReadAction\",\"target\":[\"https:\/\/kulturonline.tv\/de\/schaubuehne-berlin-bedauert-rassismus-post\/\"]}]},{\"@type\":\"ImageObject\",\"inLanguage\":\"de\",\"@id\":\"https:\/\/kulturonline.tv\/de\/schaubuehne-berlin-bedauert-rassismus-post\/#primaryimage\",\"url\":\"https:\/\/kulturonline.tv\/wp-content\/uploads\/2022\/02\/Schaubuehne-Berlin-edited.jpg\",\"contentUrl\":\"https:\/\/kulturonline.tv\/wp-content\/uploads\/2022\/02\/Schaubuehne-Berlin-edited.jpg\",\"width\":1134,\"height\":637},{\"@type\":\"BreadcrumbList\",\"@id\":\"https:\/\/kulturonline.tv\/de\/schaubuehne-berlin-bedauert-rassismus-post\/#breadcrumb\",\"itemListElement\":[{\"@type\":\"ListItem\",\"position\":1,\"name\":\"Startseite\",\"item\":\"https:\/\/kulturonline.tv\/de\/\"},{\"@type\":\"ListItem\",\"position\":2,\"name\":\"Schaub\u00fchne Berlin bedauert Rassismus-Post\"}]},{\"@type\":\"WebSite\",\"@id\":\"https:\/\/kulturonline.tv\/de\/#website\",\"url\":\"https:\/\/kulturonline.tv\/de\/\",\"name\":\"Kultur Online TV &amp; FM\",\"description\":\"Wir sind Kultur 2.0 zum sehen &amp; h\u00f6ren\",\"publisher\":{\"@id\":\"https:\/\/kulturonline.tv\/de\/#organization\"},\"potentialAction\":[{\"@type\":\"SearchAction\",\"target\":{\"@type\":\"EntryPoint\",\"urlTemplate\":\"https:\/\/kulturonline.tv\/de\/?s={search_term_string}\"},\"query-input\":{\"@type\":\"PropertyValueSpecification\",\"valueRequired\":true,\"valueName\":\"search_term_string\"}}],\"inLanguage\":\"de\"},{\"@type\":\"Organization\",\"@id\":\"https:\/\/kulturonline.tv\/de\/#organization\",\"name\":\"Kultur Online TV\",\"url\":\"https:\/\/kulturonline.tv\/de\/\",\"logo\":{\"@type\":\"ImageObject\",\"inLanguage\":\"de\",\"@id\":\"https:\/\/kulturonline.tv\/de\/#\/schema\/logo\/image\/\",\"url\":\"https:\/\/kulturonline.tv\/wp-content\/uploads\/2021\/08\/Kultur-Online-Tv-Logo-Endversion-neu.png\",\"contentUrl\":\"https:\/\/kulturonline.tv\/wp-content\/uploads\/2021\/08\/Kultur-Online-Tv-Logo-Endversion-neu.png\",\"width\":200,\"height\":200,\"caption\":\"Kultur Online TV\"},\"image\":{\"@id\":\"https:\/\/kulturonline.tv\/de\/#\/schema\/logo\/image\/\"},\"sameAs\":[\"https:\/\/www.facebook.com\/kulturonline.tv\",\"https:\/\/www.instagram.com\/kulturonline.tv\"]},{\"@type\":\"Person\",\"@id\":\"https:\/\/kulturonline.tv\/de\/#\/schema\/person\/b0fac729bb9a0c193fb1df23449df4fe\",\"name\":\"guenter.wolfgang\"}]}<\/script>\n<!-- \/ Yoast SEO plugin. -->","yoast_head_json":{"title":"Schaub\u00fchne Berlin bedauert Rassismus-Post - Kultur Online TV &amp; FM","description":"Kultur sehen und H\u00f6ren","robots":{"index":"index","follow":"follow","max-snippet":"max-snippet:-1","max-image-preview":"max-image-preview:large","max-video-preview":"max-video-preview:-1"},"canonical":"https:\/\/kulturonline.tv\/de\/schaubuehne-berlin-bedauert-rassismus-post\/","og_locale":"de_DE","og_type":"article","og_title":"Schaub\u00fchne Berlin bedauert Rassismus-Post - Kultur Online TV &amp; FM","og_description":"Kultur sehen und H\u00f6ren","og_url":"https:\/\/kulturonline.tv\/de\/schaubuehne-berlin-bedauert-rassismus-post\/","og_site_name":"Kultur Online TV &amp; FM","article_publisher":"https:\/\/www.facebook.com\/kulturonline.tv","article_published_time":"2022-02-20T13:03:32+00:00","article_modified_time":"2022-02-20T13:03:34+00:00","og_image":[{"width":1134,"height":637,"url":"https:\/\/kulturonline.tv\/wp-content\/uploads\/2022\/02\/Schaubuehne-Berlin-edited.jpg","type":"image\/jpeg"}],"author":"guenter.wolfgang","twitter_card":"summary_large_image","twitter_misc":{"Verfasst von":"guenter.wolfgang","Gesch\u00e4tzte Lesezeit":"1\u00a0Minute"},"schema":{"@context":"https:\/\/schema.org","@graph":[{"@type":"Article","@id":"https:\/\/kulturonline.tv\/de\/schaubuehne-berlin-bedauert-rassismus-post\/#article","isPartOf":{"@id":"https:\/\/kulturonline.tv\/de\/schaubuehne-berlin-bedauert-rassismus-post\/"},"author":{"name":"guenter.wolfgang","@id":"https:\/\/kulturonline.tv\/de\/#\/schema\/person\/b0fac729bb9a0c193fb1df23449df4fe"},"headline":"Schaub\u00fchne Berlin bedauert Rassismus-Post","datePublished":"2022-02-20T13:03:32+00:00","dateModified":"2022-02-20T13:03:34+00:00","mainEntityOfPage":{"@id":"https:\/\/kulturonline.tv\/de\/schaubuehne-berlin-bedauert-rassismus-post\/"},"wordCount":120,"publisher":{"@id":"https:\/\/kulturonline.tv\/de\/#organization"},"image":{"@id":"https:\/\/kulturonline.tv\/de\/schaubuehne-berlin-bedauert-rassismus-post\/#primaryimage"},"thumbnailUrl":"https:\/\/kulturonline.tv\/wp-content\/uploads\/2022\/02\/Schaubuehne-Berlin-edited.jpg","articleSection":["Medien"],"inLanguage":"de"},{"@type":"WebPage","@id":"https:\/\/kulturonline.tv\/de\/schaubuehne-berlin-bedauert-rassismus-post\/","url":"https:\/\/kulturonline.tv\/de\/schaubuehne-berlin-bedauert-rassismus-post\/","name":"Schaub\u00fchne Berlin bedauert Rassismus-Post - Kultur Online TV &amp; FM","isPartOf":{"@id":"https:\/\/kulturonline.tv\/de\/#website"},"primaryImageOfPage":{"@id":"https:\/\/kulturonline.tv\/de\/schaubuehne-berlin-bedauert-rassismus-post\/#primaryimage"},"image":{"@id":"https:\/\/kulturonline.tv\/de\/schaubuehne-berlin-bedauert-rassismus-post\/#primaryimage"},"thumbnailUrl":"https:\/\/kulturonline.tv\/wp-content\/uploads\/2022\/02\/Schaubuehne-Berlin-edited.jpg","datePublished":"2022-02-20T13:03:32+00:00","dateModified":"2022-02-20T13:03:34+00:00","description":"Kultur sehen und H\u00f6ren","breadcrumb":{"@id":"https:\/\/kulturonline.tv\/de\/schaubuehne-berlin-bedauert-rassismus-post\/#breadcrumb"},"inLanguage":"de","potentialAction":[{"@type":"ReadAction","target":["https:\/\/kulturonline.tv\/de\/schaubuehne-berlin-bedauert-rassismus-post\/"]}]},{"@type":"ImageObject","inLanguage":"de","@id":"https:\/\/kulturonline.tv\/de\/schaubuehne-berlin-bedauert-rassismus-post\/#primaryimage","url":"https:\/\/kulturonline.tv\/wp-content\/uploads\/2022\/02\/Schaubuehne-Berlin-edited.jpg","contentUrl":"https:\/\/kulturonline.tv\/wp-content\/uploads\/2022\/02\/Schaubuehne-Berlin-edited.jpg","width":1134,"height":637},{"@type":"BreadcrumbList","@id":"https:\/\/kulturonline.tv\/de\/schaubuehne-berlin-bedauert-rassismus-post\/#breadcrumb","itemListElement":[{"@type":"ListItem","position":1,"name":"Startseite","item":"https:\/\/kulturonline.tv\/de\/"},{"@type":"ListItem","position":2,"name":"Schaub\u00fchne Berlin bedauert Rassismus-Post"}]},{"@type":"WebSite","@id":"https:\/\/kulturonline.tv\/de\/#website","url":"https:\/\/kulturonline.tv\/de\/","name":"Kultur Online TV &amp; FM","description":"Wir sind Kultur 2.0 zum sehen &amp; h\u00f6ren","publisher":{"@id":"https:\/\/kulturonline.tv\/de\/#organization"},"potentialAction":[{"@type":"SearchAction","target":{"@type":"EntryPoint","urlTemplate":"https:\/\/kulturonline.tv\/de\/?s={search_term_string}"},"query-input":{"@type":"PropertyValueSpecification","valueRequired":true,"valueName":"search_term_string"}}],"inLanguage":"de"},{"@type":"Organization","@id":"https:\/\/kulturonline.tv\/de\/#organization","name":"Kultur Online TV","url":"https:\/\/kulturonline.tv\/de\/","logo":{"@type":"ImageObject","inLanguage":"de","@id":"https:\/\/kulturonline.tv\/de\/#\/schema\/logo\/image\/","url":"https:\/\/kulturonline.tv\/wp-content\/uploads\/2021\/08\/Kultur-Online-Tv-Logo-Endversion-neu.png","contentUrl":"https:\/\/kulturonline.tv\/wp-content\/uploads\/2021\/08\/Kultur-Online-Tv-Logo-Endversion-neu.png","width":200,"height":200,"caption":"Kultur Online TV"},"image":{"@id":"https:\/\/kulturonline.tv\/de\/#\/schema\/logo\/image\/"},"sameAs":["https:\/\/www.facebook.com\/kulturonline.tv","https:\/\/www.instagram.com\/kulturonline.tv"]},{"@type":"Person","@id":"https:\/\/kulturonline.tv\/de\/#\/schema\/person\/b0fac729bb9a0c193fb1df23449df4fe","name":"guenter.wolfgang"}]}},"_links":{"self":[{"href":"https:\/\/kulturonline.tv\/de\/wp-json\/wp\/v2\/posts\/23486","targetHints":{"allow":["GET"]}}],"collection":[{"href":"https:\/\/kulturonline.tv\/de\/wp-json\/wp\/v2\/posts"}],"about":[{"href":"https:\/\/kulturonline.tv\/de\/wp-json\/wp\/v2\/types\/post"}],"author":[{"embeddable":true,"href":"https:\/\/kulturonline.tv\/de\/wp-json\/wp\/v2\/users\/2"}],"replies":[{"embeddable":true,"href":"https:\/\/kulturonline.tv\/de\/wp-json\/wp\/v2\/comments?post=23486"}],"version-history":[{"count":0,"href":"https:\/\/kulturonline.tv\/de\/wp-json\/wp\/v2\/posts\/23486\/revisions"}],"wp:featuredmedia":[{"embeddable":true,"href":"https:\/\/kulturonline.tv\/de\/wp-json\/wp\/v2\/media\/23489"}],"wp:attachment":[{"href":"https:\/\/kulturonline.tv\/de\/wp-json\/wp\/v2\/media?parent=23486"}],"wp:term":[{"taxonomy":"category","embeddable":true,"href":"https:\/\/kulturonline.tv\/de\/wp-json\/wp\/v2\/categories?post=23486"},{"taxonomy":"post_tag","embeddable":true,"href":"https:\/\/kulturonline.tv\/de\/wp-json\/wp\/v2\/tags?post=23486"}],"curies":[{"name":"wp","href":"https:\/\/api.w.org\/{rel}","templated":true}]}}