{"id":23768,"date":"2022-02-23T13:13:11","date_gmt":"2022-02-23T12:13:11","guid":{"rendered":"https:\/\/kulturonline.tv\/?p=23768"},"modified":"2022-02-23T13:15:34","modified_gmt":"2022-02-23T12:15:34","slug":"al-pacino-vom-underdog-zur-filmlegende","status":"publish","type":"post","link":"https:\/\/kulturonline.tv\/de\/al-pacino-vom-underdog-zur-filmlegende\/","title":{"rendered":"Al Pacino \u2013 Vom Underdog zur Filmlegende"},"content":{"rendered":"\n<p>DOKU<\/p>\n\n\n\n<figure class=\"wp-block-embed is-type-video is-provider-youtube wp-block-embed-youtube wp-embed-aspect-16-9 wp-has-aspect-ratio\"><div class=\"wp-block-embed__wrapper\">\nhttps:\/\/www.youtube.com\/watch?v=tDSTcok2RkE\n<\/div><\/figure>\n\n\n\n<p>Al Pacino \u2013 der Underdog, der Kinogeschichte schreibt. Alfredo James Pacino wurde 1940 in New York geboren und kam aus eher zerr\u00fctteten Verh\u00e4ltnissen. Schon fr\u00fch fl\u00fcchtete er sich in die Schauspielwelt \u2013 mit Erfolg. Mit seiner Rolle im Mafiafilm &#8222;Der Pate&#8220; (1972) wurde er \u00fcber Nacht zum Star. Der heute 80-j\u00e4hrige Oscarpreistr\u00e4ger arbeitet auch aktuell an drei neuen Projekten.<\/p>\n\n\n\n<p>Alfredo James Pacino wurde 1940 in New York geboren. Er fing fr\u00fch an zu trinken und zu rauchen, schmiss mit 17 Jahren die Schule und schlug sich dann mit Gelegenheitsjobs durch. Als Zufluchtsort diente ihm die Welt des Schauspiels. Den Grundstein f\u00fcr seine Karriere legte Pacino mit seiner Rolle als Michael Corleone im weltbekannten Filmklassiker \u201eDer Pate\u201c (1972). Doch auch dieser Anfang war nicht leicht: Der Filmproduzent Robert Evans wollte keinen unbekannten \u201eZwerg\u201c in der Hauptrolle und drohte st\u00e4ndig damit, ihn zu entlassen. \u201eDer Pate\u201c geht jedoch als Megaerfolg in die Filmgeschichte ein und Al Pacino wird \u00fcber Nacht zur Kinolegende und zum Idol einer ganzen Schauspielergeneration.<br>Auch in \u201eSerpico\u201c und \u201eHundstage\u201c von Sidney Lumet sowie in \u201eScarface\u201c von Brian De Palma konnte Al Pacino \u00fcberzeugen und den Zeitgeist realistisch widerspiegeln \u2013 er wurde zum Sinnbild des New York der 70er Jahre. Innerhalb von zehn Jahren wurde der Schauspieler zur Galionsfigur des New Hollywood.<br>Alkohol spielte stets eine gro\u00dfe Rolle in Pacinos Leben: Immer wieder griff er zur Flasche, um besser mit seinem Riesenerfolg umgehen zu k\u00f6nnen und vor der \u00d6ffentlichkeit zu fliehen. Seine schauspielerischen Darbietungen litten jedoch kaum darunter, sodass er auch nach l\u00e4ngeren Pausen nahtlos an seine fr\u00fcheren Erfolge anschlie\u00dfen konnte. Erst k\u00fcrzlich feierte er sein 50-j\u00e4hriges Schauspieljubil\u00e4um \u2013 im Film und am Theater. Seiner Liebe zu William Shakespeare setzte er in dem Dokumentarfilm \u201eLooking for Richard\u201c ein Denkmal.<br>Der heute 80-j\u00e4hrige Oscarpreistr\u00e4ger ist schon l\u00e4ngst als Hollywood-Gigant in die Filmgeschichte eingegangen und arbeitet auch aktuell an drei neuen Projekten. Al Pacino \u2013 der Underdog, der Kinogeschichte schreibt.<\/p>\n\n\n\n<p>Kultur Online TV<\/p>\n\n\n\n<p>#medien #news #film #mediathek<\/p>\n","protected":false},"excerpt":{"rendered":"<p>DOKU Al Pacino \u2013 der Underdog, der Kinogeschichte schreibt. Alfredo James Pacino wurde 1940 in New York geboren und kam aus eher zerr\u00fctteten Verh\u00e4ltnissen. Schon fr\u00fch fl\u00fcchtete er sich in die Schauspielwelt \u2013 mit Erfolg. Mit seiner Rolle im Mafiafilm &#8222;Der Pate&#8220; (1972) wurde er \u00fcber Nacht zum Star. Der heute 80-j\u00e4hrige Oscarpreistr\u00e4ger arbeitet auch [&hellip;]<\/p>\n","protected":false},"author":2,"featured_media":23769,"comment_status":"closed","ping_status":"closed","sticky":false,"template":"","format":"standard","meta":{"_acf_changed":false,"footnotes":""},"categories":[1],"tags":[],"class_list":["post-23768","post","type-post","status-publish","format-standard","has-post-thumbnail","hentry","category-unkategorisiert"],"acf":[],"yoast_head":"<!-- This site is optimized with the Yoast SEO plugin v26.1.1 - https:\/\/yoast.com\/wordpress\/plugins\/seo\/ -->\n<title>Al Pacino \u2013 Vom Underdog zur Filmlegende - Kultur Online TV &amp; FM<\/title>\n<meta name=\"description\" content=\"Film Tipp: Der heute 80-j\u00e4hrige Oscarpreistr\u00e4ger ist schon l\u00e4ngst als Hollywood-Gigant in die Filmgeschichte. Zu sehen in unserer Mediathek\" \/>\n<meta name=\"robots\" content=\"index, follow, max-snippet:-1, max-image-preview:large, max-video-preview:-1\" \/>\n<link rel=\"canonical\" href=\"https:\/\/kulturonline.tv\/de\/al-pacino-vom-underdog-zur-filmlegende\/\" \/>\n<meta property=\"og:locale\" content=\"de_DE\" \/>\n<meta property=\"og:type\" content=\"article\" \/>\n<meta property=\"og:title\" content=\"Al Pacino \u2013 Vom Underdog zur Filmlegende - Kultur Online TV &amp; FM\" \/>\n<meta property=\"og:description\" content=\"Film Tipp: Der heute 80-j\u00e4hrige Oscarpreistr\u00e4ger ist schon l\u00e4ngst als Hollywood-Gigant in die Filmgeschichte. Zu sehen in unserer Mediathek\" \/>\n<meta property=\"og:url\" content=\"https:\/\/kulturonline.tv\/de\/al-pacino-vom-underdog-zur-filmlegende\/\" \/>\n<meta property=\"og:site_name\" content=\"Kultur Online TV &amp; FM\" \/>\n<meta property=\"article:publisher\" content=\"https:\/\/www.facebook.com\/kulturonline.tv\" \/>\n<meta property=\"article:published_time\" content=\"2022-02-23T12:13:11+00:00\" \/>\n<meta property=\"article:modified_time\" content=\"2022-02-23T12:15:34+00:00\" \/>\n<meta property=\"og:image\" content=\"https:\/\/kulturonline.tv\/wp-content\/uploads\/2022\/02\/music-2-1.png\" \/>\n\t<meta property=\"og:image:width\" content=\"1280\" \/>\n\t<meta property=\"og:image:height\" content=\"720\" \/>\n\t<meta property=\"og:image:type\" content=\"image\/png\" \/>\n<meta name=\"author\" content=\"guenter.wolfgang\" \/>\n<meta name=\"twitter:card\" content=\"summary_large_image\" \/>\n<meta name=\"twitter:label1\" content=\"Verfasst von\" \/>\n\t<meta name=\"twitter:data1\" content=\"guenter.wolfgang\" \/>\n\t<meta name=\"twitter:label2\" content=\"Gesch\u00e4tzte Lesezeit\" \/>\n\t<meta name=\"twitter:data2\" content=\"2\u00a0Minuten\" \/>\n<script type=\"application\/ld+json\" class=\"yoast-schema-graph\">{\"@context\":\"https:\/\/schema.org\",\"@graph\":[{\"@type\":\"Article\",\"@id\":\"https:\/\/kulturonline.tv\/de\/al-pacino-vom-underdog-zur-filmlegende\/#article\",\"isPartOf\":{\"@id\":\"https:\/\/kulturonline.tv\/de\/al-pacino-vom-underdog-zur-filmlegende\/\"},\"author\":{\"name\":\"guenter.wolfgang\",\"@id\":\"https:\/\/kulturonline.tv\/de\/#\/schema\/person\/b0fac729bb9a0c193fb1df23449df4fe\"},\"headline\":\"Al Pacino \u2013 Vom Underdog zur Filmlegende\",\"datePublished\":\"2022-02-23T12:13:11+00:00\",\"dateModified\":\"2022-02-23T12:15:34+00:00\",\"mainEntityOfPage\":{\"@id\":\"https:\/\/kulturonline.tv\/de\/al-pacino-vom-underdog-zur-filmlegende\/\"},\"wordCount\":351,\"publisher\":{\"@id\":\"https:\/\/kulturonline.tv\/de\/#organization\"},\"image\":{\"@id\":\"https:\/\/kulturonline.tv\/de\/al-pacino-vom-underdog-zur-filmlegende\/#primaryimage\"},\"thumbnailUrl\":\"https:\/\/kulturonline.tv\/wp-content\/uploads\/2022\/02\/music-2-1.png\",\"articleSection\":[\"Unkategorisiert\"],\"inLanguage\":\"de\"},{\"@type\":\"WebPage\",\"@id\":\"https:\/\/kulturonline.tv\/de\/al-pacino-vom-underdog-zur-filmlegende\/\",\"url\":\"https:\/\/kulturonline.tv\/de\/al-pacino-vom-underdog-zur-filmlegende\/\",\"name\":\"Al Pacino \u2013 Vom Underdog zur Filmlegende - Kultur Online TV &amp; FM\",\"isPartOf\":{\"@id\":\"https:\/\/kulturonline.tv\/de\/#website\"},\"primaryImageOfPage\":{\"@id\":\"https:\/\/kulturonline.tv\/de\/al-pacino-vom-underdog-zur-filmlegende\/#primaryimage\"},\"image\":{\"@id\":\"https:\/\/kulturonline.tv\/de\/al-pacino-vom-underdog-zur-filmlegende\/#primaryimage\"},\"thumbnailUrl\":\"https:\/\/kulturonline.tv\/wp-content\/uploads\/2022\/02\/music-2-1.png\",\"datePublished\":\"2022-02-23T12:13:11+00:00\",\"dateModified\":\"2022-02-23T12:15:34+00:00\",\"description\":\"Film Tipp: Der heute 80-j\u00e4hrige Oscarpreistr\u00e4ger ist schon l\u00e4ngst als Hollywood-Gigant in die Filmgeschichte. Zu sehen in unserer Mediathek\",\"breadcrumb\":{\"@id\":\"https:\/\/kulturonline.tv\/de\/al-pacino-vom-underdog-zur-filmlegende\/#breadcrumb\"},\"inLanguage\":\"de\",\"potentialAction\":[{\"@type\":\"ReadAction\",\"target\":[\"https:\/\/kulturonline.tv\/de\/al-pacino-vom-underdog-zur-filmlegende\/\"]}]},{\"@type\":\"ImageObject\",\"inLanguage\":\"de\",\"@id\":\"https:\/\/kulturonline.tv\/de\/al-pacino-vom-underdog-zur-filmlegende\/#primaryimage\",\"url\":\"https:\/\/kulturonline.tv\/wp-content\/uploads\/2022\/02\/music-2-1.png\",\"contentUrl\":\"https:\/\/kulturonline.tv\/wp-content\/uploads\/2022\/02\/music-2-1.png\",\"width\":1280,\"height\":720},{\"@type\":\"BreadcrumbList\",\"@id\":\"https:\/\/kulturonline.tv\/de\/al-pacino-vom-underdog-zur-filmlegende\/#breadcrumb\",\"itemListElement\":[{\"@type\":\"ListItem\",\"position\":1,\"name\":\"Startseite\",\"item\":\"https:\/\/kulturonline.tv\/de\/\"},{\"@type\":\"ListItem\",\"position\":2,\"name\":\"Al Pacino \u2013 Vom Underdog zur Filmlegende\"}]},{\"@type\":\"WebSite\",\"@id\":\"https:\/\/kulturonline.tv\/de\/#website\",\"url\":\"https:\/\/kulturonline.tv\/de\/\",\"name\":\"Kultur Online TV &amp; FM\",\"description\":\"Wir sind Kultur 2.0 zum sehen &amp; h\u00f6ren\",\"publisher\":{\"@id\":\"https:\/\/kulturonline.tv\/de\/#organization\"},\"potentialAction\":[{\"@type\":\"SearchAction\",\"target\":{\"@type\":\"EntryPoint\",\"urlTemplate\":\"https:\/\/kulturonline.tv\/de\/?s={search_term_string}\"},\"query-input\":{\"@type\":\"PropertyValueSpecification\",\"valueRequired\":true,\"valueName\":\"search_term_string\"}}],\"inLanguage\":\"de\"},{\"@type\":\"Organization\",\"@id\":\"https:\/\/kulturonline.tv\/de\/#organization\",\"name\":\"Kultur Online TV\",\"url\":\"https:\/\/kulturonline.tv\/de\/\",\"logo\":{\"@type\":\"ImageObject\",\"inLanguage\":\"de\",\"@id\":\"https:\/\/kulturonline.tv\/de\/#\/schema\/logo\/image\/\",\"url\":\"https:\/\/kulturonline.tv\/wp-content\/uploads\/2021\/08\/Kultur-Online-Tv-Logo-Endversion-neu.png\",\"contentUrl\":\"https:\/\/kulturonline.tv\/wp-content\/uploads\/2021\/08\/Kultur-Online-Tv-Logo-Endversion-neu.png\",\"width\":200,\"height\":200,\"caption\":\"Kultur Online TV\"},\"image\":{\"@id\":\"https:\/\/kulturonline.tv\/de\/#\/schema\/logo\/image\/\"},\"sameAs\":[\"https:\/\/www.facebook.com\/kulturonline.tv\",\"https:\/\/www.instagram.com\/kulturonline.tv\"]},{\"@type\":\"Person\",\"@id\":\"https:\/\/kulturonline.tv\/de\/#\/schema\/person\/b0fac729bb9a0c193fb1df23449df4fe\",\"name\":\"guenter.wolfgang\"}]}<\/script>\n<!-- \/ Yoast SEO plugin. -->","yoast_head_json":{"title":"Al Pacino \u2013 Vom Underdog zur Filmlegende - Kultur Online TV &amp; FM","description":"Film Tipp: Der heute 80-j\u00e4hrige Oscarpreistr\u00e4ger ist schon l\u00e4ngst als Hollywood-Gigant in die Filmgeschichte. Zu sehen in unserer Mediathek","robots":{"index":"index","follow":"follow","max-snippet":"max-snippet:-1","max-image-preview":"max-image-preview:large","max-video-preview":"max-video-preview:-1"},"canonical":"https:\/\/kulturonline.tv\/de\/al-pacino-vom-underdog-zur-filmlegende\/","og_locale":"de_DE","og_type":"article","og_title":"Al Pacino \u2013 Vom Underdog zur Filmlegende - Kultur Online TV &amp; FM","og_description":"Film Tipp: Der heute 80-j\u00e4hrige Oscarpreistr\u00e4ger ist schon l\u00e4ngst als Hollywood-Gigant in die Filmgeschichte. Zu sehen in unserer Mediathek","og_url":"https:\/\/kulturonline.tv\/de\/al-pacino-vom-underdog-zur-filmlegende\/","og_site_name":"Kultur Online TV &amp; FM","article_publisher":"https:\/\/www.facebook.com\/kulturonline.tv","article_published_time":"2022-02-23T12:13:11+00:00","article_modified_time":"2022-02-23T12:15:34+00:00","og_image":[{"width":1280,"height":720,"url":"https:\/\/kulturonline.tv\/wp-content\/uploads\/2022\/02\/music-2-1.png","type":"image\/png"}],"author":"guenter.wolfgang","twitter_card":"summary_large_image","twitter_misc":{"Verfasst von":"guenter.wolfgang","Gesch\u00e4tzte Lesezeit":"2\u00a0Minuten"},"schema":{"@context":"https:\/\/schema.org","@graph":[{"@type":"Article","@id":"https:\/\/kulturonline.tv\/de\/al-pacino-vom-underdog-zur-filmlegende\/#article","isPartOf":{"@id":"https:\/\/kulturonline.tv\/de\/al-pacino-vom-underdog-zur-filmlegende\/"},"author":{"name":"guenter.wolfgang","@id":"https:\/\/kulturonline.tv\/de\/#\/schema\/person\/b0fac729bb9a0c193fb1df23449df4fe"},"headline":"Al Pacino \u2013 Vom Underdog zur Filmlegende","datePublished":"2022-02-23T12:13:11+00:00","dateModified":"2022-02-23T12:15:34+00:00","mainEntityOfPage":{"@id":"https:\/\/kulturonline.tv\/de\/al-pacino-vom-underdog-zur-filmlegende\/"},"wordCount":351,"publisher":{"@id":"https:\/\/kulturonline.tv\/de\/#organization"},"image":{"@id":"https:\/\/kulturonline.tv\/de\/al-pacino-vom-underdog-zur-filmlegende\/#primaryimage"},"thumbnailUrl":"https:\/\/kulturonline.tv\/wp-content\/uploads\/2022\/02\/music-2-1.png","articleSection":["Unkategorisiert"],"inLanguage":"de"},{"@type":"WebPage","@id":"https:\/\/kulturonline.tv\/de\/al-pacino-vom-underdog-zur-filmlegende\/","url":"https:\/\/kulturonline.tv\/de\/al-pacino-vom-underdog-zur-filmlegende\/","name":"Al Pacino \u2013 Vom Underdog zur Filmlegende - Kultur Online TV &amp; FM","isPartOf":{"@id":"https:\/\/kulturonline.tv\/de\/#website"},"primaryImageOfPage":{"@id":"https:\/\/kulturonline.tv\/de\/al-pacino-vom-underdog-zur-filmlegende\/#primaryimage"},"image":{"@id":"https:\/\/kulturonline.tv\/de\/al-pacino-vom-underdog-zur-filmlegende\/#primaryimage"},"thumbnailUrl":"https:\/\/kulturonline.tv\/wp-content\/uploads\/2022\/02\/music-2-1.png","datePublished":"2022-02-23T12:13:11+00:00","dateModified":"2022-02-23T12:15:34+00:00","description":"Film Tipp: Der heute 80-j\u00e4hrige Oscarpreistr\u00e4ger ist schon l\u00e4ngst als Hollywood-Gigant in die Filmgeschichte. Zu sehen in unserer Mediathek","breadcrumb":{"@id":"https:\/\/kulturonline.tv\/de\/al-pacino-vom-underdog-zur-filmlegende\/#breadcrumb"},"inLanguage":"de","potentialAction":[{"@type":"ReadAction","target":["https:\/\/kulturonline.tv\/de\/al-pacino-vom-underdog-zur-filmlegende\/"]}]},{"@type":"ImageObject","inLanguage":"de","@id":"https:\/\/kulturonline.tv\/de\/al-pacino-vom-underdog-zur-filmlegende\/#primaryimage","url":"https:\/\/kulturonline.tv\/wp-content\/uploads\/2022\/02\/music-2-1.png","contentUrl":"https:\/\/kulturonline.tv\/wp-content\/uploads\/2022\/02\/music-2-1.png","width":1280,"height":720},{"@type":"BreadcrumbList","@id":"https:\/\/kulturonline.tv\/de\/al-pacino-vom-underdog-zur-filmlegende\/#breadcrumb","itemListElement":[{"@type":"ListItem","position":1,"name":"Startseite","item":"https:\/\/kulturonline.tv\/de\/"},{"@type":"ListItem","position":2,"name":"Al Pacino \u2013 Vom Underdog zur Filmlegende"}]},{"@type":"WebSite","@id":"https:\/\/kulturonline.tv\/de\/#website","url":"https:\/\/kulturonline.tv\/de\/","name":"Kultur Online TV &amp; FM","description":"Wir sind Kultur 2.0 zum sehen &amp; h\u00f6ren","publisher":{"@id":"https:\/\/kulturonline.tv\/de\/#organization"},"potentialAction":[{"@type":"SearchAction","target":{"@type":"EntryPoint","urlTemplate":"https:\/\/kulturonline.tv\/de\/?s={search_term_string}"},"query-input":{"@type":"PropertyValueSpecification","valueRequired":true,"valueName":"search_term_string"}}],"inLanguage":"de"},{"@type":"Organization","@id":"https:\/\/kulturonline.tv\/de\/#organization","name":"Kultur Online TV","url":"https:\/\/kulturonline.tv\/de\/","logo":{"@type":"ImageObject","inLanguage":"de","@id":"https:\/\/kulturonline.tv\/de\/#\/schema\/logo\/image\/","url":"https:\/\/kulturonline.tv\/wp-content\/uploads\/2021\/08\/Kultur-Online-Tv-Logo-Endversion-neu.png","contentUrl":"https:\/\/kulturonline.tv\/wp-content\/uploads\/2021\/08\/Kultur-Online-Tv-Logo-Endversion-neu.png","width":200,"height":200,"caption":"Kultur Online TV"},"image":{"@id":"https:\/\/kulturonline.tv\/de\/#\/schema\/logo\/image\/"},"sameAs":["https:\/\/www.facebook.com\/kulturonline.tv","https:\/\/www.instagram.com\/kulturonline.tv"]},{"@type":"Person","@id":"https:\/\/kulturonline.tv\/de\/#\/schema\/person\/b0fac729bb9a0c193fb1df23449df4fe","name":"guenter.wolfgang"}]}},"_links":{"self":[{"href":"https:\/\/kulturonline.tv\/de\/wp-json\/wp\/v2\/posts\/23768","targetHints":{"allow":["GET"]}}],"collection":[{"href":"https:\/\/kulturonline.tv\/de\/wp-json\/wp\/v2\/posts"}],"about":[{"href":"https:\/\/kulturonline.tv\/de\/wp-json\/wp\/v2\/types\/post"}],"author":[{"embeddable":true,"href":"https:\/\/kulturonline.tv\/de\/wp-json\/wp\/v2\/users\/2"}],"replies":[{"embeddable":true,"href":"https:\/\/kulturonline.tv\/de\/wp-json\/wp\/v2\/comments?post=23768"}],"version-history":[{"count":0,"href":"https:\/\/kulturonline.tv\/de\/wp-json\/wp\/v2\/posts\/23768\/revisions"}],"wp:featuredmedia":[{"embeddable":true,"href":"https:\/\/kulturonline.tv\/de\/wp-json\/wp\/v2\/media\/23769"}],"wp:attachment":[{"href":"https:\/\/kulturonline.tv\/de\/wp-json\/wp\/v2\/media?parent=23768"}],"wp:term":[{"taxonomy":"category","embeddable":true,"href":"https:\/\/kulturonline.tv\/de\/wp-json\/wp\/v2\/categories?post=23768"},{"taxonomy":"post_tag","embeddable":true,"href":"https:\/\/kulturonline.tv\/de\/wp-json\/wp\/v2\/tags?post=23768"}],"curies":[{"name":"wp","href":"https:\/\/api.w.org\/{rel}","templated":true}]}}