{"id":24527,"date":"2022-03-20T11:16:06","date_gmt":"2022-03-20T10:16:06","guid":{"rendered":"https:\/\/kulturonline.tv\/?p=24527"},"modified":"2025-06-13T23:10:58","modified_gmt":"2025-06-13T21:10:58","slug":"tipp-im-gespraech-mit-schauspielerin-katerina-jacob","status":"publish","type":"post","link":"https:\/\/kulturonline.tv\/de\/tipp-im-gespraech-mit-schauspielerin-katerina-jacob\/","title":{"rendered":"Schauspielerin Katerina Jacob"},"content":{"rendered":"\n<p>Mit insgesamt \u00fcber 120 Fernsehrollen pr\u00e4gte Katerina Jacob die deutsche TV-Landschaft.<\/p>\n\n\n\n<figure class=\"wp-block-image size-full is-resized\"><img fetchpriority=\"high\" decoding=\"async\" src=\"https:\/\/kulturonline.tv\/wp-content\/uploads\/2022\/03\/Katarina-Jacob-Kultur-Online-TV.jpg\" alt=\"\" class=\"wp-image-24528\" width=\"838\" height=\"471\" srcset=\"https:\/\/kulturonline.tv\/wp-content\/uploads\/2022\/03\/Katarina-Jacob-Kultur-Online-TV.jpg 640w, https:\/\/kulturonline.tv\/wp-content\/uploads\/2022\/03\/Katarina-Jacob-Kultur-Online-TV-600x338.jpg 600w\" sizes=\"(max-width: 838px) 100vw, 838px\" \/><\/figure>\n\n\n\n<p>Ihr Fernsehdeb\u00fct gab sie bereits mit 15 Jahren an der Seite ihrer Mutter in der mehrteiligen Collins-Romanverfilmung \u201eDer rote Schal\u201c. Ihr langj\u00e4hriger Erfolg war die Rolle als Kriminalkommissarin Sabrina Lorenz in der SAT.1-Kriminalserie \u201eDer Bulle von T\u00f6lz\u201c. <\/p>\n\n\n\n<p>Die Schauspielerin wurde mehrfach ausgezeichnet, unter anderem mit dem Bambi und dem deutschen Filmpreis. Katerina Jacob leiht au\u00dferdem als Synchronsprecherin den Schauspielerinnen Elisabeth Hurley und Emma Thompson ihre Stimme. Die geb\u00fcrtige M\u00fcnchnerin ist aber auch Regisseurin von Theaterst\u00fccken und Autorin von Bestsellern wie \u201eOh (weia) Kanada\u201c und , \u201eAlles nur Theater\u201c.<\/p>\n\n\n\n<p>Katerina Jacob ist auch als Influencerin sehr aktiv und nimmt kein Blatt vor den Mund. In ihrem Blog und auf ihrem eigenen YouTube-Kanal l\u00e4sst sie ihre Fans an ihrem Leben und Denken teilhaben, an Missgeschicken beim Haare f\u00e4rben, an ihrer besonderen Hochzeitsfeier usw. und sie gibt Tipps zu Destinationen und besonders nachhaltigen Produkten.<\/p>\n\n\n\n<div class=\"wp-block-media-text alignwide is-stacked-on-mobile\"><figure class=\"wp-block-media-text__media\"><img decoding=\"async\" width=\"1080\" height=\"1080\" src=\"https:\/\/kulturonline.tv\/wp-content\/uploads\/2022\/03\/Kultur-Online-FM.png\" alt=\"\" class=\"wp-image-24530 size-full\" srcset=\"https:\/\/kulturonline.tv\/wp-content\/uploads\/2022\/03\/Kultur-Online-FM.png 1080w, https:\/\/kulturonline.tv\/wp-content\/uploads\/2022\/03\/Kultur-Online-FM-300x300.png 300w, https:\/\/kulturonline.tv\/wp-content\/uploads\/2022\/03\/Kultur-Online-FM-100x100.png 100w, https:\/\/kulturonline.tv\/wp-content\/uploads\/2022\/03\/Kultur-Online-FM-600x600.png 600w, https:\/\/kulturonline.tv\/wp-content\/uploads\/2022\/03\/Kultur-Online-FM-800x800.png 800w, https:\/\/kulturonline.tv\/wp-content\/uploads\/2022\/03\/Kultur-Online-FM-500x500.png 500w, https:\/\/kulturonline.tv\/wp-content\/uploads\/2022\/03\/Kultur-Online-FM-768x768.png 768w\" sizes=\"(max-width: 1080px) 100vw, 1080px\" \/><\/figure><div class=\"wp-block-media-text__content\">\n<p class=\"has-large-font-size\"><\/p>\n<\/div><\/div>\n\n\n\n<figure class=\"wp-block-audio\"><audio controls src=\"https:\/\/kulturonline.tv\/wp-content\/uploads\/2022\/03\/ANNA-UND-DER-UNTERMIETER.mp3\"><\/audio><figcaption>\u00a9 Kultur Online TV I FM<\/figcaption><\/figure>\n\n\n\n<p><strong>Kultur Online FM G\u00fcnter Wolfgang im Gespr\u00e4ch mit Schauspielerin Katerina Jacob<\/strong><\/p>\n\n\n\n<p>Erst 2020 erzielte die erfolgreiche Schauspielerin und Regisseurin mit dem ADR TV Film \u201eAnna und er Untermieter\u201c einen Quotenhit mit \u00fcber 6 Millionen Zuschauern, am 22. April l\u00e4uft in der ARD Teil 2 und im Herbst wird Teil 3 gedreht.<\/p>\n\n\n\n<figure class=\"wp-block-image size-full\"><img decoding=\"async\" width=\"1200\" height=\"675\" src=\"https:\/\/kulturonline.tv\/wp-content\/uploads\/2022\/03\/Anna-und-Untermieter-2-Kultur-Online-Tv.jpg\" alt=\"\" class=\"wp-image-24534\" srcset=\"https:\/\/kulturonline.tv\/wp-content\/uploads\/2022\/03\/Anna-und-Untermieter-2-Kultur-Online-Tv.jpg 1200w, https:\/\/kulturonline.tv\/wp-content\/uploads\/2022\/03\/Anna-und-Untermieter-2-Kultur-Online-Tv-600x338.jpg 600w, https:\/\/kulturonline.tv\/wp-content\/uploads\/2022\/03\/Anna-und-Untermieter-2-Kultur-Online-Tv-800x450.jpg 800w, https:\/\/kulturonline.tv\/wp-content\/uploads\/2022\/03\/Anna-und-Untermieter-2-Kultur-Online-Tv-768x432.jpg 768w\" sizes=\"(max-width: 1200px) 100vw, 1200px\" \/><\/figure>\n\n\n\n<p>Kultur Online TV<\/p>\n\n\n\n<p>#tv #tipp #film #kultur<\/p>\n","protected":false},"excerpt":{"rendered":"<p>Mit insgesamt \u00fcber 120 Fernsehrollen pr\u00e4gte Katerina Jacob die deutsche TV-Landschaft. Ihr Fernsehdeb\u00fct gab sie bereits mit 15 Jahren an der Seite ihrer Mutter in der mehrteiligen Collins-Romanverfilmung \u201eDer rote Schal\u201c. Ihr langj\u00e4hriger Erfolg war die Rolle als Kriminalkommissarin Sabrina Lorenz in der SAT.1-Kriminalserie \u201eDer Bulle von T\u00f6lz\u201c. Die Schauspielerin wurde mehrfach ausgezeichnet, unter anderem [&hellip;]<\/p>\n","protected":false},"author":2,"featured_media":24528,"comment_status":"closed","ping_status":"closed","sticky":false,"template":"","format":"standard","meta":{"_acf_changed":false,"footnotes":""},"categories":[789],"tags":[],"class_list":["post-24527","post","type-post","status-publish","format-standard","has-post-thumbnail","hentry","category-audiothek-im-gespraech"],"acf":[],"yoast_head":"<!-- This site is optimized with the Yoast SEO plugin v26.1.1 - https:\/\/yoast.com\/wordpress\/plugins\/seo\/ -->\n<title>Schauspielerin Katerina Jacob - Kultur Online TV &amp; FM<\/title>\n<meta name=\"description\" content=\"Kultur sehen und H\u00f6ren\" \/>\n<meta name=\"robots\" content=\"index, follow, max-snippet:-1, max-image-preview:large, max-video-preview:-1\" \/>\n<link rel=\"canonical\" href=\"https:\/\/kulturonline.tv\/de\/tipp-im-gespraech-mit-schauspielerin-katerina-jacob\/\" \/>\n<meta property=\"og:locale\" content=\"de_DE\" \/>\n<meta property=\"og:type\" content=\"article\" \/>\n<meta property=\"og:title\" content=\"Schauspielerin Katerina Jacob - Kultur Online TV &amp; FM\" \/>\n<meta property=\"og:description\" content=\"Kultur sehen und H\u00f6ren\" \/>\n<meta property=\"og:url\" content=\"https:\/\/kulturonline.tv\/de\/tipp-im-gespraech-mit-schauspielerin-katerina-jacob\/\" \/>\n<meta property=\"og:site_name\" content=\"Kultur Online TV &amp; FM\" \/>\n<meta property=\"article:publisher\" content=\"https:\/\/www.facebook.com\/kulturonline.tv\" \/>\n<meta property=\"article:published_time\" content=\"2022-03-20T10:16:06+00:00\" \/>\n<meta property=\"article:modified_time\" content=\"2025-06-13T21:10:58+00:00\" \/>\n<meta property=\"og:image\" content=\"https:\/\/kulturonline.tv\/wp-content\/uploads\/2022\/03\/Katarina-Jacob-Kultur-Online-TV.jpg\" \/>\n\t<meta property=\"og:image:width\" content=\"640\" \/>\n\t<meta property=\"og:image:height\" content=\"360\" \/>\n\t<meta property=\"og:image:type\" content=\"image\/jpeg\" \/>\n<meta name=\"author\" content=\"guenter.wolfgang\" \/>\n<meta name=\"twitter:card\" content=\"summary_large_image\" \/>\n<meta name=\"twitter:label1\" content=\"Verfasst von\" \/>\n\t<meta name=\"twitter:data1\" content=\"guenter.wolfgang\" \/>\n\t<meta name=\"twitter:label2\" content=\"Gesch\u00e4tzte Lesezeit\" \/>\n\t<meta name=\"twitter:data2\" content=\"2\u00a0Minuten\" \/>\n<script type=\"application\/ld+json\" class=\"yoast-schema-graph\">{\"@context\":\"https:\/\/schema.org\",\"@graph\":[{\"@type\":\"Article\",\"@id\":\"https:\/\/kulturonline.tv\/de\/tipp-im-gespraech-mit-schauspielerin-katerina-jacob\/#article\",\"isPartOf\":{\"@id\":\"https:\/\/kulturonline.tv\/de\/tipp-im-gespraech-mit-schauspielerin-katerina-jacob\/\"},\"author\":{\"name\":\"guenter.wolfgang\",\"@id\":\"https:\/\/kulturonline.tv\/de\/#\/schema\/person\/b0fac729bb9a0c193fb1df23449df4fe\"},\"headline\":\"Schauspielerin Katerina Jacob\",\"datePublished\":\"2022-03-20T10:16:06+00:00\",\"dateModified\":\"2025-06-13T21:10:58+00:00\",\"mainEntityOfPage\":{\"@id\":\"https:\/\/kulturonline.tv\/de\/tipp-im-gespraech-mit-schauspielerin-katerina-jacob\/\"},\"wordCount\":224,\"publisher\":{\"@id\":\"https:\/\/kulturonline.tv\/de\/#organization\"},\"image\":{\"@id\":\"https:\/\/kulturonline.tv\/de\/tipp-im-gespraech-mit-schauspielerin-katerina-jacob\/#primaryimage\"},\"thumbnailUrl\":\"https:\/\/kulturonline.tv\/wp-content\/uploads\/2022\/03\/Katarina-Jacob-Kultur-Online-TV.jpg\",\"articleSection\":[\"Audiothek im Gespr\u00e4ch\"],\"inLanguage\":\"de\"},{\"@type\":\"WebPage\",\"@id\":\"https:\/\/kulturonline.tv\/de\/tipp-im-gespraech-mit-schauspielerin-katerina-jacob\/\",\"url\":\"https:\/\/kulturonline.tv\/de\/tipp-im-gespraech-mit-schauspielerin-katerina-jacob\/\",\"name\":\"Schauspielerin Katerina Jacob - Kultur Online TV &amp; FM\",\"isPartOf\":{\"@id\":\"https:\/\/kulturonline.tv\/de\/#website\"},\"primaryImageOfPage\":{\"@id\":\"https:\/\/kulturonline.tv\/de\/tipp-im-gespraech-mit-schauspielerin-katerina-jacob\/#primaryimage\"},\"image\":{\"@id\":\"https:\/\/kulturonline.tv\/de\/tipp-im-gespraech-mit-schauspielerin-katerina-jacob\/#primaryimage\"},\"thumbnailUrl\":\"https:\/\/kulturonline.tv\/wp-content\/uploads\/2022\/03\/Katarina-Jacob-Kultur-Online-TV.jpg\",\"datePublished\":\"2022-03-20T10:16:06+00:00\",\"dateModified\":\"2025-06-13T21:10:58+00:00\",\"description\":\"Kultur sehen und H\u00f6ren\",\"breadcrumb\":{\"@id\":\"https:\/\/kulturonline.tv\/de\/tipp-im-gespraech-mit-schauspielerin-katerina-jacob\/#breadcrumb\"},\"inLanguage\":\"de\",\"potentialAction\":[{\"@type\":\"ReadAction\",\"target\":[\"https:\/\/kulturonline.tv\/de\/tipp-im-gespraech-mit-schauspielerin-katerina-jacob\/\"]}]},{\"@type\":\"ImageObject\",\"inLanguage\":\"de\",\"@id\":\"https:\/\/kulturonline.tv\/de\/tipp-im-gespraech-mit-schauspielerin-katerina-jacob\/#primaryimage\",\"url\":\"https:\/\/kulturonline.tv\/wp-content\/uploads\/2022\/03\/Katarina-Jacob-Kultur-Online-TV.jpg\",\"contentUrl\":\"https:\/\/kulturonline.tv\/wp-content\/uploads\/2022\/03\/Katarina-Jacob-Kultur-Online-TV.jpg\",\"width\":640,\"height\":360},{\"@type\":\"BreadcrumbList\",\"@id\":\"https:\/\/kulturonline.tv\/de\/tipp-im-gespraech-mit-schauspielerin-katerina-jacob\/#breadcrumb\",\"itemListElement\":[{\"@type\":\"ListItem\",\"position\":1,\"name\":\"Startseite\",\"item\":\"https:\/\/kulturonline.tv\/de\/\"},{\"@type\":\"ListItem\",\"position\":2,\"name\":\"Schauspielerin Katerina Jacob\"}]},{\"@type\":\"WebSite\",\"@id\":\"https:\/\/kulturonline.tv\/de\/#website\",\"url\":\"https:\/\/kulturonline.tv\/de\/\",\"name\":\"Kultur Online TV &amp; FM\",\"description\":\"Wir sind Kultur 2.0 zum sehen &amp; h\u00f6ren\",\"publisher\":{\"@id\":\"https:\/\/kulturonline.tv\/de\/#organization\"},\"potentialAction\":[{\"@type\":\"SearchAction\",\"target\":{\"@type\":\"EntryPoint\",\"urlTemplate\":\"https:\/\/kulturonline.tv\/de\/?s={search_term_string}\"},\"query-input\":{\"@type\":\"PropertyValueSpecification\",\"valueRequired\":true,\"valueName\":\"search_term_string\"}}],\"inLanguage\":\"de\"},{\"@type\":\"Organization\",\"@id\":\"https:\/\/kulturonline.tv\/de\/#organization\",\"name\":\"Kultur Online TV\",\"url\":\"https:\/\/kulturonline.tv\/de\/\",\"logo\":{\"@type\":\"ImageObject\",\"inLanguage\":\"de\",\"@id\":\"https:\/\/kulturonline.tv\/de\/#\/schema\/logo\/image\/\",\"url\":\"https:\/\/kulturonline.tv\/wp-content\/uploads\/2021\/08\/Kultur-Online-Tv-Logo-Endversion-neu.png\",\"contentUrl\":\"https:\/\/kulturonline.tv\/wp-content\/uploads\/2021\/08\/Kultur-Online-Tv-Logo-Endversion-neu.png\",\"width\":200,\"height\":200,\"caption\":\"Kultur Online TV\"},\"image\":{\"@id\":\"https:\/\/kulturonline.tv\/de\/#\/schema\/logo\/image\/\"},\"sameAs\":[\"https:\/\/www.facebook.com\/kulturonline.tv\",\"https:\/\/www.instagram.com\/kulturonline.tv\"]},{\"@type\":\"Person\",\"@id\":\"https:\/\/kulturonline.tv\/de\/#\/schema\/person\/b0fac729bb9a0c193fb1df23449df4fe\",\"name\":\"guenter.wolfgang\"}]}<\/script>\n<!-- \/ Yoast SEO plugin. -->","yoast_head_json":{"title":"Schauspielerin Katerina Jacob - Kultur Online TV &amp; FM","description":"Kultur sehen und H\u00f6ren","robots":{"index":"index","follow":"follow","max-snippet":"max-snippet:-1","max-image-preview":"max-image-preview:large","max-video-preview":"max-video-preview:-1"},"canonical":"https:\/\/kulturonline.tv\/de\/tipp-im-gespraech-mit-schauspielerin-katerina-jacob\/","og_locale":"de_DE","og_type":"article","og_title":"Schauspielerin Katerina Jacob - Kultur Online TV &amp; FM","og_description":"Kultur sehen und H\u00f6ren","og_url":"https:\/\/kulturonline.tv\/de\/tipp-im-gespraech-mit-schauspielerin-katerina-jacob\/","og_site_name":"Kultur Online TV &amp; FM","article_publisher":"https:\/\/www.facebook.com\/kulturonline.tv","article_published_time":"2022-03-20T10:16:06+00:00","article_modified_time":"2025-06-13T21:10:58+00:00","og_image":[{"width":640,"height":360,"url":"https:\/\/kulturonline.tv\/wp-content\/uploads\/2022\/03\/Katarina-Jacob-Kultur-Online-TV.jpg","type":"image\/jpeg"}],"author":"guenter.wolfgang","twitter_card":"summary_large_image","twitter_misc":{"Verfasst von":"guenter.wolfgang","Gesch\u00e4tzte Lesezeit":"2\u00a0Minuten"},"schema":{"@context":"https:\/\/schema.org","@graph":[{"@type":"Article","@id":"https:\/\/kulturonline.tv\/de\/tipp-im-gespraech-mit-schauspielerin-katerina-jacob\/#article","isPartOf":{"@id":"https:\/\/kulturonline.tv\/de\/tipp-im-gespraech-mit-schauspielerin-katerina-jacob\/"},"author":{"name":"guenter.wolfgang","@id":"https:\/\/kulturonline.tv\/de\/#\/schema\/person\/b0fac729bb9a0c193fb1df23449df4fe"},"headline":"Schauspielerin Katerina Jacob","datePublished":"2022-03-20T10:16:06+00:00","dateModified":"2025-06-13T21:10:58+00:00","mainEntityOfPage":{"@id":"https:\/\/kulturonline.tv\/de\/tipp-im-gespraech-mit-schauspielerin-katerina-jacob\/"},"wordCount":224,"publisher":{"@id":"https:\/\/kulturonline.tv\/de\/#organization"},"image":{"@id":"https:\/\/kulturonline.tv\/de\/tipp-im-gespraech-mit-schauspielerin-katerina-jacob\/#primaryimage"},"thumbnailUrl":"https:\/\/kulturonline.tv\/wp-content\/uploads\/2022\/03\/Katarina-Jacob-Kultur-Online-TV.jpg","articleSection":["Audiothek im Gespr\u00e4ch"],"inLanguage":"de"},{"@type":"WebPage","@id":"https:\/\/kulturonline.tv\/de\/tipp-im-gespraech-mit-schauspielerin-katerina-jacob\/","url":"https:\/\/kulturonline.tv\/de\/tipp-im-gespraech-mit-schauspielerin-katerina-jacob\/","name":"Schauspielerin Katerina Jacob - Kultur Online TV &amp; FM","isPartOf":{"@id":"https:\/\/kulturonline.tv\/de\/#website"},"primaryImageOfPage":{"@id":"https:\/\/kulturonline.tv\/de\/tipp-im-gespraech-mit-schauspielerin-katerina-jacob\/#primaryimage"},"image":{"@id":"https:\/\/kulturonline.tv\/de\/tipp-im-gespraech-mit-schauspielerin-katerina-jacob\/#primaryimage"},"thumbnailUrl":"https:\/\/kulturonline.tv\/wp-content\/uploads\/2022\/03\/Katarina-Jacob-Kultur-Online-TV.jpg","datePublished":"2022-03-20T10:16:06+00:00","dateModified":"2025-06-13T21:10:58+00:00","description":"Kultur sehen und H\u00f6ren","breadcrumb":{"@id":"https:\/\/kulturonline.tv\/de\/tipp-im-gespraech-mit-schauspielerin-katerina-jacob\/#breadcrumb"},"inLanguage":"de","potentialAction":[{"@type":"ReadAction","target":["https:\/\/kulturonline.tv\/de\/tipp-im-gespraech-mit-schauspielerin-katerina-jacob\/"]}]},{"@type":"ImageObject","inLanguage":"de","@id":"https:\/\/kulturonline.tv\/de\/tipp-im-gespraech-mit-schauspielerin-katerina-jacob\/#primaryimage","url":"https:\/\/kulturonline.tv\/wp-content\/uploads\/2022\/03\/Katarina-Jacob-Kultur-Online-TV.jpg","contentUrl":"https:\/\/kulturonline.tv\/wp-content\/uploads\/2022\/03\/Katarina-Jacob-Kultur-Online-TV.jpg","width":640,"height":360},{"@type":"BreadcrumbList","@id":"https:\/\/kulturonline.tv\/de\/tipp-im-gespraech-mit-schauspielerin-katerina-jacob\/#breadcrumb","itemListElement":[{"@type":"ListItem","position":1,"name":"Startseite","item":"https:\/\/kulturonline.tv\/de\/"},{"@type":"ListItem","position":2,"name":"Schauspielerin Katerina Jacob"}]},{"@type":"WebSite","@id":"https:\/\/kulturonline.tv\/de\/#website","url":"https:\/\/kulturonline.tv\/de\/","name":"Kultur Online TV &amp; FM","description":"Wir sind Kultur 2.0 zum sehen &amp; h\u00f6ren","publisher":{"@id":"https:\/\/kulturonline.tv\/de\/#organization"},"potentialAction":[{"@type":"SearchAction","target":{"@type":"EntryPoint","urlTemplate":"https:\/\/kulturonline.tv\/de\/?s={search_term_string}"},"query-input":{"@type":"PropertyValueSpecification","valueRequired":true,"valueName":"search_term_string"}}],"inLanguage":"de"},{"@type":"Organization","@id":"https:\/\/kulturonline.tv\/de\/#organization","name":"Kultur Online TV","url":"https:\/\/kulturonline.tv\/de\/","logo":{"@type":"ImageObject","inLanguage":"de","@id":"https:\/\/kulturonline.tv\/de\/#\/schema\/logo\/image\/","url":"https:\/\/kulturonline.tv\/wp-content\/uploads\/2021\/08\/Kultur-Online-Tv-Logo-Endversion-neu.png","contentUrl":"https:\/\/kulturonline.tv\/wp-content\/uploads\/2021\/08\/Kultur-Online-Tv-Logo-Endversion-neu.png","width":200,"height":200,"caption":"Kultur Online TV"},"image":{"@id":"https:\/\/kulturonline.tv\/de\/#\/schema\/logo\/image\/"},"sameAs":["https:\/\/www.facebook.com\/kulturonline.tv","https:\/\/www.instagram.com\/kulturonline.tv"]},{"@type":"Person","@id":"https:\/\/kulturonline.tv\/de\/#\/schema\/person\/b0fac729bb9a0c193fb1df23449df4fe","name":"guenter.wolfgang"}]}},"_links":{"self":[{"href":"https:\/\/kulturonline.tv\/de\/wp-json\/wp\/v2\/posts\/24527","targetHints":{"allow":["GET"]}}],"collection":[{"href":"https:\/\/kulturonline.tv\/de\/wp-json\/wp\/v2\/posts"}],"about":[{"href":"https:\/\/kulturonline.tv\/de\/wp-json\/wp\/v2\/types\/post"}],"author":[{"embeddable":true,"href":"https:\/\/kulturonline.tv\/de\/wp-json\/wp\/v2\/users\/2"}],"replies":[{"embeddable":true,"href":"https:\/\/kulturonline.tv\/de\/wp-json\/wp\/v2\/comments?post=24527"}],"version-history":[{"count":1,"href":"https:\/\/kulturonline.tv\/de\/wp-json\/wp\/v2\/posts\/24527\/revisions"}],"predecessor-version":[{"id":110496,"href":"https:\/\/kulturonline.tv\/de\/wp-json\/wp\/v2\/posts\/24527\/revisions\/110496"}],"wp:featuredmedia":[{"embeddable":true,"href":"https:\/\/kulturonline.tv\/de\/wp-json\/wp\/v2\/media\/24528"}],"wp:attachment":[{"href":"https:\/\/kulturonline.tv\/de\/wp-json\/wp\/v2\/media?parent=24527"}],"wp:term":[{"taxonomy":"category","embeddable":true,"href":"https:\/\/kulturonline.tv\/de\/wp-json\/wp\/v2\/categories?post=24527"},{"taxonomy":"post_tag","embeddable":true,"href":"https:\/\/kulturonline.tv\/de\/wp-json\/wp\/v2\/tags?post=24527"}],"curies":[{"name":"wp","href":"https:\/\/api.w.org\/{rel}","templated":true}]}}