{"id":24572,"date":"2022-03-20T12:37:07","date_gmt":"2022-03-20T11:37:07","guid":{"rendered":"https:\/\/kulturonline.tv\/unkategorisiert\/architekt-kere-aus-burkina-faso-erhaelt-pritzker-preis"},"modified":"2022-03-20T12:37:52","modified_gmt":"2022-03-20T11:37:52","slug":"architekt-kere-aus-burkina-faso-erhaelt-pritzker-preis","status":"publish","type":"post","link":"https:\/\/kulturonline.tv\/de\/architekt-kere-aus-burkina-faso-erhaelt-pritzker-preis\/","title":{"rendered":"Architekt K\u00e9r\u00e9 aus Burkina Faso erh\u00e4lt Pritzker-Preis"},"content":{"rendered":"\n<p>Der aus Burkina Faso stammende und in Berlin lebende Architekt Francis K\u00e9r\u00e9 ist mit dem Pritzker-Preis 2022, der h\u00f6chsten Auszeichnung f\u00fcr Architektur, geehrt worden. Das teilte die Jury am Dienstag in Chicago mit. &#8222;Er wei\u00df intuitiv, dass es bei Architektur nicht um das Objekt geht, sondern um das Ziel; nicht um das Produkt, sondern um den Vorgang&#8220;, hie\u00df es am Dienstag von der Jury in Chicago zur Begr\u00fcndung.<\/p>\n\n\n\n<figure class=\"wp-block-image size-full is-resized\"><img fetchpriority=\"high\" decoding=\"async\" src=\"https:\/\/kulturonline.tv\/wp-content\/uploads\/2022\/03\/kultur-architektur-1.jpg\" alt=\"\" class=\"wp-image-24567\" width=\"836\" height=\"470\" srcset=\"https:\/\/kulturonline.tv\/wp-content\/uploads\/2022\/03\/kultur-architektur-1.jpg 600w, https:\/\/kulturonline.tv\/wp-content\/uploads\/2022\/03\/kultur-architektur-1-416x234.jpg 416w\" sizes=\"(max-width: 836px) 100vw, 836px\" \/><\/figure>\n\n\n\n<p>&#8222;Seine Geb\u00e4ude, f\u00fcr und mit Gemeinschaften, entspringen direkt diesen Gemeinschaften &#8211; in ihrer Erschaffung, ihren Materialien, ihren Programmen und ihren einzigartigen Charakteren.&#8220; Die Ehrung habe ihn zu Tr\u00e4nen ger\u00fchrt, sagte der 1965 im westafrikanischen Burkina Faso als Di\u00e9b\u00e9do Francis K\u00e9r\u00e9 geborene Architekt der &#8222;New York Times&#8220;. &#8222;Ich kann es immer noch nicht glauben. Ich habe diese Arbeit in der Architektur vorangetrieben, um qualitativ hochwertige Architektur zu meinen Menschen zu bringen.&#8220; Neben seinem Heimatland hat K\u00e9r\u00e9 unter anderem auch schon in Mali, Kenia, Uganda, den USA und Deutschland an Architektur-Projekten gearbeitet. Bekannt wurde er unter anderem durch die Arbeit am &#8222;Operndorf Afrika&#8220; des 2010 gestorbenen Regisseurs Christoph Schlingensief.<\/p>\n\n\n\n<figure class=\"wp-block-image size-large\"><img decoding=\"async\" width=\"1600\" height=\"900\" src=\"https:\/\/kulturonline.tv\/wp-content\/uploads\/2022\/03\/Kultur-Online-TV-FM-1600x900.jpg\" alt=\"\" class=\"wp-image-24569\" srcset=\"https:\/\/kulturonline.tv\/wp-content\/uploads\/2022\/03\/Kultur-Online-TV-FM-1600x900.jpg 1600w, https:\/\/kulturonline.tv\/wp-content\/uploads\/2022\/03\/Kultur-Online-TV-FM-600x338.jpg 600w, https:\/\/kulturonline.tv\/wp-content\/uploads\/2022\/03\/Kultur-Online-TV-FM-800x450.jpg 800w, https:\/\/kulturonline.tv\/wp-content\/uploads\/2022\/03\/Kultur-Online-TV-FM-768x432.jpg 768w, https:\/\/kulturonline.tv\/wp-content\/uploads\/2022\/03\/Kultur-Online-TV-FM-1536x864.jpg 1536w, https:\/\/kulturonline.tv\/wp-content\/uploads\/2022\/03\/Kultur-Online-TV-FM.jpg 1920w\" sizes=\"(max-width: 1600px) 100vw, 1600px\" \/><\/figure>\n\n\n\n<p>Der Pritzker-Preis gilt als renommierteste Auszeichnung der Architektur-Branche und ist mit 100.000 Dollar (rund 91.000 Euro) dotiert. Fr\u00fchere Preistr\u00e4ger waren unter anderem Zaha Hadid, Rem Koolhaas, Norman Foster und Peter Zumthor. Vergangenes Jahr gewann das franz\u00f6sische Architektur-Duo Anne Lacaton und Jean-Philippe Vassal. K\u00e9r\u00e9 ist der erste Pritzker-Preistr\u00e4ger, der aus einem afrikanischen Land stammt.<\/p>\n\n\n\n<p>Kultur Online TV <\/p>\n\n\n\n<p>#kunst #kultur #news <\/p>\n","protected":false},"excerpt":{"rendered":"<p>Der aus Burkina Faso stammende und in Berlin lebende Architekt Francis K\u00e9r\u00e9 ist mit dem Pritzker-Preis 2022, der h\u00f6chsten Auszeichnung f\u00fcr Architektur, geehrt worden. Das teilte die Jury am Dienstag in Chicago mit. &#8222;Er wei\u00df intuitiv, dass es bei Architektur nicht um das Objekt geht, sondern um das Ziel; nicht um das Produkt, sondern um [&hellip;]<\/p>\n","protected":false},"author":2,"featured_media":24570,"comment_status":"closed","ping_status":"closed","sticky":false,"template":"","format":"standard","meta":{"_acf_changed":false,"footnotes":""},"categories":[107],"tags":[],"class_list":["post-24572","post","type-post","status-publish","format-standard","has-post-thumbnail","hentry","category-kunst"],"acf":[],"yoast_head":"<!-- This site is optimized with the Yoast SEO plugin v26.1.1 - https:\/\/yoast.com\/wordpress\/plugins\/seo\/ -->\n<title>Architekt K\u00e9r\u00e9 aus Burkina Faso erh\u00e4lt Pritzker-Preis - Kultur Online TV &amp; FM<\/title>\n<meta name=\"description\" content=\"Kultur sehen und H\u00f6ren\" \/>\n<meta name=\"robots\" content=\"index, follow, max-snippet:-1, max-image-preview:large, max-video-preview:-1\" \/>\n<link rel=\"canonical\" href=\"https:\/\/kulturonline.tv\/de\/architekt-kere-aus-burkina-faso-erhaelt-pritzker-preis\/\" \/>\n<meta property=\"og:locale\" content=\"de_DE\" \/>\n<meta property=\"og:type\" content=\"article\" \/>\n<meta property=\"og:title\" content=\"Architekt K\u00e9r\u00e9 aus Burkina Faso erh\u00e4lt Pritzker-Preis - Kultur Online TV &amp; FM\" \/>\n<meta property=\"og:description\" content=\"Kultur sehen und H\u00f6ren\" \/>\n<meta property=\"og:url\" content=\"https:\/\/kulturonline.tv\/de\/architekt-kere-aus-burkina-faso-erhaelt-pritzker-preis\/\" \/>\n<meta property=\"og:site_name\" content=\"Kultur Online TV &amp; FM\" \/>\n<meta property=\"article:publisher\" content=\"https:\/\/www.facebook.com\/kulturonline.tv\" \/>\n<meta property=\"article:published_time\" content=\"2022-03-20T11:37:07+00:00\" \/>\n<meta property=\"article:modified_time\" content=\"2022-03-20T11:37:52+00:00\" \/>\n<meta property=\"og:image\" content=\"https:\/\/kulturonline.tv\/wp-content\/uploads\/2022\/03\/Kultur-Online-TV-FM.jpg\" \/>\n\t<meta property=\"og:image:width\" content=\"1920\" \/>\n\t<meta property=\"og:image:height\" content=\"1080\" \/>\n\t<meta property=\"og:image:type\" content=\"image\/jpeg\" \/>\n<meta name=\"author\" content=\"guenter.wolfgang\" \/>\n<meta name=\"twitter:card\" content=\"summary_large_image\" \/>\n<meta name=\"twitter:label1\" content=\"Verfasst von\" \/>\n\t<meta name=\"twitter:data1\" content=\"guenter.wolfgang\" \/>\n\t<meta name=\"twitter:label2\" content=\"Gesch\u00e4tzte Lesezeit\" \/>\n\t<meta name=\"twitter:data2\" content=\"2\u00a0Minuten\" \/>\n<script type=\"application\/ld+json\" class=\"yoast-schema-graph\">{\"@context\":\"https:\/\/schema.org\",\"@graph\":[{\"@type\":\"Article\",\"@id\":\"https:\/\/kulturonline.tv\/de\/architekt-kere-aus-burkina-faso-erhaelt-pritzker-preis\/#article\",\"isPartOf\":{\"@id\":\"https:\/\/kulturonline.tv\/de\/architekt-kere-aus-burkina-faso-erhaelt-pritzker-preis\/\"},\"author\":{\"name\":\"guenter.wolfgang\",\"@id\":\"https:\/\/kulturonline.tv\/de\/#\/schema\/person\/b0fac729bb9a0c193fb1df23449df4fe\"},\"headline\":\"Architekt K\u00e9r\u00e9 aus Burkina Faso erh\u00e4lt Pritzker-Preis\",\"datePublished\":\"2022-03-20T11:37:07+00:00\",\"dateModified\":\"2022-03-20T11:37:52+00:00\",\"mainEntityOfPage\":{\"@id\":\"https:\/\/kulturonline.tv\/de\/architekt-kere-aus-burkina-faso-erhaelt-pritzker-preis\/\"},\"wordCount\":255,\"publisher\":{\"@id\":\"https:\/\/kulturonline.tv\/de\/#organization\"},\"image\":{\"@id\":\"https:\/\/kulturonline.tv\/de\/architekt-kere-aus-burkina-faso-erhaelt-pritzker-preis\/#primaryimage\"},\"thumbnailUrl\":\"https:\/\/kulturonline.tv\/wp-content\/uploads\/2022\/03\/Kultur-Online-TV-FM.jpg\",\"articleSection\":[\"Kunst\"],\"inLanguage\":\"de\"},{\"@type\":\"WebPage\",\"@id\":\"https:\/\/kulturonline.tv\/de\/architekt-kere-aus-burkina-faso-erhaelt-pritzker-preis\/\",\"url\":\"https:\/\/kulturonline.tv\/de\/architekt-kere-aus-burkina-faso-erhaelt-pritzker-preis\/\",\"name\":\"Architekt K\u00e9r\u00e9 aus Burkina Faso erh\u00e4lt Pritzker-Preis - Kultur Online TV &amp; FM\",\"isPartOf\":{\"@id\":\"https:\/\/kulturonline.tv\/de\/#website\"},\"primaryImageOfPage\":{\"@id\":\"https:\/\/kulturonline.tv\/de\/architekt-kere-aus-burkina-faso-erhaelt-pritzker-preis\/#primaryimage\"},\"image\":{\"@id\":\"https:\/\/kulturonline.tv\/de\/architekt-kere-aus-burkina-faso-erhaelt-pritzker-preis\/#primaryimage\"},\"thumbnailUrl\":\"https:\/\/kulturonline.tv\/wp-content\/uploads\/2022\/03\/Kultur-Online-TV-FM.jpg\",\"datePublished\":\"2022-03-20T11:37:07+00:00\",\"dateModified\":\"2022-03-20T11:37:52+00:00\",\"description\":\"Kultur sehen und H\u00f6ren\",\"breadcrumb\":{\"@id\":\"https:\/\/kulturonline.tv\/de\/architekt-kere-aus-burkina-faso-erhaelt-pritzker-preis\/#breadcrumb\"},\"inLanguage\":\"de\",\"potentialAction\":[{\"@type\":\"ReadAction\",\"target\":[\"https:\/\/kulturonline.tv\/de\/architekt-kere-aus-burkina-faso-erhaelt-pritzker-preis\/\"]}]},{\"@type\":\"ImageObject\",\"inLanguage\":\"de\",\"@id\":\"https:\/\/kulturonline.tv\/de\/architekt-kere-aus-burkina-faso-erhaelt-pritzker-preis\/#primaryimage\",\"url\":\"https:\/\/kulturonline.tv\/wp-content\/uploads\/2022\/03\/Kultur-Online-TV-FM.jpg\",\"contentUrl\":\"https:\/\/kulturonline.tv\/wp-content\/uploads\/2022\/03\/Kultur-Online-TV-FM.jpg\",\"width\":1920,\"height\":1080},{\"@type\":\"BreadcrumbList\",\"@id\":\"https:\/\/kulturonline.tv\/de\/architekt-kere-aus-burkina-faso-erhaelt-pritzker-preis\/#breadcrumb\",\"itemListElement\":[{\"@type\":\"ListItem\",\"position\":1,\"name\":\"Startseite\",\"item\":\"https:\/\/kulturonline.tv\/de\/\"},{\"@type\":\"ListItem\",\"position\":2,\"name\":\"Architekt K\u00e9r\u00e9 aus Burkina Faso erh\u00e4lt Pritzker-Preis\"}]},{\"@type\":\"WebSite\",\"@id\":\"https:\/\/kulturonline.tv\/de\/#website\",\"url\":\"https:\/\/kulturonline.tv\/de\/\",\"name\":\"Kultur Online TV &amp; FM\",\"description\":\"Wir sind Kultur 2.0 zum sehen &amp; h\u00f6ren\",\"publisher\":{\"@id\":\"https:\/\/kulturonline.tv\/de\/#organization\"},\"potentialAction\":[{\"@type\":\"SearchAction\",\"target\":{\"@type\":\"EntryPoint\",\"urlTemplate\":\"https:\/\/kulturonline.tv\/de\/?s={search_term_string}\"},\"query-input\":{\"@type\":\"PropertyValueSpecification\",\"valueRequired\":true,\"valueName\":\"search_term_string\"}}],\"inLanguage\":\"de\"},{\"@type\":\"Organization\",\"@id\":\"https:\/\/kulturonline.tv\/de\/#organization\",\"name\":\"Kultur Online TV\",\"url\":\"https:\/\/kulturonline.tv\/de\/\",\"logo\":{\"@type\":\"ImageObject\",\"inLanguage\":\"de\",\"@id\":\"https:\/\/kulturonline.tv\/de\/#\/schema\/logo\/image\/\",\"url\":\"https:\/\/kulturonline.tv\/wp-content\/uploads\/2021\/08\/Kultur-Online-Tv-Logo-Endversion-neu.png\",\"contentUrl\":\"https:\/\/kulturonline.tv\/wp-content\/uploads\/2021\/08\/Kultur-Online-Tv-Logo-Endversion-neu.png\",\"width\":200,\"height\":200,\"caption\":\"Kultur Online TV\"},\"image\":{\"@id\":\"https:\/\/kulturonline.tv\/de\/#\/schema\/logo\/image\/\"},\"sameAs\":[\"https:\/\/www.facebook.com\/kulturonline.tv\",\"https:\/\/www.instagram.com\/kulturonline.tv\"]},{\"@type\":\"Person\",\"@id\":\"https:\/\/kulturonline.tv\/de\/#\/schema\/person\/b0fac729bb9a0c193fb1df23449df4fe\",\"name\":\"guenter.wolfgang\"}]}<\/script>\n<!-- \/ Yoast SEO plugin. -->","yoast_head_json":{"title":"Architekt K\u00e9r\u00e9 aus Burkina Faso erh\u00e4lt Pritzker-Preis - Kultur Online TV &amp; FM","description":"Kultur sehen und H\u00f6ren","robots":{"index":"index","follow":"follow","max-snippet":"max-snippet:-1","max-image-preview":"max-image-preview:large","max-video-preview":"max-video-preview:-1"},"canonical":"https:\/\/kulturonline.tv\/de\/architekt-kere-aus-burkina-faso-erhaelt-pritzker-preis\/","og_locale":"de_DE","og_type":"article","og_title":"Architekt K\u00e9r\u00e9 aus Burkina Faso erh\u00e4lt Pritzker-Preis - Kultur Online TV &amp; FM","og_description":"Kultur sehen und H\u00f6ren","og_url":"https:\/\/kulturonline.tv\/de\/architekt-kere-aus-burkina-faso-erhaelt-pritzker-preis\/","og_site_name":"Kultur Online TV &amp; FM","article_publisher":"https:\/\/www.facebook.com\/kulturonline.tv","article_published_time":"2022-03-20T11:37:07+00:00","article_modified_time":"2022-03-20T11:37:52+00:00","og_image":[{"width":1920,"height":1080,"url":"https:\/\/kulturonline.tv\/wp-content\/uploads\/2022\/03\/Kultur-Online-TV-FM.jpg","type":"image\/jpeg"}],"author":"guenter.wolfgang","twitter_card":"summary_large_image","twitter_misc":{"Verfasst von":"guenter.wolfgang","Gesch\u00e4tzte Lesezeit":"2\u00a0Minuten"},"schema":{"@context":"https:\/\/schema.org","@graph":[{"@type":"Article","@id":"https:\/\/kulturonline.tv\/de\/architekt-kere-aus-burkina-faso-erhaelt-pritzker-preis\/#article","isPartOf":{"@id":"https:\/\/kulturonline.tv\/de\/architekt-kere-aus-burkina-faso-erhaelt-pritzker-preis\/"},"author":{"name":"guenter.wolfgang","@id":"https:\/\/kulturonline.tv\/de\/#\/schema\/person\/b0fac729bb9a0c193fb1df23449df4fe"},"headline":"Architekt K\u00e9r\u00e9 aus Burkina Faso erh\u00e4lt Pritzker-Preis","datePublished":"2022-03-20T11:37:07+00:00","dateModified":"2022-03-20T11:37:52+00:00","mainEntityOfPage":{"@id":"https:\/\/kulturonline.tv\/de\/architekt-kere-aus-burkina-faso-erhaelt-pritzker-preis\/"},"wordCount":255,"publisher":{"@id":"https:\/\/kulturonline.tv\/de\/#organization"},"image":{"@id":"https:\/\/kulturonline.tv\/de\/architekt-kere-aus-burkina-faso-erhaelt-pritzker-preis\/#primaryimage"},"thumbnailUrl":"https:\/\/kulturonline.tv\/wp-content\/uploads\/2022\/03\/Kultur-Online-TV-FM.jpg","articleSection":["Kunst"],"inLanguage":"de"},{"@type":"WebPage","@id":"https:\/\/kulturonline.tv\/de\/architekt-kere-aus-burkina-faso-erhaelt-pritzker-preis\/","url":"https:\/\/kulturonline.tv\/de\/architekt-kere-aus-burkina-faso-erhaelt-pritzker-preis\/","name":"Architekt K\u00e9r\u00e9 aus Burkina Faso erh\u00e4lt Pritzker-Preis - Kultur Online TV &amp; FM","isPartOf":{"@id":"https:\/\/kulturonline.tv\/de\/#website"},"primaryImageOfPage":{"@id":"https:\/\/kulturonline.tv\/de\/architekt-kere-aus-burkina-faso-erhaelt-pritzker-preis\/#primaryimage"},"image":{"@id":"https:\/\/kulturonline.tv\/de\/architekt-kere-aus-burkina-faso-erhaelt-pritzker-preis\/#primaryimage"},"thumbnailUrl":"https:\/\/kulturonline.tv\/wp-content\/uploads\/2022\/03\/Kultur-Online-TV-FM.jpg","datePublished":"2022-03-20T11:37:07+00:00","dateModified":"2022-03-20T11:37:52+00:00","description":"Kultur sehen und H\u00f6ren","breadcrumb":{"@id":"https:\/\/kulturonline.tv\/de\/architekt-kere-aus-burkina-faso-erhaelt-pritzker-preis\/#breadcrumb"},"inLanguage":"de","potentialAction":[{"@type":"ReadAction","target":["https:\/\/kulturonline.tv\/de\/architekt-kere-aus-burkina-faso-erhaelt-pritzker-preis\/"]}]},{"@type":"ImageObject","inLanguage":"de","@id":"https:\/\/kulturonline.tv\/de\/architekt-kere-aus-burkina-faso-erhaelt-pritzker-preis\/#primaryimage","url":"https:\/\/kulturonline.tv\/wp-content\/uploads\/2022\/03\/Kultur-Online-TV-FM.jpg","contentUrl":"https:\/\/kulturonline.tv\/wp-content\/uploads\/2022\/03\/Kultur-Online-TV-FM.jpg","width":1920,"height":1080},{"@type":"BreadcrumbList","@id":"https:\/\/kulturonline.tv\/de\/architekt-kere-aus-burkina-faso-erhaelt-pritzker-preis\/#breadcrumb","itemListElement":[{"@type":"ListItem","position":1,"name":"Startseite","item":"https:\/\/kulturonline.tv\/de\/"},{"@type":"ListItem","position":2,"name":"Architekt K\u00e9r\u00e9 aus Burkina Faso erh\u00e4lt Pritzker-Preis"}]},{"@type":"WebSite","@id":"https:\/\/kulturonline.tv\/de\/#website","url":"https:\/\/kulturonline.tv\/de\/","name":"Kultur Online TV &amp; FM","description":"Wir sind Kultur 2.0 zum sehen &amp; h\u00f6ren","publisher":{"@id":"https:\/\/kulturonline.tv\/de\/#organization"},"potentialAction":[{"@type":"SearchAction","target":{"@type":"EntryPoint","urlTemplate":"https:\/\/kulturonline.tv\/de\/?s={search_term_string}"},"query-input":{"@type":"PropertyValueSpecification","valueRequired":true,"valueName":"search_term_string"}}],"inLanguage":"de"},{"@type":"Organization","@id":"https:\/\/kulturonline.tv\/de\/#organization","name":"Kultur Online TV","url":"https:\/\/kulturonline.tv\/de\/","logo":{"@type":"ImageObject","inLanguage":"de","@id":"https:\/\/kulturonline.tv\/de\/#\/schema\/logo\/image\/","url":"https:\/\/kulturonline.tv\/wp-content\/uploads\/2021\/08\/Kultur-Online-Tv-Logo-Endversion-neu.png","contentUrl":"https:\/\/kulturonline.tv\/wp-content\/uploads\/2021\/08\/Kultur-Online-Tv-Logo-Endversion-neu.png","width":200,"height":200,"caption":"Kultur Online TV"},"image":{"@id":"https:\/\/kulturonline.tv\/de\/#\/schema\/logo\/image\/"},"sameAs":["https:\/\/www.facebook.com\/kulturonline.tv","https:\/\/www.instagram.com\/kulturonline.tv"]},{"@type":"Person","@id":"https:\/\/kulturonline.tv\/de\/#\/schema\/person\/b0fac729bb9a0c193fb1df23449df4fe","name":"guenter.wolfgang"}]}},"_links":{"self":[{"href":"https:\/\/kulturonline.tv\/de\/wp-json\/wp\/v2\/posts\/24572","targetHints":{"allow":["GET"]}}],"collection":[{"href":"https:\/\/kulturonline.tv\/de\/wp-json\/wp\/v2\/posts"}],"about":[{"href":"https:\/\/kulturonline.tv\/de\/wp-json\/wp\/v2\/types\/post"}],"author":[{"embeddable":true,"href":"https:\/\/kulturonline.tv\/de\/wp-json\/wp\/v2\/users\/2"}],"replies":[{"embeddable":true,"href":"https:\/\/kulturonline.tv\/de\/wp-json\/wp\/v2\/comments?post=24572"}],"version-history":[{"count":0,"href":"https:\/\/kulturonline.tv\/de\/wp-json\/wp\/v2\/posts\/24572\/revisions"}],"wp:featuredmedia":[{"embeddable":true,"href":"https:\/\/kulturonline.tv\/de\/wp-json\/wp\/v2\/media\/24570"}],"wp:attachment":[{"href":"https:\/\/kulturonline.tv\/de\/wp-json\/wp\/v2\/media?parent=24572"}],"wp:term":[{"taxonomy":"category","embeddable":true,"href":"https:\/\/kulturonline.tv\/de\/wp-json\/wp\/v2\/categories?post=24572"},{"taxonomy":"post_tag","embeddable":true,"href":"https:\/\/kulturonline.tv\/de\/wp-json\/wp\/v2\/tags?post=24572"}],"curies":[{"name":"wp","href":"https:\/\/api.w.org\/{rel}","templated":true}]}}