{"id":24623,"date":"2022-03-20T13:23:00","date_gmt":"2022-03-20T12:23:00","guid":{"rendered":"https:\/\/kulturonline.tv\/?p=24623"},"modified":"2022-03-20T13:23:02","modified_gmt":"2022-03-20T12:23:02","slug":"neues-job-portal-fuer-gefluechtete-aus-kultur-und-medien","status":"publish","type":"post","link":"https:\/\/kulturonline.tv\/de\/neues-job-portal-fuer-gefluechtete-aus-kultur-und-medien\/","title":{"rendered":"Neues Job-Portal f\u00fcr Gefl\u00fcchtete aus Kultur und Medien"},"content":{"rendered":"\n<p><strong>In Deutschland soll ein neues Netzwerk und Job-Portal gefl\u00fcchteten Kultur- und Medienschaffenden aus der Ukraine und aus Russland helfen.<\/strong><\/p>\n\n\n\n<figure class=\"wp-block-image size-full\"><img fetchpriority=\"high\" decoding=\"async\" width=\"1280\" height=\"720\" src=\"https:\/\/kulturonline.tv\/wp-content\/uploads\/2022\/03\/microphon-edited.jpg\" alt=\"\" class=\"wp-image-24626\" srcset=\"https:\/\/kulturonline.tv\/wp-content\/uploads\/2022\/03\/microphon-edited.jpg 1280w, https:\/\/kulturonline.tv\/wp-content\/uploads\/2022\/03\/microphon-edited-600x338.jpg 600w, https:\/\/kulturonline.tv\/wp-content\/uploads\/2022\/03\/microphon-edited-800x450.jpg 800w, https:\/\/kulturonline.tv\/wp-content\/uploads\/2022\/03\/microphon-edited-768x432.jpg 768w\" sizes=\"(max-width: 1280px) 100vw, 1280px\" \/><\/figure>\n\n\n\n<p>Das Portal &#8222;new-start.media&#8220; soll kurzfristig online gehen und Gefl\u00fcchtete bei der Suche nach Besch\u00e4ftigung unterst\u00fctzen. Der Bundesverband Schauspiel (BFFS) startete die Initiative zusammen mit Verdi, ARD, ZDF, Deutschlandradio und verschiedenen Verb\u00e4nden und Organisationen. Der Justizier des BBFS, Bernhard St\u00f6rkmann, sagte, es gehe darum, Menschen genau jetzt eine Perspektive zu bieten. Das sei ein wichtiger Beitrag des Zusammenstehens.<\/p>\n\n\n\n<p>Kultur Online TV<\/p>\n\n\n\n<p>#news #kunst #kultur <\/p>\n","protected":false},"excerpt":{"rendered":"<p>In Deutschland soll ein neues Netzwerk und Job-Portal gefl\u00fcchteten Kultur- und Medienschaffenden aus der Ukraine und aus Russland helfen. Das Portal &#8222;new-start.media&#8220; soll kurzfristig online gehen und Gefl\u00fcchtete bei der Suche nach Besch\u00e4ftigung unterst\u00fctzen. Der Bundesverband Schauspiel (BFFS) startete die Initiative zusammen mit Verdi, ARD, ZDF, Deutschlandradio und verschiedenen Verb\u00e4nden und Organisationen. Der Justizier des [&hellip;]<\/p>\n","protected":false},"author":2,"featured_media":24626,"comment_status":"closed","ping_status":"closed","sticky":false,"template":"","format":"standard","meta":{"_acf_changed":false,"footnotes":""},"categories":[193],"tags":[],"class_list":["post-24623","post","type-post","status-publish","format-standard","has-post-thumbnail","hentry","category-medien"],"acf":[],"yoast_head":"<!-- This site is optimized with the Yoast SEO plugin v26.1.1 - https:\/\/yoast.com\/wordpress\/plugins\/seo\/ -->\n<title>Neues Job-Portal f\u00fcr Gefl\u00fcchtete aus Kultur und Medien - Kultur Online TV &amp; FM<\/title>\n<meta name=\"description\" content=\"Kultur sehen und H\u00f6ren\" \/>\n<meta name=\"robots\" content=\"index, follow, max-snippet:-1, max-image-preview:large, max-video-preview:-1\" \/>\n<link rel=\"canonical\" href=\"https:\/\/kulturonline.tv\/de\/neues-job-portal-fuer-gefluechtete-aus-kultur-und-medien\/\" \/>\n<meta property=\"og:locale\" content=\"de_DE\" \/>\n<meta property=\"og:type\" content=\"article\" \/>\n<meta property=\"og:title\" content=\"Neues Job-Portal f\u00fcr Gefl\u00fcchtete aus Kultur und Medien - Kultur Online TV &amp; FM\" \/>\n<meta property=\"og:description\" content=\"Kultur sehen und H\u00f6ren\" \/>\n<meta property=\"og:url\" content=\"https:\/\/kulturonline.tv\/de\/neues-job-portal-fuer-gefluechtete-aus-kultur-und-medien\/\" \/>\n<meta property=\"og:site_name\" content=\"Kultur Online TV &amp; FM\" \/>\n<meta property=\"article:publisher\" content=\"https:\/\/www.facebook.com\/kulturonline.tv\" \/>\n<meta property=\"article:published_time\" content=\"2022-03-20T12:23:00+00:00\" \/>\n<meta property=\"article:modified_time\" content=\"2022-03-20T12:23:02+00:00\" \/>\n<meta property=\"og:image\" content=\"https:\/\/kulturonline.tv\/wp-content\/uploads\/2022\/03\/microphon-edited.jpg\" \/>\n\t<meta property=\"og:image:width\" content=\"1280\" \/>\n\t<meta property=\"og:image:height\" content=\"720\" \/>\n\t<meta property=\"og:image:type\" content=\"image\/jpeg\" \/>\n<meta name=\"author\" content=\"guenter.wolfgang\" \/>\n<meta name=\"twitter:card\" content=\"summary_large_image\" \/>\n<meta name=\"twitter:label1\" content=\"Verfasst von\" \/>\n\t<meta name=\"twitter:data1\" content=\"guenter.wolfgang\" \/>\n\t<meta name=\"twitter:label2\" content=\"Gesch\u00e4tzte Lesezeit\" \/>\n\t<meta name=\"twitter:data2\" content=\"1\u00a0Minute\" \/>\n<script type=\"application\/ld+json\" class=\"yoast-schema-graph\">{\"@context\":\"https:\/\/schema.org\",\"@graph\":[{\"@type\":\"Article\",\"@id\":\"https:\/\/kulturonline.tv\/de\/neues-job-portal-fuer-gefluechtete-aus-kultur-und-medien\/#article\",\"isPartOf\":{\"@id\":\"https:\/\/kulturonline.tv\/de\/neues-job-portal-fuer-gefluechtete-aus-kultur-und-medien\/\"},\"author\":{\"name\":\"guenter.wolfgang\",\"@id\":\"https:\/\/kulturonline.tv\/de\/#\/schema\/person\/b0fac729bb9a0c193fb1df23449df4fe\"},\"headline\":\"Neues Job-Portal f\u00fcr Gefl\u00fcchtete aus Kultur und Medien\",\"datePublished\":\"2022-03-20T12:23:00+00:00\",\"dateModified\":\"2022-03-20T12:23:02+00:00\",\"mainEntityOfPage\":{\"@id\":\"https:\/\/kulturonline.tv\/de\/neues-job-portal-fuer-gefluechtete-aus-kultur-und-medien\/\"},\"wordCount\":99,\"publisher\":{\"@id\":\"https:\/\/kulturonline.tv\/de\/#organization\"},\"image\":{\"@id\":\"https:\/\/kulturonline.tv\/de\/neues-job-portal-fuer-gefluechtete-aus-kultur-und-medien\/#primaryimage\"},\"thumbnailUrl\":\"https:\/\/kulturonline.tv\/wp-content\/uploads\/2022\/03\/microphon-edited.jpg\",\"articleSection\":[\"Medien\"],\"inLanguage\":\"de\"},{\"@type\":\"WebPage\",\"@id\":\"https:\/\/kulturonline.tv\/de\/neues-job-portal-fuer-gefluechtete-aus-kultur-und-medien\/\",\"url\":\"https:\/\/kulturonline.tv\/de\/neues-job-portal-fuer-gefluechtete-aus-kultur-und-medien\/\",\"name\":\"Neues Job-Portal f\u00fcr Gefl\u00fcchtete aus Kultur und Medien - Kultur Online TV &amp; FM\",\"isPartOf\":{\"@id\":\"https:\/\/kulturonline.tv\/de\/#website\"},\"primaryImageOfPage\":{\"@id\":\"https:\/\/kulturonline.tv\/de\/neues-job-portal-fuer-gefluechtete-aus-kultur-und-medien\/#primaryimage\"},\"image\":{\"@id\":\"https:\/\/kulturonline.tv\/de\/neues-job-portal-fuer-gefluechtete-aus-kultur-und-medien\/#primaryimage\"},\"thumbnailUrl\":\"https:\/\/kulturonline.tv\/wp-content\/uploads\/2022\/03\/microphon-edited.jpg\",\"datePublished\":\"2022-03-20T12:23:00+00:00\",\"dateModified\":\"2022-03-20T12:23:02+00:00\",\"description\":\"Kultur sehen und H\u00f6ren\",\"breadcrumb\":{\"@id\":\"https:\/\/kulturonline.tv\/de\/neues-job-portal-fuer-gefluechtete-aus-kultur-und-medien\/#breadcrumb\"},\"inLanguage\":\"de\",\"potentialAction\":[{\"@type\":\"ReadAction\",\"target\":[\"https:\/\/kulturonline.tv\/de\/neues-job-portal-fuer-gefluechtete-aus-kultur-und-medien\/\"]}]},{\"@type\":\"ImageObject\",\"inLanguage\":\"de\",\"@id\":\"https:\/\/kulturonline.tv\/de\/neues-job-portal-fuer-gefluechtete-aus-kultur-und-medien\/#primaryimage\",\"url\":\"https:\/\/kulturonline.tv\/wp-content\/uploads\/2022\/03\/microphon-edited.jpg\",\"contentUrl\":\"https:\/\/kulturonline.tv\/wp-content\/uploads\/2022\/03\/microphon-edited.jpg\",\"width\":1280,\"height\":720},{\"@type\":\"BreadcrumbList\",\"@id\":\"https:\/\/kulturonline.tv\/de\/neues-job-portal-fuer-gefluechtete-aus-kultur-und-medien\/#breadcrumb\",\"itemListElement\":[{\"@type\":\"ListItem\",\"position\":1,\"name\":\"Startseite\",\"item\":\"https:\/\/kulturonline.tv\/de\/\"},{\"@type\":\"ListItem\",\"position\":2,\"name\":\"Neues Job-Portal f\u00fcr Gefl\u00fcchtete aus Kultur und Medien\"}]},{\"@type\":\"WebSite\",\"@id\":\"https:\/\/kulturonline.tv\/de\/#website\",\"url\":\"https:\/\/kulturonline.tv\/de\/\",\"name\":\"Kultur Online TV &amp; FM\",\"description\":\"Wir sind Kultur 2.0 zum sehen &amp; h\u00f6ren\",\"publisher\":{\"@id\":\"https:\/\/kulturonline.tv\/de\/#organization\"},\"potentialAction\":[{\"@type\":\"SearchAction\",\"target\":{\"@type\":\"EntryPoint\",\"urlTemplate\":\"https:\/\/kulturonline.tv\/de\/?s={search_term_string}\"},\"query-input\":{\"@type\":\"PropertyValueSpecification\",\"valueRequired\":true,\"valueName\":\"search_term_string\"}}],\"inLanguage\":\"de\"},{\"@type\":\"Organization\",\"@id\":\"https:\/\/kulturonline.tv\/de\/#organization\",\"name\":\"Kultur Online TV\",\"url\":\"https:\/\/kulturonline.tv\/de\/\",\"logo\":{\"@type\":\"ImageObject\",\"inLanguage\":\"de\",\"@id\":\"https:\/\/kulturonline.tv\/de\/#\/schema\/logo\/image\/\",\"url\":\"https:\/\/kulturonline.tv\/wp-content\/uploads\/2021\/08\/Kultur-Online-Tv-Logo-Endversion-neu.png\",\"contentUrl\":\"https:\/\/kulturonline.tv\/wp-content\/uploads\/2021\/08\/Kultur-Online-Tv-Logo-Endversion-neu.png\",\"width\":200,\"height\":200,\"caption\":\"Kultur Online TV\"},\"image\":{\"@id\":\"https:\/\/kulturonline.tv\/de\/#\/schema\/logo\/image\/\"},\"sameAs\":[\"https:\/\/www.facebook.com\/kulturonline.tv\",\"https:\/\/www.instagram.com\/kulturonline.tv\"]},{\"@type\":\"Person\",\"@id\":\"https:\/\/kulturonline.tv\/de\/#\/schema\/person\/b0fac729bb9a0c193fb1df23449df4fe\",\"name\":\"guenter.wolfgang\"}]}<\/script>\n<!-- \/ Yoast SEO plugin. -->","yoast_head_json":{"title":"Neues Job-Portal f\u00fcr Gefl\u00fcchtete aus Kultur und Medien - Kultur Online TV &amp; FM","description":"Kultur sehen und H\u00f6ren","robots":{"index":"index","follow":"follow","max-snippet":"max-snippet:-1","max-image-preview":"max-image-preview:large","max-video-preview":"max-video-preview:-1"},"canonical":"https:\/\/kulturonline.tv\/de\/neues-job-portal-fuer-gefluechtete-aus-kultur-und-medien\/","og_locale":"de_DE","og_type":"article","og_title":"Neues Job-Portal f\u00fcr Gefl\u00fcchtete aus Kultur und Medien - Kultur Online TV &amp; FM","og_description":"Kultur sehen und H\u00f6ren","og_url":"https:\/\/kulturonline.tv\/de\/neues-job-portal-fuer-gefluechtete-aus-kultur-und-medien\/","og_site_name":"Kultur Online TV &amp; FM","article_publisher":"https:\/\/www.facebook.com\/kulturonline.tv","article_published_time":"2022-03-20T12:23:00+00:00","article_modified_time":"2022-03-20T12:23:02+00:00","og_image":[{"width":1280,"height":720,"url":"https:\/\/kulturonline.tv\/wp-content\/uploads\/2022\/03\/microphon-edited.jpg","type":"image\/jpeg"}],"author":"guenter.wolfgang","twitter_card":"summary_large_image","twitter_misc":{"Verfasst von":"guenter.wolfgang","Gesch\u00e4tzte Lesezeit":"1\u00a0Minute"},"schema":{"@context":"https:\/\/schema.org","@graph":[{"@type":"Article","@id":"https:\/\/kulturonline.tv\/de\/neues-job-portal-fuer-gefluechtete-aus-kultur-und-medien\/#article","isPartOf":{"@id":"https:\/\/kulturonline.tv\/de\/neues-job-portal-fuer-gefluechtete-aus-kultur-und-medien\/"},"author":{"name":"guenter.wolfgang","@id":"https:\/\/kulturonline.tv\/de\/#\/schema\/person\/b0fac729bb9a0c193fb1df23449df4fe"},"headline":"Neues Job-Portal f\u00fcr Gefl\u00fcchtete aus Kultur und Medien","datePublished":"2022-03-20T12:23:00+00:00","dateModified":"2022-03-20T12:23:02+00:00","mainEntityOfPage":{"@id":"https:\/\/kulturonline.tv\/de\/neues-job-portal-fuer-gefluechtete-aus-kultur-und-medien\/"},"wordCount":99,"publisher":{"@id":"https:\/\/kulturonline.tv\/de\/#organization"},"image":{"@id":"https:\/\/kulturonline.tv\/de\/neues-job-portal-fuer-gefluechtete-aus-kultur-und-medien\/#primaryimage"},"thumbnailUrl":"https:\/\/kulturonline.tv\/wp-content\/uploads\/2022\/03\/microphon-edited.jpg","articleSection":["Medien"],"inLanguage":"de"},{"@type":"WebPage","@id":"https:\/\/kulturonline.tv\/de\/neues-job-portal-fuer-gefluechtete-aus-kultur-und-medien\/","url":"https:\/\/kulturonline.tv\/de\/neues-job-portal-fuer-gefluechtete-aus-kultur-und-medien\/","name":"Neues Job-Portal f\u00fcr Gefl\u00fcchtete aus Kultur und Medien - Kultur Online TV &amp; FM","isPartOf":{"@id":"https:\/\/kulturonline.tv\/de\/#website"},"primaryImageOfPage":{"@id":"https:\/\/kulturonline.tv\/de\/neues-job-portal-fuer-gefluechtete-aus-kultur-und-medien\/#primaryimage"},"image":{"@id":"https:\/\/kulturonline.tv\/de\/neues-job-portal-fuer-gefluechtete-aus-kultur-und-medien\/#primaryimage"},"thumbnailUrl":"https:\/\/kulturonline.tv\/wp-content\/uploads\/2022\/03\/microphon-edited.jpg","datePublished":"2022-03-20T12:23:00+00:00","dateModified":"2022-03-20T12:23:02+00:00","description":"Kultur sehen und H\u00f6ren","breadcrumb":{"@id":"https:\/\/kulturonline.tv\/de\/neues-job-portal-fuer-gefluechtete-aus-kultur-und-medien\/#breadcrumb"},"inLanguage":"de","potentialAction":[{"@type":"ReadAction","target":["https:\/\/kulturonline.tv\/de\/neues-job-portal-fuer-gefluechtete-aus-kultur-und-medien\/"]}]},{"@type":"ImageObject","inLanguage":"de","@id":"https:\/\/kulturonline.tv\/de\/neues-job-portal-fuer-gefluechtete-aus-kultur-und-medien\/#primaryimage","url":"https:\/\/kulturonline.tv\/wp-content\/uploads\/2022\/03\/microphon-edited.jpg","contentUrl":"https:\/\/kulturonline.tv\/wp-content\/uploads\/2022\/03\/microphon-edited.jpg","width":1280,"height":720},{"@type":"BreadcrumbList","@id":"https:\/\/kulturonline.tv\/de\/neues-job-portal-fuer-gefluechtete-aus-kultur-und-medien\/#breadcrumb","itemListElement":[{"@type":"ListItem","position":1,"name":"Startseite","item":"https:\/\/kulturonline.tv\/de\/"},{"@type":"ListItem","position":2,"name":"Neues Job-Portal f\u00fcr Gefl\u00fcchtete aus Kultur und Medien"}]},{"@type":"WebSite","@id":"https:\/\/kulturonline.tv\/de\/#website","url":"https:\/\/kulturonline.tv\/de\/","name":"Kultur Online TV &amp; FM","description":"Wir sind Kultur 2.0 zum sehen &amp; h\u00f6ren","publisher":{"@id":"https:\/\/kulturonline.tv\/de\/#organization"},"potentialAction":[{"@type":"SearchAction","target":{"@type":"EntryPoint","urlTemplate":"https:\/\/kulturonline.tv\/de\/?s={search_term_string}"},"query-input":{"@type":"PropertyValueSpecification","valueRequired":true,"valueName":"search_term_string"}}],"inLanguage":"de"},{"@type":"Organization","@id":"https:\/\/kulturonline.tv\/de\/#organization","name":"Kultur Online TV","url":"https:\/\/kulturonline.tv\/de\/","logo":{"@type":"ImageObject","inLanguage":"de","@id":"https:\/\/kulturonline.tv\/de\/#\/schema\/logo\/image\/","url":"https:\/\/kulturonline.tv\/wp-content\/uploads\/2021\/08\/Kultur-Online-Tv-Logo-Endversion-neu.png","contentUrl":"https:\/\/kulturonline.tv\/wp-content\/uploads\/2021\/08\/Kultur-Online-Tv-Logo-Endversion-neu.png","width":200,"height":200,"caption":"Kultur Online TV"},"image":{"@id":"https:\/\/kulturonline.tv\/de\/#\/schema\/logo\/image\/"},"sameAs":["https:\/\/www.facebook.com\/kulturonline.tv","https:\/\/www.instagram.com\/kulturonline.tv"]},{"@type":"Person","@id":"https:\/\/kulturonline.tv\/de\/#\/schema\/person\/b0fac729bb9a0c193fb1df23449df4fe","name":"guenter.wolfgang"}]}},"_links":{"self":[{"href":"https:\/\/kulturonline.tv\/de\/wp-json\/wp\/v2\/posts\/24623","targetHints":{"allow":["GET"]}}],"collection":[{"href":"https:\/\/kulturonline.tv\/de\/wp-json\/wp\/v2\/posts"}],"about":[{"href":"https:\/\/kulturonline.tv\/de\/wp-json\/wp\/v2\/types\/post"}],"author":[{"embeddable":true,"href":"https:\/\/kulturonline.tv\/de\/wp-json\/wp\/v2\/users\/2"}],"replies":[{"embeddable":true,"href":"https:\/\/kulturonline.tv\/de\/wp-json\/wp\/v2\/comments?post=24623"}],"version-history":[{"count":0,"href":"https:\/\/kulturonline.tv\/de\/wp-json\/wp\/v2\/posts\/24623\/revisions"}],"wp:featuredmedia":[{"embeddable":true,"href":"https:\/\/kulturonline.tv\/de\/wp-json\/wp\/v2\/media\/24626"}],"wp:attachment":[{"href":"https:\/\/kulturonline.tv\/de\/wp-json\/wp\/v2\/media?parent=24623"}],"wp:term":[{"taxonomy":"category","embeddable":true,"href":"https:\/\/kulturonline.tv\/de\/wp-json\/wp\/v2\/categories?post=24623"},{"taxonomy":"post_tag","embeddable":true,"href":"https:\/\/kulturonline.tv\/de\/wp-json\/wp\/v2\/tags?post=24623"}],"curies":[{"name":"wp","href":"https:\/\/api.w.org\/{rel}","templated":true}]}}