{"id":24630,"date":"2022-03-20T13:29:38","date_gmt":"2022-03-20T12:29:38","guid":{"rendered":"https:\/\/kulturonline.tv\/?p=24630"},"modified":"2022-03-20T13:29:40","modified_gmt":"2022-03-20T12:29:40","slug":"preis-der-leipziger-buchmesse-fuer-autor-tomer-gardi","status":"publish","type":"post","link":"https:\/\/kulturonline.tv\/de\/preis-der-leipziger-buchmesse-fuer-autor-tomer-gardi\/","title":{"rendered":"Preis der Leipziger Buchmesse f\u00fcr Autor Tomer Gardi"},"content":{"rendered":"\n<p>Der in Israel geborene Schriftsteller wurde in der Kategorie Belletristik f\u00fcr seinen Roman \u00abEine runde Sache\u00bb ausgezeichnet.<\/p>\n\n\n\n<figure class=\"wp-block-image size-large\"><img fetchpriority=\"high\" decoding=\"async\" width=\"2048\" height=\"1151\" src=\"https:\/\/kulturonline.tv\/wp-content\/uploads\/2022\/03\/tommer-gardi-edited.jpg\" alt=\"\" class=\"wp-image-24633\" srcset=\"https:\/\/kulturonline.tv\/wp-content\/uploads\/2022\/03\/tommer-gardi-edited.jpg 2048w, https:\/\/kulturonline.tv\/wp-content\/uploads\/2022\/03\/tommer-gardi-edited-600x337.jpg 600w, https:\/\/kulturonline.tv\/wp-content\/uploads\/2022\/03\/tommer-gardi-edited-800x450.jpg 800w, https:\/\/kulturonline.tv\/wp-content\/uploads\/2022\/03\/tommer-gardi-edited-1600x899.jpg 1600w, https:\/\/kulturonline.tv\/wp-content\/uploads\/2022\/03\/tommer-gardi-edited-768x432.jpg 768w, https:\/\/kulturonline.tv\/wp-content\/uploads\/2022\/03\/tommer-gardi-edited-1536x863.jpg 1536w\" sizes=\"(max-width: 2048px) 100vw, 2048px\" \/><\/figure>\n\n\n\n<p>Der Preis der Leipziger Buchmesse wird auch in den Sparten Sachbuch und \u00dcbersetzung vergeben und ist insgesamt mit 60.000 Euro dotiert. Die offizielle Buchmesse ist das dritte Mal in Folge abgesagt worden. Statdessen startet morgen eine sogenannte Pop-Up-Buchmesse mit vielen unabh\u00e4ngigen Verlagen.<\/p>\n\n\n\n<figure class=\"wp-block-embed is-type-video is-provider-youtube wp-block-embed-youtube wp-embed-aspect-16-9 wp-has-aspect-ratio\"><div class=\"wp-block-embed__wrapper\">\n<iframe title=\"Tomer Gardi \u2014 Hundert Autoren pr\u00e4sentieren ihre Arbeit im Internet\" width=\"800\" height=\"450\" src=\"https:\/\/www.youtube.com\/embed\/kvOGmPs0Vhw?feature=oembed\" frameborder=\"0\" allow=\"accelerometer; autoplay; clipboard-write; encrypted-media; gyroscope; picture-in-picture; web-share\" referrerpolicy=\"strict-origin-when-cross-origin\" allowfullscreen><\/iframe>\n<\/div><\/figure>\n\n\n\n<p>Kultur Online TV<\/p>\n\n\n\n<p>#kunst #kultur #literatur #news<\/p>\n","protected":false},"excerpt":{"rendered":"<p>Der in Israel geborene Schriftsteller wurde in der Kategorie Belletristik f\u00fcr seinen Roman \u00abEine runde Sache\u00bb ausgezeichnet. Der Preis der Leipziger Buchmesse wird auch in den Sparten Sachbuch und \u00dcbersetzung vergeben und ist insgesamt mit 60.000 Euro dotiert. Die offizielle Buchmesse ist das dritte Mal in Folge abgesagt worden. Statdessen startet morgen eine sogenannte Pop-Up-Buchmesse [&hellip;]<\/p>\n","protected":false},"author":2,"featured_media":24633,"comment_status":"closed","ping_status":"closed","sticky":false,"template":"","format":"standard","meta":{"_acf_changed":false,"footnotes":""},"categories":[106],"tags":[],"class_list":["post-24630","post","type-post","status-publish","format-standard","has-post-thumbnail","hentry","category-literatur"],"acf":[],"yoast_head":"<!-- This site is optimized with the Yoast SEO plugin v26.1.1 - https:\/\/yoast.com\/wordpress\/plugins\/seo\/ -->\n<title>Preis der Leipziger Buchmesse f\u00fcr Autor Tomer Gardi - Kultur Online TV &amp; FM<\/title>\n<meta name=\"description\" content=\"Kultur sehen und H\u00f6ren Der in Israel geborene Schriftsteller wurde in der Kategorie Belletristik f\u00fcr seinen Roman \u00abEine runde Sache\u00bb ausgezeichnet.\" \/>\n<meta name=\"robots\" content=\"index, follow, max-snippet:-1, max-image-preview:large, max-video-preview:-1\" \/>\n<link rel=\"canonical\" href=\"https:\/\/kulturonline.tv\/de\/preis-der-leipziger-buchmesse-fuer-autor-tomer-gardi\/\" \/>\n<meta property=\"og:locale\" content=\"de_DE\" \/>\n<meta property=\"og:type\" content=\"article\" \/>\n<meta property=\"og:title\" content=\"Preis der Leipziger Buchmesse f\u00fcr Autor Tomer Gardi - Kultur Online TV &amp; FM\" \/>\n<meta property=\"og:description\" content=\"Kultur sehen und H\u00f6ren Der in Israel geborene Schriftsteller wurde in der Kategorie Belletristik f\u00fcr seinen Roman \u00abEine runde Sache\u00bb ausgezeichnet.\" \/>\n<meta property=\"og:url\" content=\"https:\/\/kulturonline.tv\/de\/preis-der-leipziger-buchmesse-fuer-autor-tomer-gardi\/\" \/>\n<meta property=\"og:site_name\" content=\"Kultur Online TV &amp; FM\" \/>\n<meta property=\"article:publisher\" content=\"https:\/\/www.facebook.com\/kulturonline.tv\" \/>\n<meta property=\"article:published_time\" content=\"2022-03-20T12:29:38+00:00\" \/>\n<meta property=\"article:modified_time\" content=\"2022-03-20T12:29:40+00:00\" \/>\n<meta property=\"og:image\" content=\"https:\/\/kulturonline.tv\/wp-content\/uploads\/2022\/03\/tommer-gardi-edited.jpg\" \/>\n\t<meta property=\"og:image:width\" content=\"2048\" \/>\n\t<meta property=\"og:image:height\" content=\"1151\" \/>\n\t<meta property=\"og:image:type\" content=\"image\/jpeg\" \/>\n<meta name=\"author\" content=\"guenter.wolfgang\" \/>\n<meta name=\"twitter:card\" content=\"summary_large_image\" \/>\n<meta name=\"twitter:label1\" content=\"Verfasst von\" \/>\n\t<meta name=\"twitter:data1\" content=\"guenter.wolfgang\" \/>\n\t<meta name=\"twitter:label2\" content=\"Gesch\u00e4tzte Lesezeit\" \/>\n\t<meta name=\"twitter:data2\" content=\"1\u00a0Minute\" \/>\n<script type=\"application\/ld+json\" class=\"yoast-schema-graph\">{\"@context\":\"https:\/\/schema.org\",\"@graph\":[{\"@type\":\"Article\",\"@id\":\"https:\/\/kulturonline.tv\/de\/preis-der-leipziger-buchmesse-fuer-autor-tomer-gardi\/#article\",\"isPartOf\":{\"@id\":\"https:\/\/kulturonline.tv\/de\/preis-der-leipziger-buchmesse-fuer-autor-tomer-gardi\/\"},\"author\":{\"name\":\"guenter.wolfgang\",\"@id\":\"https:\/\/kulturonline.tv\/de\/#\/schema\/person\/b0fac729bb9a0c193fb1df23449df4fe\"},\"headline\":\"Preis der Leipziger Buchmesse f\u00fcr Autor Tomer Gardi\",\"datePublished\":\"2022-03-20T12:29:38+00:00\",\"dateModified\":\"2022-03-20T12:29:40+00:00\",\"mainEntityOfPage\":{\"@id\":\"https:\/\/kulturonline.tv\/de\/preis-der-leipziger-buchmesse-fuer-autor-tomer-gardi\/\"},\"wordCount\":84,\"publisher\":{\"@id\":\"https:\/\/kulturonline.tv\/de\/#organization\"},\"image\":{\"@id\":\"https:\/\/kulturonline.tv\/de\/preis-der-leipziger-buchmesse-fuer-autor-tomer-gardi\/#primaryimage\"},\"thumbnailUrl\":\"https:\/\/kulturonline.tv\/wp-content\/uploads\/2022\/03\/tommer-gardi-edited.jpg\",\"articleSection\":[\"Literatur\"],\"inLanguage\":\"de\"},{\"@type\":\"WebPage\",\"@id\":\"https:\/\/kulturonline.tv\/de\/preis-der-leipziger-buchmesse-fuer-autor-tomer-gardi\/\",\"url\":\"https:\/\/kulturonline.tv\/de\/preis-der-leipziger-buchmesse-fuer-autor-tomer-gardi\/\",\"name\":\"Preis der Leipziger Buchmesse f\u00fcr Autor Tomer Gardi - Kultur Online TV &amp; FM\",\"isPartOf\":{\"@id\":\"https:\/\/kulturonline.tv\/de\/#website\"},\"primaryImageOfPage\":{\"@id\":\"https:\/\/kulturonline.tv\/de\/preis-der-leipziger-buchmesse-fuer-autor-tomer-gardi\/#primaryimage\"},\"image\":{\"@id\":\"https:\/\/kulturonline.tv\/de\/preis-der-leipziger-buchmesse-fuer-autor-tomer-gardi\/#primaryimage\"},\"thumbnailUrl\":\"https:\/\/kulturonline.tv\/wp-content\/uploads\/2022\/03\/tommer-gardi-edited.jpg\",\"datePublished\":\"2022-03-20T12:29:38+00:00\",\"dateModified\":\"2022-03-20T12:29:40+00:00\",\"description\":\"Kultur sehen und H\u00f6ren Der in Israel geborene Schriftsteller wurde in der Kategorie Belletristik f\u00fcr seinen Roman \u00abEine runde Sache\u00bb ausgezeichnet.\",\"breadcrumb\":{\"@id\":\"https:\/\/kulturonline.tv\/de\/preis-der-leipziger-buchmesse-fuer-autor-tomer-gardi\/#breadcrumb\"},\"inLanguage\":\"de\",\"potentialAction\":[{\"@type\":\"ReadAction\",\"target\":[\"https:\/\/kulturonline.tv\/de\/preis-der-leipziger-buchmesse-fuer-autor-tomer-gardi\/\"]}]},{\"@type\":\"ImageObject\",\"inLanguage\":\"de\",\"@id\":\"https:\/\/kulturonline.tv\/de\/preis-der-leipziger-buchmesse-fuer-autor-tomer-gardi\/#primaryimage\",\"url\":\"https:\/\/kulturonline.tv\/wp-content\/uploads\/2022\/03\/tommer-gardi-edited.jpg\",\"contentUrl\":\"https:\/\/kulturonline.tv\/wp-content\/uploads\/2022\/03\/tommer-gardi-edited.jpg\",\"width\":2048,\"height\":1151},{\"@type\":\"BreadcrumbList\",\"@id\":\"https:\/\/kulturonline.tv\/de\/preis-der-leipziger-buchmesse-fuer-autor-tomer-gardi\/#breadcrumb\",\"itemListElement\":[{\"@type\":\"ListItem\",\"position\":1,\"name\":\"Startseite\",\"item\":\"https:\/\/kulturonline.tv\/de\/\"},{\"@type\":\"ListItem\",\"position\":2,\"name\":\"Preis der Leipziger Buchmesse f\u00fcr Autor Tomer Gardi\"}]},{\"@type\":\"WebSite\",\"@id\":\"https:\/\/kulturonline.tv\/de\/#website\",\"url\":\"https:\/\/kulturonline.tv\/de\/\",\"name\":\"Kultur Online TV &amp; FM\",\"description\":\"Wir sind Kultur 2.0 zum sehen &amp; h\u00f6ren\",\"publisher\":{\"@id\":\"https:\/\/kulturonline.tv\/de\/#organization\"},\"potentialAction\":[{\"@type\":\"SearchAction\",\"target\":{\"@type\":\"EntryPoint\",\"urlTemplate\":\"https:\/\/kulturonline.tv\/de\/?s={search_term_string}\"},\"query-input\":{\"@type\":\"PropertyValueSpecification\",\"valueRequired\":true,\"valueName\":\"search_term_string\"}}],\"inLanguage\":\"de\"},{\"@type\":\"Organization\",\"@id\":\"https:\/\/kulturonline.tv\/de\/#organization\",\"name\":\"Kultur Online TV\",\"url\":\"https:\/\/kulturonline.tv\/de\/\",\"logo\":{\"@type\":\"ImageObject\",\"inLanguage\":\"de\",\"@id\":\"https:\/\/kulturonline.tv\/de\/#\/schema\/logo\/image\/\",\"url\":\"https:\/\/kulturonline.tv\/wp-content\/uploads\/2021\/08\/Kultur-Online-Tv-Logo-Endversion-neu.png\",\"contentUrl\":\"https:\/\/kulturonline.tv\/wp-content\/uploads\/2021\/08\/Kultur-Online-Tv-Logo-Endversion-neu.png\",\"width\":200,\"height\":200,\"caption\":\"Kultur Online TV\"},\"image\":{\"@id\":\"https:\/\/kulturonline.tv\/de\/#\/schema\/logo\/image\/\"},\"sameAs\":[\"https:\/\/www.facebook.com\/kulturonline.tv\",\"https:\/\/www.instagram.com\/kulturonline.tv\"]},{\"@type\":\"Person\",\"@id\":\"https:\/\/kulturonline.tv\/de\/#\/schema\/person\/b0fac729bb9a0c193fb1df23449df4fe\",\"name\":\"guenter.wolfgang\"}]}<\/script>\n<!-- \/ Yoast SEO plugin. -->","yoast_head_json":{"title":"Preis der Leipziger Buchmesse f\u00fcr Autor Tomer Gardi - Kultur Online TV &amp; FM","description":"Kultur sehen und H\u00f6ren Der in Israel geborene Schriftsteller wurde in der Kategorie Belletristik f\u00fcr seinen Roman \u00abEine runde Sache\u00bb ausgezeichnet.","robots":{"index":"index","follow":"follow","max-snippet":"max-snippet:-1","max-image-preview":"max-image-preview:large","max-video-preview":"max-video-preview:-1"},"canonical":"https:\/\/kulturonline.tv\/de\/preis-der-leipziger-buchmesse-fuer-autor-tomer-gardi\/","og_locale":"de_DE","og_type":"article","og_title":"Preis der Leipziger Buchmesse f\u00fcr Autor Tomer Gardi - Kultur Online TV &amp; FM","og_description":"Kultur sehen und H\u00f6ren Der in Israel geborene Schriftsteller wurde in der Kategorie Belletristik f\u00fcr seinen Roman \u00abEine runde Sache\u00bb ausgezeichnet.","og_url":"https:\/\/kulturonline.tv\/de\/preis-der-leipziger-buchmesse-fuer-autor-tomer-gardi\/","og_site_name":"Kultur Online TV &amp; FM","article_publisher":"https:\/\/www.facebook.com\/kulturonline.tv","article_published_time":"2022-03-20T12:29:38+00:00","article_modified_time":"2022-03-20T12:29:40+00:00","og_image":[{"width":2048,"height":1151,"url":"https:\/\/kulturonline.tv\/wp-content\/uploads\/2022\/03\/tommer-gardi-edited.jpg","type":"image\/jpeg"}],"author":"guenter.wolfgang","twitter_card":"summary_large_image","twitter_misc":{"Verfasst von":"guenter.wolfgang","Gesch\u00e4tzte Lesezeit":"1\u00a0Minute"},"schema":{"@context":"https:\/\/schema.org","@graph":[{"@type":"Article","@id":"https:\/\/kulturonline.tv\/de\/preis-der-leipziger-buchmesse-fuer-autor-tomer-gardi\/#article","isPartOf":{"@id":"https:\/\/kulturonline.tv\/de\/preis-der-leipziger-buchmesse-fuer-autor-tomer-gardi\/"},"author":{"name":"guenter.wolfgang","@id":"https:\/\/kulturonline.tv\/de\/#\/schema\/person\/b0fac729bb9a0c193fb1df23449df4fe"},"headline":"Preis der Leipziger Buchmesse f\u00fcr Autor Tomer Gardi","datePublished":"2022-03-20T12:29:38+00:00","dateModified":"2022-03-20T12:29:40+00:00","mainEntityOfPage":{"@id":"https:\/\/kulturonline.tv\/de\/preis-der-leipziger-buchmesse-fuer-autor-tomer-gardi\/"},"wordCount":84,"publisher":{"@id":"https:\/\/kulturonline.tv\/de\/#organization"},"image":{"@id":"https:\/\/kulturonline.tv\/de\/preis-der-leipziger-buchmesse-fuer-autor-tomer-gardi\/#primaryimage"},"thumbnailUrl":"https:\/\/kulturonline.tv\/wp-content\/uploads\/2022\/03\/tommer-gardi-edited.jpg","articleSection":["Literatur"],"inLanguage":"de"},{"@type":"WebPage","@id":"https:\/\/kulturonline.tv\/de\/preis-der-leipziger-buchmesse-fuer-autor-tomer-gardi\/","url":"https:\/\/kulturonline.tv\/de\/preis-der-leipziger-buchmesse-fuer-autor-tomer-gardi\/","name":"Preis der Leipziger Buchmesse f\u00fcr Autor Tomer Gardi - Kultur Online TV &amp; FM","isPartOf":{"@id":"https:\/\/kulturonline.tv\/de\/#website"},"primaryImageOfPage":{"@id":"https:\/\/kulturonline.tv\/de\/preis-der-leipziger-buchmesse-fuer-autor-tomer-gardi\/#primaryimage"},"image":{"@id":"https:\/\/kulturonline.tv\/de\/preis-der-leipziger-buchmesse-fuer-autor-tomer-gardi\/#primaryimage"},"thumbnailUrl":"https:\/\/kulturonline.tv\/wp-content\/uploads\/2022\/03\/tommer-gardi-edited.jpg","datePublished":"2022-03-20T12:29:38+00:00","dateModified":"2022-03-20T12:29:40+00:00","description":"Kultur sehen und H\u00f6ren Der in Israel geborene Schriftsteller wurde in der Kategorie Belletristik f\u00fcr seinen Roman \u00abEine runde Sache\u00bb ausgezeichnet.","breadcrumb":{"@id":"https:\/\/kulturonline.tv\/de\/preis-der-leipziger-buchmesse-fuer-autor-tomer-gardi\/#breadcrumb"},"inLanguage":"de","potentialAction":[{"@type":"ReadAction","target":["https:\/\/kulturonline.tv\/de\/preis-der-leipziger-buchmesse-fuer-autor-tomer-gardi\/"]}]},{"@type":"ImageObject","inLanguage":"de","@id":"https:\/\/kulturonline.tv\/de\/preis-der-leipziger-buchmesse-fuer-autor-tomer-gardi\/#primaryimage","url":"https:\/\/kulturonline.tv\/wp-content\/uploads\/2022\/03\/tommer-gardi-edited.jpg","contentUrl":"https:\/\/kulturonline.tv\/wp-content\/uploads\/2022\/03\/tommer-gardi-edited.jpg","width":2048,"height":1151},{"@type":"BreadcrumbList","@id":"https:\/\/kulturonline.tv\/de\/preis-der-leipziger-buchmesse-fuer-autor-tomer-gardi\/#breadcrumb","itemListElement":[{"@type":"ListItem","position":1,"name":"Startseite","item":"https:\/\/kulturonline.tv\/de\/"},{"@type":"ListItem","position":2,"name":"Preis der Leipziger Buchmesse f\u00fcr Autor Tomer Gardi"}]},{"@type":"WebSite","@id":"https:\/\/kulturonline.tv\/de\/#website","url":"https:\/\/kulturonline.tv\/de\/","name":"Kultur Online TV &amp; FM","description":"Wir sind Kultur 2.0 zum sehen &amp; h\u00f6ren","publisher":{"@id":"https:\/\/kulturonline.tv\/de\/#organization"},"potentialAction":[{"@type":"SearchAction","target":{"@type":"EntryPoint","urlTemplate":"https:\/\/kulturonline.tv\/de\/?s={search_term_string}"},"query-input":{"@type":"PropertyValueSpecification","valueRequired":true,"valueName":"search_term_string"}}],"inLanguage":"de"},{"@type":"Organization","@id":"https:\/\/kulturonline.tv\/de\/#organization","name":"Kultur Online TV","url":"https:\/\/kulturonline.tv\/de\/","logo":{"@type":"ImageObject","inLanguage":"de","@id":"https:\/\/kulturonline.tv\/de\/#\/schema\/logo\/image\/","url":"https:\/\/kulturonline.tv\/wp-content\/uploads\/2021\/08\/Kultur-Online-Tv-Logo-Endversion-neu.png","contentUrl":"https:\/\/kulturonline.tv\/wp-content\/uploads\/2021\/08\/Kultur-Online-Tv-Logo-Endversion-neu.png","width":200,"height":200,"caption":"Kultur Online TV"},"image":{"@id":"https:\/\/kulturonline.tv\/de\/#\/schema\/logo\/image\/"},"sameAs":["https:\/\/www.facebook.com\/kulturonline.tv","https:\/\/www.instagram.com\/kulturonline.tv"]},{"@type":"Person","@id":"https:\/\/kulturonline.tv\/de\/#\/schema\/person\/b0fac729bb9a0c193fb1df23449df4fe","name":"guenter.wolfgang"}]}},"_links":{"self":[{"href":"https:\/\/kulturonline.tv\/de\/wp-json\/wp\/v2\/posts\/24630","targetHints":{"allow":["GET"]}}],"collection":[{"href":"https:\/\/kulturonline.tv\/de\/wp-json\/wp\/v2\/posts"}],"about":[{"href":"https:\/\/kulturonline.tv\/de\/wp-json\/wp\/v2\/types\/post"}],"author":[{"embeddable":true,"href":"https:\/\/kulturonline.tv\/de\/wp-json\/wp\/v2\/users\/2"}],"replies":[{"embeddable":true,"href":"https:\/\/kulturonline.tv\/de\/wp-json\/wp\/v2\/comments?post=24630"}],"version-history":[{"count":0,"href":"https:\/\/kulturonline.tv\/de\/wp-json\/wp\/v2\/posts\/24630\/revisions"}],"wp:featuredmedia":[{"embeddable":true,"href":"https:\/\/kulturonline.tv\/de\/wp-json\/wp\/v2\/media\/24633"}],"wp:attachment":[{"href":"https:\/\/kulturonline.tv\/de\/wp-json\/wp\/v2\/media?parent=24630"}],"wp:term":[{"taxonomy":"category","embeddable":true,"href":"https:\/\/kulturonline.tv\/de\/wp-json\/wp\/v2\/categories?post=24630"},{"taxonomy":"post_tag","embeddable":true,"href":"https:\/\/kulturonline.tv\/de\/wp-json\/wp\/v2\/tags?post=24630"}],"curies":[{"name":"wp","href":"https:\/\/api.w.org\/{rel}","templated":true}]}}