{"id":24693,"date":"2022-03-23T13:53:11","date_gmt":"2022-03-23T12:53:11","guid":{"rendered":"https:\/\/kulturonline.tv\/?p=24693"},"modified":"2025-06-13T23:06:58","modified_gmt":"2025-06-13T21:06:58","slug":"meine-identitaet-5-april-bis-15-mai-in-der-pinakothek-der-moderne","status":"publish","type":"post","link":"https:\/\/kulturonline.tv\/de\/meine-identitaet-5-april-bis-15-mai-in-der-pinakothek-der-moderne\/","title":{"rendered":"Meine Identit\u00e4t\u201c 5. April bis 15. Mai in der Pinakothek der Moderne"},"content":{"rendered":"\n<p>Wer sind wir? Und was haben unsere Erlebnisse damit zu tun? Unser Umfeld, die Erziehung und nicht zuletzt unsere Heimat? Davon erz\u00e4hlen vom 5. April an 20 bemerkenswerte Werke junger Menschen in der Pinakothek der Moderne.<\/p>\n\n\n\n<figure class=\"wp-block-image size-large\"><img fetchpriority=\"high\" decoding=\"async\" width=\"1600\" height=\"1102\" src=\"https:\/\/kulturonline.tv\/wp-content\/uploads\/2022\/03\/YouthNetMeineIdentitaet_Projektleitung-Rapaport_Bruck-1600x1102.jpg\" alt=\"\" class=\"wp-image-24702\" srcset=\"https:\/\/kulturonline.tv\/wp-content\/uploads\/2022\/03\/YouthNetMeineIdentitaet_Projektleitung-Rapaport_Bruck-1600x1102.jpg 1600w, https:\/\/kulturonline.tv\/wp-content\/uploads\/2022\/03\/YouthNetMeineIdentitaet_Projektleitung-Rapaport_Bruck-600x413.jpg 600w, https:\/\/kulturonline.tv\/wp-content\/uploads\/2022\/03\/YouthNetMeineIdentitaet_Projektleitung-Rapaport_Bruck-800x551.jpg 800w, https:\/\/kulturonline.tv\/wp-content\/uploads\/2022\/03\/YouthNetMeineIdentitaet_Projektleitung-Rapaport_Bruck-768x529.jpg 768w, https:\/\/kulturonline.tv\/wp-content\/uploads\/2022\/03\/YouthNetMeineIdentitaet_Projektleitung-Rapaport_Bruck-1536x1058.jpg 1536w, https:\/\/kulturonline.tv\/wp-content\/uploads\/2022\/03\/YouthNetMeineIdentitaet_Projektleitung-Rapaport_Bruck-2048x1410.jpg 2048w\" sizes=\"(max-width: 1600px) 100vw, 1600px\" \/><figcaption>YouthNet Projektleitung<\/figcaption><\/figure>\n\n\n\n<p>Wer sind wir? Und was haben unsere Erlebnisse damit zu tun? Unser Umfeld, die Erziehung und nicht zuletzt unsere Heimat? Davon erz\u00e4hlen vom 5. April an 20 bemerkenswerte Werke junger Menschen in der Pinakothek der Moderne. Sie sind das Ergebnis einer intensiven Zusammenarbeit zwischen der Abteilung Kunstvermittlung der Pinakothek der Moderne und dem interkulturellen, interreligi\u00f6sen Jugendnetzwerk YouthNet.<\/p>\n\n\n\n<div class=\"wp-block-media-text alignwide is-stacked-on-mobile\"><figure class=\"wp-block-media-text__media\"><img decoding=\"async\" width=\"1080\" height=\"1080\" src=\"https:\/\/kulturonline.tv\/wp-content\/uploads\/2022\/03\/Eva-Rapaport.png\" alt=\"\" class=\"wp-image-24694 size-full\" srcset=\"https:\/\/kulturonline.tv\/wp-content\/uploads\/2022\/03\/Eva-Rapaport.png 1080w, https:\/\/kulturonline.tv\/wp-content\/uploads\/2022\/03\/Eva-Rapaport-300x300.png 300w, https:\/\/kulturonline.tv\/wp-content\/uploads\/2022\/03\/Eva-Rapaport-100x100.png 100w, https:\/\/kulturonline.tv\/wp-content\/uploads\/2022\/03\/Eva-Rapaport-600x600.png 600w, https:\/\/kulturonline.tv\/wp-content\/uploads\/2022\/03\/Eva-Rapaport-800x800.png 800w, https:\/\/kulturonline.tv\/wp-content\/uploads\/2022\/03\/Eva-Rapaport-500x500.png 500w, https:\/\/kulturonline.tv\/wp-content\/uploads\/2022\/03\/Eva-Rapaport-768x768.png 768w\" sizes=\"(max-width: 1080px) 100vw, 1080px\" \/><\/figure><div class=\"wp-block-media-text__content\">\n<p class=\"has-large-font-size\"><\/p>\n<\/div><\/div>\n\n\n\n<figure class=\"wp-block-audio\"><audio controls src=\"https:\/\/kulturonline.tv\/wp-content\/uploads\/2022\/03\/EVA-PAPAPORT-1.mp3\"><\/audio><\/figure>\n\n\n\n<p><strong><em>Kultur Online FM G\u00fcnter Wolfgang im Gespr\u00e4ch mit der Projektleiterin Eva Rapaport <\/em><\/strong><\/p>\n\n\n\n<p>Ein Gl\u00fccksfall ist dabei die aktuelle Ausstellung der iranischen K\u00fcnstlerin Shirin Neshat: Ihr Werk wurde zur wichtigen Quelle der Inspiration f\u00fcr die Jugendlichen, denn Identit\u00e4t und Herkunft sind die zentralen Themen in Neshats Schaffen. Unter dem vielsagenden Titel \u201eLiving in One Land, Dreaming in Another\u201c sind sie in imposanten Foto- und Videoinstallationen vor Augen gef\u00fchrt und zugleich zur Debatte gestellt.<\/p>\n\n\n\n<figure class=\"wp-block-image size-full\"><img decoding=\"async\" width=\"940\" height=\"528\" src=\"https:\/\/kulturonline.tv\/wp-content\/uploads\/2022\/03\/Iranische-Kuenstlerin.jpg\" alt=\"\" class=\"wp-image-24698\" srcset=\"https:\/\/kulturonline.tv\/wp-content\/uploads\/2022\/03\/Iranische-Kuenstlerin.jpg 940w, https:\/\/kulturonline.tv\/wp-content\/uploads\/2022\/03\/Iranische-Kuenstlerin-600x337.jpg 600w, https:\/\/kulturonline.tv\/wp-content\/uploads\/2022\/03\/Iranische-Kuenstlerin-800x449.jpg 800w, https:\/\/kulturonline.tv\/wp-content\/uploads\/2022\/03\/Iranische-Kuenstlerin-768x431.jpg 768w\" sizes=\"(max-width: 940px) 100vw, 940px\" \/><\/figure>\n\n\n\n<p>Vor \u00fcber 40 Jahren ist die im damals noch persischen Qazvin geborene Tochter einer weltoffen- liberalen Familie in die USA emigriert. Neshat kennt das Gef\u00fchl, zwischen den Welten zu schweben, in der einen zu leben und von der anderen zu tr\u00e4umen, in der alten die Wurzeln zu haben und in der neuen zu wachsen und vielleicht sogar zu bl\u00fchen. Ausdruck finden diese beiden Sph\u00e4ren etwa in der Serie \u201eLand of Dreams\u201c (2019), einer faszinierenden Melange aus westlicher Portr\u00e4tkunst und persischer Kalligrafie.<\/p>\n\n\n\n<p>F\u00fcr die Jugendlichen aus den unterschiedlichsten L\u00e4ndern und Kulturkreisen wurde Shirin Neshat zu einem Vorbild, sich mit der eigenen Identit\u00e4t zu besch\u00e4ftigen \u2013 das ist der Schwerpunkt des diesj\u00e4hrigen Projekts. Zumal sich die K\u00fcnstlerin ger\u00fchrt \u00fcber die Auseinandersetzung mit ihrer Arbeit zeigte und eine ber\u00fchrenden Videobotschaft an die Workshop-Teilnehmerinnen und Teilnehmer richtete: \u201eWenn Ihr \u00fcberlegt, wie Ihr Euer eigenes Kunstwerk machen wollt, dann denkt dar\u00fcber nach, was Eure Bindungen und Wurzeln f\u00fcr Eure Identit\u00e4t bedeuten\u201c, sagte Neshat. Das m\u00fcsse nicht unbedingt die kulturelle Ebene betreffen, sondern ganz grunds\u00e4tzlich \u201edie Tr\u00e4ume im Inneren und das Funktionieren im \u00c4u\u00dferen\u201c.<\/p>\n\n\n\n<p>Und nun ist in der Pinakothek der Moderne, wenige Meter neben Neshats Auftritt, die Abschlusspr\u00e4sentation der YouthNet-Gemeinschaft zu erleben. In sehr unterschiedlichen Formen und Medien sind die vielen Facetten des eigenen Ich zum Ausdruck gebracht. Das reicht von Fotografien und gefilmten Interviews bis hin zu Texten und Collagen.<\/p>\n\n\n\n<p>Doch wer sind die jungen Kreativen? Die 14- bis 22-J\u00e4hrigen wurden in M\u00fcnchen geboren, sie sind hierhergezogen oder gefl\u00fcchtet, haben u. a. einen christlichen, muslimischen, j\u00fcdischen oder jesidischen Hintergrund. Gemeinsam stehen sie f\u00fcr die Vielfalt der Stadt, und seit die Plattform YouthNet vor f\u00fcnf Jahren ins Leben gerufen wurde, haben bereits \u00fcber 100 junge M\u00fcnchnerinnen und Neu-M\u00fcnchner Anschluss und ein Forum f\u00fcr ihre individuelle Geschichte gefunden. Dabei lernen die Jugendlichen, mit Vorurteilen umzugehen, die eigenen Grenzen zu \u00fcberwinden und in einer heterogenen Gruppe im Team zu arbeiten. Sie setzten sich mit Zivilcourage und Toleranz auseinander.<\/p>\n\n\n\n<p>Dieses Miteinander endet nicht mit dem Abschluss eines halbj\u00e4hrigen Projekts, vielmehr ist bei YouthNet Kontinuit\u00e4t gefragt: Die Mentoren der aktuellen Programme \u2013 in diesem Turnus sind es sieben \u2013 waren selbst Teilnehmerinnen und Teilnehmer vergangener Workshops. Und auch sie<\/p>\n\n\n\n<p>tragen unter dem Motto \u201eYouthNetIdentit\u00e4t\u201c mit einem Werk zur Ausstellung bei.<\/p>\n\n\n\n<p>F\u00fcr die Initiative steht ein engagiertes Trio: Die Unternehmerin und Mediatorin Eva Rapaport hat YouthNet 2017 gegr\u00fcndet und ist f\u00fcr das Konzept und die Gesamtorganisation zust\u00e4ndig. Die Fotografin und Grafikerin Sharon Buck verantwortet als K\u00fcnstlerische Leiterin die Kunstprogramme und die Dokumentation. Der Historiker und Projektmanager Dr. Oren Osterer, der seit vielen Jahren in der bundesweiten Jugendarbeit aktiv ist, betreut die gesellschaftspolitischen Themen und entwickelt digitale und interaktive Formate f\u00fcr Workshops und Diskussionen.<\/p>\n\n\n\n<p>YouthNet geht auf die Lichterkette zur\u00fcck, die im Dezember 1992 mit ihrem Protest gegen Ausl\u00e4nderfeindlichkeit und Rechtsradikalismus f\u00fcr gro\u00dfes Aufsehen im In- und Ausland gesorgt hat. Mehr als 400.000 Menschen gingen alleine in M\u00fcnchen auf die Stra\u00dfe, damit ist diese friedliche Demonstration bis heute ohne Beispiel. Seit 30 Jahren setzt sich der Verein \u201eLichterkette e. V.\u201c mit gemeinn\u00fctzigen Aktionen f\u00fcr ein offenes, friedliches und respektvolles Zusammenleben von Menschen unterschiedlicher Herkunft ein. B\u00fclent Aladag vom Vorstand der Lichterkette ist Mentor von YouthNet.<\/p>\n\n\n\n<p>Die j\u00e4hrlichen Projekte von YouthNet werden \u00fcber Spenden von einer Bank, einer Stiftung und verschiedenen Einzelpersonen finanziert, Hauptgeldgeber ist eine Privatperson.<\/p>\n\n\n\n<p>Aufseiten der Staatsgem\u00e4ldesammlungen und der Pinakothek der Moderne haben die Kunstvermittlerin Pia Br\u00fcner und die Kuratorin der Neshat-Ausstellung, Judith Csiki, das YouthNet- Projekt begleitet und engagiert mit den Jugendlichen gearbeitet.<\/p>\n\n\n\n<p>\u201eMeine Identit\u00e4t\u201c soll dazu beitragen, sich mit unterschiedlichen Lebenssituationen und Entw\u00fcrfe zu besch\u00e4ftigen und dabei auch die eigene Position zu reflektieren \u2013 f\u00fcr ein besseres Miteinander in einer vielf\u00e4ltigen bunten Gesellschaft.<\/p>\n\n\n\n<p>Weiter Infos <a href=\"http:\/\/www.youthnet-muenchen.com\/\"><u>www.youthnet-muenchen.com<\/u>.<\/a><\/p>\n\n\n\n<p>Kultur Online TV <\/p>\n\n\n\n<p>#kunst #kultur #ausstellungen <\/p>\n\n\n\n<p><\/p>\n\n\n\n<p><\/p>\n\n\n\n<div class=\"wp-block-media-text alignwide is-stacked-on-mobile\"><figure class=\"wp-block-media-text__media\"><img loading=\"lazy\" decoding=\"async\" width=\"1080\" height=\"1080\" src=\"https:\/\/kulturonline.tv\/wp-content\/uploads\/2022\/03\/Der-Talkfridey.png\" alt=\"\" class=\"wp-image-24119 size-full\" srcset=\"https:\/\/kulturonline.tv\/wp-content\/uploads\/2022\/03\/Der-Talkfridey.png 1080w, https:\/\/kulturonline.tv\/wp-content\/uploads\/2022\/03\/Der-Talkfridey-300x300.png 300w, https:\/\/kulturonline.tv\/wp-content\/uploads\/2022\/03\/Der-Talkfridey-100x100.png 100w, https:\/\/kulturonline.tv\/wp-content\/uploads\/2022\/03\/Der-Talkfridey-600x600.png 600w, https:\/\/kulturonline.tv\/wp-content\/uploads\/2022\/03\/Der-Talkfridey-800x800.png 800w, https:\/\/kulturonline.tv\/wp-content\/uploads\/2022\/03\/Der-Talkfridey-500x500.png 500w, https:\/\/kulturonline.tv\/wp-content\/uploads\/2022\/03\/Der-Talkfridey-768x768.png 768w\" sizes=\"(max-width: 1080px) 100vw, 1080px\" \/><\/figure><div class=\"wp-block-media-text__content\">\n<h2 class=\"wp-block-heading\"><strong>Tipp: Bei der n\u00e4chsten Ausgabe (25.03.2022)      <a href=\"https:\/\/kulturonline.tv\/de\/audiothek-podcasts-der-talk-friday\">Der Talk Friday<\/a>&nbsp;haben wir mit Eva Rapaport \u00fcber das Thema  Identit\u00e4t<\/strong> <strong>diskutiert<\/strong>.<\/h2>\n<\/div><\/div>\n","protected":false},"excerpt":{"rendered":"<p>Wer sind wir? Und was haben unsere Erlebnisse damit zu tun? Unser Umfeld, die Erziehung und nicht zuletzt unsere Heimat? Davon erz\u00e4hlen vom 5. April an 20 bemerkenswerte Werke junger Menschen in der Pinakothek der Moderne. Wer sind wir? Und was haben unsere Erlebnisse damit zu tun? Unser Umfeld, die Erziehung und nicht zuletzt unsere [&hellip;]<\/p>\n","protected":false},"author":2,"featured_media":24702,"comment_status":"closed","ping_status":"closed","sticky":false,"template":"","format":"standard","meta":{"_acf_changed":false,"footnotes":""},"categories":[1],"tags":[],"class_list":["post-24693","post","type-post","status-publish","format-standard","has-post-thumbnail","hentry","category-unkategorisiert"],"acf":[],"yoast_head":"<!-- This site is optimized with the Yoast SEO plugin v26.1.1 - https:\/\/yoast.com\/wordpress\/plugins\/seo\/ -->\n<title>Meine Identit\u00e4t\u201c 5. April bis 15. Mai in der Pinakothek der Moderne - Kultur Online TV &amp; FM<\/title>\n<meta name=\"description\" content=\"Wer sind wir? Und was haben unsere Erlebnisse damit zu tun? Unser Umfeld, die Erziehung und nicht zuletzt unsere Heimat? Davon erz\u00e4hlen vom 5. April an 20 bemerkenswerte Werke junger Menschen in der Pinakothek der Moderne.\" \/>\n<meta name=\"robots\" content=\"index, follow, max-snippet:-1, max-image-preview:large, max-video-preview:-1\" \/>\n<link rel=\"canonical\" href=\"https:\/\/kulturonline.tv\/de\/meine-identitaet-5-april-bis-15-mai-in-der-pinakothek-der-moderne\/\" \/>\n<meta property=\"og:locale\" content=\"de_DE\" \/>\n<meta property=\"og:type\" content=\"article\" \/>\n<meta property=\"og:title\" content=\"Meine Identit\u00e4t\u201c 5. April bis 15. Mai in der Pinakothek der Moderne - Kultur Online TV &amp; FM\" \/>\n<meta property=\"og:description\" content=\"Wer sind wir? Und was haben unsere Erlebnisse damit zu tun? Unser Umfeld, die Erziehung und nicht zuletzt unsere Heimat? Davon erz\u00e4hlen vom 5. April an 20 bemerkenswerte Werke junger Menschen in der Pinakothek der Moderne.\" \/>\n<meta property=\"og:url\" content=\"https:\/\/kulturonline.tv\/de\/meine-identitaet-5-april-bis-15-mai-in-der-pinakothek-der-moderne\/\" \/>\n<meta property=\"og:site_name\" content=\"Kultur Online TV &amp; FM\" \/>\n<meta property=\"article:publisher\" content=\"https:\/\/www.facebook.com\/kulturonline.tv\" \/>\n<meta property=\"article:published_time\" content=\"2022-03-23T12:53:11+00:00\" \/>\n<meta property=\"article:modified_time\" content=\"2025-06-13T21:06:58+00:00\" \/>\n<meta property=\"og:image\" content=\"https:\/\/kulturonline.tv\/wp-content\/uploads\/2022\/03\/YouthNetMeineIdentitaet_Projektleitung-Rapaport_Bruck-scaled.jpg\" \/>\n\t<meta property=\"og:image:width\" content=\"2560\" \/>\n\t<meta property=\"og:image:height\" content=\"1763\" \/>\n\t<meta property=\"og:image:type\" content=\"image\/jpeg\" \/>\n<meta name=\"author\" content=\"guenter.wolfgang\" \/>\n<meta name=\"twitter:card\" content=\"summary_large_image\" \/>\n<meta name=\"twitter:label1\" content=\"Verfasst von\" \/>\n\t<meta name=\"twitter:data1\" content=\"guenter.wolfgang\" \/>\n\t<meta name=\"twitter:label2\" content=\"Gesch\u00e4tzte Lesezeit\" \/>\n\t<meta name=\"twitter:data2\" content=\"6\u00a0Minuten\" \/>\n<script type=\"application\/ld+json\" class=\"yoast-schema-graph\">{\"@context\":\"https:\/\/schema.org\",\"@graph\":[{\"@type\":\"Article\",\"@id\":\"https:\/\/kulturonline.tv\/de\/meine-identitaet-5-april-bis-15-mai-in-der-pinakothek-der-moderne\/#article\",\"isPartOf\":{\"@id\":\"https:\/\/kulturonline.tv\/de\/meine-identitaet-5-april-bis-15-mai-in-der-pinakothek-der-moderne\/\"},\"author\":{\"name\":\"guenter.wolfgang\",\"@id\":\"https:\/\/kulturonline.tv\/de\/#\/schema\/person\/b0fac729bb9a0c193fb1df23449df4fe\"},\"headline\":\"Meine Identit\u00e4t\u201c 5. April bis 15. Mai in der Pinakothek der Moderne\",\"datePublished\":\"2022-03-23T12:53:11+00:00\",\"dateModified\":\"2025-06-13T21:06:58+00:00\",\"mainEntityOfPage\":{\"@id\":\"https:\/\/kulturonline.tv\/de\/meine-identitaet-5-april-bis-15-mai-in-der-pinakothek-der-moderne\/\"},\"wordCount\":867,\"publisher\":{\"@id\":\"https:\/\/kulturonline.tv\/de\/#organization\"},\"image\":{\"@id\":\"https:\/\/kulturonline.tv\/de\/meine-identitaet-5-april-bis-15-mai-in-der-pinakothek-der-moderne\/#primaryimage\"},\"thumbnailUrl\":\"https:\/\/kulturonline.tv\/wp-content\/uploads\/2022\/03\/YouthNetMeineIdentitaet_Projektleitung-Rapaport_Bruck-scaled.jpg\",\"articleSection\":[\"Unkategorisiert\"],\"inLanguage\":\"de\"},{\"@type\":\"WebPage\",\"@id\":\"https:\/\/kulturonline.tv\/de\/meine-identitaet-5-april-bis-15-mai-in-der-pinakothek-der-moderne\/\",\"url\":\"https:\/\/kulturonline.tv\/de\/meine-identitaet-5-april-bis-15-mai-in-der-pinakothek-der-moderne\/\",\"name\":\"Meine Identit\u00e4t\u201c 5. April bis 15. Mai in der Pinakothek der Moderne - Kultur Online TV &amp; FM\",\"isPartOf\":{\"@id\":\"https:\/\/kulturonline.tv\/de\/#website\"},\"primaryImageOfPage\":{\"@id\":\"https:\/\/kulturonline.tv\/de\/meine-identitaet-5-april-bis-15-mai-in-der-pinakothek-der-moderne\/#primaryimage\"},\"image\":{\"@id\":\"https:\/\/kulturonline.tv\/de\/meine-identitaet-5-april-bis-15-mai-in-der-pinakothek-der-moderne\/#primaryimage\"},\"thumbnailUrl\":\"https:\/\/kulturonline.tv\/wp-content\/uploads\/2022\/03\/YouthNetMeineIdentitaet_Projektleitung-Rapaport_Bruck-scaled.jpg\",\"datePublished\":\"2022-03-23T12:53:11+00:00\",\"dateModified\":\"2025-06-13T21:06:58+00:00\",\"description\":\"Wer sind wir? Und was haben unsere Erlebnisse damit zu tun? Unser Umfeld, die Erziehung und nicht zuletzt unsere Heimat? Davon erz\u00e4hlen vom 5. April an 20 bemerkenswerte Werke junger Menschen in der Pinakothek der Moderne.\",\"breadcrumb\":{\"@id\":\"https:\/\/kulturonline.tv\/de\/meine-identitaet-5-april-bis-15-mai-in-der-pinakothek-der-moderne\/#breadcrumb\"},\"inLanguage\":\"de\",\"potentialAction\":[{\"@type\":\"ReadAction\",\"target\":[\"https:\/\/kulturonline.tv\/de\/meine-identitaet-5-april-bis-15-mai-in-der-pinakothek-der-moderne\/\"]}]},{\"@type\":\"ImageObject\",\"inLanguage\":\"de\",\"@id\":\"https:\/\/kulturonline.tv\/de\/meine-identitaet-5-april-bis-15-mai-in-der-pinakothek-der-moderne\/#primaryimage\",\"url\":\"https:\/\/kulturonline.tv\/wp-content\/uploads\/2022\/03\/YouthNetMeineIdentitaet_Projektleitung-Rapaport_Bruck-scaled.jpg\",\"contentUrl\":\"https:\/\/kulturonline.tv\/wp-content\/uploads\/2022\/03\/YouthNetMeineIdentitaet_Projektleitung-Rapaport_Bruck-scaled.jpg\",\"width\":2560,\"height\":1763,\"caption\":\"YouthNet Projektleitung\"},{\"@type\":\"BreadcrumbList\",\"@id\":\"https:\/\/kulturonline.tv\/de\/meine-identitaet-5-april-bis-15-mai-in-der-pinakothek-der-moderne\/#breadcrumb\",\"itemListElement\":[{\"@type\":\"ListItem\",\"position\":1,\"name\":\"Startseite\",\"item\":\"https:\/\/kulturonline.tv\/de\/\"},{\"@type\":\"ListItem\",\"position\":2,\"name\":\"Meine Identit\u00e4t\u201c 5. April bis 15. Mai in der Pinakothek der Moderne\"}]},{\"@type\":\"WebSite\",\"@id\":\"https:\/\/kulturonline.tv\/de\/#website\",\"url\":\"https:\/\/kulturonline.tv\/de\/\",\"name\":\"Kultur Online TV &amp; FM\",\"description\":\"Wir sind Kultur 2.0 zum sehen &amp; h\u00f6ren\",\"publisher\":{\"@id\":\"https:\/\/kulturonline.tv\/de\/#organization\"},\"potentialAction\":[{\"@type\":\"SearchAction\",\"target\":{\"@type\":\"EntryPoint\",\"urlTemplate\":\"https:\/\/kulturonline.tv\/de\/?s={search_term_string}\"},\"query-input\":{\"@type\":\"PropertyValueSpecification\",\"valueRequired\":true,\"valueName\":\"search_term_string\"}}],\"inLanguage\":\"de\"},{\"@type\":\"Organization\",\"@id\":\"https:\/\/kulturonline.tv\/de\/#organization\",\"name\":\"Kultur Online TV\",\"url\":\"https:\/\/kulturonline.tv\/de\/\",\"logo\":{\"@type\":\"ImageObject\",\"inLanguage\":\"de\",\"@id\":\"https:\/\/kulturonline.tv\/de\/#\/schema\/logo\/image\/\",\"url\":\"https:\/\/kulturonline.tv\/wp-content\/uploads\/2021\/08\/Kultur-Online-Tv-Logo-Endversion-neu.png\",\"contentUrl\":\"https:\/\/kulturonline.tv\/wp-content\/uploads\/2021\/08\/Kultur-Online-Tv-Logo-Endversion-neu.png\",\"width\":200,\"height\":200,\"caption\":\"Kultur Online TV\"},\"image\":{\"@id\":\"https:\/\/kulturonline.tv\/de\/#\/schema\/logo\/image\/\"},\"sameAs\":[\"https:\/\/www.facebook.com\/kulturonline.tv\",\"https:\/\/www.instagram.com\/kulturonline.tv\"]},{\"@type\":\"Person\",\"@id\":\"https:\/\/kulturonline.tv\/de\/#\/schema\/person\/b0fac729bb9a0c193fb1df23449df4fe\",\"name\":\"guenter.wolfgang\"}]}<\/script>\n<!-- \/ Yoast SEO plugin. -->","yoast_head_json":{"title":"Meine Identit\u00e4t\u201c 5. April bis 15. Mai in der Pinakothek der Moderne - Kultur Online TV &amp; FM","description":"Wer sind wir? Und was haben unsere Erlebnisse damit zu tun? Unser Umfeld, die Erziehung und nicht zuletzt unsere Heimat? Davon erz\u00e4hlen vom 5. April an 20 bemerkenswerte Werke junger Menschen in der Pinakothek der Moderne.","robots":{"index":"index","follow":"follow","max-snippet":"max-snippet:-1","max-image-preview":"max-image-preview:large","max-video-preview":"max-video-preview:-1"},"canonical":"https:\/\/kulturonline.tv\/de\/meine-identitaet-5-april-bis-15-mai-in-der-pinakothek-der-moderne\/","og_locale":"de_DE","og_type":"article","og_title":"Meine Identit\u00e4t\u201c 5. April bis 15. Mai in der Pinakothek der Moderne - Kultur Online TV &amp; FM","og_description":"Wer sind wir? Und was haben unsere Erlebnisse damit zu tun? Unser Umfeld, die Erziehung und nicht zuletzt unsere Heimat? Davon erz\u00e4hlen vom 5. April an 20 bemerkenswerte Werke junger Menschen in der Pinakothek der Moderne.","og_url":"https:\/\/kulturonline.tv\/de\/meine-identitaet-5-april-bis-15-mai-in-der-pinakothek-der-moderne\/","og_site_name":"Kultur Online TV &amp; FM","article_publisher":"https:\/\/www.facebook.com\/kulturonline.tv","article_published_time":"2022-03-23T12:53:11+00:00","article_modified_time":"2025-06-13T21:06:58+00:00","og_image":[{"width":2560,"height":1763,"url":"https:\/\/kulturonline.tv\/wp-content\/uploads\/2022\/03\/YouthNetMeineIdentitaet_Projektleitung-Rapaport_Bruck-scaled.jpg","type":"image\/jpeg"}],"author":"guenter.wolfgang","twitter_card":"summary_large_image","twitter_misc":{"Verfasst von":"guenter.wolfgang","Gesch\u00e4tzte Lesezeit":"6\u00a0Minuten"},"schema":{"@context":"https:\/\/schema.org","@graph":[{"@type":"Article","@id":"https:\/\/kulturonline.tv\/de\/meine-identitaet-5-april-bis-15-mai-in-der-pinakothek-der-moderne\/#article","isPartOf":{"@id":"https:\/\/kulturonline.tv\/de\/meine-identitaet-5-april-bis-15-mai-in-der-pinakothek-der-moderne\/"},"author":{"name":"guenter.wolfgang","@id":"https:\/\/kulturonline.tv\/de\/#\/schema\/person\/b0fac729bb9a0c193fb1df23449df4fe"},"headline":"Meine Identit\u00e4t\u201c 5. April bis 15. Mai in der Pinakothek der Moderne","datePublished":"2022-03-23T12:53:11+00:00","dateModified":"2025-06-13T21:06:58+00:00","mainEntityOfPage":{"@id":"https:\/\/kulturonline.tv\/de\/meine-identitaet-5-april-bis-15-mai-in-der-pinakothek-der-moderne\/"},"wordCount":867,"publisher":{"@id":"https:\/\/kulturonline.tv\/de\/#organization"},"image":{"@id":"https:\/\/kulturonline.tv\/de\/meine-identitaet-5-april-bis-15-mai-in-der-pinakothek-der-moderne\/#primaryimage"},"thumbnailUrl":"https:\/\/kulturonline.tv\/wp-content\/uploads\/2022\/03\/YouthNetMeineIdentitaet_Projektleitung-Rapaport_Bruck-scaled.jpg","articleSection":["Unkategorisiert"],"inLanguage":"de"},{"@type":"WebPage","@id":"https:\/\/kulturonline.tv\/de\/meine-identitaet-5-april-bis-15-mai-in-der-pinakothek-der-moderne\/","url":"https:\/\/kulturonline.tv\/de\/meine-identitaet-5-april-bis-15-mai-in-der-pinakothek-der-moderne\/","name":"Meine Identit\u00e4t\u201c 5. April bis 15. Mai in der Pinakothek der Moderne - Kultur Online TV &amp; FM","isPartOf":{"@id":"https:\/\/kulturonline.tv\/de\/#website"},"primaryImageOfPage":{"@id":"https:\/\/kulturonline.tv\/de\/meine-identitaet-5-april-bis-15-mai-in-der-pinakothek-der-moderne\/#primaryimage"},"image":{"@id":"https:\/\/kulturonline.tv\/de\/meine-identitaet-5-april-bis-15-mai-in-der-pinakothek-der-moderne\/#primaryimage"},"thumbnailUrl":"https:\/\/kulturonline.tv\/wp-content\/uploads\/2022\/03\/YouthNetMeineIdentitaet_Projektleitung-Rapaport_Bruck-scaled.jpg","datePublished":"2022-03-23T12:53:11+00:00","dateModified":"2025-06-13T21:06:58+00:00","description":"Wer sind wir? Und was haben unsere Erlebnisse damit zu tun? Unser Umfeld, die Erziehung und nicht zuletzt unsere Heimat? Davon erz\u00e4hlen vom 5. April an 20 bemerkenswerte Werke junger Menschen in der Pinakothek der Moderne.","breadcrumb":{"@id":"https:\/\/kulturonline.tv\/de\/meine-identitaet-5-april-bis-15-mai-in-der-pinakothek-der-moderne\/#breadcrumb"},"inLanguage":"de","potentialAction":[{"@type":"ReadAction","target":["https:\/\/kulturonline.tv\/de\/meine-identitaet-5-april-bis-15-mai-in-der-pinakothek-der-moderne\/"]}]},{"@type":"ImageObject","inLanguage":"de","@id":"https:\/\/kulturonline.tv\/de\/meine-identitaet-5-april-bis-15-mai-in-der-pinakothek-der-moderne\/#primaryimage","url":"https:\/\/kulturonline.tv\/wp-content\/uploads\/2022\/03\/YouthNetMeineIdentitaet_Projektleitung-Rapaport_Bruck-scaled.jpg","contentUrl":"https:\/\/kulturonline.tv\/wp-content\/uploads\/2022\/03\/YouthNetMeineIdentitaet_Projektleitung-Rapaport_Bruck-scaled.jpg","width":2560,"height":1763,"caption":"YouthNet Projektleitung"},{"@type":"BreadcrumbList","@id":"https:\/\/kulturonline.tv\/de\/meine-identitaet-5-april-bis-15-mai-in-der-pinakothek-der-moderne\/#breadcrumb","itemListElement":[{"@type":"ListItem","position":1,"name":"Startseite","item":"https:\/\/kulturonline.tv\/de\/"},{"@type":"ListItem","position":2,"name":"Meine Identit\u00e4t\u201c 5. April bis 15. Mai in der Pinakothek der Moderne"}]},{"@type":"WebSite","@id":"https:\/\/kulturonline.tv\/de\/#website","url":"https:\/\/kulturonline.tv\/de\/","name":"Kultur Online TV &amp; FM","description":"Wir sind Kultur 2.0 zum sehen &amp; h\u00f6ren","publisher":{"@id":"https:\/\/kulturonline.tv\/de\/#organization"},"potentialAction":[{"@type":"SearchAction","target":{"@type":"EntryPoint","urlTemplate":"https:\/\/kulturonline.tv\/de\/?s={search_term_string}"},"query-input":{"@type":"PropertyValueSpecification","valueRequired":true,"valueName":"search_term_string"}}],"inLanguage":"de"},{"@type":"Organization","@id":"https:\/\/kulturonline.tv\/de\/#organization","name":"Kultur Online TV","url":"https:\/\/kulturonline.tv\/de\/","logo":{"@type":"ImageObject","inLanguage":"de","@id":"https:\/\/kulturonline.tv\/de\/#\/schema\/logo\/image\/","url":"https:\/\/kulturonline.tv\/wp-content\/uploads\/2021\/08\/Kultur-Online-Tv-Logo-Endversion-neu.png","contentUrl":"https:\/\/kulturonline.tv\/wp-content\/uploads\/2021\/08\/Kultur-Online-Tv-Logo-Endversion-neu.png","width":200,"height":200,"caption":"Kultur Online TV"},"image":{"@id":"https:\/\/kulturonline.tv\/de\/#\/schema\/logo\/image\/"},"sameAs":["https:\/\/www.facebook.com\/kulturonline.tv","https:\/\/www.instagram.com\/kulturonline.tv"]},{"@type":"Person","@id":"https:\/\/kulturonline.tv\/de\/#\/schema\/person\/b0fac729bb9a0c193fb1df23449df4fe","name":"guenter.wolfgang"}]}},"_links":{"self":[{"href":"https:\/\/kulturonline.tv\/de\/wp-json\/wp\/v2\/posts\/24693","targetHints":{"allow":["GET"]}}],"collection":[{"href":"https:\/\/kulturonline.tv\/de\/wp-json\/wp\/v2\/posts"}],"about":[{"href":"https:\/\/kulturonline.tv\/de\/wp-json\/wp\/v2\/types\/post"}],"author":[{"embeddable":true,"href":"https:\/\/kulturonline.tv\/de\/wp-json\/wp\/v2\/users\/2"}],"replies":[{"embeddable":true,"href":"https:\/\/kulturonline.tv\/de\/wp-json\/wp\/v2\/comments?post=24693"}],"version-history":[{"count":1,"href":"https:\/\/kulturonline.tv\/de\/wp-json\/wp\/v2\/posts\/24693\/revisions"}],"predecessor-version":[{"id":110493,"href":"https:\/\/kulturonline.tv\/de\/wp-json\/wp\/v2\/posts\/24693\/revisions\/110493"}],"wp:featuredmedia":[{"embeddable":true,"href":"https:\/\/kulturonline.tv\/de\/wp-json\/wp\/v2\/media\/24702"}],"wp:attachment":[{"href":"https:\/\/kulturonline.tv\/de\/wp-json\/wp\/v2\/media?parent=24693"}],"wp:term":[{"taxonomy":"category","embeddable":true,"href":"https:\/\/kulturonline.tv\/de\/wp-json\/wp\/v2\/categories?post=24693"},{"taxonomy":"post_tag","embeddable":true,"href":"https:\/\/kulturonline.tv\/de\/wp-json\/wp\/v2\/tags?post=24693"}],"curies":[{"name":"wp","href":"https:\/\/api.w.org\/{rel}","templated":true}]}}