{"id":24768,"date":"2022-03-26T11:01:24","date_gmt":"2022-03-26T10:01:24","guid":{"rendered":"https:\/\/kulturonline.tv\/?p=24768"},"modified":"2022-03-26T11:08:43","modified_gmt":"2022-03-26T10:08:43","slug":"kabarettist-kurt-kroemer-ueber-seine-depression","status":"publish","type":"post","link":"https:\/\/kulturonline.tv\/de\/kabarettist-kurt-kroemer-ueber-seine-depression\/","title":{"rendered":"Kurt Kr\u00f6mer \u00fcber seine Depression"},"content":{"rendered":"\n<p>INTERVIEW TV<\/p>\n\n\n\n<figure class=\"wp-block-embed is-type-video is-provider-youtube wp-block-embed-youtube wp-embed-aspect-16-9 wp-has-aspect-ratio\"><div class=\"wp-block-embed__wrapper\">\n<iframe title=\"Kurt Kr\u00f6mer \u00fcber seine Depression: &quot;Ich war zwei Jahre impotent&quot; | stern TV\" width=\"800\" height=\"450\" src=\"https:\/\/www.youtube.com\/embed\/avWn33VQROc?feature=oembed\" frameborder=\"0\" allow=\"accelerometer; autoplay; clipboard-write; encrypted-media; gyroscope; picture-in-picture; web-share\" referrerpolicy=\"strict-origin-when-cross-origin\" allowfullscreen><\/iframe>\n<\/div><\/figure>\n\n\n\n<p>Vollkommen unbemerkt von der \u00d6ffentlichkeit hat Kabarettist Kurt Kr\u00f6mer die Rei\u00dfleine gezogen und sich in einer psychiatrischen Klinik behandeln lassen. Der Grund: Depressionen. Bei stern TV spricht der Mann, der sonst tausende Menschen zum lachen bringt, schonungslos offen \u00fcber seine Erkrankung.<\/p>\n\n\n\n<p>Kultur Online TV<\/p>\n\n\n\n<p>#videos #interview<\/p>\n","protected":false},"excerpt":{"rendered":"<p>INTERVIEW TV Vollkommen unbemerkt von der \u00d6ffentlichkeit hat Kabarettist Kurt Kr\u00f6mer die Rei\u00dfleine gezogen und sich in einer psychiatrischen Klinik behandeln lassen. Der Grund: Depressionen. Bei stern TV spricht der Mann, der sonst tausende Menschen zum lachen bringt, schonungslos offen \u00fcber seine Erkrankung. Kultur Online TV #videos #interview<\/p>\n","protected":false},"author":2,"featured_media":24769,"comment_status":"closed","ping_status":"closed","sticky":false,"template":"","format":"standard","meta":{"_acf_changed":false,"footnotes":""},"categories":[1],"tags":[],"class_list":["post-24768","post","type-post","status-publish","format-standard","has-post-thumbnail","hentry","category-unkategorisiert"],"acf":[],"yoast_head":"<!-- This site is optimized with the Yoast SEO plugin v26.1.1 - https:\/\/yoast.com\/wordpress\/plugins\/seo\/ -->\n<title>Kurt Kr\u00f6mer \u00fcber seine Depression - Kultur Online TV &amp; FM<\/title>\n<meta name=\"description\" content=\"Vollkommen unbemerkt von der \u00d6ffentlichkeit hat Kabarettist Kurt Kr\u00f6mer die Rei\u00dfleine gezogen und sich in einer psychiatrischen Klinik behandeln lassen.\" \/>\n<meta name=\"robots\" content=\"index, follow, max-snippet:-1, max-image-preview:large, max-video-preview:-1\" \/>\n<link rel=\"canonical\" href=\"https:\/\/kulturonline.tv\/de\/kabarettist-kurt-kroemer-ueber-seine-depression\/\" \/>\n<meta property=\"og:locale\" content=\"de_DE\" \/>\n<meta property=\"og:type\" content=\"article\" \/>\n<meta property=\"og:title\" content=\"Kurt Kr\u00f6mer \u00fcber seine Depression - Kultur Online TV &amp; FM\" \/>\n<meta property=\"og:description\" content=\"Vollkommen unbemerkt von der \u00d6ffentlichkeit hat Kabarettist Kurt Kr\u00f6mer die Rei\u00dfleine gezogen und sich in einer psychiatrischen Klinik behandeln lassen.\" \/>\n<meta property=\"og:url\" content=\"https:\/\/kulturonline.tv\/de\/kabarettist-kurt-kroemer-ueber-seine-depression\/\" \/>\n<meta property=\"og:site_name\" content=\"Kultur Online TV &amp; FM\" \/>\n<meta property=\"article:publisher\" content=\"https:\/\/www.facebook.com\/kulturonline.tv\" \/>\n<meta property=\"article:published_time\" content=\"2022-03-26T10:01:24+00:00\" \/>\n<meta property=\"article:modified_time\" content=\"2022-03-26T10:08:43+00:00\" \/>\n<meta property=\"og:image\" content=\"https:\/\/kulturonline.tv\/wp-content\/uploads\/2022\/03\/kURT-kROeMER.png\" \/>\n\t<meta property=\"og:image:width\" content=\"1280\" \/>\n\t<meta property=\"og:image:height\" content=\"720\" \/>\n\t<meta property=\"og:image:type\" content=\"image\/png\" \/>\n<meta name=\"author\" content=\"guenter.wolfgang\" \/>\n<meta name=\"twitter:card\" content=\"summary_large_image\" \/>\n<meta name=\"twitter:label1\" content=\"Verfasst von\" \/>\n\t<meta name=\"twitter:data1\" content=\"guenter.wolfgang\" \/>\n\t<meta name=\"twitter:label2\" content=\"Gesch\u00e4tzte Lesezeit\" \/>\n\t<meta name=\"twitter:data2\" content=\"1\u00a0Minute\" \/>\n<script type=\"application\/ld+json\" class=\"yoast-schema-graph\">{\"@context\":\"https:\/\/schema.org\",\"@graph\":[{\"@type\":\"Article\",\"@id\":\"https:\/\/kulturonline.tv\/de\/kabarettist-kurt-kroemer-ueber-seine-depression\/#article\",\"isPartOf\":{\"@id\":\"https:\/\/kulturonline.tv\/de\/kabarettist-kurt-kroemer-ueber-seine-depression\/\"},\"author\":{\"name\":\"guenter.wolfgang\",\"@id\":\"https:\/\/kulturonline.tv\/de\/#\/schema\/person\/b0fac729bb9a0c193fb1df23449df4fe\"},\"headline\":\"Kurt Kr\u00f6mer \u00fcber seine Depression\",\"datePublished\":\"2022-03-26T10:01:24+00:00\",\"dateModified\":\"2022-03-26T10:08:43+00:00\",\"mainEntityOfPage\":{\"@id\":\"https:\/\/kulturonline.tv\/de\/kabarettist-kurt-kroemer-ueber-seine-depression\/\"},\"wordCount\":64,\"publisher\":{\"@id\":\"https:\/\/kulturonline.tv\/de\/#organization\"},\"image\":{\"@id\":\"https:\/\/kulturonline.tv\/de\/kabarettist-kurt-kroemer-ueber-seine-depression\/#primaryimage\"},\"thumbnailUrl\":\"https:\/\/kulturonline.tv\/wp-content\/uploads\/2022\/03\/kURT-kROeMER.png\",\"articleSection\":[\"Unkategorisiert\"],\"inLanguage\":\"de\"},{\"@type\":\"WebPage\",\"@id\":\"https:\/\/kulturonline.tv\/de\/kabarettist-kurt-kroemer-ueber-seine-depression\/\",\"url\":\"https:\/\/kulturonline.tv\/de\/kabarettist-kurt-kroemer-ueber-seine-depression\/\",\"name\":\"Kurt Kr\u00f6mer \u00fcber seine Depression - Kultur Online TV &amp; FM\",\"isPartOf\":{\"@id\":\"https:\/\/kulturonline.tv\/de\/#website\"},\"primaryImageOfPage\":{\"@id\":\"https:\/\/kulturonline.tv\/de\/kabarettist-kurt-kroemer-ueber-seine-depression\/#primaryimage\"},\"image\":{\"@id\":\"https:\/\/kulturonline.tv\/de\/kabarettist-kurt-kroemer-ueber-seine-depression\/#primaryimage\"},\"thumbnailUrl\":\"https:\/\/kulturonline.tv\/wp-content\/uploads\/2022\/03\/kURT-kROeMER.png\",\"datePublished\":\"2022-03-26T10:01:24+00:00\",\"dateModified\":\"2022-03-26T10:08:43+00:00\",\"description\":\"Vollkommen unbemerkt von der \u00d6ffentlichkeit hat Kabarettist Kurt Kr\u00f6mer die Rei\u00dfleine gezogen und sich in einer psychiatrischen Klinik behandeln lassen.\",\"breadcrumb\":{\"@id\":\"https:\/\/kulturonline.tv\/de\/kabarettist-kurt-kroemer-ueber-seine-depression\/#breadcrumb\"},\"inLanguage\":\"de\",\"potentialAction\":[{\"@type\":\"ReadAction\",\"target\":[\"https:\/\/kulturonline.tv\/de\/kabarettist-kurt-kroemer-ueber-seine-depression\/\"]}]},{\"@type\":\"ImageObject\",\"inLanguage\":\"de\",\"@id\":\"https:\/\/kulturonline.tv\/de\/kabarettist-kurt-kroemer-ueber-seine-depression\/#primaryimage\",\"url\":\"https:\/\/kulturonline.tv\/wp-content\/uploads\/2022\/03\/kURT-kROeMER.png\",\"contentUrl\":\"https:\/\/kulturonline.tv\/wp-content\/uploads\/2022\/03\/kURT-kROeMER.png\",\"width\":1280,\"height\":720},{\"@type\":\"BreadcrumbList\",\"@id\":\"https:\/\/kulturonline.tv\/de\/kabarettist-kurt-kroemer-ueber-seine-depression\/#breadcrumb\",\"itemListElement\":[{\"@type\":\"ListItem\",\"position\":1,\"name\":\"Startseite\",\"item\":\"https:\/\/kulturonline.tv\/de\/\"},{\"@type\":\"ListItem\",\"position\":2,\"name\":\"Kurt Kr\u00f6mer \u00fcber seine Depression\"}]},{\"@type\":\"WebSite\",\"@id\":\"https:\/\/kulturonline.tv\/de\/#website\",\"url\":\"https:\/\/kulturonline.tv\/de\/\",\"name\":\"Kultur Online TV &amp; FM\",\"description\":\"Wir sind Kultur 2.0 zum sehen &amp; h\u00f6ren\",\"publisher\":{\"@id\":\"https:\/\/kulturonline.tv\/de\/#organization\"},\"potentialAction\":[{\"@type\":\"SearchAction\",\"target\":{\"@type\":\"EntryPoint\",\"urlTemplate\":\"https:\/\/kulturonline.tv\/de\/?s={search_term_string}\"},\"query-input\":{\"@type\":\"PropertyValueSpecification\",\"valueRequired\":true,\"valueName\":\"search_term_string\"}}],\"inLanguage\":\"de\"},{\"@type\":\"Organization\",\"@id\":\"https:\/\/kulturonline.tv\/de\/#organization\",\"name\":\"Kultur Online TV\",\"url\":\"https:\/\/kulturonline.tv\/de\/\",\"logo\":{\"@type\":\"ImageObject\",\"inLanguage\":\"de\",\"@id\":\"https:\/\/kulturonline.tv\/de\/#\/schema\/logo\/image\/\",\"url\":\"https:\/\/kulturonline.tv\/wp-content\/uploads\/2021\/08\/Kultur-Online-Tv-Logo-Endversion-neu.png\",\"contentUrl\":\"https:\/\/kulturonline.tv\/wp-content\/uploads\/2021\/08\/Kultur-Online-Tv-Logo-Endversion-neu.png\",\"width\":200,\"height\":200,\"caption\":\"Kultur Online TV\"},\"image\":{\"@id\":\"https:\/\/kulturonline.tv\/de\/#\/schema\/logo\/image\/\"},\"sameAs\":[\"https:\/\/www.facebook.com\/kulturonline.tv\",\"https:\/\/www.instagram.com\/kulturonline.tv\"]},{\"@type\":\"Person\",\"@id\":\"https:\/\/kulturonline.tv\/de\/#\/schema\/person\/b0fac729bb9a0c193fb1df23449df4fe\",\"name\":\"guenter.wolfgang\"}]}<\/script>\n<!-- \/ Yoast SEO plugin. -->","yoast_head_json":{"title":"Kurt Kr\u00f6mer \u00fcber seine Depression - Kultur Online TV &amp; FM","description":"Vollkommen unbemerkt von der \u00d6ffentlichkeit hat Kabarettist Kurt Kr\u00f6mer die Rei\u00dfleine gezogen und sich in einer psychiatrischen Klinik behandeln lassen.","robots":{"index":"index","follow":"follow","max-snippet":"max-snippet:-1","max-image-preview":"max-image-preview:large","max-video-preview":"max-video-preview:-1"},"canonical":"https:\/\/kulturonline.tv\/de\/kabarettist-kurt-kroemer-ueber-seine-depression\/","og_locale":"de_DE","og_type":"article","og_title":"Kurt Kr\u00f6mer \u00fcber seine Depression - Kultur Online TV &amp; FM","og_description":"Vollkommen unbemerkt von der \u00d6ffentlichkeit hat Kabarettist Kurt Kr\u00f6mer die Rei\u00dfleine gezogen und sich in einer psychiatrischen Klinik behandeln lassen.","og_url":"https:\/\/kulturonline.tv\/de\/kabarettist-kurt-kroemer-ueber-seine-depression\/","og_site_name":"Kultur Online TV &amp; FM","article_publisher":"https:\/\/www.facebook.com\/kulturonline.tv","article_published_time":"2022-03-26T10:01:24+00:00","article_modified_time":"2022-03-26T10:08:43+00:00","og_image":[{"width":1280,"height":720,"url":"https:\/\/kulturonline.tv\/wp-content\/uploads\/2022\/03\/kURT-kROeMER.png","type":"image\/png"}],"author":"guenter.wolfgang","twitter_card":"summary_large_image","twitter_misc":{"Verfasst von":"guenter.wolfgang","Gesch\u00e4tzte Lesezeit":"1\u00a0Minute"},"schema":{"@context":"https:\/\/schema.org","@graph":[{"@type":"Article","@id":"https:\/\/kulturonline.tv\/de\/kabarettist-kurt-kroemer-ueber-seine-depression\/#article","isPartOf":{"@id":"https:\/\/kulturonline.tv\/de\/kabarettist-kurt-kroemer-ueber-seine-depression\/"},"author":{"name":"guenter.wolfgang","@id":"https:\/\/kulturonline.tv\/de\/#\/schema\/person\/b0fac729bb9a0c193fb1df23449df4fe"},"headline":"Kurt Kr\u00f6mer \u00fcber seine Depression","datePublished":"2022-03-26T10:01:24+00:00","dateModified":"2022-03-26T10:08:43+00:00","mainEntityOfPage":{"@id":"https:\/\/kulturonline.tv\/de\/kabarettist-kurt-kroemer-ueber-seine-depression\/"},"wordCount":64,"publisher":{"@id":"https:\/\/kulturonline.tv\/de\/#organization"},"image":{"@id":"https:\/\/kulturonline.tv\/de\/kabarettist-kurt-kroemer-ueber-seine-depression\/#primaryimage"},"thumbnailUrl":"https:\/\/kulturonline.tv\/wp-content\/uploads\/2022\/03\/kURT-kROeMER.png","articleSection":["Unkategorisiert"],"inLanguage":"de"},{"@type":"WebPage","@id":"https:\/\/kulturonline.tv\/de\/kabarettist-kurt-kroemer-ueber-seine-depression\/","url":"https:\/\/kulturonline.tv\/de\/kabarettist-kurt-kroemer-ueber-seine-depression\/","name":"Kurt Kr\u00f6mer \u00fcber seine Depression - Kultur Online TV &amp; FM","isPartOf":{"@id":"https:\/\/kulturonline.tv\/de\/#website"},"primaryImageOfPage":{"@id":"https:\/\/kulturonline.tv\/de\/kabarettist-kurt-kroemer-ueber-seine-depression\/#primaryimage"},"image":{"@id":"https:\/\/kulturonline.tv\/de\/kabarettist-kurt-kroemer-ueber-seine-depression\/#primaryimage"},"thumbnailUrl":"https:\/\/kulturonline.tv\/wp-content\/uploads\/2022\/03\/kURT-kROeMER.png","datePublished":"2022-03-26T10:01:24+00:00","dateModified":"2022-03-26T10:08:43+00:00","description":"Vollkommen unbemerkt von der \u00d6ffentlichkeit hat Kabarettist Kurt Kr\u00f6mer die Rei\u00dfleine gezogen und sich in einer psychiatrischen Klinik behandeln lassen.","breadcrumb":{"@id":"https:\/\/kulturonline.tv\/de\/kabarettist-kurt-kroemer-ueber-seine-depression\/#breadcrumb"},"inLanguage":"de","potentialAction":[{"@type":"ReadAction","target":["https:\/\/kulturonline.tv\/de\/kabarettist-kurt-kroemer-ueber-seine-depression\/"]}]},{"@type":"ImageObject","inLanguage":"de","@id":"https:\/\/kulturonline.tv\/de\/kabarettist-kurt-kroemer-ueber-seine-depression\/#primaryimage","url":"https:\/\/kulturonline.tv\/wp-content\/uploads\/2022\/03\/kURT-kROeMER.png","contentUrl":"https:\/\/kulturonline.tv\/wp-content\/uploads\/2022\/03\/kURT-kROeMER.png","width":1280,"height":720},{"@type":"BreadcrumbList","@id":"https:\/\/kulturonline.tv\/de\/kabarettist-kurt-kroemer-ueber-seine-depression\/#breadcrumb","itemListElement":[{"@type":"ListItem","position":1,"name":"Startseite","item":"https:\/\/kulturonline.tv\/de\/"},{"@type":"ListItem","position":2,"name":"Kurt Kr\u00f6mer \u00fcber seine Depression"}]},{"@type":"WebSite","@id":"https:\/\/kulturonline.tv\/de\/#website","url":"https:\/\/kulturonline.tv\/de\/","name":"Kultur Online TV &amp; FM","description":"Wir sind Kultur 2.0 zum sehen &amp; h\u00f6ren","publisher":{"@id":"https:\/\/kulturonline.tv\/de\/#organization"},"potentialAction":[{"@type":"SearchAction","target":{"@type":"EntryPoint","urlTemplate":"https:\/\/kulturonline.tv\/de\/?s={search_term_string}"},"query-input":{"@type":"PropertyValueSpecification","valueRequired":true,"valueName":"search_term_string"}}],"inLanguage":"de"},{"@type":"Organization","@id":"https:\/\/kulturonline.tv\/de\/#organization","name":"Kultur Online TV","url":"https:\/\/kulturonline.tv\/de\/","logo":{"@type":"ImageObject","inLanguage":"de","@id":"https:\/\/kulturonline.tv\/de\/#\/schema\/logo\/image\/","url":"https:\/\/kulturonline.tv\/wp-content\/uploads\/2021\/08\/Kultur-Online-Tv-Logo-Endversion-neu.png","contentUrl":"https:\/\/kulturonline.tv\/wp-content\/uploads\/2021\/08\/Kultur-Online-Tv-Logo-Endversion-neu.png","width":200,"height":200,"caption":"Kultur Online TV"},"image":{"@id":"https:\/\/kulturonline.tv\/de\/#\/schema\/logo\/image\/"},"sameAs":["https:\/\/www.facebook.com\/kulturonline.tv","https:\/\/www.instagram.com\/kulturonline.tv"]},{"@type":"Person","@id":"https:\/\/kulturonline.tv\/de\/#\/schema\/person\/b0fac729bb9a0c193fb1df23449df4fe","name":"guenter.wolfgang"}]}},"_links":{"self":[{"href":"https:\/\/kulturonline.tv\/de\/wp-json\/wp\/v2\/posts\/24768","targetHints":{"allow":["GET"]}}],"collection":[{"href":"https:\/\/kulturonline.tv\/de\/wp-json\/wp\/v2\/posts"}],"about":[{"href":"https:\/\/kulturonline.tv\/de\/wp-json\/wp\/v2\/types\/post"}],"author":[{"embeddable":true,"href":"https:\/\/kulturonline.tv\/de\/wp-json\/wp\/v2\/users\/2"}],"replies":[{"embeddable":true,"href":"https:\/\/kulturonline.tv\/de\/wp-json\/wp\/v2\/comments?post=24768"}],"version-history":[{"count":0,"href":"https:\/\/kulturonline.tv\/de\/wp-json\/wp\/v2\/posts\/24768\/revisions"}],"wp:featuredmedia":[{"embeddable":true,"href":"https:\/\/kulturonline.tv\/de\/wp-json\/wp\/v2\/media\/24769"}],"wp:attachment":[{"href":"https:\/\/kulturonline.tv\/de\/wp-json\/wp\/v2\/media?parent=24768"}],"wp:term":[{"taxonomy":"category","embeddable":true,"href":"https:\/\/kulturonline.tv\/de\/wp-json\/wp\/v2\/categories?post=24768"},{"taxonomy":"post_tag","embeddable":true,"href":"https:\/\/kulturonline.tv\/de\/wp-json\/wp\/v2\/tags?post=24768"}],"curies":[{"name":"wp","href":"https:\/\/api.w.org\/{rel}","templated":true}]}}