{"id":24944,"date":"2022-03-27T21:25:09","date_gmt":"2022-03-27T19:25:09","guid":{"rendered":"https:\/\/kulturonline.tv\/?p=24944"},"modified":"2022-03-27T21:26:06","modified_gmt":"2022-03-27T19:26:06","slug":"back-to-back-theatre-erhaelt-international-ibsen-award","status":"publish","type":"post","link":"https:\/\/kulturonline.tv\/de\/back-to-back-theatre-erhaelt-international-ibsen-award\/","title":{"rendered":"Back to Back Theatre erh\u00e4lt ,,International Ibsen Award\u201c"},"content":{"rendered":"\n<p>Oslo: Das Back to Back Theatre erh\u00e4lt den diesj\u00e4hrigen ,,International Ibsen Award\u201c, wie das Osloer Nationaltheater am 20. M\u00e4rz mitteilt.<\/p>\n\n\n\n<figure class=\"wp-block-image size-large\"><img fetchpriority=\"high\" decoding=\"async\" width=\"1600\" height=\"900\" src=\"https:\/\/kulturonline.tv\/wp-content\/uploads\/2022\/03\/back-to-back-theatre-Kopie-1600x900.jpeg\" alt=\"\" class=\"wp-image-24945\" srcset=\"https:\/\/kulturonline.tv\/wp-content\/uploads\/2022\/03\/back-to-back-theatre-Kopie-1600x900.jpeg 1600w, https:\/\/kulturonline.tv\/wp-content\/uploads\/2022\/03\/back-to-back-theatre-Kopie-600x338.jpeg 600w, https:\/\/kulturonline.tv\/wp-content\/uploads\/2022\/03\/back-to-back-theatre-Kopie-800x450.jpeg 800w, https:\/\/kulturonline.tv\/wp-content\/uploads\/2022\/03\/back-to-back-theatre-Kopie-768x432.jpeg 768w, https:\/\/kulturonline.tv\/wp-content\/uploads\/2022\/03\/back-to-back-theatre-Kopie-1536x864.jpeg 1536w, https:\/\/kulturonline.tv\/wp-content\/uploads\/2022\/03\/back-to-back-theatre-Kopie.jpeg 1920w\" sizes=\"(max-width: 1600px) 100vw, 1600px\" \/><\/figure>\n\n\n\n<p>Damit ist es das erste Mal, dass der Preis nach Australien geht und dass K\u00fcnstlerInnen mit Behinderungen den Award erhalten. Das f\u00fcnfk\u00f6pfige Theaterkollektiv, das sich bereits 1987 gegr\u00fcndet hat, versteht sich selbst als ,,neurodivers\u201c und hat in den letzten 13 Jahren zahlreiche nationale und internationale Auszeichnungen f\u00fcr ihre Arbeit bekommen. Jury-Pr\u00e4sidentin Ingrid Lorentzen hob hervor, dass ,,BtBT sozialen und politischen Anliegen eine Stimme gibt und ihre Arbeit als kollektive Anstrengung entsteht, bei der mehrere Sch\u00f6pfer, Ideen und Perspektiven immer pr\u00e4sent sind und einen Raum f\u00fcr Inklusion und M\u00f6glichkeiten herstellen\u201c. Der \u201eInternational Ibsen Award\u201c, der seit 2007 vom norwegische Staat gestiftet wird, ist mit 2,5 Millionen norwegischen Kronen (umgerechnet knapp 260.000 Euro) dotiert und geh\u00f6rt damit zu den renommiertesten Auszeichnungen f\u00fcr Theaterk\u00fcnstlerInnen weltweit. Die Preisverleihung findet im September im Nationaltheater Oslo statt.<\/p>\n\n\n\n<p>Kultur Online TV<\/p>\n\n\n\n<p>#theater #kunst #kultur #news<\/p>\n","protected":false},"excerpt":{"rendered":"<p>Oslo: Das Back to Back Theatre erh\u00e4lt den diesj\u00e4hrigen ,,International Ibsen Award\u201c, wie das Osloer Nationaltheater am 20. M\u00e4rz mitteilt. Damit ist es das erste Mal, dass der Preis nach Australien geht und dass K\u00fcnstlerInnen mit Behinderungen den Award erhalten. Das f\u00fcnfk\u00f6pfige Theaterkollektiv, das sich bereits 1987 gegr\u00fcndet hat, versteht sich selbst als ,,neurodivers\u201c und [&hellip;]<\/p>\n","protected":false},"author":2,"featured_media":24945,"comment_status":"closed","ping_status":"closed","sticky":false,"template":"","format":"standard","meta":{"_acf_changed":false,"footnotes":""},"categories":[105],"tags":[],"class_list":["post-24944","post","type-post","status-publish","format-standard","has-post-thumbnail","hentry","category-theater"],"acf":[],"yoast_head":"<!-- This site is optimized with the Yoast SEO plugin v26.1.1 - https:\/\/yoast.com\/wordpress\/plugins\/seo\/ -->\n<title>Back to Back Theatre erh\u00e4lt ,,International Ibsen Award\u201c - Kultur Online TV &amp; FM<\/title>\n<meta name=\"description\" content=\"Damit ist es das erste Mal, dass der Preis nach Australien geht und dass K\u00fcnstlerInnen mit Behinderungen den Award erhalten.\" \/>\n<meta name=\"robots\" content=\"index, follow, max-snippet:-1, max-image-preview:large, max-video-preview:-1\" \/>\n<link rel=\"canonical\" href=\"https:\/\/kulturonline.tv\/de\/back-to-back-theatre-erhaelt-international-ibsen-award\/\" \/>\n<meta property=\"og:locale\" content=\"de_DE\" \/>\n<meta property=\"og:type\" content=\"article\" \/>\n<meta property=\"og:title\" content=\"Back to Back Theatre erh\u00e4lt ,,International Ibsen Award\u201c - Kultur Online TV &amp; FM\" \/>\n<meta property=\"og:description\" content=\"Damit ist es das erste Mal, dass der Preis nach Australien geht und dass K\u00fcnstlerInnen mit Behinderungen den Award erhalten.\" \/>\n<meta property=\"og:url\" content=\"https:\/\/kulturonline.tv\/de\/back-to-back-theatre-erhaelt-international-ibsen-award\/\" \/>\n<meta property=\"og:site_name\" content=\"Kultur Online TV &amp; FM\" \/>\n<meta property=\"article:publisher\" content=\"https:\/\/www.facebook.com\/kulturonline.tv\" \/>\n<meta property=\"article:published_time\" content=\"2022-03-27T19:25:09+00:00\" \/>\n<meta property=\"article:modified_time\" content=\"2022-03-27T19:26:06+00:00\" \/>\n<meta property=\"og:image\" content=\"https:\/\/kulturonline.tv\/wp-content\/uploads\/2022\/03\/back-to-back-theatre-Kopie.jpeg\" \/>\n\t<meta property=\"og:image:width\" content=\"1920\" \/>\n\t<meta property=\"og:image:height\" content=\"1080\" \/>\n\t<meta property=\"og:image:type\" content=\"image\/jpeg\" \/>\n<meta name=\"author\" content=\"guenter.wolfgang\" \/>\n<meta name=\"twitter:card\" content=\"summary_large_image\" \/>\n<meta name=\"twitter:label1\" content=\"Verfasst von\" \/>\n\t<meta name=\"twitter:data1\" content=\"guenter.wolfgang\" \/>\n\t<meta name=\"twitter:label2\" content=\"Gesch\u00e4tzte Lesezeit\" \/>\n\t<meta name=\"twitter:data2\" content=\"2\u00a0Minuten\" \/>\n<script type=\"application\/ld+json\" class=\"yoast-schema-graph\">{\"@context\":\"https:\/\/schema.org\",\"@graph\":[{\"@type\":\"Article\",\"@id\":\"https:\/\/kulturonline.tv\/de\/back-to-back-theatre-erhaelt-international-ibsen-award\/#article\",\"isPartOf\":{\"@id\":\"https:\/\/kulturonline.tv\/de\/back-to-back-theatre-erhaelt-international-ibsen-award\/\"},\"author\":{\"name\":\"guenter.wolfgang\",\"@id\":\"https:\/\/kulturonline.tv\/de\/#\/schema\/person\/b0fac729bb9a0c193fb1df23449df4fe\"},\"headline\":\"Back to Back Theatre erh\u00e4lt ,,International Ibsen Award\u201c\",\"datePublished\":\"2022-03-27T19:25:09+00:00\",\"dateModified\":\"2022-03-27T19:26:06+00:00\",\"mainEntityOfPage\":{\"@id\":\"https:\/\/kulturonline.tv\/de\/back-to-back-theatre-erhaelt-international-ibsen-award\/\"},\"wordCount\":177,\"publisher\":{\"@id\":\"https:\/\/kulturonline.tv\/de\/#organization\"},\"image\":{\"@id\":\"https:\/\/kulturonline.tv\/de\/back-to-back-theatre-erhaelt-international-ibsen-award\/#primaryimage\"},\"thumbnailUrl\":\"https:\/\/kulturonline.tv\/wp-content\/uploads\/2022\/03\/back-to-back-theatre-Kopie.jpeg\",\"articleSection\":[\"Theater\"],\"inLanguage\":\"de\"},{\"@type\":\"WebPage\",\"@id\":\"https:\/\/kulturonline.tv\/de\/back-to-back-theatre-erhaelt-international-ibsen-award\/\",\"url\":\"https:\/\/kulturonline.tv\/de\/back-to-back-theatre-erhaelt-international-ibsen-award\/\",\"name\":\"Back to Back Theatre erh\u00e4lt ,,International Ibsen Award\u201c - Kultur Online TV &amp; FM\",\"isPartOf\":{\"@id\":\"https:\/\/kulturonline.tv\/de\/#website\"},\"primaryImageOfPage\":{\"@id\":\"https:\/\/kulturonline.tv\/de\/back-to-back-theatre-erhaelt-international-ibsen-award\/#primaryimage\"},\"image\":{\"@id\":\"https:\/\/kulturonline.tv\/de\/back-to-back-theatre-erhaelt-international-ibsen-award\/#primaryimage\"},\"thumbnailUrl\":\"https:\/\/kulturonline.tv\/wp-content\/uploads\/2022\/03\/back-to-back-theatre-Kopie.jpeg\",\"datePublished\":\"2022-03-27T19:25:09+00:00\",\"dateModified\":\"2022-03-27T19:26:06+00:00\",\"description\":\"Damit ist es das erste Mal, dass der Preis nach Australien geht und dass K\u00fcnstlerInnen mit Behinderungen den Award erhalten.\",\"breadcrumb\":{\"@id\":\"https:\/\/kulturonline.tv\/de\/back-to-back-theatre-erhaelt-international-ibsen-award\/#breadcrumb\"},\"inLanguage\":\"de\",\"potentialAction\":[{\"@type\":\"ReadAction\",\"target\":[\"https:\/\/kulturonline.tv\/de\/back-to-back-theatre-erhaelt-international-ibsen-award\/\"]}]},{\"@type\":\"ImageObject\",\"inLanguage\":\"de\",\"@id\":\"https:\/\/kulturonline.tv\/de\/back-to-back-theatre-erhaelt-international-ibsen-award\/#primaryimage\",\"url\":\"https:\/\/kulturonline.tv\/wp-content\/uploads\/2022\/03\/back-to-back-theatre-Kopie.jpeg\",\"contentUrl\":\"https:\/\/kulturonline.tv\/wp-content\/uploads\/2022\/03\/back-to-back-theatre-Kopie.jpeg\",\"width\":1920,\"height\":1080},{\"@type\":\"BreadcrumbList\",\"@id\":\"https:\/\/kulturonline.tv\/de\/back-to-back-theatre-erhaelt-international-ibsen-award\/#breadcrumb\",\"itemListElement\":[{\"@type\":\"ListItem\",\"position\":1,\"name\":\"Startseite\",\"item\":\"https:\/\/kulturonline.tv\/de\/\"},{\"@type\":\"ListItem\",\"position\":2,\"name\":\"Back to Back Theatre erh\u00e4lt ,,International Ibsen Award\u201c\"}]},{\"@type\":\"WebSite\",\"@id\":\"https:\/\/kulturonline.tv\/de\/#website\",\"url\":\"https:\/\/kulturonline.tv\/de\/\",\"name\":\"Kultur Online TV &amp; FM\",\"description\":\"Wir sind Kultur 2.0 zum sehen &amp; h\u00f6ren\",\"publisher\":{\"@id\":\"https:\/\/kulturonline.tv\/de\/#organization\"},\"potentialAction\":[{\"@type\":\"SearchAction\",\"target\":{\"@type\":\"EntryPoint\",\"urlTemplate\":\"https:\/\/kulturonline.tv\/de\/?s={search_term_string}\"},\"query-input\":{\"@type\":\"PropertyValueSpecification\",\"valueRequired\":true,\"valueName\":\"search_term_string\"}}],\"inLanguage\":\"de\"},{\"@type\":\"Organization\",\"@id\":\"https:\/\/kulturonline.tv\/de\/#organization\",\"name\":\"Kultur Online TV\",\"url\":\"https:\/\/kulturonline.tv\/de\/\",\"logo\":{\"@type\":\"ImageObject\",\"inLanguage\":\"de\",\"@id\":\"https:\/\/kulturonline.tv\/de\/#\/schema\/logo\/image\/\",\"url\":\"https:\/\/kulturonline.tv\/wp-content\/uploads\/2021\/08\/Kultur-Online-Tv-Logo-Endversion-neu.png\",\"contentUrl\":\"https:\/\/kulturonline.tv\/wp-content\/uploads\/2021\/08\/Kultur-Online-Tv-Logo-Endversion-neu.png\",\"width\":200,\"height\":200,\"caption\":\"Kultur Online TV\"},\"image\":{\"@id\":\"https:\/\/kulturonline.tv\/de\/#\/schema\/logo\/image\/\"},\"sameAs\":[\"https:\/\/www.facebook.com\/kulturonline.tv\",\"https:\/\/www.instagram.com\/kulturonline.tv\"]},{\"@type\":\"Person\",\"@id\":\"https:\/\/kulturonline.tv\/de\/#\/schema\/person\/b0fac729bb9a0c193fb1df23449df4fe\",\"name\":\"guenter.wolfgang\"}]}<\/script>\n<!-- \/ Yoast SEO plugin. -->","yoast_head_json":{"title":"Back to Back Theatre erh\u00e4lt ,,International Ibsen Award\u201c - Kultur Online TV &amp; FM","description":"Damit ist es das erste Mal, dass der Preis nach Australien geht und dass K\u00fcnstlerInnen mit Behinderungen den Award erhalten.","robots":{"index":"index","follow":"follow","max-snippet":"max-snippet:-1","max-image-preview":"max-image-preview:large","max-video-preview":"max-video-preview:-1"},"canonical":"https:\/\/kulturonline.tv\/de\/back-to-back-theatre-erhaelt-international-ibsen-award\/","og_locale":"de_DE","og_type":"article","og_title":"Back to Back Theatre erh\u00e4lt ,,International Ibsen Award\u201c - Kultur Online TV &amp; FM","og_description":"Damit ist es das erste Mal, dass der Preis nach Australien geht und dass K\u00fcnstlerInnen mit Behinderungen den Award erhalten.","og_url":"https:\/\/kulturonline.tv\/de\/back-to-back-theatre-erhaelt-international-ibsen-award\/","og_site_name":"Kultur Online TV &amp; FM","article_publisher":"https:\/\/www.facebook.com\/kulturonline.tv","article_published_time":"2022-03-27T19:25:09+00:00","article_modified_time":"2022-03-27T19:26:06+00:00","og_image":[{"width":1920,"height":1080,"url":"https:\/\/kulturonline.tv\/wp-content\/uploads\/2022\/03\/back-to-back-theatre-Kopie.jpeg","type":"image\/jpeg"}],"author":"guenter.wolfgang","twitter_card":"summary_large_image","twitter_misc":{"Verfasst von":"guenter.wolfgang","Gesch\u00e4tzte Lesezeit":"2\u00a0Minuten"},"schema":{"@context":"https:\/\/schema.org","@graph":[{"@type":"Article","@id":"https:\/\/kulturonline.tv\/de\/back-to-back-theatre-erhaelt-international-ibsen-award\/#article","isPartOf":{"@id":"https:\/\/kulturonline.tv\/de\/back-to-back-theatre-erhaelt-international-ibsen-award\/"},"author":{"name":"guenter.wolfgang","@id":"https:\/\/kulturonline.tv\/de\/#\/schema\/person\/b0fac729bb9a0c193fb1df23449df4fe"},"headline":"Back to Back Theatre erh\u00e4lt ,,International Ibsen Award\u201c","datePublished":"2022-03-27T19:25:09+00:00","dateModified":"2022-03-27T19:26:06+00:00","mainEntityOfPage":{"@id":"https:\/\/kulturonline.tv\/de\/back-to-back-theatre-erhaelt-international-ibsen-award\/"},"wordCount":177,"publisher":{"@id":"https:\/\/kulturonline.tv\/de\/#organization"},"image":{"@id":"https:\/\/kulturonline.tv\/de\/back-to-back-theatre-erhaelt-international-ibsen-award\/#primaryimage"},"thumbnailUrl":"https:\/\/kulturonline.tv\/wp-content\/uploads\/2022\/03\/back-to-back-theatre-Kopie.jpeg","articleSection":["Theater"],"inLanguage":"de"},{"@type":"WebPage","@id":"https:\/\/kulturonline.tv\/de\/back-to-back-theatre-erhaelt-international-ibsen-award\/","url":"https:\/\/kulturonline.tv\/de\/back-to-back-theatre-erhaelt-international-ibsen-award\/","name":"Back to Back Theatre erh\u00e4lt ,,International Ibsen Award\u201c - Kultur Online TV &amp; FM","isPartOf":{"@id":"https:\/\/kulturonline.tv\/de\/#website"},"primaryImageOfPage":{"@id":"https:\/\/kulturonline.tv\/de\/back-to-back-theatre-erhaelt-international-ibsen-award\/#primaryimage"},"image":{"@id":"https:\/\/kulturonline.tv\/de\/back-to-back-theatre-erhaelt-international-ibsen-award\/#primaryimage"},"thumbnailUrl":"https:\/\/kulturonline.tv\/wp-content\/uploads\/2022\/03\/back-to-back-theatre-Kopie.jpeg","datePublished":"2022-03-27T19:25:09+00:00","dateModified":"2022-03-27T19:26:06+00:00","description":"Damit ist es das erste Mal, dass der Preis nach Australien geht und dass K\u00fcnstlerInnen mit Behinderungen den Award erhalten.","breadcrumb":{"@id":"https:\/\/kulturonline.tv\/de\/back-to-back-theatre-erhaelt-international-ibsen-award\/#breadcrumb"},"inLanguage":"de","potentialAction":[{"@type":"ReadAction","target":["https:\/\/kulturonline.tv\/de\/back-to-back-theatre-erhaelt-international-ibsen-award\/"]}]},{"@type":"ImageObject","inLanguage":"de","@id":"https:\/\/kulturonline.tv\/de\/back-to-back-theatre-erhaelt-international-ibsen-award\/#primaryimage","url":"https:\/\/kulturonline.tv\/wp-content\/uploads\/2022\/03\/back-to-back-theatre-Kopie.jpeg","contentUrl":"https:\/\/kulturonline.tv\/wp-content\/uploads\/2022\/03\/back-to-back-theatre-Kopie.jpeg","width":1920,"height":1080},{"@type":"BreadcrumbList","@id":"https:\/\/kulturonline.tv\/de\/back-to-back-theatre-erhaelt-international-ibsen-award\/#breadcrumb","itemListElement":[{"@type":"ListItem","position":1,"name":"Startseite","item":"https:\/\/kulturonline.tv\/de\/"},{"@type":"ListItem","position":2,"name":"Back to Back Theatre erh\u00e4lt ,,International Ibsen Award\u201c"}]},{"@type":"WebSite","@id":"https:\/\/kulturonline.tv\/de\/#website","url":"https:\/\/kulturonline.tv\/de\/","name":"Kultur Online TV &amp; FM","description":"Wir sind Kultur 2.0 zum sehen &amp; h\u00f6ren","publisher":{"@id":"https:\/\/kulturonline.tv\/de\/#organization"},"potentialAction":[{"@type":"SearchAction","target":{"@type":"EntryPoint","urlTemplate":"https:\/\/kulturonline.tv\/de\/?s={search_term_string}"},"query-input":{"@type":"PropertyValueSpecification","valueRequired":true,"valueName":"search_term_string"}}],"inLanguage":"de"},{"@type":"Organization","@id":"https:\/\/kulturonline.tv\/de\/#organization","name":"Kultur Online TV","url":"https:\/\/kulturonline.tv\/de\/","logo":{"@type":"ImageObject","inLanguage":"de","@id":"https:\/\/kulturonline.tv\/de\/#\/schema\/logo\/image\/","url":"https:\/\/kulturonline.tv\/wp-content\/uploads\/2021\/08\/Kultur-Online-Tv-Logo-Endversion-neu.png","contentUrl":"https:\/\/kulturonline.tv\/wp-content\/uploads\/2021\/08\/Kultur-Online-Tv-Logo-Endversion-neu.png","width":200,"height":200,"caption":"Kultur Online TV"},"image":{"@id":"https:\/\/kulturonline.tv\/de\/#\/schema\/logo\/image\/"},"sameAs":["https:\/\/www.facebook.com\/kulturonline.tv","https:\/\/www.instagram.com\/kulturonline.tv"]},{"@type":"Person","@id":"https:\/\/kulturonline.tv\/de\/#\/schema\/person\/b0fac729bb9a0c193fb1df23449df4fe","name":"guenter.wolfgang"}]}},"_links":{"self":[{"href":"https:\/\/kulturonline.tv\/de\/wp-json\/wp\/v2\/posts\/24944","targetHints":{"allow":["GET"]}}],"collection":[{"href":"https:\/\/kulturonline.tv\/de\/wp-json\/wp\/v2\/posts"}],"about":[{"href":"https:\/\/kulturonline.tv\/de\/wp-json\/wp\/v2\/types\/post"}],"author":[{"embeddable":true,"href":"https:\/\/kulturonline.tv\/de\/wp-json\/wp\/v2\/users\/2"}],"replies":[{"embeddable":true,"href":"https:\/\/kulturonline.tv\/de\/wp-json\/wp\/v2\/comments?post=24944"}],"version-history":[{"count":0,"href":"https:\/\/kulturonline.tv\/de\/wp-json\/wp\/v2\/posts\/24944\/revisions"}],"wp:featuredmedia":[{"embeddable":true,"href":"https:\/\/kulturonline.tv\/de\/wp-json\/wp\/v2\/media\/24945"}],"wp:attachment":[{"href":"https:\/\/kulturonline.tv\/de\/wp-json\/wp\/v2\/media?parent=24944"}],"wp:term":[{"taxonomy":"category","embeddable":true,"href":"https:\/\/kulturonline.tv\/de\/wp-json\/wp\/v2\/categories?post=24944"},{"taxonomy":"post_tag","embeddable":true,"href":"https:\/\/kulturonline.tv\/de\/wp-json\/wp\/v2\/tags?post=24944"}],"curies":[{"name":"wp","href":"https:\/\/api.w.org\/{rel}","templated":true}]}}