{"id":24956,"date":"2022-03-27T21:46:43","date_gmt":"2022-03-27T19:46:43","guid":{"rendered":"https:\/\/kulturonline.tv\/?p=24956"},"modified":"2022-03-27T21:46:53","modified_gmt":"2022-03-27T19:46:53","slug":"deutscher-verlagspreis-fuer-66-unabhaengige-verlage","status":"publish","type":"post","link":"https:\/\/kulturonline.tv\/de\/deutscher-verlagspreis-fuer-66-unabhaengige-verlage\/","title":{"rendered":"Deutscher Verlagspreis f\u00fcr 66 unabh\u00e4ngige Verlage"},"content":{"rendered":"\n<p><strong>Kulturstaatsministerin Claudia Roth (Gr\u00fcne) hat \u00fcber 60 unabh\u00e4ngige Verlage mit dem deutschen Verlagspreis ausgezeichnet &#8211; sieben davon haben ihren Sitz in\u00a0<\/strong>NRW<strong>.<\/strong><\/p>\n\n\n\n<figure class=\"wp-block-image size-full\"><img fetchpriority=\"high\" decoding=\"async\" width=\"1600\" height=\"899\" src=\"https:\/\/kulturonline.tv\/wp-content\/uploads\/2022\/03\/Roth-Claudia-Kultur-Online-TV-edited.jpg\" alt=\"\" class=\"wp-image-24959\" srcset=\"https:\/\/kulturonline.tv\/wp-content\/uploads\/2022\/03\/Roth-Claudia-Kultur-Online-TV-edited.jpg 1600w, https:\/\/kulturonline.tv\/wp-content\/uploads\/2022\/03\/Roth-Claudia-Kultur-Online-TV-edited-600x337.jpg 600w, https:\/\/kulturonline.tv\/wp-content\/uploads\/2022\/03\/Roth-Claudia-Kultur-Online-TV-edited-800x450.jpg 800w, https:\/\/kulturonline.tv\/wp-content\/uploads\/2022\/03\/Roth-Claudia-Kultur-Online-TV-edited-768x432.jpg 768w, https:\/\/kulturonline.tv\/wp-content\/uploads\/2022\/03\/Roth-Claudia-Kultur-Online-TV-edited-1536x863.jpg 1536w\" sizes=\"(max-width: 1600px) 100vw, 1600px\" \/><\/figure>\n\n\n\n<p>Bei der Auszeichnung geht es Roth zufolge darum, kleine Verlage im gro\u00dfen Rampenlicht auftreten zu lassen. Die Verlage erhalten au\u00dferdem eine Pr\u00e4mie von 24.000 Euro. Drei H\u00e4user bekommen sogar 60.000 Euro. Welche Verlage mit den Spitzenpreisen ausgezeichnet werden, wird allerdings erst im Juni bekanntgegeben.<\/p>\n\n\n\n<p>Kultur Online TV<\/p>\n\n\n\n<p>#literatur #news<\/p>\n","protected":false},"excerpt":{"rendered":"<p>Kulturstaatsministerin Claudia Roth (Gr\u00fcne) hat \u00fcber 60 unabh\u00e4ngige Verlage mit dem deutschen Verlagspreis ausgezeichnet &#8211; sieben davon haben ihren Sitz in\u00a0NRW. Bei der Auszeichnung geht es Roth zufolge darum, kleine Verlage im gro\u00dfen Rampenlicht auftreten zu lassen. Die Verlage erhalten au\u00dferdem eine Pr\u00e4mie von 24.000 Euro. Drei H\u00e4user bekommen sogar 60.000 Euro. Welche Verlage mit [&hellip;]<\/p>\n","protected":false},"author":2,"featured_media":24959,"comment_status":"closed","ping_status":"closed","sticky":false,"template":"","format":"standard","meta":{"_acf_changed":false,"footnotes":""},"categories":[106,3],"tags":[],"class_list":["post-24956","post","type-post","status-publish","format-standard","has-post-thumbnail","hentry","category-literatur","category-newsflash"],"acf":[],"yoast_head":"<!-- This site is optimized with the Yoast SEO plugin v26.1.1 - https:\/\/yoast.com\/wordpress\/plugins\/seo\/ -->\n<title>Deutscher Verlagspreis f\u00fcr 66 unabh\u00e4ngige Verlage - Kultur Online TV &amp; FM<\/title>\n<meta name=\"description\" content=\"Kulturstaatsministerin Claudia Roth (Gr\u00fcne) hat \u00fcber 60 unabh\u00e4ngige Verlage mit dem deutschen Verlagspreis ausgezeichnet - sieben davon haben ihren Sitz in\u00a0NRW.\" \/>\n<meta name=\"robots\" content=\"index, follow, max-snippet:-1, max-image-preview:large, max-video-preview:-1\" \/>\n<link rel=\"canonical\" href=\"https:\/\/kulturonline.tv\/de\/deutscher-verlagspreis-fuer-66-unabhaengige-verlage\/\" \/>\n<meta property=\"og:locale\" content=\"de_DE\" \/>\n<meta property=\"og:type\" content=\"article\" \/>\n<meta property=\"og:title\" content=\"Deutscher Verlagspreis f\u00fcr 66 unabh\u00e4ngige Verlage - Kultur Online TV &amp; FM\" \/>\n<meta property=\"og:description\" content=\"Kulturstaatsministerin Claudia Roth (Gr\u00fcne) hat \u00fcber 60 unabh\u00e4ngige Verlage mit dem deutschen Verlagspreis ausgezeichnet - sieben davon haben ihren Sitz in\u00a0NRW.\" \/>\n<meta property=\"og:url\" content=\"https:\/\/kulturonline.tv\/de\/deutscher-verlagspreis-fuer-66-unabhaengige-verlage\/\" \/>\n<meta property=\"og:site_name\" content=\"Kultur Online TV &amp; FM\" \/>\n<meta property=\"article:publisher\" content=\"https:\/\/www.facebook.com\/kulturonline.tv\" \/>\n<meta property=\"article:published_time\" content=\"2022-03-27T19:46:43+00:00\" \/>\n<meta property=\"article:modified_time\" content=\"2022-03-27T19:46:53+00:00\" \/>\n<meta property=\"og:image\" content=\"https:\/\/kulturonline.tv\/wp-content\/uploads\/2022\/03\/Roth-Claudia-Kultur-Online-TV-edited.jpg\" \/>\n\t<meta property=\"og:image:width\" content=\"1600\" \/>\n\t<meta property=\"og:image:height\" content=\"899\" \/>\n\t<meta property=\"og:image:type\" content=\"image\/jpeg\" \/>\n<meta name=\"author\" content=\"guenter.wolfgang\" \/>\n<meta name=\"twitter:card\" content=\"summary_large_image\" \/>\n<meta name=\"twitter:label1\" content=\"Verfasst von\" \/>\n\t<meta name=\"twitter:data1\" content=\"guenter.wolfgang\" \/>\n\t<meta name=\"twitter:label2\" content=\"Gesch\u00e4tzte Lesezeit\" \/>\n\t<meta name=\"twitter:data2\" content=\"1\u00a0Minute\" \/>\n<script type=\"application\/ld+json\" class=\"yoast-schema-graph\">{\"@context\":\"https:\/\/schema.org\",\"@graph\":[{\"@type\":\"Article\",\"@id\":\"https:\/\/kulturonline.tv\/de\/deutscher-verlagspreis-fuer-66-unabhaengige-verlage\/#article\",\"isPartOf\":{\"@id\":\"https:\/\/kulturonline.tv\/de\/deutscher-verlagspreis-fuer-66-unabhaengige-verlage\/\"},\"author\":{\"name\":\"guenter.wolfgang\",\"@id\":\"https:\/\/kulturonline.tv\/de\/#\/schema\/person\/b0fac729bb9a0c193fb1df23449df4fe\"},\"headline\":\"Deutscher Verlagspreis f\u00fcr 66 unabh\u00e4ngige Verlage\",\"datePublished\":\"2022-03-27T19:46:43+00:00\",\"dateModified\":\"2022-03-27T19:46:53+00:00\",\"mainEntityOfPage\":{\"@id\":\"https:\/\/kulturonline.tv\/de\/deutscher-verlagspreis-fuer-66-unabhaengige-verlage\/\"},\"wordCount\":81,\"publisher\":{\"@id\":\"https:\/\/kulturonline.tv\/de\/#organization\"},\"image\":{\"@id\":\"https:\/\/kulturonline.tv\/de\/deutscher-verlagspreis-fuer-66-unabhaengige-verlage\/#primaryimage\"},\"thumbnailUrl\":\"https:\/\/kulturonline.tv\/wp-content\/uploads\/2022\/03\/Roth-Claudia-Kultur-Online-TV-edited.jpg\",\"articleSection\":[\"Literatur\",\"Newsflash\"],\"inLanguage\":\"de\"},{\"@type\":\"WebPage\",\"@id\":\"https:\/\/kulturonline.tv\/de\/deutscher-verlagspreis-fuer-66-unabhaengige-verlage\/\",\"url\":\"https:\/\/kulturonline.tv\/de\/deutscher-verlagspreis-fuer-66-unabhaengige-verlage\/\",\"name\":\"Deutscher Verlagspreis f\u00fcr 66 unabh\u00e4ngige Verlage - Kultur Online TV &amp; FM\",\"isPartOf\":{\"@id\":\"https:\/\/kulturonline.tv\/de\/#website\"},\"primaryImageOfPage\":{\"@id\":\"https:\/\/kulturonline.tv\/de\/deutscher-verlagspreis-fuer-66-unabhaengige-verlage\/#primaryimage\"},\"image\":{\"@id\":\"https:\/\/kulturonline.tv\/de\/deutscher-verlagspreis-fuer-66-unabhaengige-verlage\/#primaryimage\"},\"thumbnailUrl\":\"https:\/\/kulturonline.tv\/wp-content\/uploads\/2022\/03\/Roth-Claudia-Kultur-Online-TV-edited.jpg\",\"datePublished\":\"2022-03-27T19:46:43+00:00\",\"dateModified\":\"2022-03-27T19:46:53+00:00\",\"description\":\"Kulturstaatsministerin Claudia Roth (Gr\u00fcne) hat \u00fcber 60 unabh\u00e4ngige Verlage mit dem deutschen Verlagspreis ausgezeichnet - sieben davon haben ihren Sitz in\u00a0NRW.\",\"breadcrumb\":{\"@id\":\"https:\/\/kulturonline.tv\/de\/deutscher-verlagspreis-fuer-66-unabhaengige-verlage\/#breadcrumb\"},\"inLanguage\":\"de\",\"potentialAction\":[{\"@type\":\"ReadAction\",\"target\":[\"https:\/\/kulturonline.tv\/de\/deutscher-verlagspreis-fuer-66-unabhaengige-verlage\/\"]}]},{\"@type\":\"ImageObject\",\"inLanguage\":\"de\",\"@id\":\"https:\/\/kulturonline.tv\/de\/deutscher-verlagspreis-fuer-66-unabhaengige-verlage\/#primaryimage\",\"url\":\"https:\/\/kulturonline.tv\/wp-content\/uploads\/2022\/03\/Roth-Claudia-Kultur-Online-TV-edited.jpg\",\"contentUrl\":\"https:\/\/kulturonline.tv\/wp-content\/uploads\/2022\/03\/Roth-Claudia-Kultur-Online-TV-edited.jpg\",\"width\":1600,\"height\":899},{\"@type\":\"BreadcrumbList\",\"@id\":\"https:\/\/kulturonline.tv\/de\/deutscher-verlagspreis-fuer-66-unabhaengige-verlage\/#breadcrumb\",\"itemListElement\":[{\"@type\":\"ListItem\",\"position\":1,\"name\":\"Startseite\",\"item\":\"https:\/\/kulturonline.tv\/de\/\"},{\"@type\":\"ListItem\",\"position\":2,\"name\":\"Deutscher Verlagspreis f\u00fcr 66 unabh\u00e4ngige Verlage\"}]},{\"@type\":\"WebSite\",\"@id\":\"https:\/\/kulturonline.tv\/de\/#website\",\"url\":\"https:\/\/kulturonline.tv\/de\/\",\"name\":\"Kultur Online TV &amp; FM\",\"description\":\"Wir sind Kultur 2.0 zum sehen &amp; h\u00f6ren\",\"publisher\":{\"@id\":\"https:\/\/kulturonline.tv\/de\/#organization\"},\"potentialAction\":[{\"@type\":\"SearchAction\",\"target\":{\"@type\":\"EntryPoint\",\"urlTemplate\":\"https:\/\/kulturonline.tv\/de\/?s={search_term_string}\"},\"query-input\":{\"@type\":\"PropertyValueSpecification\",\"valueRequired\":true,\"valueName\":\"search_term_string\"}}],\"inLanguage\":\"de\"},{\"@type\":\"Organization\",\"@id\":\"https:\/\/kulturonline.tv\/de\/#organization\",\"name\":\"Kultur Online TV\",\"url\":\"https:\/\/kulturonline.tv\/de\/\",\"logo\":{\"@type\":\"ImageObject\",\"inLanguage\":\"de\",\"@id\":\"https:\/\/kulturonline.tv\/de\/#\/schema\/logo\/image\/\",\"url\":\"https:\/\/kulturonline.tv\/wp-content\/uploads\/2021\/08\/Kultur-Online-Tv-Logo-Endversion-neu.png\",\"contentUrl\":\"https:\/\/kulturonline.tv\/wp-content\/uploads\/2021\/08\/Kultur-Online-Tv-Logo-Endversion-neu.png\",\"width\":200,\"height\":200,\"caption\":\"Kultur Online TV\"},\"image\":{\"@id\":\"https:\/\/kulturonline.tv\/de\/#\/schema\/logo\/image\/\"},\"sameAs\":[\"https:\/\/www.facebook.com\/kulturonline.tv\",\"https:\/\/www.instagram.com\/kulturonline.tv\"]},{\"@type\":\"Person\",\"@id\":\"https:\/\/kulturonline.tv\/de\/#\/schema\/person\/b0fac729bb9a0c193fb1df23449df4fe\",\"name\":\"guenter.wolfgang\"}]}<\/script>\n<!-- \/ Yoast SEO plugin. -->","yoast_head_json":{"title":"Deutscher Verlagspreis f\u00fcr 66 unabh\u00e4ngige Verlage - Kultur Online TV &amp; FM","description":"Kulturstaatsministerin Claudia Roth (Gr\u00fcne) hat \u00fcber 60 unabh\u00e4ngige Verlage mit dem deutschen Verlagspreis ausgezeichnet - sieben davon haben ihren Sitz in\u00a0NRW.","robots":{"index":"index","follow":"follow","max-snippet":"max-snippet:-1","max-image-preview":"max-image-preview:large","max-video-preview":"max-video-preview:-1"},"canonical":"https:\/\/kulturonline.tv\/de\/deutscher-verlagspreis-fuer-66-unabhaengige-verlage\/","og_locale":"de_DE","og_type":"article","og_title":"Deutscher Verlagspreis f\u00fcr 66 unabh\u00e4ngige Verlage - Kultur Online TV &amp; FM","og_description":"Kulturstaatsministerin Claudia Roth (Gr\u00fcne) hat \u00fcber 60 unabh\u00e4ngige Verlage mit dem deutschen Verlagspreis ausgezeichnet - sieben davon haben ihren Sitz in\u00a0NRW.","og_url":"https:\/\/kulturonline.tv\/de\/deutscher-verlagspreis-fuer-66-unabhaengige-verlage\/","og_site_name":"Kultur Online TV &amp; FM","article_publisher":"https:\/\/www.facebook.com\/kulturonline.tv","article_published_time":"2022-03-27T19:46:43+00:00","article_modified_time":"2022-03-27T19:46:53+00:00","og_image":[{"width":1600,"height":899,"url":"https:\/\/kulturonline.tv\/wp-content\/uploads\/2022\/03\/Roth-Claudia-Kultur-Online-TV-edited.jpg","type":"image\/jpeg"}],"author":"guenter.wolfgang","twitter_card":"summary_large_image","twitter_misc":{"Verfasst von":"guenter.wolfgang","Gesch\u00e4tzte Lesezeit":"1\u00a0Minute"},"schema":{"@context":"https:\/\/schema.org","@graph":[{"@type":"Article","@id":"https:\/\/kulturonline.tv\/de\/deutscher-verlagspreis-fuer-66-unabhaengige-verlage\/#article","isPartOf":{"@id":"https:\/\/kulturonline.tv\/de\/deutscher-verlagspreis-fuer-66-unabhaengige-verlage\/"},"author":{"name":"guenter.wolfgang","@id":"https:\/\/kulturonline.tv\/de\/#\/schema\/person\/b0fac729bb9a0c193fb1df23449df4fe"},"headline":"Deutscher Verlagspreis f\u00fcr 66 unabh\u00e4ngige Verlage","datePublished":"2022-03-27T19:46:43+00:00","dateModified":"2022-03-27T19:46:53+00:00","mainEntityOfPage":{"@id":"https:\/\/kulturonline.tv\/de\/deutscher-verlagspreis-fuer-66-unabhaengige-verlage\/"},"wordCount":81,"publisher":{"@id":"https:\/\/kulturonline.tv\/de\/#organization"},"image":{"@id":"https:\/\/kulturonline.tv\/de\/deutscher-verlagspreis-fuer-66-unabhaengige-verlage\/#primaryimage"},"thumbnailUrl":"https:\/\/kulturonline.tv\/wp-content\/uploads\/2022\/03\/Roth-Claudia-Kultur-Online-TV-edited.jpg","articleSection":["Literatur","Newsflash"],"inLanguage":"de"},{"@type":"WebPage","@id":"https:\/\/kulturonline.tv\/de\/deutscher-verlagspreis-fuer-66-unabhaengige-verlage\/","url":"https:\/\/kulturonline.tv\/de\/deutscher-verlagspreis-fuer-66-unabhaengige-verlage\/","name":"Deutscher Verlagspreis f\u00fcr 66 unabh\u00e4ngige Verlage - Kultur Online TV &amp; FM","isPartOf":{"@id":"https:\/\/kulturonline.tv\/de\/#website"},"primaryImageOfPage":{"@id":"https:\/\/kulturonline.tv\/de\/deutscher-verlagspreis-fuer-66-unabhaengige-verlage\/#primaryimage"},"image":{"@id":"https:\/\/kulturonline.tv\/de\/deutscher-verlagspreis-fuer-66-unabhaengige-verlage\/#primaryimage"},"thumbnailUrl":"https:\/\/kulturonline.tv\/wp-content\/uploads\/2022\/03\/Roth-Claudia-Kultur-Online-TV-edited.jpg","datePublished":"2022-03-27T19:46:43+00:00","dateModified":"2022-03-27T19:46:53+00:00","description":"Kulturstaatsministerin Claudia Roth (Gr\u00fcne) hat \u00fcber 60 unabh\u00e4ngige Verlage mit dem deutschen Verlagspreis ausgezeichnet - sieben davon haben ihren Sitz in\u00a0NRW.","breadcrumb":{"@id":"https:\/\/kulturonline.tv\/de\/deutscher-verlagspreis-fuer-66-unabhaengige-verlage\/#breadcrumb"},"inLanguage":"de","potentialAction":[{"@type":"ReadAction","target":["https:\/\/kulturonline.tv\/de\/deutscher-verlagspreis-fuer-66-unabhaengige-verlage\/"]}]},{"@type":"ImageObject","inLanguage":"de","@id":"https:\/\/kulturonline.tv\/de\/deutscher-verlagspreis-fuer-66-unabhaengige-verlage\/#primaryimage","url":"https:\/\/kulturonline.tv\/wp-content\/uploads\/2022\/03\/Roth-Claudia-Kultur-Online-TV-edited.jpg","contentUrl":"https:\/\/kulturonline.tv\/wp-content\/uploads\/2022\/03\/Roth-Claudia-Kultur-Online-TV-edited.jpg","width":1600,"height":899},{"@type":"BreadcrumbList","@id":"https:\/\/kulturonline.tv\/de\/deutscher-verlagspreis-fuer-66-unabhaengige-verlage\/#breadcrumb","itemListElement":[{"@type":"ListItem","position":1,"name":"Startseite","item":"https:\/\/kulturonline.tv\/de\/"},{"@type":"ListItem","position":2,"name":"Deutscher Verlagspreis f\u00fcr 66 unabh\u00e4ngige Verlage"}]},{"@type":"WebSite","@id":"https:\/\/kulturonline.tv\/de\/#website","url":"https:\/\/kulturonline.tv\/de\/","name":"Kultur Online TV &amp; FM","description":"Wir sind Kultur 2.0 zum sehen &amp; h\u00f6ren","publisher":{"@id":"https:\/\/kulturonline.tv\/de\/#organization"},"potentialAction":[{"@type":"SearchAction","target":{"@type":"EntryPoint","urlTemplate":"https:\/\/kulturonline.tv\/de\/?s={search_term_string}"},"query-input":{"@type":"PropertyValueSpecification","valueRequired":true,"valueName":"search_term_string"}}],"inLanguage":"de"},{"@type":"Organization","@id":"https:\/\/kulturonline.tv\/de\/#organization","name":"Kultur Online TV","url":"https:\/\/kulturonline.tv\/de\/","logo":{"@type":"ImageObject","inLanguage":"de","@id":"https:\/\/kulturonline.tv\/de\/#\/schema\/logo\/image\/","url":"https:\/\/kulturonline.tv\/wp-content\/uploads\/2021\/08\/Kultur-Online-Tv-Logo-Endversion-neu.png","contentUrl":"https:\/\/kulturonline.tv\/wp-content\/uploads\/2021\/08\/Kultur-Online-Tv-Logo-Endversion-neu.png","width":200,"height":200,"caption":"Kultur Online TV"},"image":{"@id":"https:\/\/kulturonline.tv\/de\/#\/schema\/logo\/image\/"},"sameAs":["https:\/\/www.facebook.com\/kulturonline.tv","https:\/\/www.instagram.com\/kulturonline.tv"]},{"@type":"Person","@id":"https:\/\/kulturonline.tv\/de\/#\/schema\/person\/b0fac729bb9a0c193fb1df23449df4fe","name":"guenter.wolfgang"}]}},"_links":{"self":[{"href":"https:\/\/kulturonline.tv\/de\/wp-json\/wp\/v2\/posts\/24956","targetHints":{"allow":["GET"]}}],"collection":[{"href":"https:\/\/kulturonline.tv\/de\/wp-json\/wp\/v2\/posts"}],"about":[{"href":"https:\/\/kulturonline.tv\/de\/wp-json\/wp\/v2\/types\/post"}],"author":[{"embeddable":true,"href":"https:\/\/kulturonline.tv\/de\/wp-json\/wp\/v2\/users\/2"}],"replies":[{"embeddable":true,"href":"https:\/\/kulturonline.tv\/de\/wp-json\/wp\/v2\/comments?post=24956"}],"version-history":[{"count":0,"href":"https:\/\/kulturonline.tv\/de\/wp-json\/wp\/v2\/posts\/24956\/revisions"}],"wp:featuredmedia":[{"embeddable":true,"href":"https:\/\/kulturonline.tv\/de\/wp-json\/wp\/v2\/media\/24959"}],"wp:attachment":[{"href":"https:\/\/kulturonline.tv\/de\/wp-json\/wp\/v2\/media?parent=24956"}],"wp:term":[{"taxonomy":"category","embeddable":true,"href":"https:\/\/kulturonline.tv\/de\/wp-json\/wp\/v2\/categories?post=24956"},{"taxonomy":"post_tag","embeddable":true,"href":"https:\/\/kulturonline.tv\/de\/wp-json\/wp\/v2\/tags?post=24956"}],"curies":[{"name":"wp","href":"https:\/\/api.w.org\/{rel}","templated":true}]}}