{"id":25029,"date":"2022-04-05T09:00:16","date_gmt":"2022-04-05T07:00:16","guid":{"rendered":"https:\/\/kulturonline.tv\/?p=25029"},"modified":"2022-04-05T09:00:18","modified_gmt":"2022-04-05T07:00:18","slug":"theaterskandal-auf-malta","status":"publish","type":"post","link":"https:\/\/kulturonline.tv\/de\/theaterskandal-auf-malta\/","title":{"rendered":"Theaterskandal auf Malta"},"content":{"rendered":"\n<p><strong>Das Nationaltheater von Malta hat nach \u00f6ffentlichem Protest ein St\u00fcck abgesagt, in dem die ermordete Journalistin Daphne Caruana Galizia herabgew\u00fcrdigt wird.<\/strong><\/p>\n\n\n\n<figure class=\"wp-block-image size-full\"><img fetchpriority=\"high\" decoding=\"async\" width=\"937\" height=\"528\" src=\"https:\/\/kulturonline.tv\/wp-content\/uploads\/2022\/04\/Theaterscandal-edited.jpg\" alt=\"\" class=\"wp-image-25032\" srcset=\"https:\/\/kulturonline.tv\/wp-content\/uploads\/2022\/04\/Theaterscandal-edited.jpg 937w, https:\/\/kulturonline.tv\/wp-content\/uploads\/2022\/04\/Theaterscandal-edited-600x338.jpg 600w, https:\/\/kulturonline.tv\/wp-content\/uploads\/2022\/04\/Theaterscandal-edited-800x451.jpg 800w, https:\/\/kulturonline.tv\/wp-content\/uploads\/2022\/04\/Theaterscandal-edited-768x433.jpg 768w\" sizes=\"(max-width: 937px) 100vw, 937px\" \/><\/figure>\n\n\n\n<p>Dargestellt wird sie als b\u00f6sartige, rachs\u00fcchtige Bloggerin. Schauspieler des Nationaltheaters und maltesische Kulturschaffende hatten sich schockiert \u00fcber das Drehbuch gezeigt und die Absetzung des St\u00fccks gefordert. Die Investigativ-Journalistin, die zu Korruption auf Malta recherchiert hatte, war 2017 durch eine Autobombe ermordet worden.<\/p>\n\n\n\n<p>#news #theater #kunst #kultur<\/p>\n","protected":false},"excerpt":{"rendered":"<p>Das Nationaltheater von Malta hat nach \u00f6ffentlichem Protest ein St\u00fcck abgesagt, in dem die ermordete Journalistin Daphne Caruana Galizia herabgew\u00fcrdigt wird. Dargestellt wird sie als b\u00f6sartige, rachs\u00fcchtige Bloggerin. Schauspieler des Nationaltheaters und maltesische Kulturschaffende hatten sich schockiert \u00fcber das Drehbuch gezeigt und die Absetzung des St\u00fccks gefordert. Die Investigativ-Journalistin, die zu Korruption auf Malta recherchiert [&hellip;]<\/p>\n","protected":false},"author":2,"featured_media":25032,"comment_status":"closed","ping_status":"closed","sticky":false,"template":"","format":"standard","meta":{"_acf_changed":false,"footnotes":""},"categories":[105],"tags":[],"class_list":["post-25029","post","type-post","status-publish","format-standard","has-post-thumbnail","hentry","category-theater"],"acf":[],"yoast_head":"<!-- This site is optimized with the Yoast SEO plugin v26.1.1 - https:\/\/yoast.com\/wordpress\/plugins\/seo\/ -->\n<title>Theaterskandal auf Malta - Kultur Online TV &amp; FM<\/title>\n<meta name=\"description\" content=\"Das Nationaltheater von Malta hat nach \u00f6ffentlichem Protest ein St\u00fcck abgesagt, in dem die ermordete Journalistin Daphne Caruana Galizia herabgew\u00fcrdigt wird.\" \/>\n<meta name=\"robots\" content=\"index, follow, max-snippet:-1, max-image-preview:large, max-video-preview:-1\" \/>\n<link rel=\"canonical\" href=\"https:\/\/kulturonline.tv\/de\/theaterskandal-auf-malta\/\" \/>\n<meta property=\"og:locale\" content=\"de_DE\" \/>\n<meta property=\"og:type\" content=\"article\" \/>\n<meta property=\"og:title\" content=\"Theaterskandal auf Malta - Kultur Online TV &amp; FM\" \/>\n<meta property=\"og:description\" content=\"Das Nationaltheater von Malta hat nach \u00f6ffentlichem Protest ein St\u00fcck abgesagt, in dem die ermordete Journalistin Daphne Caruana Galizia herabgew\u00fcrdigt wird.\" \/>\n<meta property=\"og:url\" content=\"https:\/\/kulturonline.tv\/de\/theaterskandal-auf-malta\/\" \/>\n<meta property=\"og:site_name\" content=\"Kultur Online TV &amp; FM\" \/>\n<meta property=\"article:publisher\" content=\"https:\/\/www.facebook.com\/kulturonline.tv\" \/>\n<meta property=\"article:published_time\" content=\"2022-04-05T07:00:16+00:00\" \/>\n<meta property=\"article:modified_time\" content=\"2022-04-05T07:00:18+00:00\" \/>\n<meta property=\"og:image\" content=\"https:\/\/kulturonline.tv\/wp-content\/uploads\/2022\/04\/Theaterscandal-edited.jpg\" \/>\n\t<meta property=\"og:image:width\" content=\"937\" \/>\n\t<meta property=\"og:image:height\" content=\"528\" \/>\n\t<meta property=\"og:image:type\" content=\"image\/jpeg\" \/>\n<meta name=\"author\" content=\"guenter.wolfgang\" \/>\n<meta name=\"twitter:card\" content=\"summary_large_image\" \/>\n<meta name=\"twitter:label1\" content=\"Verfasst von\" \/>\n\t<meta name=\"twitter:data1\" content=\"guenter.wolfgang\" \/>\n\t<meta name=\"twitter:label2\" content=\"Gesch\u00e4tzte Lesezeit\" \/>\n\t<meta name=\"twitter:data2\" content=\"1\u00a0Minute\" \/>\n<script type=\"application\/ld+json\" class=\"yoast-schema-graph\">{\"@context\":\"https:\/\/schema.org\",\"@graph\":[{\"@type\":\"Article\",\"@id\":\"https:\/\/kulturonline.tv\/de\/theaterskandal-auf-malta\/#article\",\"isPartOf\":{\"@id\":\"https:\/\/kulturonline.tv\/de\/theaterskandal-auf-malta\/\"},\"author\":{\"name\":\"guenter.wolfgang\",\"@id\":\"https:\/\/kulturonline.tv\/de\/#\/schema\/person\/b0fac729bb9a0c193fb1df23449df4fe\"},\"headline\":\"Theaterskandal auf Malta\",\"datePublished\":\"2022-04-05T07:00:16+00:00\",\"dateModified\":\"2022-04-05T07:00:18+00:00\",\"mainEntityOfPage\":{\"@id\":\"https:\/\/kulturonline.tv\/de\/theaterskandal-auf-malta\/\"},\"wordCount\":74,\"publisher\":{\"@id\":\"https:\/\/kulturonline.tv\/de\/#organization\"},\"image\":{\"@id\":\"https:\/\/kulturonline.tv\/de\/theaterskandal-auf-malta\/#primaryimage\"},\"thumbnailUrl\":\"https:\/\/kulturonline.tv\/wp-content\/uploads\/2022\/04\/Theaterscandal-edited.jpg\",\"articleSection\":[\"Theater\"],\"inLanguage\":\"de\"},{\"@type\":\"WebPage\",\"@id\":\"https:\/\/kulturonline.tv\/de\/theaterskandal-auf-malta\/\",\"url\":\"https:\/\/kulturonline.tv\/de\/theaterskandal-auf-malta\/\",\"name\":\"Theaterskandal auf Malta - Kultur Online TV &amp; FM\",\"isPartOf\":{\"@id\":\"https:\/\/kulturonline.tv\/de\/#website\"},\"primaryImageOfPage\":{\"@id\":\"https:\/\/kulturonline.tv\/de\/theaterskandal-auf-malta\/#primaryimage\"},\"image\":{\"@id\":\"https:\/\/kulturonline.tv\/de\/theaterskandal-auf-malta\/#primaryimage\"},\"thumbnailUrl\":\"https:\/\/kulturonline.tv\/wp-content\/uploads\/2022\/04\/Theaterscandal-edited.jpg\",\"datePublished\":\"2022-04-05T07:00:16+00:00\",\"dateModified\":\"2022-04-05T07:00:18+00:00\",\"description\":\"Das Nationaltheater von Malta hat nach \u00f6ffentlichem Protest ein St\u00fcck abgesagt, in dem die ermordete Journalistin Daphne Caruana Galizia herabgew\u00fcrdigt wird.\",\"breadcrumb\":{\"@id\":\"https:\/\/kulturonline.tv\/de\/theaterskandal-auf-malta\/#breadcrumb\"},\"inLanguage\":\"de\",\"potentialAction\":[{\"@type\":\"ReadAction\",\"target\":[\"https:\/\/kulturonline.tv\/de\/theaterskandal-auf-malta\/\"]}]},{\"@type\":\"ImageObject\",\"inLanguage\":\"de\",\"@id\":\"https:\/\/kulturonline.tv\/de\/theaterskandal-auf-malta\/#primaryimage\",\"url\":\"https:\/\/kulturonline.tv\/wp-content\/uploads\/2022\/04\/Theaterscandal-edited.jpg\",\"contentUrl\":\"https:\/\/kulturonline.tv\/wp-content\/uploads\/2022\/04\/Theaterscandal-edited.jpg\",\"width\":937,\"height\":528},{\"@type\":\"BreadcrumbList\",\"@id\":\"https:\/\/kulturonline.tv\/de\/theaterskandal-auf-malta\/#breadcrumb\",\"itemListElement\":[{\"@type\":\"ListItem\",\"position\":1,\"name\":\"Startseite\",\"item\":\"https:\/\/kulturonline.tv\/de\/\"},{\"@type\":\"ListItem\",\"position\":2,\"name\":\"Theaterskandal auf Malta\"}]},{\"@type\":\"WebSite\",\"@id\":\"https:\/\/kulturonline.tv\/de\/#website\",\"url\":\"https:\/\/kulturonline.tv\/de\/\",\"name\":\"Kultur Online TV &amp; FM\",\"description\":\"Wir sind Kultur 2.0 zum sehen &amp; h\u00f6ren\",\"publisher\":{\"@id\":\"https:\/\/kulturonline.tv\/de\/#organization\"},\"potentialAction\":[{\"@type\":\"SearchAction\",\"target\":{\"@type\":\"EntryPoint\",\"urlTemplate\":\"https:\/\/kulturonline.tv\/de\/?s={search_term_string}\"},\"query-input\":{\"@type\":\"PropertyValueSpecification\",\"valueRequired\":true,\"valueName\":\"search_term_string\"}}],\"inLanguage\":\"de\"},{\"@type\":\"Organization\",\"@id\":\"https:\/\/kulturonline.tv\/de\/#organization\",\"name\":\"Kultur Online TV\",\"url\":\"https:\/\/kulturonline.tv\/de\/\",\"logo\":{\"@type\":\"ImageObject\",\"inLanguage\":\"de\",\"@id\":\"https:\/\/kulturonline.tv\/de\/#\/schema\/logo\/image\/\",\"url\":\"https:\/\/kulturonline.tv\/wp-content\/uploads\/2021\/08\/Kultur-Online-Tv-Logo-Endversion-neu.png\",\"contentUrl\":\"https:\/\/kulturonline.tv\/wp-content\/uploads\/2021\/08\/Kultur-Online-Tv-Logo-Endversion-neu.png\",\"width\":200,\"height\":200,\"caption\":\"Kultur Online TV\"},\"image\":{\"@id\":\"https:\/\/kulturonline.tv\/de\/#\/schema\/logo\/image\/\"},\"sameAs\":[\"https:\/\/www.facebook.com\/kulturonline.tv\",\"https:\/\/www.instagram.com\/kulturonline.tv\"]},{\"@type\":\"Person\",\"@id\":\"https:\/\/kulturonline.tv\/de\/#\/schema\/person\/b0fac729bb9a0c193fb1df23449df4fe\",\"name\":\"guenter.wolfgang\"}]}<\/script>\n<!-- \/ Yoast SEO plugin. -->","yoast_head_json":{"title":"Theaterskandal auf Malta - Kultur Online TV &amp; FM","description":"Das Nationaltheater von Malta hat nach \u00f6ffentlichem Protest ein St\u00fcck abgesagt, in dem die ermordete Journalistin Daphne Caruana Galizia herabgew\u00fcrdigt wird.","robots":{"index":"index","follow":"follow","max-snippet":"max-snippet:-1","max-image-preview":"max-image-preview:large","max-video-preview":"max-video-preview:-1"},"canonical":"https:\/\/kulturonline.tv\/de\/theaterskandal-auf-malta\/","og_locale":"de_DE","og_type":"article","og_title":"Theaterskandal auf Malta - Kultur Online TV &amp; FM","og_description":"Das Nationaltheater von Malta hat nach \u00f6ffentlichem Protest ein St\u00fcck abgesagt, in dem die ermordete Journalistin Daphne Caruana Galizia herabgew\u00fcrdigt wird.","og_url":"https:\/\/kulturonline.tv\/de\/theaterskandal-auf-malta\/","og_site_name":"Kultur Online TV &amp; FM","article_publisher":"https:\/\/www.facebook.com\/kulturonline.tv","article_published_time":"2022-04-05T07:00:16+00:00","article_modified_time":"2022-04-05T07:00:18+00:00","og_image":[{"width":937,"height":528,"url":"https:\/\/kulturonline.tv\/wp-content\/uploads\/2022\/04\/Theaterscandal-edited.jpg","type":"image\/jpeg"}],"author":"guenter.wolfgang","twitter_card":"summary_large_image","twitter_misc":{"Verfasst von":"guenter.wolfgang","Gesch\u00e4tzte Lesezeit":"1\u00a0Minute"},"schema":{"@context":"https:\/\/schema.org","@graph":[{"@type":"Article","@id":"https:\/\/kulturonline.tv\/de\/theaterskandal-auf-malta\/#article","isPartOf":{"@id":"https:\/\/kulturonline.tv\/de\/theaterskandal-auf-malta\/"},"author":{"name":"guenter.wolfgang","@id":"https:\/\/kulturonline.tv\/de\/#\/schema\/person\/b0fac729bb9a0c193fb1df23449df4fe"},"headline":"Theaterskandal auf Malta","datePublished":"2022-04-05T07:00:16+00:00","dateModified":"2022-04-05T07:00:18+00:00","mainEntityOfPage":{"@id":"https:\/\/kulturonline.tv\/de\/theaterskandal-auf-malta\/"},"wordCount":74,"publisher":{"@id":"https:\/\/kulturonline.tv\/de\/#organization"},"image":{"@id":"https:\/\/kulturonline.tv\/de\/theaterskandal-auf-malta\/#primaryimage"},"thumbnailUrl":"https:\/\/kulturonline.tv\/wp-content\/uploads\/2022\/04\/Theaterscandal-edited.jpg","articleSection":["Theater"],"inLanguage":"de"},{"@type":"WebPage","@id":"https:\/\/kulturonline.tv\/de\/theaterskandal-auf-malta\/","url":"https:\/\/kulturonline.tv\/de\/theaterskandal-auf-malta\/","name":"Theaterskandal auf Malta - Kultur Online TV &amp; FM","isPartOf":{"@id":"https:\/\/kulturonline.tv\/de\/#website"},"primaryImageOfPage":{"@id":"https:\/\/kulturonline.tv\/de\/theaterskandal-auf-malta\/#primaryimage"},"image":{"@id":"https:\/\/kulturonline.tv\/de\/theaterskandal-auf-malta\/#primaryimage"},"thumbnailUrl":"https:\/\/kulturonline.tv\/wp-content\/uploads\/2022\/04\/Theaterscandal-edited.jpg","datePublished":"2022-04-05T07:00:16+00:00","dateModified":"2022-04-05T07:00:18+00:00","description":"Das Nationaltheater von Malta hat nach \u00f6ffentlichem Protest ein St\u00fcck abgesagt, in dem die ermordete Journalistin Daphne Caruana Galizia herabgew\u00fcrdigt wird.","breadcrumb":{"@id":"https:\/\/kulturonline.tv\/de\/theaterskandal-auf-malta\/#breadcrumb"},"inLanguage":"de","potentialAction":[{"@type":"ReadAction","target":["https:\/\/kulturonline.tv\/de\/theaterskandal-auf-malta\/"]}]},{"@type":"ImageObject","inLanguage":"de","@id":"https:\/\/kulturonline.tv\/de\/theaterskandal-auf-malta\/#primaryimage","url":"https:\/\/kulturonline.tv\/wp-content\/uploads\/2022\/04\/Theaterscandal-edited.jpg","contentUrl":"https:\/\/kulturonline.tv\/wp-content\/uploads\/2022\/04\/Theaterscandal-edited.jpg","width":937,"height":528},{"@type":"BreadcrumbList","@id":"https:\/\/kulturonline.tv\/de\/theaterskandal-auf-malta\/#breadcrumb","itemListElement":[{"@type":"ListItem","position":1,"name":"Startseite","item":"https:\/\/kulturonline.tv\/de\/"},{"@type":"ListItem","position":2,"name":"Theaterskandal auf Malta"}]},{"@type":"WebSite","@id":"https:\/\/kulturonline.tv\/de\/#website","url":"https:\/\/kulturonline.tv\/de\/","name":"Kultur Online TV &amp; FM","description":"Wir sind Kultur 2.0 zum sehen &amp; h\u00f6ren","publisher":{"@id":"https:\/\/kulturonline.tv\/de\/#organization"},"potentialAction":[{"@type":"SearchAction","target":{"@type":"EntryPoint","urlTemplate":"https:\/\/kulturonline.tv\/de\/?s={search_term_string}"},"query-input":{"@type":"PropertyValueSpecification","valueRequired":true,"valueName":"search_term_string"}}],"inLanguage":"de"},{"@type":"Organization","@id":"https:\/\/kulturonline.tv\/de\/#organization","name":"Kultur Online TV","url":"https:\/\/kulturonline.tv\/de\/","logo":{"@type":"ImageObject","inLanguage":"de","@id":"https:\/\/kulturonline.tv\/de\/#\/schema\/logo\/image\/","url":"https:\/\/kulturonline.tv\/wp-content\/uploads\/2021\/08\/Kultur-Online-Tv-Logo-Endversion-neu.png","contentUrl":"https:\/\/kulturonline.tv\/wp-content\/uploads\/2021\/08\/Kultur-Online-Tv-Logo-Endversion-neu.png","width":200,"height":200,"caption":"Kultur Online TV"},"image":{"@id":"https:\/\/kulturonline.tv\/de\/#\/schema\/logo\/image\/"},"sameAs":["https:\/\/www.facebook.com\/kulturonline.tv","https:\/\/www.instagram.com\/kulturonline.tv"]},{"@type":"Person","@id":"https:\/\/kulturonline.tv\/de\/#\/schema\/person\/b0fac729bb9a0c193fb1df23449df4fe","name":"guenter.wolfgang"}]}},"_links":{"self":[{"href":"https:\/\/kulturonline.tv\/de\/wp-json\/wp\/v2\/posts\/25029","targetHints":{"allow":["GET"]}}],"collection":[{"href":"https:\/\/kulturonline.tv\/de\/wp-json\/wp\/v2\/posts"}],"about":[{"href":"https:\/\/kulturonline.tv\/de\/wp-json\/wp\/v2\/types\/post"}],"author":[{"embeddable":true,"href":"https:\/\/kulturonline.tv\/de\/wp-json\/wp\/v2\/users\/2"}],"replies":[{"embeddable":true,"href":"https:\/\/kulturonline.tv\/de\/wp-json\/wp\/v2\/comments?post=25029"}],"version-history":[{"count":0,"href":"https:\/\/kulturonline.tv\/de\/wp-json\/wp\/v2\/posts\/25029\/revisions"}],"wp:featuredmedia":[{"embeddable":true,"href":"https:\/\/kulturonline.tv\/de\/wp-json\/wp\/v2\/media\/25032"}],"wp:attachment":[{"href":"https:\/\/kulturonline.tv\/de\/wp-json\/wp\/v2\/media?parent=25029"}],"wp:term":[{"taxonomy":"category","embeddable":true,"href":"https:\/\/kulturonline.tv\/de\/wp-json\/wp\/v2\/categories?post=25029"},{"taxonomy":"post_tag","embeddable":true,"href":"https:\/\/kulturonline.tv\/de\/wp-json\/wp\/v2\/tags?post=25029"}],"curies":[{"name":"wp","href":"https:\/\/api.w.org\/{rel}","templated":true}]}}