{"id":25629,"date":"2022-04-26T08:41:42","date_gmt":"2022-04-26T06:41:42","guid":{"rendered":"https:\/\/kulturonline.tv\/?p=25629"},"modified":"2022-04-26T08:41:43","modified_gmt":"2022-04-26T06:41:43","slug":"kostenloser-meesestand-fuer-ukraine-auf-der-frankfurter-buchmesse","status":"publish","type":"post","link":"https:\/\/kulturonline.tv\/de\/kostenloser-meesestand-fuer-ukraine-auf-der-frankfurter-buchmesse\/","title":{"rendered":"Kostenloser Meesestand f\u00fcr Ukraine auf der Frankfurter Buchmesse"},"content":{"rendered":"\n<p><strong>Die Frankfurter Buchmesse m\u00f6chte ukrainische Literatur weltweit sichtbar machen.<\/strong><\/p>\n\n\n\n<figure class=\"wp-block-image size-full is-resized\"><img fetchpriority=\"high\" decoding=\"async\" src=\"https:\/\/kulturonline.tv\/wp-content\/uploads\/2022\/04\/frankfurter-buchmesse.jpg\" alt=\"\" class=\"wp-image-25631\" width=\"838\" height=\"471\" srcset=\"https:\/\/kulturonline.tv\/wp-content\/uploads\/2022\/04\/frankfurter-buchmesse.jpg 704w, https:\/\/kulturonline.tv\/wp-content\/uploads\/2022\/04\/frankfurter-buchmesse-600x338.jpg 600w\" sizes=\"(max-width: 838px) 100vw, 838px\" \/><\/figure>\n\n\n\n<p>Dazu bietet sie ukrainischen Verlagen im Herbst kostenlos einen Stand in Frankfurt an. Au\u00dferdem reist die Messe mit einer Kollektion von B\u00fcchern ukrainischer Autoren und Illustratoren, die auf Deutsch ver\u00f6ffentlicht wurden, zu anderen Buchmessen in der ganzen Welt. Der Direktor der Frankfurter Buchmesse Juergen Boos sagte, der Krieg lasse unvorstellbare Szenen Realit\u00e4t werden. Das Engagement der ukrainischen Verlags- und Buchhandelsszene habe ihn nachhaltig beeindruckt. Die Kollektion &#8222;Books from Ukraine&#8220; ist auch auf einer gleichnamigen Internetseite zu sehen.<\/p>\n\n\n\n<p>Kultur Online TV<\/p>\n\n\n\n<p>#medien #literatur <\/p>\n","protected":false},"excerpt":{"rendered":"<p>Die Frankfurter Buchmesse m\u00f6chte ukrainische Literatur weltweit sichtbar machen. Dazu bietet sie ukrainischen Verlagen im Herbst kostenlos einen Stand in Frankfurt an. Au\u00dferdem reist die Messe mit einer Kollektion von B\u00fcchern ukrainischer Autoren und Illustratoren, die auf Deutsch ver\u00f6ffentlicht wurden, zu anderen Buchmessen in der ganzen Welt. Der Direktor der Frankfurter Buchmesse Juergen Boos sagte, [&hellip;]<\/p>\n","protected":false},"author":2,"featured_media":25631,"comment_status":"closed","ping_status":"closed","sticky":false,"template":"","format":"standard","meta":{"_acf_changed":false,"footnotes":""},"categories":[106],"tags":[],"class_list":["post-25629","post","type-post","status-publish","format-standard","has-post-thumbnail","hentry","category-literatur"],"acf":[],"yoast_head":"<!-- This site is optimized with the Yoast SEO plugin v26.1.1 - https:\/\/yoast.com\/wordpress\/plugins\/seo\/ -->\n<title>Kostenloser Meesestand f\u00fcr Ukraine auf der Frankfurter Buchmesse - Kultur Online TV &amp; FM<\/title>\n<meta name=\"description\" content=\"Die Frankfurter Buchmesse m\u00f6chte ukrainische Literatur weltweit sichtbar machen.\" \/>\n<meta name=\"robots\" content=\"index, follow, max-snippet:-1, max-image-preview:large, max-video-preview:-1\" \/>\n<link rel=\"canonical\" href=\"https:\/\/kulturonline.tv\/de\/kostenloser-meesestand-fuer-ukraine-auf-der-frankfurter-buchmesse\/\" \/>\n<meta property=\"og:locale\" content=\"de_DE\" \/>\n<meta property=\"og:type\" content=\"article\" \/>\n<meta property=\"og:title\" content=\"Kostenloser Meesestand f\u00fcr Ukraine auf der Frankfurter Buchmesse - Kultur Online TV &amp; FM\" \/>\n<meta property=\"og:description\" content=\"Die Frankfurter Buchmesse m\u00f6chte ukrainische Literatur weltweit sichtbar machen.\" \/>\n<meta property=\"og:url\" content=\"https:\/\/kulturonline.tv\/de\/kostenloser-meesestand-fuer-ukraine-auf-der-frankfurter-buchmesse\/\" \/>\n<meta property=\"og:site_name\" content=\"Kultur Online TV &amp; FM\" \/>\n<meta property=\"article:publisher\" content=\"https:\/\/www.facebook.com\/kulturonline.tv\" \/>\n<meta property=\"article:published_time\" content=\"2022-04-26T06:41:42+00:00\" \/>\n<meta property=\"article:modified_time\" content=\"2022-04-26T06:41:43+00:00\" \/>\n<meta property=\"og:image\" content=\"https:\/\/kulturonline.tv\/wp-content\/uploads\/2022\/04\/frankfurter-buchmesse.jpg\" \/>\n\t<meta property=\"og:image:width\" content=\"704\" \/>\n\t<meta property=\"og:image:height\" content=\"396\" \/>\n\t<meta property=\"og:image:type\" content=\"image\/jpeg\" \/>\n<meta name=\"author\" content=\"guenter.wolfgang\" \/>\n<meta name=\"twitter:card\" content=\"summary_large_image\" \/>\n<meta name=\"twitter:label1\" content=\"Verfasst von\" \/>\n\t<meta name=\"twitter:data1\" content=\"guenter.wolfgang\" \/>\n\t<meta name=\"twitter:label2\" content=\"Gesch\u00e4tzte Lesezeit\" \/>\n\t<meta name=\"twitter:data2\" content=\"1\u00a0Minute\" \/>\n<script type=\"application\/ld+json\" class=\"yoast-schema-graph\">{\"@context\":\"https:\/\/schema.org\",\"@graph\":[{\"@type\":\"Article\",\"@id\":\"https:\/\/kulturonline.tv\/de\/kostenloser-meesestand-fuer-ukraine-auf-der-frankfurter-buchmesse\/#article\",\"isPartOf\":{\"@id\":\"https:\/\/kulturonline.tv\/de\/kostenloser-meesestand-fuer-ukraine-auf-der-frankfurter-buchmesse\/\"},\"author\":{\"name\":\"guenter.wolfgang\",\"@id\":\"https:\/\/kulturonline.tv\/de\/#\/schema\/person\/b0fac729bb9a0c193fb1df23449df4fe\"},\"headline\":\"Kostenloser Meesestand f\u00fcr Ukraine auf der Frankfurter Buchmesse\",\"datePublished\":\"2022-04-26T06:41:42+00:00\",\"dateModified\":\"2022-04-26T06:41:43+00:00\",\"mainEntityOfPage\":{\"@id\":\"https:\/\/kulturonline.tv\/de\/kostenloser-meesestand-fuer-ukraine-auf-der-frankfurter-buchmesse\/\"},\"wordCount\":105,\"publisher\":{\"@id\":\"https:\/\/kulturonline.tv\/de\/#organization\"},\"image\":{\"@id\":\"https:\/\/kulturonline.tv\/de\/kostenloser-meesestand-fuer-ukraine-auf-der-frankfurter-buchmesse\/#primaryimage\"},\"thumbnailUrl\":\"https:\/\/kulturonline.tv\/wp-content\/uploads\/2022\/04\/frankfurter-buchmesse.jpg\",\"articleSection\":[\"Literatur\"],\"inLanguage\":\"de\"},{\"@type\":\"WebPage\",\"@id\":\"https:\/\/kulturonline.tv\/de\/kostenloser-meesestand-fuer-ukraine-auf-der-frankfurter-buchmesse\/\",\"url\":\"https:\/\/kulturonline.tv\/de\/kostenloser-meesestand-fuer-ukraine-auf-der-frankfurter-buchmesse\/\",\"name\":\"Kostenloser Meesestand f\u00fcr Ukraine auf der Frankfurter Buchmesse - Kultur Online TV &amp; FM\",\"isPartOf\":{\"@id\":\"https:\/\/kulturonline.tv\/de\/#website\"},\"primaryImageOfPage\":{\"@id\":\"https:\/\/kulturonline.tv\/de\/kostenloser-meesestand-fuer-ukraine-auf-der-frankfurter-buchmesse\/#primaryimage\"},\"image\":{\"@id\":\"https:\/\/kulturonline.tv\/de\/kostenloser-meesestand-fuer-ukraine-auf-der-frankfurter-buchmesse\/#primaryimage\"},\"thumbnailUrl\":\"https:\/\/kulturonline.tv\/wp-content\/uploads\/2022\/04\/frankfurter-buchmesse.jpg\",\"datePublished\":\"2022-04-26T06:41:42+00:00\",\"dateModified\":\"2022-04-26T06:41:43+00:00\",\"description\":\"Die Frankfurter Buchmesse m\u00f6chte ukrainische Literatur weltweit sichtbar machen.\",\"breadcrumb\":{\"@id\":\"https:\/\/kulturonline.tv\/de\/kostenloser-meesestand-fuer-ukraine-auf-der-frankfurter-buchmesse\/#breadcrumb\"},\"inLanguage\":\"de\",\"potentialAction\":[{\"@type\":\"ReadAction\",\"target\":[\"https:\/\/kulturonline.tv\/de\/kostenloser-meesestand-fuer-ukraine-auf-der-frankfurter-buchmesse\/\"]}]},{\"@type\":\"ImageObject\",\"inLanguage\":\"de\",\"@id\":\"https:\/\/kulturonline.tv\/de\/kostenloser-meesestand-fuer-ukraine-auf-der-frankfurter-buchmesse\/#primaryimage\",\"url\":\"https:\/\/kulturonline.tv\/wp-content\/uploads\/2022\/04\/frankfurter-buchmesse.jpg\",\"contentUrl\":\"https:\/\/kulturonline.tv\/wp-content\/uploads\/2022\/04\/frankfurter-buchmesse.jpg\",\"width\":704,\"height\":396},{\"@type\":\"BreadcrumbList\",\"@id\":\"https:\/\/kulturonline.tv\/de\/kostenloser-meesestand-fuer-ukraine-auf-der-frankfurter-buchmesse\/#breadcrumb\",\"itemListElement\":[{\"@type\":\"ListItem\",\"position\":1,\"name\":\"Startseite\",\"item\":\"https:\/\/kulturonline.tv\/de\/\"},{\"@type\":\"ListItem\",\"position\":2,\"name\":\"Kostenloser Meesestand f\u00fcr Ukraine auf der Frankfurter Buchmesse\"}]},{\"@type\":\"WebSite\",\"@id\":\"https:\/\/kulturonline.tv\/de\/#website\",\"url\":\"https:\/\/kulturonline.tv\/de\/\",\"name\":\"Kultur Online TV &amp; FM\",\"description\":\"Wir sind Kultur 2.0 zum sehen &amp; h\u00f6ren\",\"publisher\":{\"@id\":\"https:\/\/kulturonline.tv\/de\/#organization\"},\"potentialAction\":[{\"@type\":\"SearchAction\",\"target\":{\"@type\":\"EntryPoint\",\"urlTemplate\":\"https:\/\/kulturonline.tv\/de\/?s={search_term_string}\"},\"query-input\":{\"@type\":\"PropertyValueSpecification\",\"valueRequired\":true,\"valueName\":\"search_term_string\"}}],\"inLanguage\":\"de\"},{\"@type\":\"Organization\",\"@id\":\"https:\/\/kulturonline.tv\/de\/#organization\",\"name\":\"Kultur Online TV\",\"url\":\"https:\/\/kulturonline.tv\/de\/\",\"logo\":{\"@type\":\"ImageObject\",\"inLanguage\":\"de\",\"@id\":\"https:\/\/kulturonline.tv\/de\/#\/schema\/logo\/image\/\",\"url\":\"https:\/\/kulturonline.tv\/wp-content\/uploads\/2021\/08\/Kultur-Online-Tv-Logo-Endversion-neu.png\",\"contentUrl\":\"https:\/\/kulturonline.tv\/wp-content\/uploads\/2021\/08\/Kultur-Online-Tv-Logo-Endversion-neu.png\",\"width\":200,\"height\":200,\"caption\":\"Kultur Online TV\"},\"image\":{\"@id\":\"https:\/\/kulturonline.tv\/de\/#\/schema\/logo\/image\/\"},\"sameAs\":[\"https:\/\/www.facebook.com\/kulturonline.tv\",\"https:\/\/www.instagram.com\/kulturonline.tv\"]},{\"@type\":\"Person\",\"@id\":\"https:\/\/kulturonline.tv\/de\/#\/schema\/person\/b0fac729bb9a0c193fb1df23449df4fe\",\"name\":\"guenter.wolfgang\"}]}<\/script>\n<!-- \/ Yoast SEO plugin. -->","yoast_head_json":{"title":"Kostenloser Meesestand f\u00fcr Ukraine auf der Frankfurter Buchmesse - Kultur Online TV &amp; FM","description":"Die Frankfurter Buchmesse m\u00f6chte ukrainische Literatur weltweit sichtbar machen.","robots":{"index":"index","follow":"follow","max-snippet":"max-snippet:-1","max-image-preview":"max-image-preview:large","max-video-preview":"max-video-preview:-1"},"canonical":"https:\/\/kulturonline.tv\/de\/kostenloser-meesestand-fuer-ukraine-auf-der-frankfurter-buchmesse\/","og_locale":"de_DE","og_type":"article","og_title":"Kostenloser Meesestand f\u00fcr Ukraine auf der Frankfurter Buchmesse - Kultur Online TV &amp; FM","og_description":"Die Frankfurter Buchmesse m\u00f6chte ukrainische Literatur weltweit sichtbar machen.","og_url":"https:\/\/kulturonline.tv\/de\/kostenloser-meesestand-fuer-ukraine-auf-der-frankfurter-buchmesse\/","og_site_name":"Kultur Online TV &amp; FM","article_publisher":"https:\/\/www.facebook.com\/kulturonline.tv","article_published_time":"2022-04-26T06:41:42+00:00","article_modified_time":"2022-04-26T06:41:43+00:00","og_image":[{"width":704,"height":396,"url":"https:\/\/kulturonline.tv\/wp-content\/uploads\/2022\/04\/frankfurter-buchmesse.jpg","type":"image\/jpeg"}],"author":"guenter.wolfgang","twitter_card":"summary_large_image","twitter_misc":{"Verfasst von":"guenter.wolfgang","Gesch\u00e4tzte Lesezeit":"1\u00a0Minute"},"schema":{"@context":"https:\/\/schema.org","@graph":[{"@type":"Article","@id":"https:\/\/kulturonline.tv\/de\/kostenloser-meesestand-fuer-ukraine-auf-der-frankfurter-buchmesse\/#article","isPartOf":{"@id":"https:\/\/kulturonline.tv\/de\/kostenloser-meesestand-fuer-ukraine-auf-der-frankfurter-buchmesse\/"},"author":{"name":"guenter.wolfgang","@id":"https:\/\/kulturonline.tv\/de\/#\/schema\/person\/b0fac729bb9a0c193fb1df23449df4fe"},"headline":"Kostenloser Meesestand f\u00fcr Ukraine auf der Frankfurter Buchmesse","datePublished":"2022-04-26T06:41:42+00:00","dateModified":"2022-04-26T06:41:43+00:00","mainEntityOfPage":{"@id":"https:\/\/kulturonline.tv\/de\/kostenloser-meesestand-fuer-ukraine-auf-der-frankfurter-buchmesse\/"},"wordCount":105,"publisher":{"@id":"https:\/\/kulturonline.tv\/de\/#organization"},"image":{"@id":"https:\/\/kulturonline.tv\/de\/kostenloser-meesestand-fuer-ukraine-auf-der-frankfurter-buchmesse\/#primaryimage"},"thumbnailUrl":"https:\/\/kulturonline.tv\/wp-content\/uploads\/2022\/04\/frankfurter-buchmesse.jpg","articleSection":["Literatur"],"inLanguage":"de"},{"@type":"WebPage","@id":"https:\/\/kulturonline.tv\/de\/kostenloser-meesestand-fuer-ukraine-auf-der-frankfurter-buchmesse\/","url":"https:\/\/kulturonline.tv\/de\/kostenloser-meesestand-fuer-ukraine-auf-der-frankfurter-buchmesse\/","name":"Kostenloser Meesestand f\u00fcr Ukraine auf der Frankfurter Buchmesse - Kultur Online TV &amp; FM","isPartOf":{"@id":"https:\/\/kulturonline.tv\/de\/#website"},"primaryImageOfPage":{"@id":"https:\/\/kulturonline.tv\/de\/kostenloser-meesestand-fuer-ukraine-auf-der-frankfurter-buchmesse\/#primaryimage"},"image":{"@id":"https:\/\/kulturonline.tv\/de\/kostenloser-meesestand-fuer-ukraine-auf-der-frankfurter-buchmesse\/#primaryimage"},"thumbnailUrl":"https:\/\/kulturonline.tv\/wp-content\/uploads\/2022\/04\/frankfurter-buchmesse.jpg","datePublished":"2022-04-26T06:41:42+00:00","dateModified":"2022-04-26T06:41:43+00:00","description":"Die Frankfurter Buchmesse m\u00f6chte ukrainische Literatur weltweit sichtbar machen.","breadcrumb":{"@id":"https:\/\/kulturonline.tv\/de\/kostenloser-meesestand-fuer-ukraine-auf-der-frankfurter-buchmesse\/#breadcrumb"},"inLanguage":"de","potentialAction":[{"@type":"ReadAction","target":["https:\/\/kulturonline.tv\/de\/kostenloser-meesestand-fuer-ukraine-auf-der-frankfurter-buchmesse\/"]}]},{"@type":"ImageObject","inLanguage":"de","@id":"https:\/\/kulturonline.tv\/de\/kostenloser-meesestand-fuer-ukraine-auf-der-frankfurter-buchmesse\/#primaryimage","url":"https:\/\/kulturonline.tv\/wp-content\/uploads\/2022\/04\/frankfurter-buchmesse.jpg","contentUrl":"https:\/\/kulturonline.tv\/wp-content\/uploads\/2022\/04\/frankfurter-buchmesse.jpg","width":704,"height":396},{"@type":"BreadcrumbList","@id":"https:\/\/kulturonline.tv\/de\/kostenloser-meesestand-fuer-ukraine-auf-der-frankfurter-buchmesse\/#breadcrumb","itemListElement":[{"@type":"ListItem","position":1,"name":"Startseite","item":"https:\/\/kulturonline.tv\/de\/"},{"@type":"ListItem","position":2,"name":"Kostenloser Meesestand f\u00fcr Ukraine auf der Frankfurter Buchmesse"}]},{"@type":"WebSite","@id":"https:\/\/kulturonline.tv\/de\/#website","url":"https:\/\/kulturonline.tv\/de\/","name":"Kultur Online TV &amp; FM","description":"Wir sind Kultur 2.0 zum sehen &amp; h\u00f6ren","publisher":{"@id":"https:\/\/kulturonline.tv\/de\/#organization"},"potentialAction":[{"@type":"SearchAction","target":{"@type":"EntryPoint","urlTemplate":"https:\/\/kulturonline.tv\/de\/?s={search_term_string}"},"query-input":{"@type":"PropertyValueSpecification","valueRequired":true,"valueName":"search_term_string"}}],"inLanguage":"de"},{"@type":"Organization","@id":"https:\/\/kulturonline.tv\/de\/#organization","name":"Kultur Online TV","url":"https:\/\/kulturonline.tv\/de\/","logo":{"@type":"ImageObject","inLanguage":"de","@id":"https:\/\/kulturonline.tv\/de\/#\/schema\/logo\/image\/","url":"https:\/\/kulturonline.tv\/wp-content\/uploads\/2021\/08\/Kultur-Online-Tv-Logo-Endversion-neu.png","contentUrl":"https:\/\/kulturonline.tv\/wp-content\/uploads\/2021\/08\/Kultur-Online-Tv-Logo-Endversion-neu.png","width":200,"height":200,"caption":"Kultur Online TV"},"image":{"@id":"https:\/\/kulturonline.tv\/de\/#\/schema\/logo\/image\/"},"sameAs":["https:\/\/www.facebook.com\/kulturonline.tv","https:\/\/www.instagram.com\/kulturonline.tv"]},{"@type":"Person","@id":"https:\/\/kulturonline.tv\/de\/#\/schema\/person\/b0fac729bb9a0c193fb1df23449df4fe","name":"guenter.wolfgang"}]}},"_links":{"self":[{"href":"https:\/\/kulturonline.tv\/de\/wp-json\/wp\/v2\/posts\/25629","targetHints":{"allow":["GET"]}}],"collection":[{"href":"https:\/\/kulturonline.tv\/de\/wp-json\/wp\/v2\/posts"}],"about":[{"href":"https:\/\/kulturonline.tv\/de\/wp-json\/wp\/v2\/types\/post"}],"author":[{"embeddable":true,"href":"https:\/\/kulturonline.tv\/de\/wp-json\/wp\/v2\/users\/2"}],"replies":[{"embeddable":true,"href":"https:\/\/kulturonline.tv\/de\/wp-json\/wp\/v2\/comments?post=25629"}],"version-history":[{"count":0,"href":"https:\/\/kulturonline.tv\/de\/wp-json\/wp\/v2\/posts\/25629\/revisions"}],"wp:featuredmedia":[{"embeddable":true,"href":"https:\/\/kulturonline.tv\/de\/wp-json\/wp\/v2\/media\/25631"}],"wp:attachment":[{"href":"https:\/\/kulturonline.tv\/de\/wp-json\/wp\/v2\/media?parent=25629"}],"wp:term":[{"taxonomy":"category","embeddable":true,"href":"https:\/\/kulturonline.tv\/de\/wp-json\/wp\/v2\/categories?post=25629"},{"taxonomy":"post_tag","embeddable":true,"href":"https:\/\/kulturonline.tv\/de\/wp-json\/wp\/v2\/tags?post=25629"}],"curies":[{"name":"wp","href":"https:\/\/api.w.org\/{rel}","templated":true}]}}