{"id":25635,"date":"2022-04-26T08:45:13","date_gmt":"2022-04-26T06:45:13","guid":{"rendered":"https:\/\/kulturonline.tv\/?p=25635"},"modified":"2022-04-26T08:45:15","modified_gmt":"2022-04-26T06:45:15","slug":"venedig-setzt-auf-diversitaet","status":"publish","type":"post","link":"https:\/\/kulturonline.tv\/de\/venedig-setzt-auf-diversitaet\/","title":{"rendered":"Venedig setzt auf Diversit\u00e4t"},"content":{"rendered":"\n<p>Die Kunstbiennale in Venedig hat zwei ihrer goldenen L\u00f6wen an K\u00fcnstlerinnen der Black Community vergeben.<\/p>\n\n\n\n<figure class=\"wp-block-image size-full\"><img fetchpriority=\"high\" decoding=\"async\" width=\"1100\" height=\"618\" src=\"https:\/\/kulturonline.tv\/wp-content\/uploads\/2022\/04\/Venedig-Kultur-Online-TV-edited.jpg\" alt=\"\" class=\"wp-image-25638\" srcset=\"https:\/\/kulturonline.tv\/wp-content\/uploads\/2022\/04\/Venedig-Kultur-Online-TV-edited.jpg 1100w, https:\/\/kulturonline.tv\/wp-content\/uploads\/2022\/04\/Venedig-Kultur-Online-TV-edited-600x337.jpg 600w, https:\/\/kulturonline.tv\/wp-content\/uploads\/2022\/04\/Venedig-Kultur-Online-TV-edited-800x449.jpg 800w, https:\/\/kulturonline.tv\/wp-content\/uploads\/2022\/04\/Venedig-Kultur-Online-TV-edited-768x431.jpg 768w\" sizes=\"(max-width: 1100px) 100vw, 1100px\" \/><\/figure>\n\n\n\n<p>Der Schau war in den vergangenen Monaten zu wenig Diversit\u00e4t vorgeworfen worden. Dagegen hat die Jury jetzt Zeichen gesetzt: mit Auszeichnungen f\u00fcr die Britin Sonia Boyce und die US-Amerikanerin Simone Leigh. Besonders erw\u00e4hnt wurden der L\u00e4nderpavillion aus dem erstmals vertretenen Uganda und der libanesische K\u00fcnstler Ali Cherri. Die D\u00fcsseldorfer K\u00fcnstlerin Katharina Fritsch bekam einen Goldenen L\u00f6wen f\u00fcr ihr Lebenswerk. Der deutsche Pavillion blieb ohne Auszeichnung.<\/p>\n\n\n\n<p>Kultur Online TV<\/p>\n\n\n\n<p>#kunst #kultur #news<\/p>\n","protected":false},"excerpt":{"rendered":"<p>Die Kunstbiennale in Venedig hat zwei ihrer goldenen L\u00f6wen an K\u00fcnstlerinnen der Black Community vergeben. Der Schau war in den vergangenen Monaten zu wenig Diversit\u00e4t vorgeworfen worden. Dagegen hat die Jury jetzt Zeichen gesetzt: mit Auszeichnungen f\u00fcr die Britin Sonia Boyce und die US-Amerikanerin Simone Leigh. Besonders erw\u00e4hnt wurden der L\u00e4nderpavillion aus dem erstmals vertretenen [&hellip;]<\/p>\n","protected":false},"author":2,"featured_media":25638,"comment_status":"closed","ping_status":"closed","sticky":false,"template":"","format":"standard","meta":{"_acf_changed":false,"footnotes":""},"categories":[21],"tags":[],"class_list":["post-25635","post","type-post","status-publish","format-standard","has-post-thumbnail","hentry","category-kultur"],"acf":[],"yoast_head":"<!-- This site is optimized with the Yoast SEO plugin v26.1.1 - https:\/\/yoast.com\/wordpress\/plugins\/seo\/ -->\n<title>Venedig setzt auf Diversit\u00e4t - Kultur Online TV &amp; FM<\/title>\n<meta name=\"description\" content=\"Die Kunstbiennale in Venedig hat zwei ihrer goldenen L\u00f6wen an K\u00fcnstlerinnen der Black Community vergeben.\" \/>\n<meta name=\"robots\" content=\"index, follow, max-snippet:-1, max-image-preview:large, max-video-preview:-1\" \/>\n<link rel=\"canonical\" href=\"https:\/\/kulturonline.tv\/de\/venedig-setzt-auf-diversitaet\/\" \/>\n<meta property=\"og:locale\" content=\"de_DE\" \/>\n<meta property=\"og:type\" content=\"article\" \/>\n<meta property=\"og:title\" content=\"Venedig setzt auf Diversit\u00e4t - Kultur Online TV &amp; FM\" \/>\n<meta property=\"og:description\" content=\"Die Kunstbiennale in Venedig hat zwei ihrer goldenen L\u00f6wen an K\u00fcnstlerinnen der Black Community vergeben.\" \/>\n<meta property=\"og:url\" content=\"https:\/\/kulturonline.tv\/de\/venedig-setzt-auf-diversitaet\/\" \/>\n<meta property=\"og:site_name\" content=\"Kultur Online TV &amp; FM\" \/>\n<meta property=\"article:publisher\" content=\"https:\/\/www.facebook.com\/kulturonline.tv\" \/>\n<meta property=\"article:published_time\" content=\"2022-04-26T06:45:13+00:00\" \/>\n<meta property=\"article:modified_time\" content=\"2022-04-26T06:45:15+00:00\" \/>\n<meta property=\"og:image\" content=\"https:\/\/kulturonline.tv\/wp-content\/uploads\/2022\/04\/Venedig-Kultur-Online-TV-edited.jpg\" \/>\n\t<meta property=\"og:image:width\" content=\"1100\" \/>\n\t<meta property=\"og:image:height\" content=\"618\" \/>\n\t<meta property=\"og:image:type\" content=\"image\/jpeg\" \/>\n<meta name=\"author\" content=\"guenter.wolfgang\" \/>\n<meta name=\"twitter:card\" content=\"summary_large_image\" \/>\n<meta name=\"twitter:label1\" content=\"Verfasst von\" \/>\n\t<meta name=\"twitter:data1\" content=\"guenter.wolfgang\" \/>\n\t<meta name=\"twitter:label2\" content=\"Gesch\u00e4tzte Lesezeit\" \/>\n\t<meta name=\"twitter:data2\" content=\"1\u00a0Minute\" \/>\n<script type=\"application\/ld+json\" class=\"yoast-schema-graph\">{\"@context\":\"https:\/\/schema.org\",\"@graph\":[{\"@type\":\"Article\",\"@id\":\"https:\/\/kulturonline.tv\/de\/venedig-setzt-auf-diversitaet\/#article\",\"isPartOf\":{\"@id\":\"https:\/\/kulturonline.tv\/de\/venedig-setzt-auf-diversitaet\/\"},\"author\":{\"name\":\"guenter.wolfgang\",\"@id\":\"https:\/\/kulturonline.tv\/de\/#\/schema\/person\/b0fac729bb9a0c193fb1df23449df4fe\"},\"headline\":\"Venedig setzt auf Diversit\u00e4t\",\"datePublished\":\"2022-04-26T06:45:13+00:00\",\"dateModified\":\"2022-04-26T06:45:15+00:00\",\"mainEntityOfPage\":{\"@id\":\"https:\/\/kulturonline.tv\/de\/venedig-setzt-auf-diversitaet\/\"},\"wordCount\":102,\"publisher\":{\"@id\":\"https:\/\/kulturonline.tv\/de\/#organization\"},\"image\":{\"@id\":\"https:\/\/kulturonline.tv\/de\/venedig-setzt-auf-diversitaet\/#primaryimage\"},\"thumbnailUrl\":\"https:\/\/kulturonline.tv\/wp-content\/uploads\/2022\/04\/Venedig-Kultur-Online-TV-edited.jpg\",\"articleSection\":[\"Kultur\"],\"inLanguage\":\"de\"},{\"@type\":\"WebPage\",\"@id\":\"https:\/\/kulturonline.tv\/de\/venedig-setzt-auf-diversitaet\/\",\"url\":\"https:\/\/kulturonline.tv\/de\/venedig-setzt-auf-diversitaet\/\",\"name\":\"Venedig setzt auf Diversit\u00e4t - Kultur Online TV &amp; FM\",\"isPartOf\":{\"@id\":\"https:\/\/kulturonline.tv\/de\/#website\"},\"primaryImageOfPage\":{\"@id\":\"https:\/\/kulturonline.tv\/de\/venedig-setzt-auf-diversitaet\/#primaryimage\"},\"image\":{\"@id\":\"https:\/\/kulturonline.tv\/de\/venedig-setzt-auf-diversitaet\/#primaryimage\"},\"thumbnailUrl\":\"https:\/\/kulturonline.tv\/wp-content\/uploads\/2022\/04\/Venedig-Kultur-Online-TV-edited.jpg\",\"datePublished\":\"2022-04-26T06:45:13+00:00\",\"dateModified\":\"2022-04-26T06:45:15+00:00\",\"description\":\"Die Kunstbiennale in Venedig hat zwei ihrer goldenen L\u00f6wen an K\u00fcnstlerinnen der Black Community vergeben.\",\"breadcrumb\":{\"@id\":\"https:\/\/kulturonline.tv\/de\/venedig-setzt-auf-diversitaet\/#breadcrumb\"},\"inLanguage\":\"de\",\"potentialAction\":[{\"@type\":\"ReadAction\",\"target\":[\"https:\/\/kulturonline.tv\/de\/venedig-setzt-auf-diversitaet\/\"]}]},{\"@type\":\"ImageObject\",\"inLanguage\":\"de\",\"@id\":\"https:\/\/kulturonline.tv\/de\/venedig-setzt-auf-diversitaet\/#primaryimage\",\"url\":\"https:\/\/kulturonline.tv\/wp-content\/uploads\/2022\/04\/Venedig-Kultur-Online-TV-edited.jpg\",\"contentUrl\":\"https:\/\/kulturonline.tv\/wp-content\/uploads\/2022\/04\/Venedig-Kultur-Online-TV-edited.jpg\",\"width\":1100,\"height\":618},{\"@type\":\"BreadcrumbList\",\"@id\":\"https:\/\/kulturonline.tv\/de\/venedig-setzt-auf-diversitaet\/#breadcrumb\",\"itemListElement\":[{\"@type\":\"ListItem\",\"position\":1,\"name\":\"Startseite\",\"item\":\"https:\/\/kulturonline.tv\/de\/\"},{\"@type\":\"ListItem\",\"position\":2,\"name\":\"Venedig setzt auf Diversit\u00e4t\"}]},{\"@type\":\"WebSite\",\"@id\":\"https:\/\/kulturonline.tv\/de\/#website\",\"url\":\"https:\/\/kulturonline.tv\/de\/\",\"name\":\"Kultur Online TV &amp; FM\",\"description\":\"Wir sind Kultur 2.0 zum sehen &amp; h\u00f6ren\",\"publisher\":{\"@id\":\"https:\/\/kulturonline.tv\/de\/#organization\"},\"potentialAction\":[{\"@type\":\"SearchAction\",\"target\":{\"@type\":\"EntryPoint\",\"urlTemplate\":\"https:\/\/kulturonline.tv\/de\/?s={search_term_string}\"},\"query-input\":{\"@type\":\"PropertyValueSpecification\",\"valueRequired\":true,\"valueName\":\"search_term_string\"}}],\"inLanguage\":\"de\"},{\"@type\":\"Organization\",\"@id\":\"https:\/\/kulturonline.tv\/de\/#organization\",\"name\":\"Kultur Online TV\",\"url\":\"https:\/\/kulturonline.tv\/de\/\",\"logo\":{\"@type\":\"ImageObject\",\"inLanguage\":\"de\",\"@id\":\"https:\/\/kulturonline.tv\/de\/#\/schema\/logo\/image\/\",\"url\":\"https:\/\/kulturonline.tv\/wp-content\/uploads\/2021\/08\/Kultur-Online-Tv-Logo-Endversion-neu.png\",\"contentUrl\":\"https:\/\/kulturonline.tv\/wp-content\/uploads\/2021\/08\/Kultur-Online-Tv-Logo-Endversion-neu.png\",\"width\":200,\"height\":200,\"caption\":\"Kultur Online TV\"},\"image\":{\"@id\":\"https:\/\/kulturonline.tv\/de\/#\/schema\/logo\/image\/\"},\"sameAs\":[\"https:\/\/www.facebook.com\/kulturonline.tv\",\"https:\/\/www.instagram.com\/kulturonline.tv\"]},{\"@type\":\"Person\",\"@id\":\"https:\/\/kulturonline.tv\/de\/#\/schema\/person\/b0fac729bb9a0c193fb1df23449df4fe\",\"name\":\"guenter.wolfgang\"}]}<\/script>\n<!-- \/ Yoast SEO plugin. -->","yoast_head_json":{"title":"Venedig setzt auf Diversit\u00e4t - Kultur Online TV &amp; FM","description":"Die Kunstbiennale in Venedig hat zwei ihrer goldenen L\u00f6wen an K\u00fcnstlerinnen der Black Community vergeben.","robots":{"index":"index","follow":"follow","max-snippet":"max-snippet:-1","max-image-preview":"max-image-preview:large","max-video-preview":"max-video-preview:-1"},"canonical":"https:\/\/kulturonline.tv\/de\/venedig-setzt-auf-diversitaet\/","og_locale":"de_DE","og_type":"article","og_title":"Venedig setzt auf Diversit\u00e4t - Kultur Online TV &amp; FM","og_description":"Die Kunstbiennale in Venedig hat zwei ihrer goldenen L\u00f6wen an K\u00fcnstlerinnen der Black Community vergeben.","og_url":"https:\/\/kulturonline.tv\/de\/venedig-setzt-auf-diversitaet\/","og_site_name":"Kultur Online TV &amp; FM","article_publisher":"https:\/\/www.facebook.com\/kulturonline.tv","article_published_time":"2022-04-26T06:45:13+00:00","article_modified_time":"2022-04-26T06:45:15+00:00","og_image":[{"width":1100,"height":618,"url":"https:\/\/kulturonline.tv\/wp-content\/uploads\/2022\/04\/Venedig-Kultur-Online-TV-edited.jpg","type":"image\/jpeg"}],"author":"guenter.wolfgang","twitter_card":"summary_large_image","twitter_misc":{"Verfasst von":"guenter.wolfgang","Gesch\u00e4tzte Lesezeit":"1\u00a0Minute"},"schema":{"@context":"https:\/\/schema.org","@graph":[{"@type":"Article","@id":"https:\/\/kulturonline.tv\/de\/venedig-setzt-auf-diversitaet\/#article","isPartOf":{"@id":"https:\/\/kulturonline.tv\/de\/venedig-setzt-auf-diversitaet\/"},"author":{"name":"guenter.wolfgang","@id":"https:\/\/kulturonline.tv\/de\/#\/schema\/person\/b0fac729bb9a0c193fb1df23449df4fe"},"headline":"Venedig setzt auf Diversit\u00e4t","datePublished":"2022-04-26T06:45:13+00:00","dateModified":"2022-04-26T06:45:15+00:00","mainEntityOfPage":{"@id":"https:\/\/kulturonline.tv\/de\/venedig-setzt-auf-diversitaet\/"},"wordCount":102,"publisher":{"@id":"https:\/\/kulturonline.tv\/de\/#organization"},"image":{"@id":"https:\/\/kulturonline.tv\/de\/venedig-setzt-auf-diversitaet\/#primaryimage"},"thumbnailUrl":"https:\/\/kulturonline.tv\/wp-content\/uploads\/2022\/04\/Venedig-Kultur-Online-TV-edited.jpg","articleSection":["Kultur"],"inLanguage":"de"},{"@type":"WebPage","@id":"https:\/\/kulturonline.tv\/de\/venedig-setzt-auf-diversitaet\/","url":"https:\/\/kulturonline.tv\/de\/venedig-setzt-auf-diversitaet\/","name":"Venedig setzt auf Diversit\u00e4t - Kultur Online TV &amp; FM","isPartOf":{"@id":"https:\/\/kulturonline.tv\/de\/#website"},"primaryImageOfPage":{"@id":"https:\/\/kulturonline.tv\/de\/venedig-setzt-auf-diversitaet\/#primaryimage"},"image":{"@id":"https:\/\/kulturonline.tv\/de\/venedig-setzt-auf-diversitaet\/#primaryimage"},"thumbnailUrl":"https:\/\/kulturonline.tv\/wp-content\/uploads\/2022\/04\/Venedig-Kultur-Online-TV-edited.jpg","datePublished":"2022-04-26T06:45:13+00:00","dateModified":"2022-04-26T06:45:15+00:00","description":"Die Kunstbiennale in Venedig hat zwei ihrer goldenen L\u00f6wen an K\u00fcnstlerinnen der Black Community vergeben.","breadcrumb":{"@id":"https:\/\/kulturonline.tv\/de\/venedig-setzt-auf-diversitaet\/#breadcrumb"},"inLanguage":"de","potentialAction":[{"@type":"ReadAction","target":["https:\/\/kulturonline.tv\/de\/venedig-setzt-auf-diversitaet\/"]}]},{"@type":"ImageObject","inLanguage":"de","@id":"https:\/\/kulturonline.tv\/de\/venedig-setzt-auf-diversitaet\/#primaryimage","url":"https:\/\/kulturonline.tv\/wp-content\/uploads\/2022\/04\/Venedig-Kultur-Online-TV-edited.jpg","contentUrl":"https:\/\/kulturonline.tv\/wp-content\/uploads\/2022\/04\/Venedig-Kultur-Online-TV-edited.jpg","width":1100,"height":618},{"@type":"BreadcrumbList","@id":"https:\/\/kulturonline.tv\/de\/venedig-setzt-auf-diversitaet\/#breadcrumb","itemListElement":[{"@type":"ListItem","position":1,"name":"Startseite","item":"https:\/\/kulturonline.tv\/de\/"},{"@type":"ListItem","position":2,"name":"Venedig setzt auf Diversit\u00e4t"}]},{"@type":"WebSite","@id":"https:\/\/kulturonline.tv\/de\/#website","url":"https:\/\/kulturonline.tv\/de\/","name":"Kultur Online TV &amp; FM","description":"Wir sind Kultur 2.0 zum sehen &amp; h\u00f6ren","publisher":{"@id":"https:\/\/kulturonline.tv\/de\/#organization"},"potentialAction":[{"@type":"SearchAction","target":{"@type":"EntryPoint","urlTemplate":"https:\/\/kulturonline.tv\/de\/?s={search_term_string}"},"query-input":{"@type":"PropertyValueSpecification","valueRequired":true,"valueName":"search_term_string"}}],"inLanguage":"de"},{"@type":"Organization","@id":"https:\/\/kulturonline.tv\/de\/#organization","name":"Kultur Online TV","url":"https:\/\/kulturonline.tv\/de\/","logo":{"@type":"ImageObject","inLanguage":"de","@id":"https:\/\/kulturonline.tv\/de\/#\/schema\/logo\/image\/","url":"https:\/\/kulturonline.tv\/wp-content\/uploads\/2021\/08\/Kultur-Online-Tv-Logo-Endversion-neu.png","contentUrl":"https:\/\/kulturonline.tv\/wp-content\/uploads\/2021\/08\/Kultur-Online-Tv-Logo-Endversion-neu.png","width":200,"height":200,"caption":"Kultur Online TV"},"image":{"@id":"https:\/\/kulturonline.tv\/de\/#\/schema\/logo\/image\/"},"sameAs":["https:\/\/www.facebook.com\/kulturonline.tv","https:\/\/www.instagram.com\/kulturonline.tv"]},{"@type":"Person","@id":"https:\/\/kulturonline.tv\/de\/#\/schema\/person\/b0fac729bb9a0c193fb1df23449df4fe","name":"guenter.wolfgang"}]}},"_links":{"self":[{"href":"https:\/\/kulturonline.tv\/de\/wp-json\/wp\/v2\/posts\/25635","targetHints":{"allow":["GET"]}}],"collection":[{"href":"https:\/\/kulturonline.tv\/de\/wp-json\/wp\/v2\/posts"}],"about":[{"href":"https:\/\/kulturonline.tv\/de\/wp-json\/wp\/v2\/types\/post"}],"author":[{"embeddable":true,"href":"https:\/\/kulturonline.tv\/de\/wp-json\/wp\/v2\/users\/2"}],"replies":[{"embeddable":true,"href":"https:\/\/kulturonline.tv\/de\/wp-json\/wp\/v2\/comments?post=25635"}],"version-history":[{"count":0,"href":"https:\/\/kulturonline.tv\/de\/wp-json\/wp\/v2\/posts\/25635\/revisions"}],"wp:featuredmedia":[{"embeddable":true,"href":"https:\/\/kulturonline.tv\/de\/wp-json\/wp\/v2\/media\/25638"}],"wp:attachment":[{"href":"https:\/\/kulturonline.tv\/de\/wp-json\/wp\/v2\/media?parent=25635"}],"wp:term":[{"taxonomy":"category","embeddable":true,"href":"https:\/\/kulturonline.tv\/de\/wp-json\/wp\/v2\/categories?post=25635"},{"taxonomy":"post_tag","embeddable":true,"href":"https:\/\/kulturonline.tv\/de\/wp-json\/wp\/v2\/tags?post=25635"}],"curies":[{"name":"wp","href":"https:\/\/api.w.org\/{rel}","templated":true}]}}