{"id":25648,"date":"2022-04-26T08:56:33","date_gmt":"2022-04-26T06:56:33","guid":{"rendered":"https:\/\/kulturonline.tv\/?p=25648"},"modified":"2022-04-26T08:56:34","modified_gmt":"2022-04-26T06:56:34","slug":"neumeiers-ballettschule-nimmt-ukrainische-kinder-auf","status":"publish","type":"post","link":"https:\/\/kulturonline.tv\/de\/neumeiers-ballettschule-nimmt-ukrainische-kinder-auf\/","title":{"rendered":"Neumeiers Ballettschule nimmt ukrainische Kinder auf"},"content":{"rendered":"\n<p><strong>Die Hamburger Ballettschule des Choreografen John Neumeier hat zehn ukrainische Kinder aufgenommen.<\/strong><\/p>\n\n\n\n<figure class=\"wp-block-image size-large\"><img fetchpriority=\"high\" decoding=\"async\" width=\"1920\" height=\"1078\" src=\"https:\/\/kulturonline.tv\/wp-content\/uploads\/2022\/04\/ballett-edited.jpg\" alt=\"\" class=\"wp-image-25651\" srcset=\"https:\/\/kulturonline.tv\/wp-content\/uploads\/2022\/04\/ballett-edited.jpg 1920w, https:\/\/kulturonline.tv\/wp-content\/uploads\/2022\/04\/ballett-edited-600x337.jpg 600w, https:\/\/kulturonline.tv\/wp-content\/uploads\/2022\/04\/ballett-edited-800x449.jpg 800w, https:\/\/kulturonline.tv\/wp-content\/uploads\/2022\/04\/ballett-edited-1600x898.jpg 1600w, https:\/\/kulturonline.tv\/wp-content\/uploads\/2022\/04\/ballett-edited-768x431.jpg 768w, https:\/\/kulturonline.tv\/wp-content\/uploads\/2022\/04\/ballett-edited-1536x862.jpg 1536w\" sizes=\"(max-width: 1920px) 100vw, 1920px\" \/><\/figure>\n\n\n\n<p>Die M\u00e4dchen und Jungen sind den Angaben nach zwischen sechs bis dreizehn Jahren alt und haben bereits Tanzerfahrung. Laut der p\u00e4dagogischen Leiterin der Schule, Gigi Hyatt, sind die Kontakte zum Teil \u00fcber ukrainischst\u00e4mmige T\u00e4nzer und T\u00e4nzerinnen des Hamburger Balletts zustande gekommen. Die gemeinsame Sprache des Balletts mache es den Kindern leicht, sich in der neuen Umgebung zuhause zu f\u00fchlen. Am 30 April plant das John-Neumeier-Ballettzentrum eine Auff\u00fchrung in der Hamburger Staatsoper, bei der auch die neuen Sch\u00fcler und Sch\u00fclerinnen mitwirken sollen.<\/p>\n\n\n\n<p>Kultur Online TV<\/p>\n\n\n\n<p>#news #kultur <\/p>\n","protected":false},"excerpt":{"rendered":"<p>Die Hamburger Ballettschule des Choreografen John Neumeier hat zehn ukrainische Kinder aufgenommen. Die M\u00e4dchen und Jungen sind den Angaben nach zwischen sechs bis dreizehn Jahren alt und haben bereits Tanzerfahrung. Laut der p\u00e4dagogischen Leiterin der Schule, Gigi Hyatt, sind die Kontakte zum Teil \u00fcber ukrainischst\u00e4mmige T\u00e4nzer und T\u00e4nzerinnen des Hamburger Balletts zustande gekommen. Die gemeinsame [&hellip;]<\/p>\n","protected":false},"author":2,"featured_media":25651,"comment_status":"closed","ping_status":"closed","sticky":false,"template":"","format":"standard","meta":{"_acf_changed":false,"footnotes":""},"categories":[3],"tags":[],"class_list":["post-25648","post","type-post","status-publish","format-standard","has-post-thumbnail","hentry","category-newsflash"],"acf":[],"yoast_head":"<!-- This site is optimized with the Yoast SEO plugin v26.1.1 - https:\/\/yoast.com\/wordpress\/plugins\/seo\/ -->\n<title>Neumeiers Ballettschule nimmt ukrainische Kinder auf - Kultur Online TV &amp; FM<\/title>\n<meta name=\"description\" content=\"Die Hamburger Ballettschule des Choreografen John Neumeier hat zehn ukrainische Kinder aufgenommen.\" \/>\n<meta name=\"robots\" content=\"index, follow, max-snippet:-1, max-image-preview:large, max-video-preview:-1\" \/>\n<link rel=\"canonical\" href=\"https:\/\/kulturonline.tv\/de\/neumeiers-ballettschule-nimmt-ukrainische-kinder-auf\/\" \/>\n<meta property=\"og:locale\" content=\"de_DE\" \/>\n<meta property=\"og:type\" content=\"article\" \/>\n<meta property=\"og:title\" content=\"Neumeiers Ballettschule nimmt ukrainische Kinder auf - Kultur Online TV &amp; FM\" \/>\n<meta property=\"og:description\" content=\"Die Hamburger Ballettschule des Choreografen John Neumeier hat zehn ukrainische Kinder aufgenommen.\" \/>\n<meta property=\"og:url\" content=\"https:\/\/kulturonline.tv\/de\/neumeiers-ballettschule-nimmt-ukrainische-kinder-auf\/\" \/>\n<meta property=\"og:site_name\" content=\"Kultur Online TV &amp; FM\" \/>\n<meta property=\"article:publisher\" content=\"https:\/\/www.facebook.com\/kulturonline.tv\" \/>\n<meta property=\"article:published_time\" content=\"2022-04-26T06:56:33+00:00\" \/>\n<meta property=\"article:modified_time\" content=\"2022-04-26T06:56:34+00:00\" \/>\n<meta property=\"og:image\" content=\"https:\/\/kulturonline.tv\/wp-content\/uploads\/2022\/04\/ballett-edited.jpg\" \/>\n\t<meta property=\"og:image:width\" content=\"1920\" \/>\n\t<meta property=\"og:image:height\" content=\"1078\" \/>\n\t<meta property=\"og:image:type\" content=\"image\/jpeg\" \/>\n<meta name=\"author\" content=\"guenter.wolfgang\" \/>\n<meta name=\"twitter:card\" content=\"summary_large_image\" \/>\n<meta name=\"twitter:label1\" content=\"Verfasst von\" \/>\n\t<meta name=\"twitter:data1\" content=\"guenter.wolfgang\" \/>\n\t<meta name=\"twitter:label2\" content=\"Gesch\u00e4tzte Lesezeit\" \/>\n\t<meta name=\"twitter:data2\" content=\"1\u00a0Minute\" \/>\n<script type=\"application\/ld+json\" class=\"yoast-schema-graph\">{\"@context\":\"https:\/\/schema.org\",\"@graph\":[{\"@type\":\"Article\",\"@id\":\"https:\/\/kulturonline.tv\/de\/neumeiers-ballettschule-nimmt-ukrainische-kinder-auf\/#article\",\"isPartOf\":{\"@id\":\"https:\/\/kulturonline.tv\/de\/neumeiers-ballettschule-nimmt-ukrainische-kinder-auf\/\"},\"author\":{\"name\":\"guenter.wolfgang\",\"@id\":\"https:\/\/kulturonline.tv\/de\/#\/schema\/person\/b0fac729bb9a0c193fb1df23449df4fe\"},\"headline\":\"Neumeiers Ballettschule nimmt ukrainische Kinder auf\",\"datePublished\":\"2022-04-26T06:56:33+00:00\",\"dateModified\":\"2022-04-26T06:56:34+00:00\",\"mainEntityOfPage\":{\"@id\":\"https:\/\/kulturonline.tv\/de\/neumeiers-ballettschule-nimmt-ukrainische-kinder-auf\/\"},\"wordCount\":112,\"publisher\":{\"@id\":\"https:\/\/kulturonline.tv\/de\/#organization\"},\"image\":{\"@id\":\"https:\/\/kulturonline.tv\/de\/neumeiers-ballettschule-nimmt-ukrainische-kinder-auf\/#primaryimage\"},\"thumbnailUrl\":\"https:\/\/kulturonline.tv\/wp-content\/uploads\/2022\/04\/ballett-edited.jpg\",\"articleSection\":[\"Newsflash\"],\"inLanguage\":\"de\"},{\"@type\":\"WebPage\",\"@id\":\"https:\/\/kulturonline.tv\/de\/neumeiers-ballettschule-nimmt-ukrainische-kinder-auf\/\",\"url\":\"https:\/\/kulturonline.tv\/de\/neumeiers-ballettschule-nimmt-ukrainische-kinder-auf\/\",\"name\":\"Neumeiers Ballettschule nimmt ukrainische Kinder auf - Kultur Online TV &amp; FM\",\"isPartOf\":{\"@id\":\"https:\/\/kulturonline.tv\/de\/#website\"},\"primaryImageOfPage\":{\"@id\":\"https:\/\/kulturonline.tv\/de\/neumeiers-ballettschule-nimmt-ukrainische-kinder-auf\/#primaryimage\"},\"image\":{\"@id\":\"https:\/\/kulturonline.tv\/de\/neumeiers-ballettschule-nimmt-ukrainische-kinder-auf\/#primaryimage\"},\"thumbnailUrl\":\"https:\/\/kulturonline.tv\/wp-content\/uploads\/2022\/04\/ballett-edited.jpg\",\"datePublished\":\"2022-04-26T06:56:33+00:00\",\"dateModified\":\"2022-04-26T06:56:34+00:00\",\"description\":\"Die Hamburger Ballettschule des Choreografen John Neumeier hat zehn ukrainische Kinder aufgenommen.\",\"breadcrumb\":{\"@id\":\"https:\/\/kulturonline.tv\/de\/neumeiers-ballettschule-nimmt-ukrainische-kinder-auf\/#breadcrumb\"},\"inLanguage\":\"de\",\"potentialAction\":[{\"@type\":\"ReadAction\",\"target\":[\"https:\/\/kulturonline.tv\/de\/neumeiers-ballettschule-nimmt-ukrainische-kinder-auf\/\"]}]},{\"@type\":\"ImageObject\",\"inLanguage\":\"de\",\"@id\":\"https:\/\/kulturonline.tv\/de\/neumeiers-ballettschule-nimmt-ukrainische-kinder-auf\/#primaryimage\",\"url\":\"https:\/\/kulturonline.tv\/wp-content\/uploads\/2022\/04\/ballett-edited.jpg\",\"contentUrl\":\"https:\/\/kulturonline.tv\/wp-content\/uploads\/2022\/04\/ballett-edited.jpg\",\"width\":1920,\"height\":1078},{\"@type\":\"BreadcrumbList\",\"@id\":\"https:\/\/kulturonline.tv\/de\/neumeiers-ballettschule-nimmt-ukrainische-kinder-auf\/#breadcrumb\",\"itemListElement\":[{\"@type\":\"ListItem\",\"position\":1,\"name\":\"Startseite\",\"item\":\"https:\/\/kulturonline.tv\/de\/\"},{\"@type\":\"ListItem\",\"position\":2,\"name\":\"Neumeiers Ballettschule nimmt ukrainische Kinder auf\"}]},{\"@type\":\"WebSite\",\"@id\":\"https:\/\/kulturonline.tv\/de\/#website\",\"url\":\"https:\/\/kulturonline.tv\/de\/\",\"name\":\"Kultur Online TV &amp; FM\",\"description\":\"Wir sind Kultur 2.0 zum sehen &amp; h\u00f6ren\",\"publisher\":{\"@id\":\"https:\/\/kulturonline.tv\/de\/#organization\"},\"potentialAction\":[{\"@type\":\"SearchAction\",\"target\":{\"@type\":\"EntryPoint\",\"urlTemplate\":\"https:\/\/kulturonline.tv\/de\/?s={search_term_string}\"},\"query-input\":{\"@type\":\"PropertyValueSpecification\",\"valueRequired\":true,\"valueName\":\"search_term_string\"}}],\"inLanguage\":\"de\"},{\"@type\":\"Organization\",\"@id\":\"https:\/\/kulturonline.tv\/de\/#organization\",\"name\":\"Kultur Online TV\",\"url\":\"https:\/\/kulturonline.tv\/de\/\",\"logo\":{\"@type\":\"ImageObject\",\"inLanguage\":\"de\",\"@id\":\"https:\/\/kulturonline.tv\/de\/#\/schema\/logo\/image\/\",\"url\":\"https:\/\/kulturonline.tv\/wp-content\/uploads\/2021\/08\/Kultur-Online-Tv-Logo-Endversion-neu.png\",\"contentUrl\":\"https:\/\/kulturonline.tv\/wp-content\/uploads\/2021\/08\/Kultur-Online-Tv-Logo-Endversion-neu.png\",\"width\":200,\"height\":200,\"caption\":\"Kultur Online TV\"},\"image\":{\"@id\":\"https:\/\/kulturonline.tv\/de\/#\/schema\/logo\/image\/\"},\"sameAs\":[\"https:\/\/www.facebook.com\/kulturonline.tv\",\"https:\/\/www.instagram.com\/kulturonline.tv\"]},{\"@type\":\"Person\",\"@id\":\"https:\/\/kulturonline.tv\/de\/#\/schema\/person\/b0fac729bb9a0c193fb1df23449df4fe\",\"name\":\"guenter.wolfgang\"}]}<\/script>\n<!-- \/ Yoast SEO plugin. -->","yoast_head_json":{"title":"Neumeiers Ballettschule nimmt ukrainische Kinder auf - Kultur Online TV &amp; FM","description":"Die Hamburger Ballettschule des Choreografen John Neumeier hat zehn ukrainische Kinder aufgenommen.","robots":{"index":"index","follow":"follow","max-snippet":"max-snippet:-1","max-image-preview":"max-image-preview:large","max-video-preview":"max-video-preview:-1"},"canonical":"https:\/\/kulturonline.tv\/de\/neumeiers-ballettschule-nimmt-ukrainische-kinder-auf\/","og_locale":"de_DE","og_type":"article","og_title":"Neumeiers Ballettschule nimmt ukrainische Kinder auf - Kultur Online TV &amp; FM","og_description":"Die Hamburger Ballettschule des Choreografen John Neumeier hat zehn ukrainische Kinder aufgenommen.","og_url":"https:\/\/kulturonline.tv\/de\/neumeiers-ballettschule-nimmt-ukrainische-kinder-auf\/","og_site_name":"Kultur Online TV &amp; FM","article_publisher":"https:\/\/www.facebook.com\/kulturonline.tv","article_published_time":"2022-04-26T06:56:33+00:00","article_modified_time":"2022-04-26T06:56:34+00:00","og_image":[{"width":1920,"height":1078,"url":"https:\/\/kulturonline.tv\/wp-content\/uploads\/2022\/04\/ballett-edited.jpg","type":"image\/jpeg"}],"author":"guenter.wolfgang","twitter_card":"summary_large_image","twitter_misc":{"Verfasst von":"guenter.wolfgang","Gesch\u00e4tzte Lesezeit":"1\u00a0Minute"},"schema":{"@context":"https:\/\/schema.org","@graph":[{"@type":"Article","@id":"https:\/\/kulturonline.tv\/de\/neumeiers-ballettschule-nimmt-ukrainische-kinder-auf\/#article","isPartOf":{"@id":"https:\/\/kulturonline.tv\/de\/neumeiers-ballettschule-nimmt-ukrainische-kinder-auf\/"},"author":{"name":"guenter.wolfgang","@id":"https:\/\/kulturonline.tv\/de\/#\/schema\/person\/b0fac729bb9a0c193fb1df23449df4fe"},"headline":"Neumeiers Ballettschule nimmt ukrainische Kinder auf","datePublished":"2022-04-26T06:56:33+00:00","dateModified":"2022-04-26T06:56:34+00:00","mainEntityOfPage":{"@id":"https:\/\/kulturonline.tv\/de\/neumeiers-ballettschule-nimmt-ukrainische-kinder-auf\/"},"wordCount":112,"publisher":{"@id":"https:\/\/kulturonline.tv\/de\/#organization"},"image":{"@id":"https:\/\/kulturonline.tv\/de\/neumeiers-ballettschule-nimmt-ukrainische-kinder-auf\/#primaryimage"},"thumbnailUrl":"https:\/\/kulturonline.tv\/wp-content\/uploads\/2022\/04\/ballett-edited.jpg","articleSection":["Newsflash"],"inLanguage":"de"},{"@type":"WebPage","@id":"https:\/\/kulturonline.tv\/de\/neumeiers-ballettschule-nimmt-ukrainische-kinder-auf\/","url":"https:\/\/kulturonline.tv\/de\/neumeiers-ballettschule-nimmt-ukrainische-kinder-auf\/","name":"Neumeiers Ballettschule nimmt ukrainische Kinder auf - Kultur Online TV &amp; FM","isPartOf":{"@id":"https:\/\/kulturonline.tv\/de\/#website"},"primaryImageOfPage":{"@id":"https:\/\/kulturonline.tv\/de\/neumeiers-ballettschule-nimmt-ukrainische-kinder-auf\/#primaryimage"},"image":{"@id":"https:\/\/kulturonline.tv\/de\/neumeiers-ballettschule-nimmt-ukrainische-kinder-auf\/#primaryimage"},"thumbnailUrl":"https:\/\/kulturonline.tv\/wp-content\/uploads\/2022\/04\/ballett-edited.jpg","datePublished":"2022-04-26T06:56:33+00:00","dateModified":"2022-04-26T06:56:34+00:00","description":"Die Hamburger Ballettschule des Choreografen John Neumeier hat zehn ukrainische Kinder aufgenommen.","breadcrumb":{"@id":"https:\/\/kulturonline.tv\/de\/neumeiers-ballettschule-nimmt-ukrainische-kinder-auf\/#breadcrumb"},"inLanguage":"de","potentialAction":[{"@type":"ReadAction","target":["https:\/\/kulturonline.tv\/de\/neumeiers-ballettschule-nimmt-ukrainische-kinder-auf\/"]}]},{"@type":"ImageObject","inLanguage":"de","@id":"https:\/\/kulturonline.tv\/de\/neumeiers-ballettschule-nimmt-ukrainische-kinder-auf\/#primaryimage","url":"https:\/\/kulturonline.tv\/wp-content\/uploads\/2022\/04\/ballett-edited.jpg","contentUrl":"https:\/\/kulturonline.tv\/wp-content\/uploads\/2022\/04\/ballett-edited.jpg","width":1920,"height":1078},{"@type":"BreadcrumbList","@id":"https:\/\/kulturonline.tv\/de\/neumeiers-ballettschule-nimmt-ukrainische-kinder-auf\/#breadcrumb","itemListElement":[{"@type":"ListItem","position":1,"name":"Startseite","item":"https:\/\/kulturonline.tv\/de\/"},{"@type":"ListItem","position":2,"name":"Neumeiers Ballettschule nimmt ukrainische Kinder auf"}]},{"@type":"WebSite","@id":"https:\/\/kulturonline.tv\/de\/#website","url":"https:\/\/kulturonline.tv\/de\/","name":"Kultur Online TV &amp; FM","description":"Wir sind Kultur 2.0 zum sehen &amp; h\u00f6ren","publisher":{"@id":"https:\/\/kulturonline.tv\/de\/#organization"},"potentialAction":[{"@type":"SearchAction","target":{"@type":"EntryPoint","urlTemplate":"https:\/\/kulturonline.tv\/de\/?s={search_term_string}"},"query-input":{"@type":"PropertyValueSpecification","valueRequired":true,"valueName":"search_term_string"}}],"inLanguage":"de"},{"@type":"Organization","@id":"https:\/\/kulturonline.tv\/de\/#organization","name":"Kultur Online TV","url":"https:\/\/kulturonline.tv\/de\/","logo":{"@type":"ImageObject","inLanguage":"de","@id":"https:\/\/kulturonline.tv\/de\/#\/schema\/logo\/image\/","url":"https:\/\/kulturonline.tv\/wp-content\/uploads\/2021\/08\/Kultur-Online-Tv-Logo-Endversion-neu.png","contentUrl":"https:\/\/kulturonline.tv\/wp-content\/uploads\/2021\/08\/Kultur-Online-Tv-Logo-Endversion-neu.png","width":200,"height":200,"caption":"Kultur Online TV"},"image":{"@id":"https:\/\/kulturonline.tv\/de\/#\/schema\/logo\/image\/"},"sameAs":["https:\/\/www.facebook.com\/kulturonline.tv","https:\/\/www.instagram.com\/kulturonline.tv"]},{"@type":"Person","@id":"https:\/\/kulturonline.tv\/de\/#\/schema\/person\/b0fac729bb9a0c193fb1df23449df4fe","name":"guenter.wolfgang"}]}},"_links":{"self":[{"href":"https:\/\/kulturonline.tv\/de\/wp-json\/wp\/v2\/posts\/25648","targetHints":{"allow":["GET"]}}],"collection":[{"href":"https:\/\/kulturonline.tv\/de\/wp-json\/wp\/v2\/posts"}],"about":[{"href":"https:\/\/kulturonline.tv\/de\/wp-json\/wp\/v2\/types\/post"}],"author":[{"embeddable":true,"href":"https:\/\/kulturonline.tv\/de\/wp-json\/wp\/v2\/users\/2"}],"replies":[{"embeddable":true,"href":"https:\/\/kulturonline.tv\/de\/wp-json\/wp\/v2\/comments?post=25648"}],"version-history":[{"count":0,"href":"https:\/\/kulturonline.tv\/de\/wp-json\/wp\/v2\/posts\/25648\/revisions"}],"wp:featuredmedia":[{"embeddable":true,"href":"https:\/\/kulturonline.tv\/de\/wp-json\/wp\/v2\/media\/25651"}],"wp:attachment":[{"href":"https:\/\/kulturonline.tv\/de\/wp-json\/wp\/v2\/media?parent=25648"}],"wp:term":[{"taxonomy":"category","embeddable":true,"href":"https:\/\/kulturonline.tv\/de\/wp-json\/wp\/v2\/categories?post=25648"},{"taxonomy":"post_tag","embeddable":true,"href":"https:\/\/kulturonline.tv\/de\/wp-json\/wp\/v2\/tags?post=25648"}],"curies":[{"name":"wp","href":"https:\/\/api.w.org\/{rel}","templated":true}]}}