{"id":25655,"date":"2022-04-26T09:03:17","date_gmt":"2022-04-26T07:03:17","guid":{"rendered":"https:\/\/kulturonline.tv\/?p=25655"},"modified":"2022-05-17T19:23:25","modified_gmt":"2022-05-17T17:23:25","slug":"pfalztheater-kaiserslautern-stephan-beer-uebernimmt-schauspieldirektion","status":"publish","type":"post","link":"https:\/\/kulturonline.tv\/de\/pfalztheater-kaiserslautern-stephan-beer-uebernimmt-schauspieldirektion\/","title":{"rendered":"Pfalztheater Kaiserslautern: Stephan Beer \u00fcbernimmt Schauspieldirektion"},"content":{"rendered":"\n<p>Zur Spielzeit 2023\/2024 \u00fcbernimmt Stephan Beer die Schauspieldirektion am Pfalztheater Kaiserslautern, wie das Haus in einer Pressemitteilung bekannt gibt. Der Regisseur tritt damit die Nachfolge von Harald Demmer an.<\/p>\n\n\n\n<figure class=\"wp-block-image size-full\"><img fetchpriority=\"high\" decoding=\"async\" width=\"960\" height=\"540\" src=\"https:\/\/kulturonline.tv\/wp-content\/uploads\/2022\/04\/Stefan-Beer.jpg\" alt=\"\" class=\"wp-image-25656\" srcset=\"https:\/\/kulturonline.tv\/wp-content\/uploads\/2022\/04\/Stefan-Beer.jpg 960w, https:\/\/kulturonline.tv\/wp-content\/uploads\/2022\/04\/Stefan-Beer-600x338.jpg 600w, https:\/\/kulturonline.tv\/wp-content\/uploads\/2022\/04\/Stefan-Beer-800x450.jpg 800w, https:\/\/kulturonline.tv\/wp-content\/uploads\/2022\/04\/Stefan-Beer-768x432.jpg 768w\" sizes=\"(max-width: 960px) 100vw, 960px\" \/><\/figure>\n\n\n\n<p>Bildrechte copyright: Marcus Lieberenz<\/p>\n\n\n\n<p>Der 1977 in Magdeburg geborene Stephan Beer studierte Theaterwissenschaften in Berlin. Als freier Regisseur arbeitete er seit 2006 unter anderem am Schauspiel Leipzig, am Staatstheater Braunschweig, am Badischen Staatstheater Karlsruhe, an den Theatern Chemnitz, Erfurt, Erlangen, Halle und Magdeburg. Seine Arbeiten wurden wiederholt zu Festivals eingeladen. Als Autor adaptiert Beer au\u00dferdem erfolgreich Jugendbuchklassiker und M\u00e4rchen f\u00fcr die B\u00fchne.<\/p>\n\n\n\n<p>Kultur Online TV<\/p>\n\n\n\n<p>#news #theater #kultur<\/p>\n","protected":false},"excerpt":{"rendered":"<p>Zur Spielzeit 2023\/2024 \u00fcbernimmt Stephan Beer die Schauspieldirektion am Pfalztheater Kaiserslautern, wie das Haus in einer Pressemitteilung bekannt gibt. Der Regisseur tritt damit die Nachfolge von Harald Demmer an. Bildrechte copyright: Marcus Lieberenz Der 1977 in Magdeburg geborene Stephan Beer studierte Theaterwissenschaften in Berlin. Als freier Regisseur arbeitete er seit 2006 unter anderem am Schauspiel [&hellip;]<\/p>\n","protected":false},"author":2,"featured_media":25656,"comment_status":"closed","ping_status":"closed","sticky":false,"template":"","format":"standard","meta":{"_acf_changed":false,"footnotes":""},"categories":[105],"tags":[],"class_list":["post-25655","post","type-post","status-publish","format-standard","has-post-thumbnail","hentry","category-theater"],"acf":[],"yoast_head":"<!-- This site is optimized with the Yoast SEO plugin v26.1.1 - https:\/\/yoast.com\/wordpress\/plugins\/seo\/ -->\n<title>Pfalztheater Kaiserslautern: Stephan Beer \u00fcbernimmt Schauspieldirektion - Kultur Online TV &amp; FM<\/title>\n<meta name=\"description\" content=\"Der Regisseur tritt damit die Nachfolge von Harald Demmer an.\" \/>\n<meta name=\"robots\" content=\"index, follow, max-snippet:-1, max-image-preview:large, max-video-preview:-1\" \/>\n<link rel=\"canonical\" href=\"https:\/\/kulturonline.tv\/de\/pfalztheater-kaiserslautern-stephan-beer-uebernimmt-schauspieldirektion\/\" \/>\n<meta property=\"og:locale\" content=\"de_DE\" \/>\n<meta property=\"og:type\" content=\"article\" \/>\n<meta property=\"og:title\" content=\"Pfalztheater Kaiserslautern: Stephan Beer \u00fcbernimmt Schauspieldirektion - Kultur Online TV &amp; FM\" \/>\n<meta property=\"og:description\" content=\"Der Regisseur tritt damit die Nachfolge von Harald Demmer an.\" \/>\n<meta property=\"og:url\" content=\"https:\/\/kulturonline.tv\/de\/pfalztheater-kaiserslautern-stephan-beer-uebernimmt-schauspieldirektion\/\" \/>\n<meta property=\"og:site_name\" content=\"Kultur Online TV &amp; FM\" \/>\n<meta property=\"article:publisher\" content=\"https:\/\/www.facebook.com\/kulturonline.tv\" \/>\n<meta property=\"article:published_time\" content=\"2022-04-26T07:03:17+00:00\" \/>\n<meta property=\"article:modified_time\" content=\"2022-05-17T17:23:25+00:00\" \/>\n<meta property=\"og:image\" content=\"https:\/\/kulturonline.tv\/wp-content\/uploads\/2022\/04\/Stefan-Beer.jpg\" \/>\n\t<meta property=\"og:image:width\" content=\"960\" \/>\n\t<meta property=\"og:image:height\" content=\"540\" \/>\n\t<meta property=\"og:image:type\" content=\"image\/jpeg\" \/>\n<meta name=\"author\" content=\"guenter.wolfgang\" \/>\n<meta name=\"twitter:card\" content=\"summary_large_image\" \/>\n<meta name=\"twitter:label1\" content=\"Verfasst von\" \/>\n\t<meta name=\"twitter:data1\" content=\"guenter.wolfgang\" \/>\n\t<meta name=\"twitter:label2\" content=\"Gesch\u00e4tzte Lesezeit\" \/>\n\t<meta name=\"twitter:data2\" content=\"1\u00a0Minute\" \/>\n<script type=\"application\/ld+json\" class=\"yoast-schema-graph\">{\"@context\":\"https:\/\/schema.org\",\"@graph\":[{\"@type\":\"Article\",\"@id\":\"https:\/\/kulturonline.tv\/de\/pfalztheater-kaiserslautern-stephan-beer-uebernimmt-schauspieldirektion\/#article\",\"isPartOf\":{\"@id\":\"https:\/\/kulturonline.tv\/de\/pfalztheater-kaiserslautern-stephan-beer-uebernimmt-schauspieldirektion\/\"},\"author\":{\"name\":\"guenter.wolfgang\",\"@id\":\"https:\/\/kulturonline.tv\/de\/#\/schema\/person\/b0fac729bb9a0c193fb1df23449df4fe\"},\"headline\":\"Pfalztheater Kaiserslautern: Stephan Beer \u00fcbernimmt Schauspieldirektion\",\"datePublished\":\"2022-04-26T07:03:17+00:00\",\"dateModified\":\"2022-05-17T17:23:25+00:00\",\"mainEntityOfPage\":{\"@id\":\"https:\/\/kulturonline.tv\/de\/pfalztheater-kaiserslautern-stephan-beer-uebernimmt-schauspieldirektion\/\"},\"wordCount\":104,\"publisher\":{\"@id\":\"https:\/\/kulturonline.tv\/de\/#organization\"},\"image\":{\"@id\":\"https:\/\/kulturonline.tv\/de\/pfalztheater-kaiserslautern-stephan-beer-uebernimmt-schauspieldirektion\/#primaryimage\"},\"thumbnailUrl\":\"https:\/\/kulturonline.tv\/wp-content\/uploads\/2022\/04\/Stefan-Beer.jpg\",\"articleSection\":[\"Theater\"],\"inLanguage\":\"de\"},{\"@type\":\"WebPage\",\"@id\":\"https:\/\/kulturonline.tv\/de\/pfalztheater-kaiserslautern-stephan-beer-uebernimmt-schauspieldirektion\/\",\"url\":\"https:\/\/kulturonline.tv\/de\/pfalztheater-kaiserslautern-stephan-beer-uebernimmt-schauspieldirektion\/\",\"name\":\"Pfalztheater Kaiserslautern: Stephan Beer \u00fcbernimmt Schauspieldirektion - Kultur Online TV &amp; FM\",\"isPartOf\":{\"@id\":\"https:\/\/kulturonline.tv\/de\/#website\"},\"primaryImageOfPage\":{\"@id\":\"https:\/\/kulturonline.tv\/de\/pfalztheater-kaiserslautern-stephan-beer-uebernimmt-schauspieldirektion\/#primaryimage\"},\"image\":{\"@id\":\"https:\/\/kulturonline.tv\/de\/pfalztheater-kaiserslautern-stephan-beer-uebernimmt-schauspieldirektion\/#primaryimage\"},\"thumbnailUrl\":\"https:\/\/kulturonline.tv\/wp-content\/uploads\/2022\/04\/Stefan-Beer.jpg\",\"datePublished\":\"2022-04-26T07:03:17+00:00\",\"dateModified\":\"2022-05-17T17:23:25+00:00\",\"description\":\"Der Regisseur tritt damit die Nachfolge von Harald Demmer an.\",\"breadcrumb\":{\"@id\":\"https:\/\/kulturonline.tv\/de\/pfalztheater-kaiserslautern-stephan-beer-uebernimmt-schauspieldirektion\/#breadcrumb\"},\"inLanguage\":\"de\",\"potentialAction\":[{\"@type\":\"ReadAction\",\"target\":[\"https:\/\/kulturonline.tv\/de\/pfalztheater-kaiserslautern-stephan-beer-uebernimmt-schauspieldirektion\/\"]}]},{\"@type\":\"ImageObject\",\"inLanguage\":\"de\",\"@id\":\"https:\/\/kulturonline.tv\/de\/pfalztheater-kaiserslautern-stephan-beer-uebernimmt-schauspieldirektion\/#primaryimage\",\"url\":\"https:\/\/kulturonline.tv\/wp-content\/uploads\/2022\/04\/Stefan-Beer.jpg\",\"contentUrl\":\"https:\/\/kulturonline.tv\/wp-content\/uploads\/2022\/04\/Stefan-Beer.jpg\",\"width\":960,\"height\":540},{\"@type\":\"BreadcrumbList\",\"@id\":\"https:\/\/kulturonline.tv\/de\/pfalztheater-kaiserslautern-stephan-beer-uebernimmt-schauspieldirektion\/#breadcrumb\",\"itemListElement\":[{\"@type\":\"ListItem\",\"position\":1,\"name\":\"Startseite\",\"item\":\"https:\/\/kulturonline.tv\/de\/\"},{\"@type\":\"ListItem\",\"position\":2,\"name\":\"Pfalztheater Kaiserslautern: Stephan Beer \u00fcbernimmt Schauspieldirektion\"}]},{\"@type\":\"WebSite\",\"@id\":\"https:\/\/kulturonline.tv\/de\/#website\",\"url\":\"https:\/\/kulturonline.tv\/de\/\",\"name\":\"Kultur Online TV &amp; FM\",\"description\":\"Wir sind Kultur 2.0 zum sehen &amp; h\u00f6ren\",\"publisher\":{\"@id\":\"https:\/\/kulturonline.tv\/de\/#organization\"},\"potentialAction\":[{\"@type\":\"SearchAction\",\"target\":{\"@type\":\"EntryPoint\",\"urlTemplate\":\"https:\/\/kulturonline.tv\/de\/?s={search_term_string}\"},\"query-input\":{\"@type\":\"PropertyValueSpecification\",\"valueRequired\":true,\"valueName\":\"search_term_string\"}}],\"inLanguage\":\"de\"},{\"@type\":\"Organization\",\"@id\":\"https:\/\/kulturonline.tv\/de\/#organization\",\"name\":\"Kultur Online TV\",\"url\":\"https:\/\/kulturonline.tv\/de\/\",\"logo\":{\"@type\":\"ImageObject\",\"inLanguage\":\"de\",\"@id\":\"https:\/\/kulturonline.tv\/de\/#\/schema\/logo\/image\/\",\"url\":\"https:\/\/kulturonline.tv\/wp-content\/uploads\/2021\/08\/Kultur-Online-Tv-Logo-Endversion-neu.png\",\"contentUrl\":\"https:\/\/kulturonline.tv\/wp-content\/uploads\/2021\/08\/Kultur-Online-Tv-Logo-Endversion-neu.png\",\"width\":200,\"height\":200,\"caption\":\"Kultur Online TV\"},\"image\":{\"@id\":\"https:\/\/kulturonline.tv\/de\/#\/schema\/logo\/image\/\"},\"sameAs\":[\"https:\/\/www.facebook.com\/kulturonline.tv\",\"https:\/\/www.instagram.com\/kulturonline.tv\"]},{\"@type\":\"Person\",\"@id\":\"https:\/\/kulturonline.tv\/de\/#\/schema\/person\/b0fac729bb9a0c193fb1df23449df4fe\",\"name\":\"guenter.wolfgang\"}]}<\/script>\n<!-- \/ Yoast SEO plugin. -->","yoast_head_json":{"title":"Pfalztheater Kaiserslautern: Stephan Beer \u00fcbernimmt Schauspieldirektion - Kultur Online TV &amp; FM","description":"Der Regisseur tritt damit die Nachfolge von Harald Demmer an.","robots":{"index":"index","follow":"follow","max-snippet":"max-snippet:-1","max-image-preview":"max-image-preview:large","max-video-preview":"max-video-preview:-1"},"canonical":"https:\/\/kulturonline.tv\/de\/pfalztheater-kaiserslautern-stephan-beer-uebernimmt-schauspieldirektion\/","og_locale":"de_DE","og_type":"article","og_title":"Pfalztheater Kaiserslautern: Stephan Beer \u00fcbernimmt Schauspieldirektion - Kultur Online TV &amp; FM","og_description":"Der Regisseur tritt damit die Nachfolge von Harald Demmer an.","og_url":"https:\/\/kulturonline.tv\/de\/pfalztheater-kaiserslautern-stephan-beer-uebernimmt-schauspieldirektion\/","og_site_name":"Kultur Online TV &amp; FM","article_publisher":"https:\/\/www.facebook.com\/kulturonline.tv","article_published_time":"2022-04-26T07:03:17+00:00","article_modified_time":"2022-05-17T17:23:25+00:00","og_image":[{"width":960,"height":540,"url":"https:\/\/kulturonline.tv\/wp-content\/uploads\/2022\/04\/Stefan-Beer.jpg","type":"image\/jpeg"}],"author":"guenter.wolfgang","twitter_card":"summary_large_image","twitter_misc":{"Verfasst von":"guenter.wolfgang","Gesch\u00e4tzte Lesezeit":"1\u00a0Minute"},"schema":{"@context":"https:\/\/schema.org","@graph":[{"@type":"Article","@id":"https:\/\/kulturonline.tv\/de\/pfalztheater-kaiserslautern-stephan-beer-uebernimmt-schauspieldirektion\/#article","isPartOf":{"@id":"https:\/\/kulturonline.tv\/de\/pfalztheater-kaiserslautern-stephan-beer-uebernimmt-schauspieldirektion\/"},"author":{"name":"guenter.wolfgang","@id":"https:\/\/kulturonline.tv\/de\/#\/schema\/person\/b0fac729bb9a0c193fb1df23449df4fe"},"headline":"Pfalztheater Kaiserslautern: Stephan Beer \u00fcbernimmt Schauspieldirektion","datePublished":"2022-04-26T07:03:17+00:00","dateModified":"2022-05-17T17:23:25+00:00","mainEntityOfPage":{"@id":"https:\/\/kulturonline.tv\/de\/pfalztheater-kaiserslautern-stephan-beer-uebernimmt-schauspieldirektion\/"},"wordCount":104,"publisher":{"@id":"https:\/\/kulturonline.tv\/de\/#organization"},"image":{"@id":"https:\/\/kulturonline.tv\/de\/pfalztheater-kaiserslautern-stephan-beer-uebernimmt-schauspieldirektion\/#primaryimage"},"thumbnailUrl":"https:\/\/kulturonline.tv\/wp-content\/uploads\/2022\/04\/Stefan-Beer.jpg","articleSection":["Theater"],"inLanguage":"de"},{"@type":"WebPage","@id":"https:\/\/kulturonline.tv\/de\/pfalztheater-kaiserslautern-stephan-beer-uebernimmt-schauspieldirektion\/","url":"https:\/\/kulturonline.tv\/de\/pfalztheater-kaiserslautern-stephan-beer-uebernimmt-schauspieldirektion\/","name":"Pfalztheater Kaiserslautern: Stephan Beer \u00fcbernimmt Schauspieldirektion - Kultur Online TV &amp; FM","isPartOf":{"@id":"https:\/\/kulturonline.tv\/de\/#website"},"primaryImageOfPage":{"@id":"https:\/\/kulturonline.tv\/de\/pfalztheater-kaiserslautern-stephan-beer-uebernimmt-schauspieldirektion\/#primaryimage"},"image":{"@id":"https:\/\/kulturonline.tv\/de\/pfalztheater-kaiserslautern-stephan-beer-uebernimmt-schauspieldirektion\/#primaryimage"},"thumbnailUrl":"https:\/\/kulturonline.tv\/wp-content\/uploads\/2022\/04\/Stefan-Beer.jpg","datePublished":"2022-04-26T07:03:17+00:00","dateModified":"2022-05-17T17:23:25+00:00","description":"Der Regisseur tritt damit die Nachfolge von Harald Demmer an.","breadcrumb":{"@id":"https:\/\/kulturonline.tv\/de\/pfalztheater-kaiserslautern-stephan-beer-uebernimmt-schauspieldirektion\/#breadcrumb"},"inLanguage":"de","potentialAction":[{"@type":"ReadAction","target":["https:\/\/kulturonline.tv\/de\/pfalztheater-kaiserslautern-stephan-beer-uebernimmt-schauspieldirektion\/"]}]},{"@type":"ImageObject","inLanguage":"de","@id":"https:\/\/kulturonline.tv\/de\/pfalztheater-kaiserslautern-stephan-beer-uebernimmt-schauspieldirektion\/#primaryimage","url":"https:\/\/kulturonline.tv\/wp-content\/uploads\/2022\/04\/Stefan-Beer.jpg","contentUrl":"https:\/\/kulturonline.tv\/wp-content\/uploads\/2022\/04\/Stefan-Beer.jpg","width":960,"height":540},{"@type":"BreadcrumbList","@id":"https:\/\/kulturonline.tv\/de\/pfalztheater-kaiserslautern-stephan-beer-uebernimmt-schauspieldirektion\/#breadcrumb","itemListElement":[{"@type":"ListItem","position":1,"name":"Startseite","item":"https:\/\/kulturonline.tv\/de\/"},{"@type":"ListItem","position":2,"name":"Pfalztheater Kaiserslautern: Stephan Beer \u00fcbernimmt Schauspieldirektion"}]},{"@type":"WebSite","@id":"https:\/\/kulturonline.tv\/de\/#website","url":"https:\/\/kulturonline.tv\/de\/","name":"Kultur Online TV &amp; FM","description":"Wir sind Kultur 2.0 zum sehen &amp; h\u00f6ren","publisher":{"@id":"https:\/\/kulturonline.tv\/de\/#organization"},"potentialAction":[{"@type":"SearchAction","target":{"@type":"EntryPoint","urlTemplate":"https:\/\/kulturonline.tv\/de\/?s={search_term_string}"},"query-input":{"@type":"PropertyValueSpecification","valueRequired":true,"valueName":"search_term_string"}}],"inLanguage":"de"},{"@type":"Organization","@id":"https:\/\/kulturonline.tv\/de\/#organization","name":"Kultur Online TV","url":"https:\/\/kulturonline.tv\/de\/","logo":{"@type":"ImageObject","inLanguage":"de","@id":"https:\/\/kulturonline.tv\/de\/#\/schema\/logo\/image\/","url":"https:\/\/kulturonline.tv\/wp-content\/uploads\/2021\/08\/Kultur-Online-Tv-Logo-Endversion-neu.png","contentUrl":"https:\/\/kulturonline.tv\/wp-content\/uploads\/2021\/08\/Kultur-Online-Tv-Logo-Endversion-neu.png","width":200,"height":200,"caption":"Kultur Online TV"},"image":{"@id":"https:\/\/kulturonline.tv\/de\/#\/schema\/logo\/image\/"},"sameAs":["https:\/\/www.facebook.com\/kulturonline.tv","https:\/\/www.instagram.com\/kulturonline.tv"]},{"@type":"Person","@id":"https:\/\/kulturonline.tv\/de\/#\/schema\/person\/b0fac729bb9a0c193fb1df23449df4fe","name":"guenter.wolfgang"}]}},"_links":{"self":[{"href":"https:\/\/kulturonline.tv\/de\/wp-json\/wp\/v2\/posts\/25655","targetHints":{"allow":["GET"]}}],"collection":[{"href":"https:\/\/kulturonline.tv\/de\/wp-json\/wp\/v2\/posts"}],"about":[{"href":"https:\/\/kulturonline.tv\/de\/wp-json\/wp\/v2\/types\/post"}],"author":[{"embeddable":true,"href":"https:\/\/kulturonline.tv\/de\/wp-json\/wp\/v2\/users\/2"}],"replies":[{"embeddable":true,"href":"https:\/\/kulturonline.tv\/de\/wp-json\/wp\/v2\/comments?post=25655"}],"version-history":[{"count":0,"href":"https:\/\/kulturonline.tv\/de\/wp-json\/wp\/v2\/posts\/25655\/revisions"}],"wp:featuredmedia":[{"embeddable":true,"href":"https:\/\/kulturonline.tv\/de\/wp-json\/wp\/v2\/media\/25656"}],"wp:attachment":[{"href":"https:\/\/kulturonline.tv\/de\/wp-json\/wp\/v2\/media?parent=25655"}],"wp:term":[{"taxonomy":"category","embeddable":true,"href":"https:\/\/kulturonline.tv\/de\/wp-json\/wp\/v2\/categories?post=25655"},{"taxonomy":"post_tag","embeddable":true,"href":"https:\/\/kulturonline.tv\/de\/wp-json\/wp\/v2\/tags?post=25655"}],"curies":[{"name":"wp","href":"https:\/\/api.w.org\/{rel}","templated":true}]}}