{"id":25659,"date":"2022-04-26T09:11:00","date_gmt":"2022-04-26T07:11:00","guid":{"rendered":"https:\/\/kulturonline.tv\/?p=25659"},"modified":"2022-04-26T09:11:02","modified_gmt":"2022-04-26T07:11:02","slug":"centre-pompidou-ausstellungen-2022","status":"publish","type":"post","link":"https:\/\/kulturonline.tv\/de\/centre-pompidou-ausstellungen-2022\/","title":{"rendered":"Centre Pompidou: Ausstellungen 2022"},"content":{"rendered":"\n<p>Tatiana Trouv\u00e9 Die Bildhauerin und Installationsk\u00fcnstlerin studierte in\u00a0Nizza\u00a0und lebt heute in\u00a0Paris.\u00a0<\/p>\n\n\n\n<figure class=\"wp-block-image size-large\"><img fetchpriority=\"high\" decoding=\"async\" width=\"2560\" height=\"1440\" src=\"https:\/\/kulturonline.tv\/wp-content\/uploads\/2022\/04\/Tatiana-Trouve-Kultur-Online-TV-edited-scaled.jpg\" alt=\"\" class=\"wp-image-25662\" srcset=\"https:\/\/kulturonline.tv\/wp-content\/uploads\/2022\/04\/Tatiana-Trouve-Kultur-Online-TV-edited-scaled.jpg 2560w, https:\/\/kulturonline.tv\/wp-content\/uploads\/2022\/04\/Tatiana-Trouve-Kultur-Online-TV-edited-600x338.jpg 600w, https:\/\/kulturonline.tv\/wp-content\/uploads\/2022\/04\/Tatiana-Trouve-Kultur-Online-TV-edited-800x450.jpg 800w, https:\/\/kulturonline.tv\/wp-content\/uploads\/2022\/04\/Tatiana-Trouve-Kultur-Online-TV-edited-1600x900.jpg 1600w, https:\/\/kulturonline.tv\/wp-content\/uploads\/2022\/04\/Tatiana-Trouve-Kultur-Online-TV-edited-768x432.jpg 768w, https:\/\/kulturonline.tv\/wp-content\/uploads\/2022\/04\/Tatiana-Trouve-Kultur-Online-TV-edited-1536x864.jpg 1536w, https:\/\/kulturonline.tv\/wp-content\/uploads\/2022\/04\/Tatiana-Trouve-Kultur-Online-TV-edited-2048x1152.jpg 2048w\" sizes=\"(max-width: 2560px) 100vw, 2560px\" \/><\/figure>\n\n\n\n<p>Tatiana Trouv\u00e9 (*1968 in Italien) ist eingeladen, rund 800 Quadratmeter der Galerie 3 zu \u00fcbernehmen. Die seit 1990 in Paris ans\u00e4ssige K\u00fcnstlerin gestaltet den Boden mit verschiedenen Materialien. Auf dieser rekonfigurierten Fl\u00e4che entfaltet sich nach unterschiedlichen Pr\u00e4sentationsweisen eine Reihe von Zeichnungen &#8211; zum Teil unver\u00f6ffentlicht und eigens f\u00fcr die Ausstellung entworfen -, die es erm\u00f6glichen, die architektonische Komponente, die dem plastischen Denken der K\u00fcnstlerin zugrunde liegt, in seiner ganzen F\u00fclle zu erfassen. Einige Skulpturen und konstruierte Elemente vervollst\u00e4ndigen diese fantastische Landschaft, in der sich das Reale endlos mit seinen Doppelg\u00e4ngern austauscht.<\/p>\n\n\n\n<p>Kultur Online TV<\/p>\n\n\n\n<p>#news #kunst  #kultur <\/p>\n","protected":false},"excerpt":{"rendered":"<p>Tatiana Trouv\u00e9 Die Bildhauerin und Installationsk\u00fcnstlerin studierte in\u00a0Nizza\u00a0und lebt heute in\u00a0Paris.\u00a0 Tatiana Trouv\u00e9 (*1968 in Italien) ist eingeladen, rund 800 Quadratmeter der Galerie 3 zu \u00fcbernehmen. Die seit 1990 in Paris ans\u00e4ssige K\u00fcnstlerin gestaltet den Boden mit verschiedenen Materialien. Auf dieser rekonfigurierten Fl\u00e4che entfaltet sich nach unterschiedlichen Pr\u00e4sentationsweisen eine Reihe von Zeichnungen &#8211; zum Teil [&hellip;]<\/p>\n","protected":false},"author":2,"featured_media":25662,"comment_status":"closed","ping_status":"closed","sticky":false,"template":"","format":"standard","meta":{"_acf_changed":false,"footnotes":""},"categories":[107],"tags":[],"class_list":["post-25659","post","type-post","status-publish","format-standard","has-post-thumbnail","hentry","category-kunst"],"acf":[],"yoast_head":"<!-- This site is optimized with the Yoast SEO plugin v26.1.1 - https:\/\/yoast.com\/wordpress\/plugins\/seo\/ -->\n<title>Centre Pompidou: Ausstellungen 2022 - Kultur Online TV &amp; FM<\/title>\n<meta name=\"description\" content=\"atiana Trouv\u00e9 Die Bildhauerin und Installationsk\u00fcnstlerin studierte in\u00a0Nizza\u00a0und lebt heute in\u00a0Paris.\u00a0\" \/>\n<meta name=\"robots\" content=\"index, follow, max-snippet:-1, max-image-preview:large, max-video-preview:-1\" \/>\n<link rel=\"canonical\" href=\"https:\/\/kulturonline.tv\/de\/centre-pompidou-ausstellungen-2022\/\" \/>\n<meta property=\"og:locale\" content=\"de_DE\" \/>\n<meta property=\"og:type\" content=\"article\" \/>\n<meta property=\"og:title\" content=\"Centre Pompidou: Ausstellungen 2022 - Kultur Online TV &amp; FM\" \/>\n<meta property=\"og:description\" content=\"atiana Trouv\u00e9 Die Bildhauerin und Installationsk\u00fcnstlerin studierte in\u00a0Nizza\u00a0und lebt heute in\u00a0Paris.\u00a0\" \/>\n<meta property=\"og:url\" content=\"https:\/\/kulturonline.tv\/de\/centre-pompidou-ausstellungen-2022\/\" \/>\n<meta property=\"og:site_name\" content=\"Kultur Online TV &amp; FM\" \/>\n<meta property=\"article:publisher\" content=\"https:\/\/www.facebook.com\/kulturonline.tv\" \/>\n<meta property=\"article:published_time\" content=\"2022-04-26T07:11:00+00:00\" \/>\n<meta property=\"article:modified_time\" content=\"2022-04-26T07:11:02+00:00\" \/>\n<meta property=\"og:image\" content=\"https:\/\/kulturonline.tv\/wp-content\/uploads\/2022\/04\/Tatiana-Trouve-Kultur-Online-TV-edited-scaled.jpg\" \/>\n\t<meta property=\"og:image:width\" content=\"2560\" \/>\n\t<meta property=\"og:image:height\" content=\"1440\" \/>\n\t<meta property=\"og:image:type\" content=\"image\/jpeg\" \/>\n<meta name=\"author\" content=\"guenter.wolfgang\" \/>\n<meta name=\"twitter:card\" content=\"summary_large_image\" \/>\n<meta name=\"twitter:label1\" content=\"Verfasst von\" \/>\n\t<meta name=\"twitter:data1\" content=\"guenter.wolfgang\" \/>\n\t<meta name=\"twitter:label2\" content=\"Gesch\u00e4tzte Lesezeit\" \/>\n\t<meta name=\"twitter:data2\" content=\"1\u00a0Minute\" \/>\n<script type=\"application\/ld+json\" class=\"yoast-schema-graph\">{\"@context\":\"https:\/\/schema.org\",\"@graph\":[{\"@type\":\"Article\",\"@id\":\"https:\/\/kulturonline.tv\/de\/centre-pompidou-ausstellungen-2022\/#article\",\"isPartOf\":{\"@id\":\"https:\/\/kulturonline.tv\/de\/centre-pompidou-ausstellungen-2022\/\"},\"author\":{\"name\":\"guenter.wolfgang\",\"@id\":\"https:\/\/kulturonline.tv\/de\/#\/schema\/person\/b0fac729bb9a0c193fb1df23449df4fe\"},\"headline\":\"Centre Pompidou: Ausstellungen 2022\",\"datePublished\":\"2022-04-26T07:11:00+00:00\",\"dateModified\":\"2022-04-26T07:11:02+00:00\",\"mainEntityOfPage\":{\"@id\":\"https:\/\/kulturonline.tv\/de\/centre-pompidou-ausstellungen-2022\/\"},\"wordCount\":122,\"publisher\":{\"@id\":\"https:\/\/kulturonline.tv\/de\/#organization\"},\"image\":{\"@id\":\"https:\/\/kulturonline.tv\/de\/centre-pompidou-ausstellungen-2022\/#primaryimage\"},\"thumbnailUrl\":\"https:\/\/kulturonline.tv\/wp-content\/uploads\/2022\/04\/Tatiana-Trouve-Kultur-Online-TV-edited-scaled.jpg\",\"articleSection\":[\"Kunst\"],\"inLanguage\":\"de\"},{\"@type\":\"WebPage\",\"@id\":\"https:\/\/kulturonline.tv\/de\/centre-pompidou-ausstellungen-2022\/\",\"url\":\"https:\/\/kulturonline.tv\/de\/centre-pompidou-ausstellungen-2022\/\",\"name\":\"Centre Pompidou: Ausstellungen 2022 - Kultur Online TV &amp; FM\",\"isPartOf\":{\"@id\":\"https:\/\/kulturonline.tv\/de\/#website\"},\"primaryImageOfPage\":{\"@id\":\"https:\/\/kulturonline.tv\/de\/centre-pompidou-ausstellungen-2022\/#primaryimage\"},\"image\":{\"@id\":\"https:\/\/kulturonline.tv\/de\/centre-pompidou-ausstellungen-2022\/#primaryimage\"},\"thumbnailUrl\":\"https:\/\/kulturonline.tv\/wp-content\/uploads\/2022\/04\/Tatiana-Trouve-Kultur-Online-TV-edited-scaled.jpg\",\"datePublished\":\"2022-04-26T07:11:00+00:00\",\"dateModified\":\"2022-04-26T07:11:02+00:00\",\"description\":\"atiana Trouv\u00e9 Die Bildhauerin und Installationsk\u00fcnstlerin studierte in\u00a0Nizza\u00a0und lebt heute in\u00a0Paris.\u00a0\",\"breadcrumb\":{\"@id\":\"https:\/\/kulturonline.tv\/de\/centre-pompidou-ausstellungen-2022\/#breadcrumb\"},\"inLanguage\":\"de\",\"potentialAction\":[{\"@type\":\"ReadAction\",\"target\":[\"https:\/\/kulturonline.tv\/de\/centre-pompidou-ausstellungen-2022\/\"]}]},{\"@type\":\"ImageObject\",\"inLanguage\":\"de\",\"@id\":\"https:\/\/kulturonline.tv\/de\/centre-pompidou-ausstellungen-2022\/#primaryimage\",\"url\":\"https:\/\/kulturonline.tv\/wp-content\/uploads\/2022\/04\/Tatiana-Trouve-Kultur-Online-TV-edited-scaled.jpg\",\"contentUrl\":\"https:\/\/kulturonline.tv\/wp-content\/uploads\/2022\/04\/Tatiana-Trouve-Kultur-Online-TV-edited-scaled.jpg\",\"width\":2560,\"height\":1440},{\"@type\":\"BreadcrumbList\",\"@id\":\"https:\/\/kulturonline.tv\/de\/centre-pompidou-ausstellungen-2022\/#breadcrumb\",\"itemListElement\":[{\"@type\":\"ListItem\",\"position\":1,\"name\":\"Startseite\",\"item\":\"https:\/\/kulturonline.tv\/de\/\"},{\"@type\":\"ListItem\",\"position\":2,\"name\":\"Centre Pompidou: Ausstellungen 2022\"}]},{\"@type\":\"WebSite\",\"@id\":\"https:\/\/kulturonline.tv\/de\/#website\",\"url\":\"https:\/\/kulturonline.tv\/de\/\",\"name\":\"Kultur Online TV &amp; FM\",\"description\":\"Wir sind Kultur 2.0 zum sehen &amp; h\u00f6ren\",\"publisher\":{\"@id\":\"https:\/\/kulturonline.tv\/de\/#organization\"},\"potentialAction\":[{\"@type\":\"SearchAction\",\"target\":{\"@type\":\"EntryPoint\",\"urlTemplate\":\"https:\/\/kulturonline.tv\/de\/?s={search_term_string}\"},\"query-input\":{\"@type\":\"PropertyValueSpecification\",\"valueRequired\":true,\"valueName\":\"search_term_string\"}}],\"inLanguage\":\"de\"},{\"@type\":\"Organization\",\"@id\":\"https:\/\/kulturonline.tv\/de\/#organization\",\"name\":\"Kultur Online TV\",\"url\":\"https:\/\/kulturonline.tv\/de\/\",\"logo\":{\"@type\":\"ImageObject\",\"inLanguage\":\"de\",\"@id\":\"https:\/\/kulturonline.tv\/de\/#\/schema\/logo\/image\/\",\"url\":\"https:\/\/kulturonline.tv\/wp-content\/uploads\/2021\/08\/Kultur-Online-Tv-Logo-Endversion-neu.png\",\"contentUrl\":\"https:\/\/kulturonline.tv\/wp-content\/uploads\/2021\/08\/Kultur-Online-Tv-Logo-Endversion-neu.png\",\"width\":200,\"height\":200,\"caption\":\"Kultur Online TV\"},\"image\":{\"@id\":\"https:\/\/kulturonline.tv\/de\/#\/schema\/logo\/image\/\"},\"sameAs\":[\"https:\/\/www.facebook.com\/kulturonline.tv\",\"https:\/\/www.instagram.com\/kulturonline.tv\"]},{\"@type\":\"Person\",\"@id\":\"https:\/\/kulturonline.tv\/de\/#\/schema\/person\/b0fac729bb9a0c193fb1df23449df4fe\",\"name\":\"guenter.wolfgang\"}]}<\/script>\n<!-- \/ Yoast SEO plugin. -->","yoast_head_json":{"title":"Centre Pompidou: Ausstellungen 2022 - Kultur Online TV &amp; FM","description":"atiana Trouv\u00e9 Die Bildhauerin und Installationsk\u00fcnstlerin studierte in\u00a0Nizza\u00a0und lebt heute in\u00a0Paris.\u00a0","robots":{"index":"index","follow":"follow","max-snippet":"max-snippet:-1","max-image-preview":"max-image-preview:large","max-video-preview":"max-video-preview:-1"},"canonical":"https:\/\/kulturonline.tv\/de\/centre-pompidou-ausstellungen-2022\/","og_locale":"de_DE","og_type":"article","og_title":"Centre Pompidou: Ausstellungen 2022 - Kultur Online TV &amp; FM","og_description":"atiana Trouv\u00e9 Die Bildhauerin und Installationsk\u00fcnstlerin studierte in\u00a0Nizza\u00a0und lebt heute in\u00a0Paris.\u00a0","og_url":"https:\/\/kulturonline.tv\/de\/centre-pompidou-ausstellungen-2022\/","og_site_name":"Kultur Online TV &amp; FM","article_publisher":"https:\/\/www.facebook.com\/kulturonline.tv","article_published_time":"2022-04-26T07:11:00+00:00","article_modified_time":"2022-04-26T07:11:02+00:00","og_image":[{"width":2560,"height":1440,"url":"https:\/\/kulturonline.tv\/wp-content\/uploads\/2022\/04\/Tatiana-Trouve-Kultur-Online-TV-edited-scaled.jpg","type":"image\/jpeg"}],"author":"guenter.wolfgang","twitter_card":"summary_large_image","twitter_misc":{"Verfasst von":"guenter.wolfgang","Gesch\u00e4tzte Lesezeit":"1\u00a0Minute"},"schema":{"@context":"https:\/\/schema.org","@graph":[{"@type":"Article","@id":"https:\/\/kulturonline.tv\/de\/centre-pompidou-ausstellungen-2022\/#article","isPartOf":{"@id":"https:\/\/kulturonline.tv\/de\/centre-pompidou-ausstellungen-2022\/"},"author":{"name":"guenter.wolfgang","@id":"https:\/\/kulturonline.tv\/de\/#\/schema\/person\/b0fac729bb9a0c193fb1df23449df4fe"},"headline":"Centre Pompidou: Ausstellungen 2022","datePublished":"2022-04-26T07:11:00+00:00","dateModified":"2022-04-26T07:11:02+00:00","mainEntityOfPage":{"@id":"https:\/\/kulturonline.tv\/de\/centre-pompidou-ausstellungen-2022\/"},"wordCount":122,"publisher":{"@id":"https:\/\/kulturonline.tv\/de\/#organization"},"image":{"@id":"https:\/\/kulturonline.tv\/de\/centre-pompidou-ausstellungen-2022\/#primaryimage"},"thumbnailUrl":"https:\/\/kulturonline.tv\/wp-content\/uploads\/2022\/04\/Tatiana-Trouve-Kultur-Online-TV-edited-scaled.jpg","articleSection":["Kunst"],"inLanguage":"de"},{"@type":"WebPage","@id":"https:\/\/kulturonline.tv\/de\/centre-pompidou-ausstellungen-2022\/","url":"https:\/\/kulturonline.tv\/de\/centre-pompidou-ausstellungen-2022\/","name":"Centre Pompidou: Ausstellungen 2022 - Kultur Online TV &amp; FM","isPartOf":{"@id":"https:\/\/kulturonline.tv\/de\/#website"},"primaryImageOfPage":{"@id":"https:\/\/kulturonline.tv\/de\/centre-pompidou-ausstellungen-2022\/#primaryimage"},"image":{"@id":"https:\/\/kulturonline.tv\/de\/centre-pompidou-ausstellungen-2022\/#primaryimage"},"thumbnailUrl":"https:\/\/kulturonline.tv\/wp-content\/uploads\/2022\/04\/Tatiana-Trouve-Kultur-Online-TV-edited-scaled.jpg","datePublished":"2022-04-26T07:11:00+00:00","dateModified":"2022-04-26T07:11:02+00:00","description":"atiana Trouv\u00e9 Die Bildhauerin und Installationsk\u00fcnstlerin studierte in\u00a0Nizza\u00a0und lebt heute in\u00a0Paris.\u00a0","breadcrumb":{"@id":"https:\/\/kulturonline.tv\/de\/centre-pompidou-ausstellungen-2022\/#breadcrumb"},"inLanguage":"de","potentialAction":[{"@type":"ReadAction","target":["https:\/\/kulturonline.tv\/de\/centre-pompidou-ausstellungen-2022\/"]}]},{"@type":"ImageObject","inLanguage":"de","@id":"https:\/\/kulturonline.tv\/de\/centre-pompidou-ausstellungen-2022\/#primaryimage","url":"https:\/\/kulturonline.tv\/wp-content\/uploads\/2022\/04\/Tatiana-Trouve-Kultur-Online-TV-edited-scaled.jpg","contentUrl":"https:\/\/kulturonline.tv\/wp-content\/uploads\/2022\/04\/Tatiana-Trouve-Kultur-Online-TV-edited-scaled.jpg","width":2560,"height":1440},{"@type":"BreadcrumbList","@id":"https:\/\/kulturonline.tv\/de\/centre-pompidou-ausstellungen-2022\/#breadcrumb","itemListElement":[{"@type":"ListItem","position":1,"name":"Startseite","item":"https:\/\/kulturonline.tv\/de\/"},{"@type":"ListItem","position":2,"name":"Centre Pompidou: Ausstellungen 2022"}]},{"@type":"WebSite","@id":"https:\/\/kulturonline.tv\/de\/#website","url":"https:\/\/kulturonline.tv\/de\/","name":"Kultur Online TV &amp; FM","description":"Wir sind Kultur 2.0 zum sehen &amp; h\u00f6ren","publisher":{"@id":"https:\/\/kulturonline.tv\/de\/#organization"},"potentialAction":[{"@type":"SearchAction","target":{"@type":"EntryPoint","urlTemplate":"https:\/\/kulturonline.tv\/de\/?s={search_term_string}"},"query-input":{"@type":"PropertyValueSpecification","valueRequired":true,"valueName":"search_term_string"}}],"inLanguage":"de"},{"@type":"Organization","@id":"https:\/\/kulturonline.tv\/de\/#organization","name":"Kultur Online TV","url":"https:\/\/kulturonline.tv\/de\/","logo":{"@type":"ImageObject","inLanguage":"de","@id":"https:\/\/kulturonline.tv\/de\/#\/schema\/logo\/image\/","url":"https:\/\/kulturonline.tv\/wp-content\/uploads\/2021\/08\/Kultur-Online-Tv-Logo-Endversion-neu.png","contentUrl":"https:\/\/kulturonline.tv\/wp-content\/uploads\/2021\/08\/Kultur-Online-Tv-Logo-Endversion-neu.png","width":200,"height":200,"caption":"Kultur Online TV"},"image":{"@id":"https:\/\/kulturonline.tv\/de\/#\/schema\/logo\/image\/"},"sameAs":["https:\/\/www.facebook.com\/kulturonline.tv","https:\/\/www.instagram.com\/kulturonline.tv"]},{"@type":"Person","@id":"https:\/\/kulturonline.tv\/de\/#\/schema\/person\/b0fac729bb9a0c193fb1df23449df4fe","name":"guenter.wolfgang"}]}},"_links":{"self":[{"href":"https:\/\/kulturonline.tv\/de\/wp-json\/wp\/v2\/posts\/25659","targetHints":{"allow":["GET"]}}],"collection":[{"href":"https:\/\/kulturonline.tv\/de\/wp-json\/wp\/v2\/posts"}],"about":[{"href":"https:\/\/kulturonline.tv\/de\/wp-json\/wp\/v2\/types\/post"}],"author":[{"embeddable":true,"href":"https:\/\/kulturonline.tv\/de\/wp-json\/wp\/v2\/users\/2"}],"replies":[{"embeddable":true,"href":"https:\/\/kulturonline.tv\/de\/wp-json\/wp\/v2\/comments?post=25659"}],"version-history":[{"count":0,"href":"https:\/\/kulturonline.tv\/de\/wp-json\/wp\/v2\/posts\/25659\/revisions"}],"wp:featuredmedia":[{"embeddable":true,"href":"https:\/\/kulturonline.tv\/de\/wp-json\/wp\/v2\/media\/25662"}],"wp:attachment":[{"href":"https:\/\/kulturonline.tv\/de\/wp-json\/wp\/v2\/media?parent=25659"}],"wp:term":[{"taxonomy":"category","embeddable":true,"href":"https:\/\/kulturonline.tv\/de\/wp-json\/wp\/v2\/categories?post=25659"},{"taxonomy":"post_tag","embeddable":true,"href":"https:\/\/kulturonline.tv\/de\/wp-json\/wp\/v2\/tags?post=25659"}],"curies":[{"name":"wp","href":"https:\/\/api.w.org\/{rel}","templated":true}]}}