{"id":26301,"date":"2022-05-10T09:04:30","date_gmt":"2022-05-10T07:04:30","guid":{"rendered":"https:\/\/kulturonline.tv\/unkategorisiert\/wir-waren-unterwegs-am-06-07-mai-am-flaniermarkt-in-der-neubaugasse-wien"},"modified":"2022-06-29T22:23:18","modified_gmt":"2022-06-29T20:23:18","slug":"wir-waren-unterwegs-am-06-07-mai-am-flaniermarkt-in-der-neubaugasse-wien","status":"publish","type":"post","link":"https:\/\/kulturonline.tv\/de\/wir-waren-unterwegs-am-06-07-mai-am-flaniermarkt-in-der-neubaugasse-wien\/","title":{"rendered":"Kultur Online TV-FM Unterwegs am 06.&#038;.07 Mai am Flaniermarkt in der Neubaugasse Wien"},"content":{"rendered":"\n<p>Mehr als 300 AusstellerInnen erwarte die Besucher am Flaniermarkt in der Neubaugasse. <\/p>\n\n\n\n<figure class=\"wp-block-image size-full is-resized\"><img fetchpriority=\"high\" decoding=\"async\" src=\"https:\/\/kulturonline.tv\/wp-content\/uploads\/2022\/05\/16-neu-edited.png\" alt=\"\" class=\"wp-image-26305\" width=\"843\" height=\"474\" srcset=\"https:\/\/kulturonline.tv\/wp-content\/uploads\/2022\/05\/16-neu-edited.png 809w, https:\/\/kulturonline.tv\/wp-content\/uploads\/2022\/05\/16-neu-edited-600x337.png 600w, https:\/\/kulturonline.tv\/wp-content\/uploads\/2022\/05\/16-neu-edited-800x450.png 800w, https:\/\/kulturonline.tv\/wp-content\/uploads\/2022\/05\/16-neu-edited-768x432.png 768w\" sizes=\"(max-width: 843px) 100vw, 843px\" \/><\/figure>\n\n\n\n<p>Unter dem Motto<strong>\u00a0\u201eDie Neubaugasse tanzt\u201c<\/strong>\u00a0brachte das Kulturprogramm Musik-Acts, Tanzperformances, Bodypercussion, Walking-Acts und Tanz-Workshops zum Flaniermarkt und begeistert das Marktpublikum in der Stra\u00dfe der SpezialistInnen an den beiden Veranstaltungstagen. Auch diesmal wie in den vergangenen Jahrzehnten waren rund 100.000 Menschen pro Tag bei dieser zweit\u00e4gigen Veranstaltung. <\/p>\n\n\n\n<p>Auch wir von Kultur Online TV &amp; FM waren vor Ort mit einer kleinen Kulturb\u00fchne an den beiden Tagen dabei, wo hervorragende K\u00fcnstlerInnen sich mit Ihren musikalischen Darbietungen pr\u00e4sentiert haben und  f\u00fcr ein buntes Rahmenprogramm sorgten.<\/p>\n\n\n\n<p>Die Herbstveranstaltung findet am <strong>30.September und 01. Oktober <\/strong>statt. Auch wir werden wieder vor Ort mit dabei sein und freuen uns auf euch.<\/p>\n\n\n\n<div class=\"wp-block-group is-layout-flow wp-block-group-is-layout-flow\">\n<figure class=\"wp-block-gallery has-nested-images columns-default is-cropped wp-block-gallery-1 is-layout-flex wp-block-gallery-is-layout-flex\">\n<figure class=\"wp-block-image size-large\"><img decoding=\"async\" width=\"2560\" height=\"1920\" data-id=\"26286\" src=\"https:\/\/kulturonline.tv\/wp-content\/uploads\/2022\/05\/4-3-scaled.jpg\" alt=\"\" class=\"wp-image-26286\" srcset=\"https:\/\/kulturonline.tv\/wp-content\/uploads\/2022\/05\/4-3-scaled.jpg 2560w, https:\/\/kulturonline.tv\/wp-content\/uploads\/2022\/05\/4-3-600x450.jpg 600w, https:\/\/kulturonline.tv\/wp-content\/uploads\/2022\/05\/4-3-800x600.jpg 800w, https:\/\/kulturonline.tv\/wp-content\/uploads\/2022\/05\/4-3-1600x1200.jpg 1600w, https:\/\/kulturonline.tv\/wp-content\/uploads\/2022\/05\/4-3-768x576.jpg 768w, https:\/\/kulturonline.tv\/wp-content\/uploads\/2022\/05\/4-3-1536x1152.jpg 1536w, https:\/\/kulturonline.tv\/wp-content\/uploads\/2022\/05\/4-3-2048x1536.jpg 2048w\" sizes=\"(max-width: 2560px) 100vw, 2560px\" \/><\/figure>\n\n\n\n<figure class=\"wp-block-image size-large\"><img decoding=\"async\" width=\"2560\" height=\"1920\" data-id=\"26288\" src=\"https:\/\/kulturonline.tv\/wp-content\/uploads\/2022\/05\/5-min-scaled.jpg\" alt=\"\" class=\"wp-image-26288\" srcset=\"https:\/\/kulturonline.tv\/wp-content\/uploads\/2022\/05\/5-min-scaled.jpg 2560w, https:\/\/kulturonline.tv\/wp-content\/uploads\/2022\/05\/5-min-600x450.jpg 600w, https:\/\/kulturonline.tv\/wp-content\/uploads\/2022\/05\/5-min-800x600.jpg 800w, https:\/\/kulturonline.tv\/wp-content\/uploads\/2022\/05\/5-min-1600x1200.jpg 1600w, https:\/\/kulturonline.tv\/wp-content\/uploads\/2022\/05\/5-min-768x576.jpg 768w, https:\/\/kulturonline.tv\/wp-content\/uploads\/2022\/05\/5-min-1536x1152.jpg 1536w, https:\/\/kulturonline.tv\/wp-content\/uploads\/2022\/05\/5-min-2048x1536.jpg 2048w\" sizes=\"(max-width: 2560px) 100vw, 2560px\" \/><\/figure>\n\n\n\n<figure class=\"wp-block-image size-large\"><img loading=\"lazy\" decoding=\"async\" width=\"2560\" height=\"1920\" data-id=\"26290\" src=\"https:\/\/kulturonline.tv\/wp-content\/uploads\/2022\/05\/3-scaled.jpg\" alt=\"\" class=\"wp-image-26290\" srcset=\"https:\/\/kulturonline.tv\/wp-content\/uploads\/2022\/05\/3-scaled.jpg 2560w, https:\/\/kulturonline.tv\/wp-content\/uploads\/2022\/05\/3-600x450.jpg 600w, https:\/\/kulturonline.tv\/wp-content\/uploads\/2022\/05\/3-800x600.jpg 800w, https:\/\/kulturonline.tv\/wp-content\/uploads\/2022\/05\/3-1600x1200.jpg 1600w, https:\/\/kulturonline.tv\/wp-content\/uploads\/2022\/05\/3-768x576.jpg 768w, https:\/\/kulturonline.tv\/wp-content\/uploads\/2022\/05\/3-1536x1152.jpg 1536w, https:\/\/kulturonline.tv\/wp-content\/uploads\/2022\/05\/3-2048x1536.jpg 2048w\" sizes=\"(max-width: 2560px) 100vw, 2560px\" \/><\/figure>\n\n\n\n<figure class=\"wp-block-image size-large\"><img loading=\"lazy\" decoding=\"async\" width=\"2560\" height=\"1920\" data-id=\"26292\" src=\"https:\/\/kulturonline.tv\/wp-content\/uploads\/2022\/05\/2-scaled.jpg\" alt=\"\" class=\"wp-image-26292\" srcset=\"https:\/\/kulturonline.tv\/wp-content\/uploads\/2022\/05\/2-scaled.jpg 2560w, https:\/\/kulturonline.tv\/wp-content\/uploads\/2022\/05\/2-600x450.jpg 600w, https:\/\/kulturonline.tv\/wp-content\/uploads\/2022\/05\/2-800x600.jpg 800w, https:\/\/kulturonline.tv\/wp-content\/uploads\/2022\/05\/2-1600x1200.jpg 1600w, https:\/\/kulturonline.tv\/wp-content\/uploads\/2022\/05\/2-768x576.jpg 768w, https:\/\/kulturonline.tv\/wp-content\/uploads\/2022\/05\/2-1536x1152.jpg 1536w, https:\/\/kulturonline.tv\/wp-content\/uploads\/2022\/05\/2-2048x1536.jpg 2048w\" sizes=\"(max-width: 2560px) 100vw, 2560px\" \/><\/figure>\n<\/figure>\n<\/div>\n\n\n\n<h3 class=\"wp-block-heading\"><a href=\"https:\/\/kulturonline.tv\/de\/aktuelle-news-ueber-uns\/wir-sind-unterwegs-flaniermarkt-in-der-neubaugasse-wien-2\">Hier findest Du weitere ausf\u00fchrliche Infos zu den K\u00fcnstlern die bei uns aufgetreten sind.<\/a><\/h3>\n\n\n\n<h2 class=\"wp-block-heading\">Planst auch Du gerade einen Event oder suchst einen Partner dann melde Dich bei uns!<\/h2>\n\n\n\n<figure class=\"wp-block-image size-large\"><img loading=\"lazy\" decoding=\"async\" width=\"1600\" height=\"1141\" src=\"https:\/\/kulturonline.tv\/wp-content\/uploads\/2022\/05\/werbung-1-1600x1141.png\" alt=\"\" class=\"wp-image-26294\" srcset=\"https:\/\/kulturonline.tv\/wp-content\/uploads\/2022\/05\/werbung-1-1600x1141.png 1600w, https:\/\/kulturonline.tv\/wp-content\/uploads\/2022\/05\/werbung-1-600x428.png 600w, https:\/\/kulturonline.tv\/wp-content\/uploads\/2022\/05\/werbung-1-800x570.png 800w, https:\/\/kulturonline.tv\/wp-content\/uploads\/2022\/05\/werbung-1-768x548.png 768w, https:\/\/kulturonline.tv\/wp-content\/uploads\/2022\/05\/werbung-1-1536x1095.png 1536w, https:\/\/kulturonline.tv\/wp-content\/uploads\/2022\/05\/werbung-1.png 2000w\" sizes=\"(max-width: 1600px) 100vw, 1600px\" \/><\/figure>\n\n\n\n<figure class=\"wp-block-image size-large\"><img loading=\"lazy\" decoding=\"async\" width=\"1600\" height=\"1120\" src=\"https:\/\/kulturonline.tv\/wp-content\/uploads\/2022\/05\/werbung-2-neu-1600x1120.png\" alt=\"\" class=\"wp-image-26298\" srcset=\"https:\/\/kulturonline.tv\/wp-content\/uploads\/2022\/05\/werbung-2-neu-1600x1120.png 1600w, https:\/\/kulturonline.tv\/wp-content\/uploads\/2022\/05\/werbung-2-neu-600x420.png 600w, https:\/\/kulturonline.tv\/wp-content\/uploads\/2022\/05\/werbung-2-neu-800x560.png 800w, https:\/\/kulturonline.tv\/wp-content\/uploads\/2022\/05\/werbung-2-neu-768x538.png 768w, https:\/\/kulturonline.tv\/wp-content\/uploads\/2022\/05\/werbung-2-neu-1536x1075.png 1536w, https:\/\/kulturonline.tv\/wp-content\/uploads\/2022\/05\/werbung-2-neu.png 2000w\" sizes=\"(max-width: 1600px) 100vw, 1600px\" \/><\/figure>\n\n\n\n<p>Kultur Online TV<\/p>\n\n\n\n<p>#kunst #kultur #news<\/p>\n","protected":false},"excerpt":{"rendered":"<p>Mehr als 300 AusstellerInnen erwarte die Besucher am Flaniermarkt in der Neubaugasse. Unter dem Motto\u00a0\u201eDie Neubaugasse tanzt\u201c\u00a0brachte das Kulturprogramm Musik-Acts, Tanzperformances, Bodypercussion, Walking-Acts und Tanz-Workshops zum Flaniermarkt und begeistert das Marktpublikum in der Stra\u00dfe der SpezialistInnen an den beiden Veranstaltungstagen. Auch diesmal wie in den vergangenen Jahrzehnten waren rund 100.000 Menschen pro Tag bei dieser [&hellip;]<\/p>\n","protected":false},"author":2,"featured_media":26306,"comment_status":"closed","ping_status":"closed","sticky":false,"template":"","format":"standard","meta":{"_acf_changed":false,"footnotes":""},"categories":[3],"tags":[],"class_list":["post-26301","post","type-post","status-publish","format-standard","has-post-thumbnail","hentry","category-newsflash"],"acf":[],"yoast_head":"<!-- This site is optimized with the Yoast SEO plugin v26.1.1 - https:\/\/yoast.com\/wordpress\/plugins\/seo\/ -->\n<title>Kultur Online TV-FM Unterwegs am 06.&amp;.07 Mai am Flaniermarkt in der Neubaugasse Wien - Kultur Online TV &amp; FM<\/title>\n<meta name=\"description\" content=\"Unter dem Motto\u00a0\u201eDie Neubaugasse tanzt\u201c\u00a0brachte das Kulturprogramm Musik-Acts, Tanzperformances,\" \/>\n<meta name=\"robots\" content=\"index, follow, max-snippet:-1, max-image-preview:large, max-video-preview:-1\" \/>\n<link rel=\"canonical\" href=\"https:\/\/kulturonline.tv\/de\/wir-waren-unterwegs-am-06-07-mai-am-flaniermarkt-in-der-neubaugasse-wien\/\" \/>\n<meta property=\"og:locale\" content=\"de_DE\" \/>\n<meta property=\"og:type\" content=\"article\" \/>\n<meta property=\"og:title\" content=\"Kultur Online TV-FM Unterwegs am 06.&amp;.07 Mai am Flaniermarkt in der Neubaugasse Wien - Kultur Online TV &amp; FM\" \/>\n<meta property=\"og:description\" content=\"Unter dem Motto\u00a0\u201eDie Neubaugasse tanzt\u201c\u00a0brachte das Kulturprogramm Musik-Acts, Tanzperformances,\" \/>\n<meta property=\"og:url\" content=\"https:\/\/kulturonline.tv\/de\/wir-waren-unterwegs-am-06-07-mai-am-flaniermarkt-in-der-neubaugasse-wien\/\" \/>\n<meta property=\"og:site_name\" content=\"Kultur Online TV &amp; FM\" \/>\n<meta property=\"article:publisher\" content=\"https:\/\/www.facebook.com\/kulturonline.tv\" \/>\n<meta property=\"article:published_time\" content=\"2022-05-10T07:04:30+00:00\" \/>\n<meta property=\"article:modified_time\" content=\"2022-06-29T20:23:18+00:00\" \/>\n<meta property=\"og:image\" content=\"https:\/\/kulturonline.tv\/wp-content\/uploads\/2022\/05\/16-neu-edited.png\" \/>\n\t<meta property=\"og:image:width\" content=\"809\" \/>\n\t<meta property=\"og:image:height\" content=\"455\" \/>\n\t<meta property=\"og:image:type\" content=\"image\/png\" \/>\n<meta name=\"author\" content=\"guenter.wolfgang\" \/>\n<meta name=\"twitter:card\" content=\"summary_large_image\" \/>\n<meta name=\"twitter:label1\" content=\"Verfasst von\" \/>\n\t<meta name=\"twitter:data1\" content=\"guenter.wolfgang\" \/>\n\t<meta name=\"twitter:label2\" content=\"Gesch\u00e4tzte Lesezeit\" \/>\n\t<meta name=\"twitter:data2\" content=\"3\u00a0Minuten\" \/>\n<script type=\"application\/ld+json\" class=\"yoast-schema-graph\">{\"@context\":\"https:\/\/schema.org\",\"@graph\":[{\"@type\":\"Article\",\"@id\":\"https:\/\/kulturonline.tv\/de\/wir-waren-unterwegs-am-06-07-mai-am-flaniermarkt-in-der-neubaugasse-wien\/#article\",\"isPartOf\":{\"@id\":\"https:\/\/kulturonline.tv\/de\/wir-waren-unterwegs-am-06-07-mai-am-flaniermarkt-in-der-neubaugasse-wien\/\"},\"author\":{\"name\":\"guenter.wolfgang\",\"@id\":\"https:\/\/kulturonline.tv\/de\/#\/schema\/person\/b0fac729bb9a0c193fb1df23449df4fe\"},\"headline\":\"Kultur Online TV-FM Unterwegs am 06.&#038;.07 Mai am Flaniermarkt in der Neubaugasse Wien\",\"datePublished\":\"2022-05-10T07:04:30+00:00\",\"dateModified\":\"2022-06-29T20:23:18+00:00\",\"mainEntityOfPage\":{\"@id\":\"https:\/\/kulturonline.tv\/de\/wir-waren-unterwegs-am-06-07-mai-am-flaniermarkt-in-der-neubaugasse-wien\/\"},\"wordCount\":170,\"publisher\":{\"@id\":\"https:\/\/kulturonline.tv\/de\/#organization\"},\"image\":{\"@id\":\"https:\/\/kulturonline.tv\/de\/wir-waren-unterwegs-am-06-07-mai-am-flaniermarkt-in-der-neubaugasse-wien\/#primaryimage\"},\"thumbnailUrl\":\"https:\/\/kulturonline.tv\/wp-content\/uploads\/2022\/05\/16-neu-edited.png\",\"articleSection\":[\"Newsflash\"],\"inLanguage\":\"de\"},{\"@type\":\"WebPage\",\"@id\":\"https:\/\/kulturonline.tv\/de\/wir-waren-unterwegs-am-06-07-mai-am-flaniermarkt-in-der-neubaugasse-wien\/\",\"url\":\"https:\/\/kulturonline.tv\/de\/wir-waren-unterwegs-am-06-07-mai-am-flaniermarkt-in-der-neubaugasse-wien\/\",\"name\":\"Kultur Online TV-FM Unterwegs am 06.&.07 Mai am Flaniermarkt in der Neubaugasse Wien - Kultur Online TV &amp; FM\",\"isPartOf\":{\"@id\":\"https:\/\/kulturonline.tv\/de\/#website\"},\"primaryImageOfPage\":{\"@id\":\"https:\/\/kulturonline.tv\/de\/wir-waren-unterwegs-am-06-07-mai-am-flaniermarkt-in-der-neubaugasse-wien\/#primaryimage\"},\"image\":{\"@id\":\"https:\/\/kulturonline.tv\/de\/wir-waren-unterwegs-am-06-07-mai-am-flaniermarkt-in-der-neubaugasse-wien\/#primaryimage\"},\"thumbnailUrl\":\"https:\/\/kulturonline.tv\/wp-content\/uploads\/2022\/05\/16-neu-edited.png\",\"datePublished\":\"2022-05-10T07:04:30+00:00\",\"dateModified\":\"2022-06-29T20:23:18+00:00\",\"description\":\"Unter dem Motto\u00a0\u201eDie Neubaugasse tanzt\u201c\u00a0brachte das Kulturprogramm Musik-Acts, Tanzperformances,\",\"breadcrumb\":{\"@id\":\"https:\/\/kulturonline.tv\/de\/wir-waren-unterwegs-am-06-07-mai-am-flaniermarkt-in-der-neubaugasse-wien\/#breadcrumb\"},\"inLanguage\":\"de\",\"potentialAction\":[{\"@type\":\"ReadAction\",\"target\":[\"https:\/\/kulturonline.tv\/de\/wir-waren-unterwegs-am-06-07-mai-am-flaniermarkt-in-der-neubaugasse-wien\/\"]}]},{\"@type\":\"ImageObject\",\"inLanguage\":\"de\",\"@id\":\"https:\/\/kulturonline.tv\/de\/wir-waren-unterwegs-am-06-07-mai-am-flaniermarkt-in-der-neubaugasse-wien\/#primaryimage\",\"url\":\"https:\/\/kulturonline.tv\/wp-content\/uploads\/2022\/05\/16-neu-edited.png\",\"contentUrl\":\"https:\/\/kulturonline.tv\/wp-content\/uploads\/2022\/05\/16-neu-edited.png\",\"width\":809,\"height\":455},{\"@type\":\"BreadcrumbList\",\"@id\":\"https:\/\/kulturonline.tv\/de\/wir-waren-unterwegs-am-06-07-mai-am-flaniermarkt-in-der-neubaugasse-wien\/#breadcrumb\",\"itemListElement\":[{\"@type\":\"ListItem\",\"position\":1,\"name\":\"Startseite\",\"item\":\"https:\/\/kulturonline.tv\/de\/\"},{\"@type\":\"ListItem\",\"position\":2,\"name\":\"Kultur Online TV-FM Unterwegs am 06.&#038;.07 Mai am Flaniermarkt in der Neubaugasse Wien\"}]},{\"@type\":\"WebSite\",\"@id\":\"https:\/\/kulturonline.tv\/de\/#website\",\"url\":\"https:\/\/kulturonline.tv\/de\/\",\"name\":\"Kultur Online TV &amp; FM\",\"description\":\"Wir sind Kultur 2.0 zum sehen &amp; h\u00f6ren\",\"publisher\":{\"@id\":\"https:\/\/kulturonline.tv\/de\/#organization\"},\"potentialAction\":[{\"@type\":\"SearchAction\",\"target\":{\"@type\":\"EntryPoint\",\"urlTemplate\":\"https:\/\/kulturonline.tv\/de\/?s={search_term_string}\"},\"query-input\":{\"@type\":\"PropertyValueSpecification\",\"valueRequired\":true,\"valueName\":\"search_term_string\"}}],\"inLanguage\":\"de\"},{\"@type\":\"Organization\",\"@id\":\"https:\/\/kulturonline.tv\/de\/#organization\",\"name\":\"Kultur Online TV\",\"url\":\"https:\/\/kulturonline.tv\/de\/\",\"logo\":{\"@type\":\"ImageObject\",\"inLanguage\":\"de\",\"@id\":\"https:\/\/kulturonline.tv\/de\/#\/schema\/logo\/image\/\",\"url\":\"https:\/\/kulturonline.tv\/wp-content\/uploads\/2021\/08\/Kultur-Online-Tv-Logo-Endversion-neu.png\",\"contentUrl\":\"https:\/\/kulturonline.tv\/wp-content\/uploads\/2021\/08\/Kultur-Online-Tv-Logo-Endversion-neu.png\",\"width\":200,\"height\":200,\"caption\":\"Kultur Online TV\"},\"image\":{\"@id\":\"https:\/\/kulturonline.tv\/de\/#\/schema\/logo\/image\/\"},\"sameAs\":[\"https:\/\/www.facebook.com\/kulturonline.tv\",\"https:\/\/www.instagram.com\/kulturonline.tv\"]},{\"@type\":\"Person\",\"@id\":\"https:\/\/kulturonline.tv\/de\/#\/schema\/person\/b0fac729bb9a0c193fb1df23449df4fe\",\"name\":\"guenter.wolfgang\"}]}<\/script>\n<!-- \/ Yoast SEO plugin. -->","yoast_head_json":{"title":"Kultur Online TV-FM Unterwegs am 06.&.07 Mai am Flaniermarkt in der Neubaugasse Wien - Kultur Online TV &amp; FM","description":"Unter dem Motto\u00a0\u201eDie Neubaugasse tanzt\u201c\u00a0brachte das Kulturprogramm Musik-Acts, Tanzperformances,","robots":{"index":"index","follow":"follow","max-snippet":"max-snippet:-1","max-image-preview":"max-image-preview:large","max-video-preview":"max-video-preview:-1"},"canonical":"https:\/\/kulturonline.tv\/de\/wir-waren-unterwegs-am-06-07-mai-am-flaniermarkt-in-der-neubaugasse-wien\/","og_locale":"de_DE","og_type":"article","og_title":"Kultur Online TV-FM Unterwegs am 06.&.07 Mai am Flaniermarkt in der Neubaugasse Wien - Kultur Online TV &amp; FM","og_description":"Unter dem Motto\u00a0\u201eDie Neubaugasse tanzt\u201c\u00a0brachte das Kulturprogramm Musik-Acts, Tanzperformances,","og_url":"https:\/\/kulturonline.tv\/de\/wir-waren-unterwegs-am-06-07-mai-am-flaniermarkt-in-der-neubaugasse-wien\/","og_site_name":"Kultur Online TV &amp; FM","article_publisher":"https:\/\/www.facebook.com\/kulturonline.tv","article_published_time":"2022-05-10T07:04:30+00:00","article_modified_time":"2022-06-29T20:23:18+00:00","og_image":[{"width":809,"height":455,"url":"https:\/\/kulturonline.tv\/wp-content\/uploads\/2022\/05\/16-neu-edited.png","type":"image\/png"}],"author":"guenter.wolfgang","twitter_card":"summary_large_image","twitter_misc":{"Verfasst von":"guenter.wolfgang","Gesch\u00e4tzte Lesezeit":"3\u00a0Minuten"},"schema":{"@context":"https:\/\/schema.org","@graph":[{"@type":"Article","@id":"https:\/\/kulturonline.tv\/de\/wir-waren-unterwegs-am-06-07-mai-am-flaniermarkt-in-der-neubaugasse-wien\/#article","isPartOf":{"@id":"https:\/\/kulturonline.tv\/de\/wir-waren-unterwegs-am-06-07-mai-am-flaniermarkt-in-der-neubaugasse-wien\/"},"author":{"name":"guenter.wolfgang","@id":"https:\/\/kulturonline.tv\/de\/#\/schema\/person\/b0fac729bb9a0c193fb1df23449df4fe"},"headline":"Kultur Online TV-FM Unterwegs am 06.&#038;.07 Mai am Flaniermarkt in der Neubaugasse Wien","datePublished":"2022-05-10T07:04:30+00:00","dateModified":"2022-06-29T20:23:18+00:00","mainEntityOfPage":{"@id":"https:\/\/kulturonline.tv\/de\/wir-waren-unterwegs-am-06-07-mai-am-flaniermarkt-in-der-neubaugasse-wien\/"},"wordCount":170,"publisher":{"@id":"https:\/\/kulturonline.tv\/de\/#organization"},"image":{"@id":"https:\/\/kulturonline.tv\/de\/wir-waren-unterwegs-am-06-07-mai-am-flaniermarkt-in-der-neubaugasse-wien\/#primaryimage"},"thumbnailUrl":"https:\/\/kulturonline.tv\/wp-content\/uploads\/2022\/05\/16-neu-edited.png","articleSection":["Newsflash"],"inLanguage":"de"},{"@type":"WebPage","@id":"https:\/\/kulturonline.tv\/de\/wir-waren-unterwegs-am-06-07-mai-am-flaniermarkt-in-der-neubaugasse-wien\/","url":"https:\/\/kulturonline.tv\/de\/wir-waren-unterwegs-am-06-07-mai-am-flaniermarkt-in-der-neubaugasse-wien\/","name":"Kultur Online TV-FM Unterwegs am 06.&.07 Mai am Flaniermarkt in der Neubaugasse Wien - Kultur Online TV &amp; FM","isPartOf":{"@id":"https:\/\/kulturonline.tv\/de\/#website"},"primaryImageOfPage":{"@id":"https:\/\/kulturonline.tv\/de\/wir-waren-unterwegs-am-06-07-mai-am-flaniermarkt-in-der-neubaugasse-wien\/#primaryimage"},"image":{"@id":"https:\/\/kulturonline.tv\/de\/wir-waren-unterwegs-am-06-07-mai-am-flaniermarkt-in-der-neubaugasse-wien\/#primaryimage"},"thumbnailUrl":"https:\/\/kulturonline.tv\/wp-content\/uploads\/2022\/05\/16-neu-edited.png","datePublished":"2022-05-10T07:04:30+00:00","dateModified":"2022-06-29T20:23:18+00:00","description":"Unter dem Motto\u00a0\u201eDie Neubaugasse tanzt\u201c\u00a0brachte das Kulturprogramm Musik-Acts, Tanzperformances,","breadcrumb":{"@id":"https:\/\/kulturonline.tv\/de\/wir-waren-unterwegs-am-06-07-mai-am-flaniermarkt-in-der-neubaugasse-wien\/#breadcrumb"},"inLanguage":"de","potentialAction":[{"@type":"ReadAction","target":["https:\/\/kulturonline.tv\/de\/wir-waren-unterwegs-am-06-07-mai-am-flaniermarkt-in-der-neubaugasse-wien\/"]}]},{"@type":"ImageObject","inLanguage":"de","@id":"https:\/\/kulturonline.tv\/de\/wir-waren-unterwegs-am-06-07-mai-am-flaniermarkt-in-der-neubaugasse-wien\/#primaryimage","url":"https:\/\/kulturonline.tv\/wp-content\/uploads\/2022\/05\/16-neu-edited.png","contentUrl":"https:\/\/kulturonline.tv\/wp-content\/uploads\/2022\/05\/16-neu-edited.png","width":809,"height":455},{"@type":"BreadcrumbList","@id":"https:\/\/kulturonline.tv\/de\/wir-waren-unterwegs-am-06-07-mai-am-flaniermarkt-in-der-neubaugasse-wien\/#breadcrumb","itemListElement":[{"@type":"ListItem","position":1,"name":"Startseite","item":"https:\/\/kulturonline.tv\/de\/"},{"@type":"ListItem","position":2,"name":"Kultur Online TV-FM Unterwegs am 06.&#038;.07 Mai am Flaniermarkt in der Neubaugasse Wien"}]},{"@type":"WebSite","@id":"https:\/\/kulturonline.tv\/de\/#website","url":"https:\/\/kulturonline.tv\/de\/","name":"Kultur Online TV &amp; FM","description":"Wir sind Kultur 2.0 zum sehen &amp; h\u00f6ren","publisher":{"@id":"https:\/\/kulturonline.tv\/de\/#organization"},"potentialAction":[{"@type":"SearchAction","target":{"@type":"EntryPoint","urlTemplate":"https:\/\/kulturonline.tv\/de\/?s={search_term_string}"},"query-input":{"@type":"PropertyValueSpecification","valueRequired":true,"valueName":"search_term_string"}}],"inLanguage":"de"},{"@type":"Organization","@id":"https:\/\/kulturonline.tv\/de\/#organization","name":"Kultur Online TV","url":"https:\/\/kulturonline.tv\/de\/","logo":{"@type":"ImageObject","inLanguage":"de","@id":"https:\/\/kulturonline.tv\/de\/#\/schema\/logo\/image\/","url":"https:\/\/kulturonline.tv\/wp-content\/uploads\/2021\/08\/Kultur-Online-Tv-Logo-Endversion-neu.png","contentUrl":"https:\/\/kulturonline.tv\/wp-content\/uploads\/2021\/08\/Kultur-Online-Tv-Logo-Endversion-neu.png","width":200,"height":200,"caption":"Kultur Online TV"},"image":{"@id":"https:\/\/kulturonline.tv\/de\/#\/schema\/logo\/image\/"},"sameAs":["https:\/\/www.facebook.com\/kulturonline.tv","https:\/\/www.instagram.com\/kulturonline.tv"]},{"@type":"Person","@id":"https:\/\/kulturonline.tv\/de\/#\/schema\/person\/b0fac729bb9a0c193fb1df23449df4fe","name":"guenter.wolfgang"}]}},"_links":{"self":[{"href":"https:\/\/kulturonline.tv\/de\/wp-json\/wp\/v2\/posts\/26301","targetHints":{"allow":["GET"]}}],"collection":[{"href":"https:\/\/kulturonline.tv\/de\/wp-json\/wp\/v2\/posts"}],"about":[{"href":"https:\/\/kulturonline.tv\/de\/wp-json\/wp\/v2\/types\/post"}],"author":[{"embeddable":true,"href":"https:\/\/kulturonline.tv\/de\/wp-json\/wp\/v2\/users\/2"}],"replies":[{"embeddable":true,"href":"https:\/\/kulturonline.tv\/de\/wp-json\/wp\/v2\/comments?post=26301"}],"version-history":[{"count":0,"href":"https:\/\/kulturonline.tv\/de\/wp-json\/wp\/v2\/posts\/26301\/revisions"}],"wp:featuredmedia":[{"embeddable":true,"href":"https:\/\/kulturonline.tv\/de\/wp-json\/wp\/v2\/media\/26306"}],"wp:attachment":[{"href":"https:\/\/kulturonline.tv\/de\/wp-json\/wp\/v2\/media?parent=26301"}],"wp:term":[{"taxonomy":"category","embeddable":true,"href":"https:\/\/kulturonline.tv\/de\/wp-json\/wp\/v2\/categories?post=26301"},{"taxonomy":"post_tag","embeddable":true,"href":"https:\/\/kulturonline.tv\/de\/wp-json\/wp\/v2\/tags?post=26301"}],"curies":[{"name":"wp","href":"https:\/\/api.w.org\/{rel}","templated":true}]}}