{"id":27886,"date":"2022-05-25T22:46:25","date_gmt":"2022-05-25T20:46:25","guid":{"rendered":"https:\/\/kulturonline.tv\/?p=27886"},"modified":"2022-05-25T22:46:28","modified_gmt":"2022-05-25T20:46:28","slug":"auch-mode-ist-teil-der-kultur","status":"publish","type":"post","link":"https:\/\/kulturonline.tv\/de\/auch-mode-ist-teil-der-kultur\/","title":{"rendered":"Auch Mode ist Teil der Kultur"},"content":{"rendered":"\n<p>Die Mode pr\u00e4gt die Popkultur nicht nur ma\u00dfgeblich mit, sie ist selbst ein Teil davon geworden.<\/p>\n\n\n\n<figure class=\"wp-block-image size-large\"><img fetchpriority=\"high\" decoding=\"async\" width=\"1920\" height=\"1080\" src=\"https:\/\/kulturonline.tv\/wp-content\/uploads\/2022\/05\/catwalk-mixed-kultur-online-tv-edited.jpg\" alt=\"\" class=\"wp-image-27889\" srcset=\"https:\/\/kulturonline.tv\/wp-content\/uploads\/2022\/05\/catwalk-mixed-kultur-online-tv-edited.jpg 1920w, https:\/\/kulturonline.tv\/wp-content\/uploads\/2022\/05\/catwalk-mixed-kultur-online-tv-edited-600x338.jpg 600w, https:\/\/kulturonline.tv\/wp-content\/uploads\/2022\/05\/catwalk-mixed-kultur-online-tv-edited-800x450.jpg 800w, https:\/\/kulturonline.tv\/wp-content\/uploads\/2022\/05\/catwalk-mixed-kultur-online-tv-edited-1600x900.jpg 1600w, https:\/\/kulturonline.tv\/wp-content\/uploads\/2022\/05\/catwalk-mixed-kultur-online-tv-edited-768x432.jpg 768w, https:\/\/kulturonline.tv\/wp-content\/uploads\/2022\/05\/catwalk-mixed-kultur-online-tv-edited-1536x864.jpg 1536w\" sizes=\"(max-width: 1920px) 100vw, 1920px\" \/><\/figure>\n\n\n\n<p>Mode und Popkultur sind untrennbar miteinander verbunden und spielen unser aller Kleidungsstil und die High Fashion erheblich in unser Verst\u00e4ndnis von popul\u00e4rer Kultur hinein. Von den wilden 20ern in Berlin \u00fcber Andy Warhol bis hin zum Stra\u00dfenschick gepr\u00e4gt von unseren sportlichen Idolen, all das ist extrem relevant f\u00fcr den Kulturbegriff, der sich abseits der Museen ablesen l\u00e4sst.<br>Kultur in der Mode ist immer eine Wechselwirkung. So wie modische Str\u00f6mungen unser Verst\u00e4ndnis vom Zeitgeschehen aktuell und r\u00fcckwirkend pr\u00e4gen, hat auch die Kultur ihre entscheidenden Einfl\u00fcsse auf Modetrends.<\/p>\n\n\n\n<p>Sp\u00e4testens seit der popkulturellen Kunststr\u00f6mung, in der Andy Warhol ab 1962 Kunst und Kommerz vermischte, ist Mode fester Teil der Popkultur. Der ehemalige Werbeillustrator vermischte Kunst und Kommerz und brachte den Mainstream so auch in die Hochkultur. Das Stigma der Hochkultur sollte verschwinden und gerade hier spielte Mode auch eine starke Rolle. Zur Modeszene waren die \u00dcberg\u00e4nge flie\u00dfend, Warhol selbst designte Kleidung und arbeitete als Modeillustrator. Die Kommerzialisierung der Mode, der Reiz neuer Kleidung und die M\u00f6glichkeit der Selbstverwirklichung mit dem K\u00f6rper als Leinwand waren es dann auch, die neue Impulse setzten.<\/p>\n\n\n\n<p>Kultur Online TV<\/p>\n\n\n\n<p>#mode #news #kunst #kultur<\/p>\n","protected":false},"excerpt":{"rendered":"<p>Die Mode pr\u00e4gt die Popkultur nicht nur ma\u00dfgeblich mit, sie ist selbst ein Teil davon geworden. Mode und Popkultur sind untrennbar miteinander verbunden und spielen unser aller Kleidungsstil und die High Fashion erheblich in unser Verst\u00e4ndnis von popul\u00e4rer Kultur hinein. Von den wilden 20ern in Berlin \u00fcber Andy Warhol bis hin zum Stra\u00dfenschick gepr\u00e4gt von [&hellip;]<\/p>\n","protected":false},"author":2,"featured_media":27889,"comment_status":"closed","ping_status":"closed","sticky":false,"template":"","format":"standard","meta":{"_acf_changed":false,"footnotes":""},"categories":[281],"tags":[],"class_list":["post-27886","post","type-post","status-publish","format-standard","has-post-thumbnail","hentry","category-mixed"],"acf":[],"yoast_head":"<!-- This site is optimized with the Yoast SEO plugin v26.1.1 - https:\/\/yoast.com\/wordpress\/plugins\/seo\/ -->\n<title>Auch Mode ist Teil der Kultur - Kultur Online TV &amp; FM<\/title>\n<meta name=\"description\" content=\"Die Mode pr\u00e4gt die Popkultur nicht nur ma\u00dfgeblich mit, sie ist selbst ein Teil davon geworden.\" \/>\n<meta name=\"robots\" content=\"index, follow, max-snippet:-1, max-image-preview:large, max-video-preview:-1\" \/>\n<link rel=\"canonical\" href=\"https:\/\/kulturonline.tv\/de\/auch-mode-ist-teil-der-kultur\/\" \/>\n<meta property=\"og:locale\" content=\"de_DE\" \/>\n<meta property=\"og:type\" content=\"article\" \/>\n<meta property=\"og:title\" content=\"Auch Mode ist Teil der Kultur - Kultur Online TV &amp; FM\" \/>\n<meta property=\"og:description\" content=\"Die Mode pr\u00e4gt die Popkultur nicht nur ma\u00dfgeblich mit, sie ist selbst ein Teil davon geworden.\" \/>\n<meta property=\"og:url\" content=\"https:\/\/kulturonline.tv\/de\/auch-mode-ist-teil-der-kultur\/\" \/>\n<meta property=\"og:site_name\" content=\"Kultur Online TV &amp; FM\" \/>\n<meta property=\"article:publisher\" content=\"https:\/\/www.facebook.com\/kulturonline.tv\" \/>\n<meta property=\"article:published_time\" content=\"2022-05-25T20:46:25+00:00\" \/>\n<meta property=\"article:modified_time\" content=\"2022-05-25T20:46:28+00:00\" \/>\n<meta property=\"og:image\" content=\"https:\/\/kulturonline.tv\/wp-content\/uploads\/2022\/05\/catwalk-mixed-kultur-online-tv-edited.jpg\" \/>\n\t<meta property=\"og:image:width\" content=\"1920\" \/>\n\t<meta property=\"og:image:height\" content=\"1080\" \/>\n\t<meta property=\"og:image:type\" content=\"image\/jpeg\" \/>\n<meta name=\"author\" content=\"guenter.wolfgang\" \/>\n<meta name=\"twitter:card\" content=\"summary_large_image\" \/>\n<meta name=\"twitter:label1\" content=\"Verfasst von\" \/>\n\t<meta name=\"twitter:data1\" content=\"guenter.wolfgang\" \/>\n\t<meta name=\"twitter:label2\" content=\"Gesch\u00e4tzte Lesezeit\" \/>\n\t<meta name=\"twitter:data2\" content=\"2\u00a0Minuten\" \/>\n<script type=\"application\/ld+json\" class=\"yoast-schema-graph\">{\"@context\":\"https:\/\/schema.org\",\"@graph\":[{\"@type\":\"Article\",\"@id\":\"https:\/\/kulturonline.tv\/de\/auch-mode-ist-teil-der-kultur\/#article\",\"isPartOf\":{\"@id\":\"https:\/\/kulturonline.tv\/de\/auch-mode-ist-teil-der-kultur\/\"},\"author\":{\"name\":\"guenter.wolfgang\",\"@id\":\"https:\/\/kulturonline.tv\/de\/#\/schema\/person\/b0fac729bb9a0c193fb1df23449df4fe\"},\"headline\":\"Auch Mode ist Teil der Kultur\",\"datePublished\":\"2022-05-25T20:46:25+00:00\",\"dateModified\":\"2022-05-25T20:46:28+00:00\",\"mainEntityOfPage\":{\"@id\":\"https:\/\/kulturonline.tv\/de\/auch-mode-ist-teil-der-kultur\/\"},\"wordCount\":225,\"publisher\":{\"@id\":\"https:\/\/kulturonline.tv\/de\/#organization\"},\"image\":{\"@id\":\"https:\/\/kulturonline.tv\/de\/auch-mode-ist-teil-der-kultur\/#primaryimage\"},\"thumbnailUrl\":\"https:\/\/kulturonline.tv\/wp-content\/uploads\/2022\/05\/catwalk-mixed-kultur-online-tv-edited.jpg\",\"articleSection\":[\"Mixed\"],\"inLanguage\":\"de\"},{\"@type\":\"WebPage\",\"@id\":\"https:\/\/kulturonline.tv\/de\/auch-mode-ist-teil-der-kultur\/\",\"url\":\"https:\/\/kulturonline.tv\/de\/auch-mode-ist-teil-der-kultur\/\",\"name\":\"Auch Mode ist Teil der Kultur - Kultur Online TV &amp; FM\",\"isPartOf\":{\"@id\":\"https:\/\/kulturonline.tv\/de\/#website\"},\"primaryImageOfPage\":{\"@id\":\"https:\/\/kulturonline.tv\/de\/auch-mode-ist-teil-der-kultur\/#primaryimage\"},\"image\":{\"@id\":\"https:\/\/kulturonline.tv\/de\/auch-mode-ist-teil-der-kultur\/#primaryimage\"},\"thumbnailUrl\":\"https:\/\/kulturonline.tv\/wp-content\/uploads\/2022\/05\/catwalk-mixed-kultur-online-tv-edited.jpg\",\"datePublished\":\"2022-05-25T20:46:25+00:00\",\"dateModified\":\"2022-05-25T20:46:28+00:00\",\"description\":\"Die Mode pr\u00e4gt die Popkultur nicht nur ma\u00dfgeblich mit, sie ist selbst ein Teil davon geworden.\",\"breadcrumb\":{\"@id\":\"https:\/\/kulturonline.tv\/de\/auch-mode-ist-teil-der-kultur\/#breadcrumb\"},\"inLanguage\":\"de\",\"potentialAction\":[{\"@type\":\"ReadAction\",\"target\":[\"https:\/\/kulturonline.tv\/de\/auch-mode-ist-teil-der-kultur\/\"]}]},{\"@type\":\"ImageObject\",\"inLanguage\":\"de\",\"@id\":\"https:\/\/kulturonline.tv\/de\/auch-mode-ist-teil-der-kultur\/#primaryimage\",\"url\":\"https:\/\/kulturonline.tv\/wp-content\/uploads\/2022\/05\/catwalk-mixed-kultur-online-tv-edited.jpg\",\"contentUrl\":\"https:\/\/kulturonline.tv\/wp-content\/uploads\/2022\/05\/catwalk-mixed-kultur-online-tv-edited.jpg\",\"width\":1920,\"height\":1080},{\"@type\":\"BreadcrumbList\",\"@id\":\"https:\/\/kulturonline.tv\/de\/auch-mode-ist-teil-der-kultur\/#breadcrumb\",\"itemListElement\":[{\"@type\":\"ListItem\",\"position\":1,\"name\":\"Startseite\",\"item\":\"https:\/\/kulturonline.tv\/de\/\"},{\"@type\":\"ListItem\",\"position\":2,\"name\":\"Auch Mode ist Teil der Kultur\"}]},{\"@type\":\"WebSite\",\"@id\":\"https:\/\/kulturonline.tv\/de\/#website\",\"url\":\"https:\/\/kulturonline.tv\/de\/\",\"name\":\"Kultur Online TV &amp; FM\",\"description\":\"Wir sind Kultur 2.0 zum sehen &amp; h\u00f6ren\",\"publisher\":{\"@id\":\"https:\/\/kulturonline.tv\/de\/#organization\"},\"potentialAction\":[{\"@type\":\"SearchAction\",\"target\":{\"@type\":\"EntryPoint\",\"urlTemplate\":\"https:\/\/kulturonline.tv\/de\/?s={search_term_string}\"},\"query-input\":{\"@type\":\"PropertyValueSpecification\",\"valueRequired\":true,\"valueName\":\"search_term_string\"}}],\"inLanguage\":\"de\"},{\"@type\":\"Organization\",\"@id\":\"https:\/\/kulturonline.tv\/de\/#organization\",\"name\":\"Kultur Online TV\",\"url\":\"https:\/\/kulturonline.tv\/de\/\",\"logo\":{\"@type\":\"ImageObject\",\"inLanguage\":\"de\",\"@id\":\"https:\/\/kulturonline.tv\/de\/#\/schema\/logo\/image\/\",\"url\":\"https:\/\/kulturonline.tv\/wp-content\/uploads\/2021\/08\/Kultur-Online-Tv-Logo-Endversion-neu.png\",\"contentUrl\":\"https:\/\/kulturonline.tv\/wp-content\/uploads\/2021\/08\/Kultur-Online-Tv-Logo-Endversion-neu.png\",\"width\":200,\"height\":200,\"caption\":\"Kultur Online TV\"},\"image\":{\"@id\":\"https:\/\/kulturonline.tv\/de\/#\/schema\/logo\/image\/\"},\"sameAs\":[\"https:\/\/www.facebook.com\/kulturonline.tv\",\"https:\/\/www.instagram.com\/kulturonline.tv\"]},{\"@type\":\"Person\",\"@id\":\"https:\/\/kulturonline.tv\/de\/#\/schema\/person\/b0fac729bb9a0c193fb1df23449df4fe\",\"name\":\"guenter.wolfgang\"}]}<\/script>\n<!-- \/ Yoast SEO plugin. -->","yoast_head_json":{"title":"Auch Mode ist Teil der Kultur - Kultur Online TV &amp; FM","description":"Die Mode pr\u00e4gt die Popkultur nicht nur ma\u00dfgeblich mit, sie ist selbst ein Teil davon geworden.","robots":{"index":"index","follow":"follow","max-snippet":"max-snippet:-1","max-image-preview":"max-image-preview:large","max-video-preview":"max-video-preview:-1"},"canonical":"https:\/\/kulturonline.tv\/de\/auch-mode-ist-teil-der-kultur\/","og_locale":"de_DE","og_type":"article","og_title":"Auch Mode ist Teil der Kultur - Kultur Online TV &amp; FM","og_description":"Die Mode pr\u00e4gt die Popkultur nicht nur ma\u00dfgeblich mit, sie ist selbst ein Teil davon geworden.","og_url":"https:\/\/kulturonline.tv\/de\/auch-mode-ist-teil-der-kultur\/","og_site_name":"Kultur Online TV &amp; FM","article_publisher":"https:\/\/www.facebook.com\/kulturonline.tv","article_published_time":"2022-05-25T20:46:25+00:00","article_modified_time":"2022-05-25T20:46:28+00:00","og_image":[{"width":1920,"height":1080,"url":"https:\/\/kulturonline.tv\/wp-content\/uploads\/2022\/05\/catwalk-mixed-kultur-online-tv-edited.jpg","type":"image\/jpeg"}],"author":"guenter.wolfgang","twitter_card":"summary_large_image","twitter_misc":{"Verfasst von":"guenter.wolfgang","Gesch\u00e4tzte Lesezeit":"2\u00a0Minuten"},"schema":{"@context":"https:\/\/schema.org","@graph":[{"@type":"Article","@id":"https:\/\/kulturonline.tv\/de\/auch-mode-ist-teil-der-kultur\/#article","isPartOf":{"@id":"https:\/\/kulturonline.tv\/de\/auch-mode-ist-teil-der-kultur\/"},"author":{"name":"guenter.wolfgang","@id":"https:\/\/kulturonline.tv\/de\/#\/schema\/person\/b0fac729bb9a0c193fb1df23449df4fe"},"headline":"Auch Mode ist Teil der Kultur","datePublished":"2022-05-25T20:46:25+00:00","dateModified":"2022-05-25T20:46:28+00:00","mainEntityOfPage":{"@id":"https:\/\/kulturonline.tv\/de\/auch-mode-ist-teil-der-kultur\/"},"wordCount":225,"publisher":{"@id":"https:\/\/kulturonline.tv\/de\/#organization"},"image":{"@id":"https:\/\/kulturonline.tv\/de\/auch-mode-ist-teil-der-kultur\/#primaryimage"},"thumbnailUrl":"https:\/\/kulturonline.tv\/wp-content\/uploads\/2022\/05\/catwalk-mixed-kultur-online-tv-edited.jpg","articleSection":["Mixed"],"inLanguage":"de"},{"@type":"WebPage","@id":"https:\/\/kulturonline.tv\/de\/auch-mode-ist-teil-der-kultur\/","url":"https:\/\/kulturonline.tv\/de\/auch-mode-ist-teil-der-kultur\/","name":"Auch Mode ist Teil der Kultur - Kultur Online TV &amp; FM","isPartOf":{"@id":"https:\/\/kulturonline.tv\/de\/#website"},"primaryImageOfPage":{"@id":"https:\/\/kulturonline.tv\/de\/auch-mode-ist-teil-der-kultur\/#primaryimage"},"image":{"@id":"https:\/\/kulturonline.tv\/de\/auch-mode-ist-teil-der-kultur\/#primaryimage"},"thumbnailUrl":"https:\/\/kulturonline.tv\/wp-content\/uploads\/2022\/05\/catwalk-mixed-kultur-online-tv-edited.jpg","datePublished":"2022-05-25T20:46:25+00:00","dateModified":"2022-05-25T20:46:28+00:00","description":"Die Mode pr\u00e4gt die Popkultur nicht nur ma\u00dfgeblich mit, sie ist selbst ein Teil davon geworden.","breadcrumb":{"@id":"https:\/\/kulturonline.tv\/de\/auch-mode-ist-teil-der-kultur\/#breadcrumb"},"inLanguage":"de","potentialAction":[{"@type":"ReadAction","target":["https:\/\/kulturonline.tv\/de\/auch-mode-ist-teil-der-kultur\/"]}]},{"@type":"ImageObject","inLanguage":"de","@id":"https:\/\/kulturonline.tv\/de\/auch-mode-ist-teil-der-kultur\/#primaryimage","url":"https:\/\/kulturonline.tv\/wp-content\/uploads\/2022\/05\/catwalk-mixed-kultur-online-tv-edited.jpg","contentUrl":"https:\/\/kulturonline.tv\/wp-content\/uploads\/2022\/05\/catwalk-mixed-kultur-online-tv-edited.jpg","width":1920,"height":1080},{"@type":"BreadcrumbList","@id":"https:\/\/kulturonline.tv\/de\/auch-mode-ist-teil-der-kultur\/#breadcrumb","itemListElement":[{"@type":"ListItem","position":1,"name":"Startseite","item":"https:\/\/kulturonline.tv\/de\/"},{"@type":"ListItem","position":2,"name":"Auch Mode ist Teil der Kultur"}]},{"@type":"WebSite","@id":"https:\/\/kulturonline.tv\/de\/#website","url":"https:\/\/kulturonline.tv\/de\/","name":"Kultur Online TV &amp; FM","description":"Wir sind Kultur 2.0 zum sehen &amp; h\u00f6ren","publisher":{"@id":"https:\/\/kulturonline.tv\/de\/#organization"},"potentialAction":[{"@type":"SearchAction","target":{"@type":"EntryPoint","urlTemplate":"https:\/\/kulturonline.tv\/de\/?s={search_term_string}"},"query-input":{"@type":"PropertyValueSpecification","valueRequired":true,"valueName":"search_term_string"}}],"inLanguage":"de"},{"@type":"Organization","@id":"https:\/\/kulturonline.tv\/de\/#organization","name":"Kultur Online TV","url":"https:\/\/kulturonline.tv\/de\/","logo":{"@type":"ImageObject","inLanguage":"de","@id":"https:\/\/kulturonline.tv\/de\/#\/schema\/logo\/image\/","url":"https:\/\/kulturonline.tv\/wp-content\/uploads\/2021\/08\/Kultur-Online-Tv-Logo-Endversion-neu.png","contentUrl":"https:\/\/kulturonline.tv\/wp-content\/uploads\/2021\/08\/Kultur-Online-Tv-Logo-Endversion-neu.png","width":200,"height":200,"caption":"Kultur Online TV"},"image":{"@id":"https:\/\/kulturonline.tv\/de\/#\/schema\/logo\/image\/"},"sameAs":["https:\/\/www.facebook.com\/kulturonline.tv","https:\/\/www.instagram.com\/kulturonline.tv"]},{"@type":"Person","@id":"https:\/\/kulturonline.tv\/de\/#\/schema\/person\/b0fac729bb9a0c193fb1df23449df4fe","name":"guenter.wolfgang"}]}},"_links":{"self":[{"href":"https:\/\/kulturonline.tv\/de\/wp-json\/wp\/v2\/posts\/27886","targetHints":{"allow":["GET"]}}],"collection":[{"href":"https:\/\/kulturonline.tv\/de\/wp-json\/wp\/v2\/posts"}],"about":[{"href":"https:\/\/kulturonline.tv\/de\/wp-json\/wp\/v2\/types\/post"}],"author":[{"embeddable":true,"href":"https:\/\/kulturonline.tv\/de\/wp-json\/wp\/v2\/users\/2"}],"replies":[{"embeddable":true,"href":"https:\/\/kulturonline.tv\/de\/wp-json\/wp\/v2\/comments?post=27886"}],"version-history":[{"count":0,"href":"https:\/\/kulturonline.tv\/de\/wp-json\/wp\/v2\/posts\/27886\/revisions"}],"wp:featuredmedia":[{"embeddable":true,"href":"https:\/\/kulturonline.tv\/de\/wp-json\/wp\/v2\/media\/27889"}],"wp:attachment":[{"href":"https:\/\/kulturonline.tv\/de\/wp-json\/wp\/v2\/media?parent=27886"}],"wp:term":[{"taxonomy":"category","embeddable":true,"href":"https:\/\/kulturonline.tv\/de\/wp-json\/wp\/v2\/categories?post=27886"},{"taxonomy":"post_tag","embeddable":true,"href":"https:\/\/kulturonline.tv\/de\/wp-json\/wp\/v2\/tags?post=27886"}],"curies":[{"name":"wp","href":"https:\/\/api.w.org\/{rel}","templated":true}]}}