{"id":27893,"date":"2022-05-25T23:02:35","date_gmt":"2022-05-25T21:02:35","guid":{"rendered":"https:\/\/kulturonline.tv\/?p=27893"},"modified":"2022-05-25T23:02:37","modified_gmt":"2022-05-25T21:02:37","slug":"proteste-gegen-luke-mockridge-bei-show-in-berlin","status":"publish","type":"post","link":"https:\/\/kulturonline.tv\/de\/proteste-gegen-luke-mockridge-bei-show-in-berlin\/","title":{"rendered":"Proteste gegen Luke Mockridge bei Show in Berlin"},"content":{"rendered":"\n<p>Gegen die Show von Luke Mockridge in Berlin gab es lautstarken Protest. Unter anderem skandierten die Demonstrierenden \u201eKeine Show f\u00fcr T\u00e4ter\u201c.<\/p>\n\n\n\n<figure class=\"wp-block-image size-full is-resized\"><img fetchpriority=\"high\" decoding=\"async\" src=\"https:\/\/kulturonline.tv\/wp-content\/uploads\/2022\/05\/Luke-Mockridge-Kultur-Online-tv.jpg\" alt=\"\" class=\"wp-image-27894\" width=\"838\" height=\"472\" srcset=\"https:\/\/kulturonline.tv\/wp-content\/uploads\/2022\/05\/Luke-Mockridge-Kultur-Online-tv.jpg 750w, https:\/\/kulturonline.tv\/wp-content\/uploads\/2022\/05\/Luke-Mockridge-Kultur-Online-tv-600x338.jpg 600w\" sizes=\"(max-width: 838px) 100vw, 838px\" \/><\/figure>\n\n\n\n<p>Gewaltaufrufe gegen Luke Mockridge: Ein Frauenb\u00fcndnis will den Komiker von der B\u00fchne holen. Die Unschuldsvermutung: unwichtig. \u00dcber einen &#8222;Cis-Mann&#8220;, der ohne Beweise als &#8222;T\u00e4ter&#8220; tituliert und ohne Urteil f\u00fcr schuldig befunden wird.<\/p>\n\n\n\n<p>Der Comedian wurde im Jahre 2019 von seiner Ex-Freundin Ines Anioli angezeigt. Die Anklage wurde nach genauer Pr\u00fcfung durch mehrere Instanzen und Unstimmigkeiten in Aniolis Aussagen fallengelassen.<\/p>\n\n\n\n<p>In den sozialen Medien wird dennoch ein Urteil gef\u00e4llt. Es lautet: schuldig. Viele Wochen trendet im Fr\u00fchjahr 2021 auf Twitter der Hashtag &#8222;KonsequenzenfuerLuke&#8220;. Auch auf Instagram wird massiv Stimmung gegen den popul\u00e4ren Comedian gemacht. Mockridge geht es in dieser Zeit gesundheitlich immer schlechter. Mental und k\u00f6rperlich angeschlagen, zieht er sich zur\u00fcck und begibt sich freiwillig in die Psychiatrie. Obwohl das Verfahren gegen ihn eingestellt wurde, scheint die Unschuldsvermutung f\u00fcr ihn nicht zu gelten. Dabei ist diese ein hohes Gut in unserem Rechtsstaat.<\/p>\n\n\n\n<p>Nach einer mehrmonatigen Pause meldet sich der 33-J\u00e4hrige zur\u00fcck. Aktuell ist er auf gro\u00dfer Deutschland-Tour. Doch vor seinen Auftritten gibt es Proteste von Feministinnen, die sagen, sie w\u00fcrden f\u00fcr Rechte Betroffener einstehen. Wie sie das durchsetzen? Mit radikalen Mitteln, die mit Betroffenenschutz nichts zu tun haben und f\u00fcr unsere Demokratie brandgef\u00e4hrlich sind. Denn hinter B\u00fcndnissen wie &#8222;Keine Show f\u00fcr T\u00e4ter&#8220; steckt gro\u00dfes Gewaltpotenzial.<\/p>\n\n\n\n<p>Kultur Online TV<\/p>\n\n\n\n<p>#news #kunst #kultur<\/p>\n","protected":false},"excerpt":{"rendered":"<p>Gegen die Show von Luke Mockridge in Berlin gab es lautstarken Protest. Unter anderem skandierten die Demonstrierenden \u201eKeine Show f\u00fcr T\u00e4ter\u201c. Gewaltaufrufe gegen Luke Mockridge: Ein Frauenb\u00fcndnis will den Komiker von der B\u00fchne holen. Die Unschuldsvermutung: unwichtig. \u00dcber einen &#8222;Cis-Mann&#8220;, der ohne Beweise als &#8222;T\u00e4ter&#8220; tituliert und ohne Urteil f\u00fcr schuldig befunden wird. Der Comedian [&hellip;]<\/p>\n","protected":false},"author":2,"featured_media":27894,"comment_status":"closed","ping_status":"closed","sticky":false,"template":"","format":"standard","meta":{"_acf_changed":false,"footnotes":""},"categories":[281],"tags":[],"class_list":["post-27893","post","type-post","status-publish","format-standard","has-post-thumbnail","hentry","category-mixed"],"acf":[],"yoast_head":"<!-- This site is optimized with the Yoast SEO plugin v26.1.1 - https:\/\/yoast.com\/wordpress\/plugins\/seo\/ -->\n<title>Proteste gegen Luke Mockridge bei Show in Berlin - Kultur Online TV &amp; FM<\/title>\n<meta name=\"description\" content=\"Gegen die Show von Luke Mockridge in Berlin gab es lautstarken Protest. Unter anderem skandierten die Demonstrierenden \u201eKeine Show f\u00fcr T\u00e4ter\u201c.\" \/>\n<meta name=\"robots\" content=\"index, follow, max-snippet:-1, max-image-preview:large, max-video-preview:-1\" \/>\n<link rel=\"canonical\" href=\"https:\/\/kulturonline.tv\/de\/proteste-gegen-luke-mockridge-bei-show-in-berlin\/\" \/>\n<meta property=\"og:locale\" content=\"de_DE\" \/>\n<meta property=\"og:type\" content=\"article\" \/>\n<meta property=\"og:title\" content=\"Proteste gegen Luke Mockridge bei Show in Berlin - Kultur Online TV &amp; FM\" \/>\n<meta property=\"og:description\" content=\"Gegen die Show von Luke Mockridge in Berlin gab es lautstarken Protest. Unter anderem skandierten die Demonstrierenden \u201eKeine Show f\u00fcr T\u00e4ter\u201c.\" \/>\n<meta property=\"og:url\" content=\"https:\/\/kulturonline.tv\/de\/proteste-gegen-luke-mockridge-bei-show-in-berlin\/\" \/>\n<meta property=\"og:site_name\" content=\"Kultur Online TV &amp; FM\" \/>\n<meta property=\"article:publisher\" content=\"https:\/\/www.facebook.com\/kulturonline.tv\" \/>\n<meta property=\"article:published_time\" content=\"2022-05-25T21:02:35+00:00\" \/>\n<meta property=\"article:modified_time\" content=\"2022-05-25T21:02:37+00:00\" \/>\n<meta property=\"og:image\" content=\"https:\/\/kulturonline.tv\/wp-content\/uploads\/2022\/05\/Luke-Mockridge-Kultur-Online-tv.jpg\" \/>\n\t<meta property=\"og:image:width\" content=\"750\" \/>\n\t<meta property=\"og:image:height\" content=\"422\" \/>\n\t<meta property=\"og:image:type\" content=\"image\/jpeg\" \/>\n<meta name=\"author\" content=\"guenter.wolfgang\" \/>\n<meta name=\"twitter:card\" content=\"summary_large_image\" \/>\n<meta name=\"twitter:label1\" content=\"Verfasst von\" \/>\n\t<meta name=\"twitter:data1\" content=\"guenter.wolfgang\" \/>\n\t<meta name=\"twitter:label2\" content=\"Gesch\u00e4tzte Lesezeit\" \/>\n\t<meta name=\"twitter:data2\" content=\"2\u00a0Minuten\" \/>\n<script type=\"application\/ld+json\" class=\"yoast-schema-graph\">{\"@context\":\"https:\/\/schema.org\",\"@graph\":[{\"@type\":\"Article\",\"@id\":\"https:\/\/kulturonline.tv\/de\/proteste-gegen-luke-mockridge-bei-show-in-berlin\/#article\",\"isPartOf\":{\"@id\":\"https:\/\/kulturonline.tv\/de\/proteste-gegen-luke-mockridge-bei-show-in-berlin\/\"},\"author\":{\"name\":\"guenter.wolfgang\",\"@id\":\"https:\/\/kulturonline.tv\/de\/#\/schema\/person\/b0fac729bb9a0c193fb1df23449df4fe\"},\"headline\":\"Proteste gegen Luke Mockridge bei Show in Berlin\",\"datePublished\":\"2022-05-25T21:02:35+00:00\",\"dateModified\":\"2022-05-25T21:02:37+00:00\",\"mainEntityOfPage\":{\"@id\":\"https:\/\/kulturonline.tv\/de\/proteste-gegen-luke-mockridge-bei-show-in-berlin\/\"},\"wordCount\":261,\"publisher\":{\"@id\":\"https:\/\/kulturonline.tv\/de\/#organization\"},\"image\":{\"@id\":\"https:\/\/kulturonline.tv\/de\/proteste-gegen-luke-mockridge-bei-show-in-berlin\/#primaryimage\"},\"thumbnailUrl\":\"https:\/\/kulturonline.tv\/wp-content\/uploads\/2022\/05\/Luke-Mockridge-Kultur-Online-tv.jpg\",\"articleSection\":[\"Mixed\"],\"inLanguage\":\"de\"},{\"@type\":\"WebPage\",\"@id\":\"https:\/\/kulturonline.tv\/de\/proteste-gegen-luke-mockridge-bei-show-in-berlin\/\",\"url\":\"https:\/\/kulturonline.tv\/de\/proteste-gegen-luke-mockridge-bei-show-in-berlin\/\",\"name\":\"Proteste gegen Luke Mockridge bei Show in Berlin - Kultur Online TV &amp; FM\",\"isPartOf\":{\"@id\":\"https:\/\/kulturonline.tv\/de\/#website\"},\"primaryImageOfPage\":{\"@id\":\"https:\/\/kulturonline.tv\/de\/proteste-gegen-luke-mockridge-bei-show-in-berlin\/#primaryimage\"},\"image\":{\"@id\":\"https:\/\/kulturonline.tv\/de\/proteste-gegen-luke-mockridge-bei-show-in-berlin\/#primaryimage\"},\"thumbnailUrl\":\"https:\/\/kulturonline.tv\/wp-content\/uploads\/2022\/05\/Luke-Mockridge-Kultur-Online-tv.jpg\",\"datePublished\":\"2022-05-25T21:02:35+00:00\",\"dateModified\":\"2022-05-25T21:02:37+00:00\",\"description\":\"Gegen die Show von Luke Mockridge in Berlin gab es lautstarken Protest. Unter anderem skandierten die Demonstrierenden \u201eKeine Show f\u00fcr T\u00e4ter\u201c.\",\"breadcrumb\":{\"@id\":\"https:\/\/kulturonline.tv\/de\/proteste-gegen-luke-mockridge-bei-show-in-berlin\/#breadcrumb\"},\"inLanguage\":\"de\",\"potentialAction\":[{\"@type\":\"ReadAction\",\"target\":[\"https:\/\/kulturonline.tv\/de\/proteste-gegen-luke-mockridge-bei-show-in-berlin\/\"]}]},{\"@type\":\"ImageObject\",\"inLanguage\":\"de\",\"@id\":\"https:\/\/kulturonline.tv\/de\/proteste-gegen-luke-mockridge-bei-show-in-berlin\/#primaryimage\",\"url\":\"https:\/\/kulturonline.tv\/wp-content\/uploads\/2022\/05\/Luke-Mockridge-Kultur-Online-tv.jpg\",\"contentUrl\":\"https:\/\/kulturonline.tv\/wp-content\/uploads\/2022\/05\/Luke-Mockridge-Kultur-Online-tv.jpg\",\"width\":750,\"height\":422},{\"@type\":\"BreadcrumbList\",\"@id\":\"https:\/\/kulturonline.tv\/de\/proteste-gegen-luke-mockridge-bei-show-in-berlin\/#breadcrumb\",\"itemListElement\":[{\"@type\":\"ListItem\",\"position\":1,\"name\":\"Startseite\",\"item\":\"https:\/\/kulturonline.tv\/de\/\"},{\"@type\":\"ListItem\",\"position\":2,\"name\":\"Proteste gegen Luke Mockridge bei Show in Berlin\"}]},{\"@type\":\"WebSite\",\"@id\":\"https:\/\/kulturonline.tv\/de\/#website\",\"url\":\"https:\/\/kulturonline.tv\/de\/\",\"name\":\"Kultur Online TV &amp; FM\",\"description\":\"Wir sind Kultur 2.0 zum sehen &amp; h\u00f6ren\",\"publisher\":{\"@id\":\"https:\/\/kulturonline.tv\/de\/#organization\"},\"potentialAction\":[{\"@type\":\"SearchAction\",\"target\":{\"@type\":\"EntryPoint\",\"urlTemplate\":\"https:\/\/kulturonline.tv\/de\/?s={search_term_string}\"},\"query-input\":{\"@type\":\"PropertyValueSpecification\",\"valueRequired\":true,\"valueName\":\"search_term_string\"}}],\"inLanguage\":\"de\"},{\"@type\":\"Organization\",\"@id\":\"https:\/\/kulturonline.tv\/de\/#organization\",\"name\":\"Kultur Online TV\",\"url\":\"https:\/\/kulturonline.tv\/de\/\",\"logo\":{\"@type\":\"ImageObject\",\"inLanguage\":\"de\",\"@id\":\"https:\/\/kulturonline.tv\/de\/#\/schema\/logo\/image\/\",\"url\":\"https:\/\/kulturonline.tv\/wp-content\/uploads\/2021\/08\/Kultur-Online-Tv-Logo-Endversion-neu.png\",\"contentUrl\":\"https:\/\/kulturonline.tv\/wp-content\/uploads\/2021\/08\/Kultur-Online-Tv-Logo-Endversion-neu.png\",\"width\":200,\"height\":200,\"caption\":\"Kultur Online TV\"},\"image\":{\"@id\":\"https:\/\/kulturonline.tv\/de\/#\/schema\/logo\/image\/\"},\"sameAs\":[\"https:\/\/www.facebook.com\/kulturonline.tv\",\"https:\/\/www.instagram.com\/kulturonline.tv\"]},{\"@type\":\"Person\",\"@id\":\"https:\/\/kulturonline.tv\/de\/#\/schema\/person\/b0fac729bb9a0c193fb1df23449df4fe\",\"name\":\"guenter.wolfgang\"}]}<\/script>\n<!-- \/ Yoast SEO plugin. -->","yoast_head_json":{"title":"Proteste gegen Luke Mockridge bei Show in Berlin - Kultur Online TV &amp; FM","description":"Gegen die Show von Luke Mockridge in Berlin gab es lautstarken Protest. Unter anderem skandierten die Demonstrierenden \u201eKeine Show f\u00fcr T\u00e4ter\u201c.","robots":{"index":"index","follow":"follow","max-snippet":"max-snippet:-1","max-image-preview":"max-image-preview:large","max-video-preview":"max-video-preview:-1"},"canonical":"https:\/\/kulturonline.tv\/de\/proteste-gegen-luke-mockridge-bei-show-in-berlin\/","og_locale":"de_DE","og_type":"article","og_title":"Proteste gegen Luke Mockridge bei Show in Berlin - Kultur Online TV &amp; FM","og_description":"Gegen die Show von Luke Mockridge in Berlin gab es lautstarken Protest. Unter anderem skandierten die Demonstrierenden \u201eKeine Show f\u00fcr T\u00e4ter\u201c.","og_url":"https:\/\/kulturonline.tv\/de\/proteste-gegen-luke-mockridge-bei-show-in-berlin\/","og_site_name":"Kultur Online TV &amp; FM","article_publisher":"https:\/\/www.facebook.com\/kulturonline.tv","article_published_time":"2022-05-25T21:02:35+00:00","article_modified_time":"2022-05-25T21:02:37+00:00","og_image":[{"width":750,"height":422,"url":"https:\/\/kulturonline.tv\/wp-content\/uploads\/2022\/05\/Luke-Mockridge-Kultur-Online-tv.jpg","type":"image\/jpeg"}],"author":"guenter.wolfgang","twitter_card":"summary_large_image","twitter_misc":{"Verfasst von":"guenter.wolfgang","Gesch\u00e4tzte Lesezeit":"2\u00a0Minuten"},"schema":{"@context":"https:\/\/schema.org","@graph":[{"@type":"Article","@id":"https:\/\/kulturonline.tv\/de\/proteste-gegen-luke-mockridge-bei-show-in-berlin\/#article","isPartOf":{"@id":"https:\/\/kulturonline.tv\/de\/proteste-gegen-luke-mockridge-bei-show-in-berlin\/"},"author":{"name":"guenter.wolfgang","@id":"https:\/\/kulturonline.tv\/de\/#\/schema\/person\/b0fac729bb9a0c193fb1df23449df4fe"},"headline":"Proteste gegen Luke Mockridge bei Show in Berlin","datePublished":"2022-05-25T21:02:35+00:00","dateModified":"2022-05-25T21:02:37+00:00","mainEntityOfPage":{"@id":"https:\/\/kulturonline.tv\/de\/proteste-gegen-luke-mockridge-bei-show-in-berlin\/"},"wordCount":261,"publisher":{"@id":"https:\/\/kulturonline.tv\/de\/#organization"},"image":{"@id":"https:\/\/kulturonline.tv\/de\/proteste-gegen-luke-mockridge-bei-show-in-berlin\/#primaryimage"},"thumbnailUrl":"https:\/\/kulturonline.tv\/wp-content\/uploads\/2022\/05\/Luke-Mockridge-Kultur-Online-tv.jpg","articleSection":["Mixed"],"inLanguage":"de"},{"@type":"WebPage","@id":"https:\/\/kulturonline.tv\/de\/proteste-gegen-luke-mockridge-bei-show-in-berlin\/","url":"https:\/\/kulturonline.tv\/de\/proteste-gegen-luke-mockridge-bei-show-in-berlin\/","name":"Proteste gegen Luke Mockridge bei Show in Berlin - Kultur Online TV &amp; FM","isPartOf":{"@id":"https:\/\/kulturonline.tv\/de\/#website"},"primaryImageOfPage":{"@id":"https:\/\/kulturonline.tv\/de\/proteste-gegen-luke-mockridge-bei-show-in-berlin\/#primaryimage"},"image":{"@id":"https:\/\/kulturonline.tv\/de\/proteste-gegen-luke-mockridge-bei-show-in-berlin\/#primaryimage"},"thumbnailUrl":"https:\/\/kulturonline.tv\/wp-content\/uploads\/2022\/05\/Luke-Mockridge-Kultur-Online-tv.jpg","datePublished":"2022-05-25T21:02:35+00:00","dateModified":"2022-05-25T21:02:37+00:00","description":"Gegen die Show von Luke Mockridge in Berlin gab es lautstarken Protest. Unter anderem skandierten die Demonstrierenden \u201eKeine Show f\u00fcr T\u00e4ter\u201c.","breadcrumb":{"@id":"https:\/\/kulturonline.tv\/de\/proteste-gegen-luke-mockridge-bei-show-in-berlin\/#breadcrumb"},"inLanguage":"de","potentialAction":[{"@type":"ReadAction","target":["https:\/\/kulturonline.tv\/de\/proteste-gegen-luke-mockridge-bei-show-in-berlin\/"]}]},{"@type":"ImageObject","inLanguage":"de","@id":"https:\/\/kulturonline.tv\/de\/proteste-gegen-luke-mockridge-bei-show-in-berlin\/#primaryimage","url":"https:\/\/kulturonline.tv\/wp-content\/uploads\/2022\/05\/Luke-Mockridge-Kultur-Online-tv.jpg","contentUrl":"https:\/\/kulturonline.tv\/wp-content\/uploads\/2022\/05\/Luke-Mockridge-Kultur-Online-tv.jpg","width":750,"height":422},{"@type":"BreadcrumbList","@id":"https:\/\/kulturonline.tv\/de\/proteste-gegen-luke-mockridge-bei-show-in-berlin\/#breadcrumb","itemListElement":[{"@type":"ListItem","position":1,"name":"Startseite","item":"https:\/\/kulturonline.tv\/de\/"},{"@type":"ListItem","position":2,"name":"Proteste gegen Luke Mockridge bei Show in Berlin"}]},{"@type":"WebSite","@id":"https:\/\/kulturonline.tv\/de\/#website","url":"https:\/\/kulturonline.tv\/de\/","name":"Kultur Online TV &amp; FM","description":"Wir sind Kultur 2.0 zum sehen &amp; h\u00f6ren","publisher":{"@id":"https:\/\/kulturonline.tv\/de\/#organization"},"potentialAction":[{"@type":"SearchAction","target":{"@type":"EntryPoint","urlTemplate":"https:\/\/kulturonline.tv\/de\/?s={search_term_string}"},"query-input":{"@type":"PropertyValueSpecification","valueRequired":true,"valueName":"search_term_string"}}],"inLanguage":"de"},{"@type":"Organization","@id":"https:\/\/kulturonline.tv\/de\/#organization","name":"Kultur Online TV","url":"https:\/\/kulturonline.tv\/de\/","logo":{"@type":"ImageObject","inLanguage":"de","@id":"https:\/\/kulturonline.tv\/de\/#\/schema\/logo\/image\/","url":"https:\/\/kulturonline.tv\/wp-content\/uploads\/2021\/08\/Kultur-Online-Tv-Logo-Endversion-neu.png","contentUrl":"https:\/\/kulturonline.tv\/wp-content\/uploads\/2021\/08\/Kultur-Online-Tv-Logo-Endversion-neu.png","width":200,"height":200,"caption":"Kultur Online TV"},"image":{"@id":"https:\/\/kulturonline.tv\/de\/#\/schema\/logo\/image\/"},"sameAs":["https:\/\/www.facebook.com\/kulturonline.tv","https:\/\/www.instagram.com\/kulturonline.tv"]},{"@type":"Person","@id":"https:\/\/kulturonline.tv\/de\/#\/schema\/person\/b0fac729bb9a0c193fb1df23449df4fe","name":"guenter.wolfgang"}]}},"_links":{"self":[{"href":"https:\/\/kulturonline.tv\/de\/wp-json\/wp\/v2\/posts\/27893","targetHints":{"allow":["GET"]}}],"collection":[{"href":"https:\/\/kulturonline.tv\/de\/wp-json\/wp\/v2\/posts"}],"about":[{"href":"https:\/\/kulturonline.tv\/de\/wp-json\/wp\/v2\/types\/post"}],"author":[{"embeddable":true,"href":"https:\/\/kulturonline.tv\/de\/wp-json\/wp\/v2\/users\/2"}],"replies":[{"embeddable":true,"href":"https:\/\/kulturonline.tv\/de\/wp-json\/wp\/v2\/comments?post=27893"}],"version-history":[{"count":0,"href":"https:\/\/kulturonline.tv\/de\/wp-json\/wp\/v2\/posts\/27893\/revisions"}],"wp:featuredmedia":[{"embeddable":true,"href":"https:\/\/kulturonline.tv\/de\/wp-json\/wp\/v2\/media\/27894"}],"wp:attachment":[{"href":"https:\/\/kulturonline.tv\/de\/wp-json\/wp\/v2\/media?parent=27893"}],"wp:term":[{"taxonomy":"category","embeddable":true,"href":"https:\/\/kulturonline.tv\/de\/wp-json\/wp\/v2\/categories?post=27893"},{"taxonomy":"post_tag","embeddable":true,"href":"https:\/\/kulturonline.tv\/de\/wp-json\/wp\/v2\/tags?post=27893"}],"curies":[{"name":"wp","href":"https:\/\/api.w.org\/{rel}","templated":true}]}}