{"id":28534,"date":"2022-05-28T22:03:26","date_gmt":"2022-05-28T20:03:26","guid":{"rendered":"https:\/\/kulturonline.tv\/?p=28534"},"modified":"2022-06-19T18:10:20","modified_gmt":"2022-06-19T16:10:20","slug":"was-macht-uns-gluecklich","status":"publish","type":"post","link":"https:\/\/kulturonline.tv\/de\/was-macht-uns-gluecklich\/","title":{"rendered":"Was macht uns Gl\u00fccklich?"},"content":{"rendered":"\n<p>Die Fragen nach dem Gl\u00fcck und dem Sinn des Lebens | MDR DOK<\/p>\n\n\n\n<figure class=\"wp-block-embed is-type-video is-provider-youtube wp-block-embed-youtube wp-embed-aspect-16-9 wp-has-aspect-ratio\"><div class=\"wp-block-embed__wrapper\">\n<iframe title=\"Was macht uns gl\u00fccklich? - Die Fragen nach dem Gl\u00fcck und dem Sinn des Lebens | MDR DOK\" width=\"800\" height=\"450\" src=\"https:\/\/www.youtube.com\/embed\/TZE1SuTtrD0?feature=oembed\" frameborder=\"0\" allow=\"accelerometer; autoplay; clipboard-write; encrypted-media; gyroscope; picture-in-picture; web-share\" referrerpolicy=\"strict-origin-when-cross-origin\" allowfullscreen><\/iframe>\n<\/div><\/figure>\n\n\n\n<p>Musik machen, auf einer B\u00fchne stehen, Menschen unterhalten &#8211; das sind Dinge, die Tobias Ossyra, YouTuber und Reporter von MDR WISSEN, gl\u00fccklich machen. Aber was IHN gl\u00fccklich macht, muss noch lange nicht ALLE gl\u00fccklich machen. Jeder hat seine eigenen Vorstellungen vom Gl\u00fcck und dem Gl\u00fccklichsein. Tobias begibt sich deshalb auf eine spannende Recherchereise, um gro\u00dfe Fragen zu kl\u00e4ren: Was macht uns gl\u00fccklich? Bin ich wirklich meines Gl\u00fcckes Schmied? Wie kann ich meine Lebenszufriedenheit tats\u00e4chlich beeinflussen?<\/p>\n\n\n\n<p>Die neue Dokumentation von MDR WISSEN besucht Menschen, die uns von ihrer Lebenszufriedenheit erz\u00e4hlen. Steckt das Gl\u00fcck in der Backstube der Familie Otto in der Oberlausitz? Hier ist man offenbar ganz zufrieden, das Gl\u00fcck wirkt wie angeboren, wie selbstverst\u00e4ndlich. Oder m\u00fcssen wir dem\u00fctig werden wie Sophie Hauenherm, die trotz Querschnittsl\u00e4hmung weitertanzt und gl\u00fccklicher scheint als in ihrem vorherigen Leben? Finden wir das Gl\u00fcck in der Gemeinschaft, im sozialen Miteinander? Alexandra Kugler ist ehrenamtliche Voltigier-Lehrerin und vier Mal in der Woche f\u00fcr ihre Sch\u00fclerinnen da. Oder liegt das Gl\u00fcck auf den h\u00f6chsten Bergen der Erde? M\u00fcssen wir k\u00e4mpfen, um gl\u00fccklich zu werden wie der junge Bergsteiger Jobst Kobusch?<\/p>\n\n\n\n<p>Laut der US-amerikanischen Psychologin Sonja Lyubomirsky sind 50% unseres Gl\u00fccks vorherbestimmt, also mit der Geburt genetisch festgelegt. 10% unseres Gl\u00fccks ist von \u00e4u\u00dferen Umst\u00e4nden bestimmt, also Reichtum, Sch\u00f6nheit und Gesundheit. Die restlichen 40% sind bewusstes Verhalten. Diesen Teil haben wir also selbst in der Hand.<\/p>\n\n\n\n<p>Tobias Ossyra f\u00e4hrt nach Bochum und trifft Neurowissenschaftler Dr. Burkhard Pleger, der sich selbst als \u201eBelohnungsforscher\u201c bezeichnet. Im menschlichen Gehirn fahndet er nach der Chemie des Gl\u00fccks. Tobias will wissen, was in seinem Gehirn passiert, wenn die Chemie stimmt. Daf\u00fcr wird er ins MRT geschoben, zum Gl\u00fccklichwerden gibt es Schokomilch.<\/p>\n\n\n\n<p>In K\u00f6ln besucht Tobias den \u201eZufriedenheitsforscher\u201c Prof. Dr. Martin Schr\u00f6der. Der l\u00e4sst die Fakten sprechen. F\u00fcr seine Gl\u00fccksforschung hat der Soziologe das sogenannte Sozio-oekonomische Panel ausgewertet, die gr\u00f6\u00dfte und am l\u00e4ngsten laufende Langzeitstudie in Deutschland. Seit 1984 wurden daf\u00fcr um die 80.000 Menschen befragt. Immer wurde die Frage gestellt: Wie zufrieden sind Sie mit Ihrem Leben?<br>Die Antworten auf diese Frage sind mehr als \u00fcberraschend, nur einige Beispiele:<\/p>\n\n\n\n<p>Wer fr\u00fcher heiratet, ist l\u00e4nger unzufrieden. Patrioten sind zufriedener als andere Menschen. Sport bringt weniger als man denkt.<\/p>\n\n\n\n<p>Auf dem Campus der Jacobs University Bremen trifft Tobias Ossyra die renommierte Gl\u00fccksforscherin Prof. Dr. Hilke Brockmann und diskutiert mit ihr \u00fcber Reichtum, Sch\u00f6nheit und Gesundheit &#8211; die \u00e4u\u00dferen Einflussfaktoren f\u00fcr unser Gl\u00fcck. Was Hilke Brockmann am Gl\u00fcck besonders interessiert, ist die materielle Seite &#8211; der Konsum, das Geld, der Status. Viele Menschen sind gefangen in einem \u201eHamsterrad des Gl\u00fccks\u201c. Die Wissenschaft spricht von einer \u201eHedonistischen Tretm\u00fchle\u201c. Eine teure Tasche oder ein teures Autos machen ungl\u00fccklich, wenn der Nachbar f\u00fcr eine Tasche oder ein Auto noch viel mehr Geld ausgegeben hat. Dann hat man sich eher Ungl\u00fcck eingekauft.<\/p>\n\n\n\n<p>Am Ende seiner Reise bleibt f\u00fcr Tobias die Frage, ob es eine wissenschaftliche Formel f\u00fcr das Gl\u00fcck gibt. Die gute Nachricht: JA, und sie ist so sch\u00f6n wie einfach: HABEN \u2013 LIEBEN \u2013 SEIN. \u201eHaben\u201c bedeutet finanzielle Absicherung; \u201eLieben\u201c &#8211; das sind unsere sozialen Beziehungen und \u201eSein\u201c &#8211; das ist die Suche nach dem Sinn. \u201eHaben\u201c \u2013 also Geld und Konsum \u2013 ist am wenigsten wichtig. Viel entscheidender f\u00fcr unser Gl\u00fcck ist der Umstand, dass wir geliebt werden. Die wichtigste Zutat der Gl\u00fccksformel ist das Sein und damit der SINN des LEBENS.<\/p>\n\n\n\n<p>Die Beteiligten in diesem Film \u2013 die Wissenschaftler, die B\u00e4ckerfamilie Otto, die querschnittsgel\u00e4hmte T\u00e4nzerin Sophie Hauenherm, Voltigier-Lehrerin Alexandra Kugler und Bergsteiger Jobst Kobusch \u2013 sie alle geben ganz pers\u00f6nliche Antworten auf die Fragen nach dem Gl\u00fcck und dem Sinn des Lebens.<\/p>\n\n\n\n<p>VIDEO VERF\u00dcGBAR BIS ZUM 29.09.2025<\/p>\n\n\n\n<p>Kultur Online TV <\/p>\n\n\n\n<p>#tipp #gesellschaft<\/p>\n","protected":false},"excerpt":{"rendered":"<p>Die Fragen nach dem Gl\u00fcck und dem Sinn des Lebens | MDR DOK Musik machen, auf einer B\u00fchne stehen, Menschen unterhalten &#8211; das sind Dinge, die Tobias Ossyra, YouTuber und Reporter von MDR WISSEN, gl\u00fccklich machen. Aber was IHN gl\u00fccklich macht, muss noch lange nicht ALLE gl\u00fccklich machen. Jeder hat seine eigenen Vorstellungen vom Gl\u00fcck [&hellip;]<\/p>\n","protected":false},"author":2,"featured_media":28535,"comment_status":"closed","ping_status":"closed","sticky":false,"template":"","format":"standard","meta":{"_acf_changed":false,"footnotes":""},"categories":[1],"tags":[],"class_list":["post-28534","post","type-post","status-publish","format-standard","has-post-thumbnail","hentry","category-unkategorisiert"],"acf":[],"yoast_head":"<!-- This site is optimized with the Yoast SEO plugin v26.1.1 - https:\/\/yoast.com\/wordpress\/plugins\/seo\/ -->\n<title>Was macht uns Gl\u00fccklich? - Kultur Online TV &amp; FM<\/title>\n<meta name=\"description\" content=\"Die Fragen nach dem Gl\u00fcck und dem Sinn des Lebens | MDR DOK\" \/>\n<meta name=\"robots\" content=\"index, follow, max-snippet:-1, max-image-preview:large, max-video-preview:-1\" \/>\n<link rel=\"canonical\" href=\"https:\/\/kulturonline.tv\/de\/was-macht-uns-gluecklich\/\" \/>\n<meta property=\"og:locale\" content=\"de_DE\" \/>\n<meta property=\"og:type\" content=\"article\" \/>\n<meta property=\"og:title\" content=\"Was macht uns Gl\u00fccklich? - Kultur Online TV &amp; FM\" \/>\n<meta property=\"og:description\" content=\"Die Fragen nach dem Gl\u00fcck und dem Sinn des Lebens | MDR DOK\" \/>\n<meta property=\"og:url\" content=\"https:\/\/kulturonline.tv\/de\/was-macht-uns-gluecklich\/\" \/>\n<meta property=\"og:site_name\" content=\"Kultur Online TV &amp; FM\" \/>\n<meta property=\"article:publisher\" content=\"https:\/\/www.facebook.com\/kulturonline.tv\" \/>\n<meta property=\"article:published_time\" content=\"2022-05-28T20:03:26+00:00\" \/>\n<meta property=\"article:modified_time\" content=\"2022-06-19T16:10:20+00:00\" \/>\n<meta property=\"og:image\" content=\"https:\/\/kulturonline.tv\/wp-content\/uploads\/2022\/05\/was-macht-uns-gluecklich.png\" \/>\n\t<meta property=\"og:image:width\" content=\"1480\" \/>\n\t<meta property=\"og:image:height\" content=\"2120\" \/>\n\t<meta property=\"og:image:type\" content=\"image\/png\" \/>\n<meta name=\"author\" content=\"guenter.wolfgang\" \/>\n<meta name=\"twitter:card\" content=\"summary_large_image\" \/>\n<meta name=\"twitter:label1\" content=\"Verfasst von\" \/>\n\t<meta name=\"twitter:data1\" content=\"guenter.wolfgang\" \/>\n\t<meta name=\"twitter:label2\" content=\"Gesch\u00e4tzte Lesezeit\" \/>\n\t<meta name=\"twitter:data2\" content=\"4\u00a0Minuten\" \/>\n<script type=\"application\/ld+json\" class=\"yoast-schema-graph\">{\"@context\":\"https:\/\/schema.org\",\"@graph\":[{\"@type\":\"Article\",\"@id\":\"https:\/\/kulturonline.tv\/de\/was-macht-uns-gluecklich\/#article\",\"isPartOf\":{\"@id\":\"https:\/\/kulturonline.tv\/de\/was-macht-uns-gluecklich\/\"},\"author\":{\"name\":\"guenter.wolfgang\",\"@id\":\"https:\/\/kulturonline.tv\/de\/#\/schema\/person\/b0fac729bb9a0c193fb1df23449df4fe\"},\"headline\":\"Was macht uns Gl\u00fccklich?\",\"datePublished\":\"2022-05-28T20:03:26+00:00\",\"dateModified\":\"2022-06-19T16:10:20+00:00\",\"mainEntityOfPage\":{\"@id\":\"https:\/\/kulturonline.tv\/de\/was-macht-uns-gluecklich\/\"},\"wordCount\":688,\"publisher\":{\"@id\":\"https:\/\/kulturonline.tv\/de\/#organization\"},\"image\":{\"@id\":\"https:\/\/kulturonline.tv\/de\/was-macht-uns-gluecklich\/#primaryimage\"},\"thumbnailUrl\":\"https:\/\/kulturonline.tv\/wp-content\/uploads\/2022\/05\/was-macht-uns-gluecklich.png\",\"articleSection\":[\"Unkategorisiert\"],\"inLanguage\":\"de\"},{\"@type\":\"WebPage\",\"@id\":\"https:\/\/kulturonline.tv\/de\/was-macht-uns-gluecklich\/\",\"url\":\"https:\/\/kulturonline.tv\/de\/was-macht-uns-gluecklich\/\",\"name\":\"Was macht uns Gl\u00fccklich? - Kultur Online TV &amp; FM\",\"isPartOf\":{\"@id\":\"https:\/\/kulturonline.tv\/de\/#website\"},\"primaryImageOfPage\":{\"@id\":\"https:\/\/kulturonline.tv\/de\/was-macht-uns-gluecklich\/#primaryimage\"},\"image\":{\"@id\":\"https:\/\/kulturonline.tv\/de\/was-macht-uns-gluecklich\/#primaryimage\"},\"thumbnailUrl\":\"https:\/\/kulturonline.tv\/wp-content\/uploads\/2022\/05\/was-macht-uns-gluecklich.png\",\"datePublished\":\"2022-05-28T20:03:26+00:00\",\"dateModified\":\"2022-06-19T16:10:20+00:00\",\"description\":\"Die Fragen nach dem Gl\u00fcck und dem Sinn des Lebens | MDR DOK\",\"breadcrumb\":{\"@id\":\"https:\/\/kulturonline.tv\/de\/was-macht-uns-gluecklich\/#breadcrumb\"},\"inLanguage\":\"de\",\"potentialAction\":[{\"@type\":\"ReadAction\",\"target\":[\"https:\/\/kulturonline.tv\/de\/was-macht-uns-gluecklich\/\"]}]},{\"@type\":\"ImageObject\",\"inLanguage\":\"de\",\"@id\":\"https:\/\/kulturonline.tv\/de\/was-macht-uns-gluecklich\/#primaryimage\",\"url\":\"https:\/\/kulturonline.tv\/wp-content\/uploads\/2022\/05\/was-macht-uns-gluecklich.png\",\"contentUrl\":\"https:\/\/kulturonline.tv\/wp-content\/uploads\/2022\/05\/was-macht-uns-gluecklich.png\",\"width\":1480,\"height\":2120},{\"@type\":\"BreadcrumbList\",\"@id\":\"https:\/\/kulturonline.tv\/de\/was-macht-uns-gluecklich\/#breadcrumb\",\"itemListElement\":[{\"@type\":\"ListItem\",\"position\":1,\"name\":\"Startseite\",\"item\":\"https:\/\/kulturonline.tv\/de\/\"},{\"@type\":\"ListItem\",\"position\":2,\"name\":\"Was macht uns Gl\u00fccklich?\"}]},{\"@type\":\"WebSite\",\"@id\":\"https:\/\/kulturonline.tv\/de\/#website\",\"url\":\"https:\/\/kulturonline.tv\/de\/\",\"name\":\"Kultur Online TV &amp; FM\",\"description\":\"Wir sind Kultur 2.0 zum sehen &amp; h\u00f6ren\",\"publisher\":{\"@id\":\"https:\/\/kulturonline.tv\/de\/#organization\"},\"potentialAction\":[{\"@type\":\"SearchAction\",\"target\":{\"@type\":\"EntryPoint\",\"urlTemplate\":\"https:\/\/kulturonline.tv\/de\/?s={search_term_string}\"},\"query-input\":{\"@type\":\"PropertyValueSpecification\",\"valueRequired\":true,\"valueName\":\"search_term_string\"}}],\"inLanguage\":\"de\"},{\"@type\":\"Organization\",\"@id\":\"https:\/\/kulturonline.tv\/de\/#organization\",\"name\":\"Kultur Online TV\",\"url\":\"https:\/\/kulturonline.tv\/de\/\",\"logo\":{\"@type\":\"ImageObject\",\"inLanguage\":\"de\",\"@id\":\"https:\/\/kulturonline.tv\/de\/#\/schema\/logo\/image\/\",\"url\":\"https:\/\/kulturonline.tv\/wp-content\/uploads\/2021\/08\/Kultur-Online-Tv-Logo-Endversion-neu.png\",\"contentUrl\":\"https:\/\/kulturonline.tv\/wp-content\/uploads\/2021\/08\/Kultur-Online-Tv-Logo-Endversion-neu.png\",\"width\":200,\"height\":200,\"caption\":\"Kultur Online TV\"},\"image\":{\"@id\":\"https:\/\/kulturonline.tv\/de\/#\/schema\/logo\/image\/\"},\"sameAs\":[\"https:\/\/www.facebook.com\/kulturonline.tv\",\"https:\/\/www.instagram.com\/kulturonline.tv\"]},{\"@type\":\"Person\",\"@id\":\"https:\/\/kulturonline.tv\/de\/#\/schema\/person\/b0fac729bb9a0c193fb1df23449df4fe\",\"name\":\"guenter.wolfgang\"}]}<\/script>\n<!-- \/ Yoast SEO plugin. -->","yoast_head_json":{"title":"Was macht uns Gl\u00fccklich? - Kultur Online TV &amp; FM","description":"Die Fragen nach dem Gl\u00fcck und dem Sinn des Lebens | MDR DOK","robots":{"index":"index","follow":"follow","max-snippet":"max-snippet:-1","max-image-preview":"max-image-preview:large","max-video-preview":"max-video-preview:-1"},"canonical":"https:\/\/kulturonline.tv\/de\/was-macht-uns-gluecklich\/","og_locale":"de_DE","og_type":"article","og_title":"Was macht uns Gl\u00fccklich? - Kultur Online TV &amp; FM","og_description":"Die Fragen nach dem Gl\u00fcck und dem Sinn des Lebens | MDR DOK","og_url":"https:\/\/kulturonline.tv\/de\/was-macht-uns-gluecklich\/","og_site_name":"Kultur Online TV &amp; FM","article_publisher":"https:\/\/www.facebook.com\/kulturonline.tv","article_published_time":"2022-05-28T20:03:26+00:00","article_modified_time":"2022-06-19T16:10:20+00:00","og_image":[{"width":1480,"height":2120,"url":"https:\/\/kulturonline.tv\/wp-content\/uploads\/2022\/05\/was-macht-uns-gluecklich.png","type":"image\/png"}],"author":"guenter.wolfgang","twitter_card":"summary_large_image","twitter_misc":{"Verfasst von":"guenter.wolfgang","Gesch\u00e4tzte Lesezeit":"4\u00a0Minuten"},"schema":{"@context":"https:\/\/schema.org","@graph":[{"@type":"Article","@id":"https:\/\/kulturonline.tv\/de\/was-macht-uns-gluecklich\/#article","isPartOf":{"@id":"https:\/\/kulturonline.tv\/de\/was-macht-uns-gluecklich\/"},"author":{"name":"guenter.wolfgang","@id":"https:\/\/kulturonline.tv\/de\/#\/schema\/person\/b0fac729bb9a0c193fb1df23449df4fe"},"headline":"Was macht uns Gl\u00fccklich?","datePublished":"2022-05-28T20:03:26+00:00","dateModified":"2022-06-19T16:10:20+00:00","mainEntityOfPage":{"@id":"https:\/\/kulturonline.tv\/de\/was-macht-uns-gluecklich\/"},"wordCount":688,"publisher":{"@id":"https:\/\/kulturonline.tv\/de\/#organization"},"image":{"@id":"https:\/\/kulturonline.tv\/de\/was-macht-uns-gluecklich\/#primaryimage"},"thumbnailUrl":"https:\/\/kulturonline.tv\/wp-content\/uploads\/2022\/05\/was-macht-uns-gluecklich.png","articleSection":["Unkategorisiert"],"inLanguage":"de"},{"@type":"WebPage","@id":"https:\/\/kulturonline.tv\/de\/was-macht-uns-gluecklich\/","url":"https:\/\/kulturonline.tv\/de\/was-macht-uns-gluecklich\/","name":"Was macht uns Gl\u00fccklich? - Kultur Online TV &amp; FM","isPartOf":{"@id":"https:\/\/kulturonline.tv\/de\/#website"},"primaryImageOfPage":{"@id":"https:\/\/kulturonline.tv\/de\/was-macht-uns-gluecklich\/#primaryimage"},"image":{"@id":"https:\/\/kulturonline.tv\/de\/was-macht-uns-gluecklich\/#primaryimage"},"thumbnailUrl":"https:\/\/kulturonline.tv\/wp-content\/uploads\/2022\/05\/was-macht-uns-gluecklich.png","datePublished":"2022-05-28T20:03:26+00:00","dateModified":"2022-06-19T16:10:20+00:00","description":"Die Fragen nach dem Gl\u00fcck und dem Sinn des Lebens | MDR DOK","breadcrumb":{"@id":"https:\/\/kulturonline.tv\/de\/was-macht-uns-gluecklich\/#breadcrumb"},"inLanguage":"de","potentialAction":[{"@type":"ReadAction","target":["https:\/\/kulturonline.tv\/de\/was-macht-uns-gluecklich\/"]}]},{"@type":"ImageObject","inLanguage":"de","@id":"https:\/\/kulturonline.tv\/de\/was-macht-uns-gluecklich\/#primaryimage","url":"https:\/\/kulturonline.tv\/wp-content\/uploads\/2022\/05\/was-macht-uns-gluecklich.png","contentUrl":"https:\/\/kulturonline.tv\/wp-content\/uploads\/2022\/05\/was-macht-uns-gluecklich.png","width":1480,"height":2120},{"@type":"BreadcrumbList","@id":"https:\/\/kulturonline.tv\/de\/was-macht-uns-gluecklich\/#breadcrumb","itemListElement":[{"@type":"ListItem","position":1,"name":"Startseite","item":"https:\/\/kulturonline.tv\/de\/"},{"@type":"ListItem","position":2,"name":"Was macht uns Gl\u00fccklich?"}]},{"@type":"WebSite","@id":"https:\/\/kulturonline.tv\/de\/#website","url":"https:\/\/kulturonline.tv\/de\/","name":"Kultur Online TV &amp; FM","description":"Wir sind Kultur 2.0 zum sehen &amp; h\u00f6ren","publisher":{"@id":"https:\/\/kulturonline.tv\/de\/#organization"},"potentialAction":[{"@type":"SearchAction","target":{"@type":"EntryPoint","urlTemplate":"https:\/\/kulturonline.tv\/de\/?s={search_term_string}"},"query-input":{"@type":"PropertyValueSpecification","valueRequired":true,"valueName":"search_term_string"}}],"inLanguage":"de"},{"@type":"Organization","@id":"https:\/\/kulturonline.tv\/de\/#organization","name":"Kultur Online TV","url":"https:\/\/kulturonline.tv\/de\/","logo":{"@type":"ImageObject","inLanguage":"de","@id":"https:\/\/kulturonline.tv\/de\/#\/schema\/logo\/image\/","url":"https:\/\/kulturonline.tv\/wp-content\/uploads\/2021\/08\/Kultur-Online-Tv-Logo-Endversion-neu.png","contentUrl":"https:\/\/kulturonline.tv\/wp-content\/uploads\/2021\/08\/Kultur-Online-Tv-Logo-Endversion-neu.png","width":200,"height":200,"caption":"Kultur Online TV"},"image":{"@id":"https:\/\/kulturonline.tv\/de\/#\/schema\/logo\/image\/"},"sameAs":["https:\/\/www.facebook.com\/kulturonline.tv","https:\/\/www.instagram.com\/kulturonline.tv"]},{"@type":"Person","@id":"https:\/\/kulturonline.tv\/de\/#\/schema\/person\/b0fac729bb9a0c193fb1df23449df4fe","name":"guenter.wolfgang"}]}},"_links":{"self":[{"href":"https:\/\/kulturonline.tv\/de\/wp-json\/wp\/v2\/posts\/28534","targetHints":{"allow":["GET"]}}],"collection":[{"href":"https:\/\/kulturonline.tv\/de\/wp-json\/wp\/v2\/posts"}],"about":[{"href":"https:\/\/kulturonline.tv\/de\/wp-json\/wp\/v2\/types\/post"}],"author":[{"embeddable":true,"href":"https:\/\/kulturonline.tv\/de\/wp-json\/wp\/v2\/users\/2"}],"replies":[{"embeddable":true,"href":"https:\/\/kulturonline.tv\/de\/wp-json\/wp\/v2\/comments?post=28534"}],"version-history":[{"count":0,"href":"https:\/\/kulturonline.tv\/de\/wp-json\/wp\/v2\/posts\/28534\/revisions"}],"wp:featuredmedia":[{"embeddable":true,"href":"https:\/\/kulturonline.tv\/de\/wp-json\/wp\/v2\/media\/28535"}],"wp:attachment":[{"href":"https:\/\/kulturonline.tv\/de\/wp-json\/wp\/v2\/media?parent=28534"}],"wp:term":[{"taxonomy":"category","embeddable":true,"href":"https:\/\/kulturonline.tv\/de\/wp-json\/wp\/v2\/categories?post=28534"},{"taxonomy":"post_tag","embeddable":true,"href":"https:\/\/kulturonline.tv\/de\/wp-json\/wp\/v2\/tags?post=28534"}],"curies":[{"name":"wp","href":"https:\/\/api.w.org\/{rel}","templated":true}]}}