{"id":29742,"date":"2022-05-31T17:21:18","date_gmt":"2022-05-31T15:21:18","guid":{"rendered":"https:\/\/kulturonline.tv\/unkategorisiert\/aussteiger-ein-ex-neonazi-packt-aus"},"modified":"2022-06-07T18:45:31","modified_gmt":"2022-06-07T16:45:31","slug":"aussteiger-ein-ex-neonazi-packt-aus","status":"publish","type":"post","link":"https:\/\/kulturonline.tv\/de\/aussteiger-ein-ex-neonazi-packt-aus\/","title":{"rendered":"Aussteiger &#8211; Ein Ex-Neonazi packt aus"},"content":{"rendered":"\n<p>Ende 2017 z\u00e4hlte der Verfassungsschutz 24.000 Rechtsextreme in Deutschland. Die H\u00e4lfte davon gilt als gewaltbereit.<\/p>\n\n\n\n<figure class=\"wp-block-embed is-type-video is-provider-youtube wp-block-embed-youtube wp-embed-aspect-16-9 wp-has-aspect-ratio\"><div class=\"wp-block-embed__wrapper\">\n<iframe title=\"Aussteiger - Ein Ex-Neonazi packt aus\" width=\"800\" height=\"450\" src=\"https:\/\/www.youtube.com\/embed\/lfmqOOtmTE4?feature=oembed\" frameborder=\"0\" allow=\"accelerometer; autoplay; clipboard-write; encrypted-media; gyroscope; picture-in-picture; web-share\" referrerpolicy=\"strict-origin-when-cross-origin\" allowfullscreen><\/iframe>\n<\/div><\/figure>\n\n\n\n<p>Ende 2017 z\u00e4hlte der Verfassungsschutz 24.000 Rechtsextreme in Deutschland. Die H\u00e4lfte davon gilt als gewaltbereit. Maximilian Kelm geh\u00f6rte f\u00fcnf Jahre auch zu der rechten Szene. In der Vergangenheit meldete er rechte Demos an, gr\u00fcndete die \u201eNationalisten Braunschweig\u201c und war zeitweise Mitglied der Partei \u201eDie Rechte\u201c. Die Antifa Braunschweig teilte zwei Flyer \u00fcber ihn aus und outete ihn so in der Nachbarschaft und auf der Arbeit als Neonazi. 2015 schaffte er den Ausstieg aus der rechten Szene und startet ein neues Leben.<\/p>\n\n\n\n<p>Ende 2017 z\u00e4hlte der Verfassungsschutz 24.000 Rechtsextreme in Deutschland. Die H\u00e4lfte davon gilt als gewaltbereit. Maximilian Kelm geh\u00f6rte f\u00fcnf Jahre auch zu der rechten Szene. In der Vergangenheit meldete er rechte Demos an, gr\u00fcndete die \u201eNationalisten Braunschweig\u201c und war zeitweise Mitglied der Partei \u201eDie Rechte\u201c. Die Antifa Braunschweig teilte zwei Flyer \u00fcber ihn aus und outete ihn so in der Nachbarschaft und auf der Arbeit als Neonazi. 2015 schaffte er den Ausstieg aus der rechten Szene und startet ein neues Leben.<\/p>\n\n\n\n<p>Kultur Online TV <\/p>\n\n\n\n<p>#tipp #video #news<\/p>\n\n\n\n<p><\/p>\n\n\n\n<h2 class=\"wp-block-heading\"><\/h2>\n","protected":false},"excerpt":{"rendered":"<p>Ende 2017 z\u00e4hlte der Verfassungsschutz 24.000 Rechtsextreme in Deutschland. Die H\u00e4lfte davon gilt als gewaltbereit. Ende 2017 z\u00e4hlte der Verfassungsschutz 24.000 Rechtsextreme in Deutschland. Die H\u00e4lfte davon gilt als gewaltbereit. Maximilian Kelm geh\u00f6rte f\u00fcnf Jahre auch zu der rechten Szene. In der Vergangenheit meldete er rechte Demos an, gr\u00fcndete die \u201eNationalisten Braunschweig\u201c und war zeitweise [&hellip;]<\/p>\n","protected":false},"author":2,"featured_media":29504,"comment_status":"closed","ping_status":"closed","sticky":false,"template":"","format":"standard","meta":{"_acf_changed":false,"footnotes":""},"categories":[118],"tags":[],"class_list":["post-29742","post","type-post","status-publish","format-standard","has-post-thumbnail","hentry","category-uncategorized"],"acf":[],"yoast_head":"<!-- This site is optimized with the Yoast SEO plugin v26.1.1 - https:\/\/yoast.com\/wordpress\/plugins\/seo\/ -->\n<title>Aussteiger - Ein Ex-Neonazi packt aus - Kultur Online TV &amp; FM<\/title>\n<meta name=\"description\" content=\"Ende 2017 z\u00e4hlte der Verfassungsschutz 24.000 Rechtsextreme in Deutschland. Die H\u00e4lfte davon gilt als gewaltbereit.\" \/>\n<meta name=\"robots\" content=\"index, follow, max-snippet:-1, max-image-preview:large, max-video-preview:-1\" \/>\n<link rel=\"canonical\" href=\"https:\/\/kulturonline.tv\/de\/aussteiger-ein-ex-neonazi-packt-aus\/\" \/>\n<meta property=\"og:locale\" content=\"de_DE\" \/>\n<meta property=\"og:type\" content=\"article\" \/>\n<meta property=\"og:title\" content=\"Aussteiger - Ein Ex-Neonazi packt aus - Kultur Online TV &amp; FM\" \/>\n<meta property=\"og:description\" content=\"Ende 2017 z\u00e4hlte der Verfassungsschutz 24.000 Rechtsextreme in Deutschland. Die H\u00e4lfte davon gilt als gewaltbereit.\" \/>\n<meta property=\"og:url\" content=\"https:\/\/kulturonline.tv\/de\/aussteiger-ein-ex-neonazi-packt-aus\/\" \/>\n<meta property=\"og:site_name\" content=\"Kultur Online TV &amp; FM\" \/>\n<meta property=\"article:publisher\" content=\"https:\/\/www.facebook.com\/kulturonline.tv\" \/>\n<meta property=\"article:published_time\" content=\"2022-05-31T15:21:18+00:00\" \/>\n<meta property=\"article:modified_time\" content=\"2022-06-07T16:45:31+00:00\" \/>\n<meta property=\"og:image\" content=\"https:\/\/kulturonline.tv\/wp-content\/uploads\/2022\/05\/6-2.png\" \/>\n\t<meta property=\"og:image:width\" content=\"1280\" \/>\n\t<meta property=\"og:image:height\" content=\"720\" \/>\n\t<meta property=\"og:image:type\" content=\"image\/png\" \/>\n<meta name=\"author\" content=\"guenter.wolfgang\" \/>\n<meta name=\"twitter:card\" content=\"summary_large_image\" \/>\n<meta name=\"twitter:label1\" content=\"Verfasst von\" \/>\n\t<meta name=\"twitter:data1\" content=\"guenter.wolfgang\" \/>\n\t<meta name=\"twitter:label2\" content=\"Gesch\u00e4tzte Lesezeit\" \/>\n\t<meta name=\"twitter:data2\" content=\"2\u00a0Minuten\" \/>\n<script type=\"application\/ld+json\" class=\"yoast-schema-graph\">{\"@context\":\"https:\/\/schema.org\",\"@graph\":[{\"@type\":\"Article\",\"@id\":\"https:\/\/kulturonline.tv\/de\/aussteiger-ein-ex-neonazi-packt-aus\/#article\",\"isPartOf\":{\"@id\":\"https:\/\/kulturonline.tv\/de\/aussteiger-ein-ex-neonazi-packt-aus\/\"},\"author\":{\"name\":\"guenter.wolfgang\",\"@id\":\"https:\/\/kulturonline.tv\/de\/#\/schema\/person\/b0fac729bb9a0c193fb1df23449df4fe\"},\"headline\":\"Aussteiger &#8211; Ein Ex-Neonazi packt aus\",\"datePublished\":\"2022-05-31T15:21:18+00:00\",\"dateModified\":\"2022-06-07T16:45:31+00:00\",\"mainEntityOfPage\":{\"@id\":\"https:\/\/kulturonline.tv\/de\/aussteiger-ein-ex-neonazi-packt-aus\/\"},\"wordCount\":200,\"publisher\":{\"@id\":\"https:\/\/kulturonline.tv\/de\/#organization\"},\"image\":{\"@id\":\"https:\/\/kulturonline.tv\/de\/aussteiger-ein-ex-neonazi-packt-aus\/#primaryimage\"},\"thumbnailUrl\":\"https:\/\/kulturonline.tv\/wp-content\/uploads\/2022\/05\/6-2.png\",\"articleSection\":[\"Uncategorized @at\"],\"inLanguage\":\"de\"},{\"@type\":\"WebPage\",\"@id\":\"https:\/\/kulturonline.tv\/de\/aussteiger-ein-ex-neonazi-packt-aus\/\",\"url\":\"https:\/\/kulturonline.tv\/de\/aussteiger-ein-ex-neonazi-packt-aus\/\",\"name\":\"Aussteiger - Ein Ex-Neonazi packt aus - Kultur Online TV &amp; FM\",\"isPartOf\":{\"@id\":\"https:\/\/kulturonline.tv\/de\/#website\"},\"primaryImageOfPage\":{\"@id\":\"https:\/\/kulturonline.tv\/de\/aussteiger-ein-ex-neonazi-packt-aus\/#primaryimage\"},\"image\":{\"@id\":\"https:\/\/kulturonline.tv\/de\/aussteiger-ein-ex-neonazi-packt-aus\/#primaryimage\"},\"thumbnailUrl\":\"https:\/\/kulturonline.tv\/wp-content\/uploads\/2022\/05\/6-2.png\",\"datePublished\":\"2022-05-31T15:21:18+00:00\",\"dateModified\":\"2022-06-07T16:45:31+00:00\",\"description\":\"Ende 2017 z\u00e4hlte der Verfassungsschutz 24.000 Rechtsextreme in Deutschland. Die H\u00e4lfte davon gilt als gewaltbereit.\",\"breadcrumb\":{\"@id\":\"https:\/\/kulturonline.tv\/de\/aussteiger-ein-ex-neonazi-packt-aus\/#breadcrumb\"},\"inLanguage\":\"de\",\"potentialAction\":[{\"@type\":\"ReadAction\",\"target\":[\"https:\/\/kulturonline.tv\/de\/aussteiger-ein-ex-neonazi-packt-aus\/\"]}]},{\"@type\":\"ImageObject\",\"inLanguage\":\"de\",\"@id\":\"https:\/\/kulturonline.tv\/de\/aussteiger-ein-ex-neonazi-packt-aus\/#primaryimage\",\"url\":\"https:\/\/kulturonline.tv\/wp-content\/uploads\/2022\/05\/6-2.png\",\"contentUrl\":\"https:\/\/kulturonline.tv\/wp-content\/uploads\/2022\/05\/6-2.png\",\"width\":1280,\"height\":720},{\"@type\":\"BreadcrumbList\",\"@id\":\"https:\/\/kulturonline.tv\/de\/aussteiger-ein-ex-neonazi-packt-aus\/#breadcrumb\",\"itemListElement\":[{\"@type\":\"ListItem\",\"position\":1,\"name\":\"Startseite\",\"item\":\"https:\/\/kulturonline.tv\/de\/\"},{\"@type\":\"ListItem\",\"position\":2,\"name\":\"Aussteiger &#8211; Ein Ex-Neonazi packt aus\"}]},{\"@type\":\"WebSite\",\"@id\":\"https:\/\/kulturonline.tv\/de\/#website\",\"url\":\"https:\/\/kulturonline.tv\/de\/\",\"name\":\"Kultur Online TV &amp; FM\",\"description\":\"Wir sind Kultur 2.0 zum sehen &amp; h\u00f6ren\",\"publisher\":{\"@id\":\"https:\/\/kulturonline.tv\/de\/#organization\"},\"potentialAction\":[{\"@type\":\"SearchAction\",\"target\":{\"@type\":\"EntryPoint\",\"urlTemplate\":\"https:\/\/kulturonline.tv\/de\/?s={search_term_string}\"},\"query-input\":{\"@type\":\"PropertyValueSpecification\",\"valueRequired\":true,\"valueName\":\"search_term_string\"}}],\"inLanguage\":\"de\"},{\"@type\":\"Organization\",\"@id\":\"https:\/\/kulturonline.tv\/de\/#organization\",\"name\":\"Kultur Online TV\",\"url\":\"https:\/\/kulturonline.tv\/de\/\",\"logo\":{\"@type\":\"ImageObject\",\"inLanguage\":\"de\",\"@id\":\"https:\/\/kulturonline.tv\/de\/#\/schema\/logo\/image\/\",\"url\":\"https:\/\/kulturonline.tv\/wp-content\/uploads\/2021\/08\/Kultur-Online-Tv-Logo-Endversion-neu.png\",\"contentUrl\":\"https:\/\/kulturonline.tv\/wp-content\/uploads\/2021\/08\/Kultur-Online-Tv-Logo-Endversion-neu.png\",\"width\":200,\"height\":200,\"caption\":\"Kultur Online TV\"},\"image\":{\"@id\":\"https:\/\/kulturonline.tv\/de\/#\/schema\/logo\/image\/\"},\"sameAs\":[\"https:\/\/www.facebook.com\/kulturonline.tv\",\"https:\/\/www.instagram.com\/kulturonline.tv\"]},{\"@type\":\"Person\",\"@id\":\"https:\/\/kulturonline.tv\/de\/#\/schema\/person\/b0fac729bb9a0c193fb1df23449df4fe\",\"name\":\"guenter.wolfgang\"}]}<\/script>\n<!-- \/ Yoast SEO plugin. -->","yoast_head_json":{"title":"Aussteiger - Ein Ex-Neonazi packt aus - Kultur Online TV &amp; FM","description":"Ende 2017 z\u00e4hlte der Verfassungsschutz 24.000 Rechtsextreme in Deutschland. Die H\u00e4lfte davon gilt als gewaltbereit.","robots":{"index":"index","follow":"follow","max-snippet":"max-snippet:-1","max-image-preview":"max-image-preview:large","max-video-preview":"max-video-preview:-1"},"canonical":"https:\/\/kulturonline.tv\/de\/aussteiger-ein-ex-neonazi-packt-aus\/","og_locale":"de_DE","og_type":"article","og_title":"Aussteiger - Ein Ex-Neonazi packt aus - Kultur Online TV &amp; FM","og_description":"Ende 2017 z\u00e4hlte der Verfassungsschutz 24.000 Rechtsextreme in Deutschland. Die H\u00e4lfte davon gilt als gewaltbereit.","og_url":"https:\/\/kulturonline.tv\/de\/aussteiger-ein-ex-neonazi-packt-aus\/","og_site_name":"Kultur Online TV &amp; FM","article_publisher":"https:\/\/www.facebook.com\/kulturonline.tv","article_published_time":"2022-05-31T15:21:18+00:00","article_modified_time":"2022-06-07T16:45:31+00:00","og_image":[{"width":1280,"height":720,"url":"https:\/\/kulturonline.tv\/wp-content\/uploads\/2022\/05\/6-2.png","type":"image\/png"}],"author":"guenter.wolfgang","twitter_card":"summary_large_image","twitter_misc":{"Verfasst von":"guenter.wolfgang","Gesch\u00e4tzte Lesezeit":"2\u00a0Minuten"},"schema":{"@context":"https:\/\/schema.org","@graph":[{"@type":"Article","@id":"https:\/\/kulturonline.tv\/de\/aussteiger-ein-ex-neonazi-packt-aus\/#article","isPartOf":{"@id":"https:\/\/kulturonline.tv\/de\/aussteiger-ein-ex-neonazi-packt-aus\/"},"author":{"name":"guenter.wolfgang","@id":"https:\/\/kulturonline.tv\/de\/#\/schema\/person\/b0fac729bb9a0c193fb1df23449df4fe"},"headline":"Aussteiger &#8211; Ein Ex-Neonazi packt aus","datePublished":"2022-05-31T15:21:18+00:00","dateModified":"2022-06-07T16:45:31+00:00","mainEntityOfPage":{"@id":"https:\/\/kulturonline.tv\/de\/aussteiger-ein-ex-neonazi-packt-aus\/"},"wordCount":200,"publisher":{"@id":"https:\/\/kulturonline.tv\/de\/#organization"},"image":{"@id":"https:\/\/kulturonline.tv\/de\/aussteiger-ein-ex-neonazi-packt-aus\/#primaryimage"},"thumbnailUrl":"https:\/\/kulturonline.tv\/wp-content\/uploads\/2022\/05\/6-2.png","articleSection":["Uncategorized @at"],"inLanguage":"de"},{"@type":"WebPage","@id":"https:\/\/kulturonline.tv\/de\/aussteiger-ein-ex-neonazi-packt-aus\/","url":"https:\/\/kulturonline.tv\/de\/aussteiger-ein-ex-neonazi-packt-aus\/","name":"Aussteiger - Ein Ex-Neonazi packt aus - Kultur Online TV &amp; FM","isPartOf":{"@id":"https:\/\/kulturonline.tv\/de\/#website"},"primaryImageOfPage":{"@id":"https:\/\/kulturonline.tv\/de\/aussteiger-ein-ex-neonazi-packt-aus\/#primaryimage"},"image":{"@id":"https:\/\/kulturonline.tv\/de\/aussteiger-ein-ex-neonazi-packt-aus\/#primaryimage"},"thumbnailUrl":"https:\/\/kulturonline.tv\/wp-content\/uploads\/2022\/05\/6-2.png","datePublished":"2022-05-31T15:21:18+00:00","dateModified":"2022-06-07T16:45:31+00:00","description":"Ende 2017 z\u00e4hlte der Verfassungsschutz 24.000 Rechtsextreme in Deutschland. Die H\u00e4lfte davon gilt als gewaltbereit.","breadcrumb":{"@id":"https:\/\/kulturonline.tv\/de\/aussteiger-ein-ex-neonazi-packt-aus\/#breadcrumb"},"inLanguage":"de","potentialAction":[{"@type":"ReadAction","target":["https:\/\/kulturonline.tv\/de\/aussteiger-ein-ex-neonazi-packt-aus\/"]}]},{"@type":"ImageObject","inLanguage":"de","@id":"https:\/\/kulturonline.tv\/de\/aussteiger-ein-ex-neonazi-packt-aus\/#primaryimage","url":"https:\/\/kulturonline.tv\/wp-content\/uploads\/2022\/05\/6-2.png","contentUrl":"https:\/\/kulturonline.tv\/wp-content\/uploads\/2022\/05\/6-2.png","width":1280,"height":720},{"@type":"BreadcrumbList","@id":"https:\/\/kulturonline.tv\/de\/aussteiger-ein-ex-neonazi-packt-aus\/#breadcrumb","itemListElement":[{"@type":"ListItem","position":1,"name":"Startseite","item":"https:\/\/kulturonline.tv\/de\/"},{"@type":"ListItem","position":2,"name":"Aussteiger &#8211; Ein Ex-Neonazi packt aus"}]},{"@type":"WebSite","@id":"https:\/\/kulturonline.tv\/de\/#website","url":"https:\/\/kulturonline.tv\/de\/","name":"Kultur Online TV &amp; FM","description":"Wir sind Kultur 2.0 zum sehen &amp; h\u00f6ren","publisher":{"@id":"https:\/\/kulturonline.tv\/de\/#organization"},"potentialAction":[{"@type":"SearchAction","target":{"@type":"EntryPoint","urlTemplate":"https:\/\/kulturonline.tv\/de\/?s={search_term_string}"},"query-input":{"@type":"PropertyValueSpecification","valueRequired":true,"valueName":"search_term_string"}}],"inLanguage":"de"},{"@type":"Organization","@id":"https:\/\/kulturonline.tv\/de\/#organization","name":"Kultur Online TV","url":"https:\/\/kulturonline.tv\/de\/","logo":{"@type":"ImageObject","inLanguage":"de","@id":"https:\/\/kulturonline.tv\/de\/#\/schema\/logo\/image\/","url":"https:\/\/kulturonline.tv\/wp-content\/uploads\/2021\/08\/Kultur-Online-Tv-Logo-Endversion-neu.png","contentUrl":"https:\/\/kulturonline.tv\/wp-content\/uploads\/2021\/08\/Kultur-Online-Tv-Logo-Endversion-neu.png","width":200,"height":200,"caption":"Kultur Online TV"},"image":{"@id":"https:\/\/kulturonline.tv\/de\/#\/schema\/logo\/image\/"},"sameAs":["https:\/\/www.facebook.com\/kulturonline.tv","https:\/\/www.instagram.com\/kulturonline.tv"]},{"@type":"Person","@id":"https:\/\/kulturonline.tv\/de\/#\/schema\/person\/b0fac729bb9a0c193fb1df23449df4fe","name":"guenter.wolfgang"}]}},"_links":{"self":[{"href":"https:\/\/kulturonline.tv\/de\/wp-json\/wp\/v2\/posts\/29742","targetHints":{"allow":["GET"]}}],"collection":[{"href":"https:\/\/kulturonline.tv\/de\/wp-json\/wp\/v2\/posts"}],"about":[{"href":"https:\/\/kulturonline.tv\/de\/wp-json\/wp\/v2\/types\/post"}],"author":[{"embeddable":true,"href":"https:\/\/kulturonline.tv\/de\/wp-json\/wp\/v2\/users\/2"}],"replies":[{"embeddable":true,"href":"https:\/\/kulturonline.tv\/de\/wp-json\/wp\/v2\/comments?post=29742"}],"version-history":[{"count":0,"href":"https:\/\/kulturonline.tv\/de\/wp-json\/wp\/v2\/posts\/29742\/revisions"}],"wp:featuredmedia":[{"embeddable":true,"href":"https:\/\/kulturonline.tv\/de\/wp-json\/wp\/v2\/media\/29504"}],"wp:attachment":[{"href":"https:\/\/kulturonline.tv\/de\/wp-json\/wp\/v2\/media?parent=29742"}],"wp:term":[{"taxonomy":"category","embeddable":true,"href":"https:\/\/kulturonline.tv\/de\/wp-json\/wp\/v2\/categories?post=29742"},{"taxonomy":"post_tag","embeddable":true,"href":"https:\/\/kulturonline.tv\/de\/wp-json\/wp\/v2\/tags?post=29742"}],"curies":[{"name":"wp","href":"https:\/\/api.w.org\/{rel}","templated":true}]}}