{"id":29746,"date":"2022-06-02T15:42:16","date_gmt":"2022-06-02T13:42:16","guid":{"rendered":"https:\/\/kulturonline.tv\/unkategorisiert\/wir-sind-kultur-2-0"},"modified":"2022-06-07T18:49:00","modified_gmt":"2022-06-07T16:49:00","slug":"wir-sind-kultur-2-0","status":"publish","type":"post","link":"https:\/\/kulturonline.tv\/de\/wir-sind-kultur-2-0\/","title":{"rendered":"Wir sind Kultur 2.0"},"content":{"rendered":"\n<p>Kultur finden und neu entdecken durch integrierte Kommunikation.<br>Neue Auftrage, Projekte und Vernetzungen f\u00fcr Kunst und Kulturschaffende aus allen Bereichen.<\/p>\n\n\n\n<figure class=\"wp-block-image size-full\"><img fetchpriority=\"high\" decoding=\"async\" width=\"1280\" height=\"720\" src=\"https:\/\/kulturonline.tv\/wp-content\/uploads\/2022\/06\/music-8.png\" alt=\"\" class=\"wp-image-29460\" srcset=\"https:\/\/kulturonline.tv\/wp-content\/uploads\/2022\/06\/music-8.png 1280w, https:\/\/kulturonline.tv\/wp-content\/uploads\/2022\/06\/music-8-600x338.png 600w, https:\/\/kulturonline.tv\/wp-content\/uploads\/2022\/06\/music-8-800x450.png 800w, https:\/\/kulturonline.tv\/wp-content\/uploads\/2022\/06\/music-8-768x432.png 768w\" sizes=\"(max-width: 1280px) 100vw, 1280px\" \/><\/figure>\n\n\n\n<p>Neue Medien und Technologien erm\u00f6glichen k\u00fcnstlerische Formate und das \u00dcberschreiten von Grenzen der bisher klassischen Kunst- und Kultursparten. Dies betrifft die Digitalisierung in den Bereichen der Produktion, der Kommunikation und der Vermittlung. Kunst- und Kulturinstitutionen und Kunstschaffende werden dabei von uns durch unsere angebotenen Leistungen unterst\u00fctzt. Technologische Innovationen werden von uns st\u00e4ndig weiter entwickelt und in unser Leistungspaket mit aufgenommen.<\/p>\n\n\n\n<p>Unsere Zielsetzungen:<\/p>\n\n\n\n<p>\u25e6 Unterst\u00fctzung der Kunst- und Kulturinstitutionen bei der digitalen Transformation<br>\u25e6 Innovative Vermittlungskonzepte f\u00fcr Kunst und Kulturschaffende<br>\u25e6 Neue digitale Kunstformen erproben<br>\u25e6 Aneignung von neuem Wissen und Kompetenzen<br>\u25e6 Innovation forcieren<br>\u25e6 Neue Konzepte zur Zug\u00e4nglichkeit und Sichtbarkeit erproben<br>\u25e6 Kritische Reflexion von Technologien<br>\u25e6 Zusammenarbeit zwischen unterschiedlichen Disziplinen, Sparten oder AkteurInnen<br>\u25e6 Nachhaltigkeit forcieren bzw. st\u00e4rken<\/p>\n\n\n\n<p>Im Fokus steht dabei die Partizipation, sprich in der \u201eKultur 2.0\u201c, wie die digitale \u00c4ra in der Kultur- und Kreativwirtschaft genannt wird. Es verschwimmen die Grenzen zwischen Konsum und Produktion kultureller G\u00fcter. Dadurch kann die kulturelle Teilhabe der Bev\u00f6lkerung fl\u00e4chendeckend sowie dauerhaft gesteigert werden. Die Kulturg\u00fcter m\u00fcssen aber in ihrer urspr\u00fcnglichen Form erhalten bleiben, aber um digitale Angebot erg\u00e4nzt werden.<br>Es gilt, grundlegend neue Konzepte zu entwickeln und in der digitalen Welt eine individuelle Identit\u00e4t zu finden.<br>Kultur Online TV-FM \u00fcbernimmt dabei unter anderem Kulturschaffenden und K\u00fcnstlern die gesamte Vermarktung und Bekanntmachung mittels Video und Audioformaten sowie unabh\u00e4ngigen und ausschlie\u00dflich selbst produzierten Inhalten ab. Vernetzt Kunst und Kulturschaffende mit neuen Werbepartnern, vermittelt und schafft neue Auftr\u00e4ge und Projekte.<\/p>\n\n\n\n<p>Kultur Online TV<\/p>\n\n\n\n<p>#blog #news #\u00fcberuns <\/p>\n","protected":false},"excerpt":{"rendered":"<p>Kultur finden und neu entdecken durch integrierte Kommunikation.Neue Auftrage, Projekte und Vernetzungen f\u00fcr Kunst und Kulturschaffende aus allen Bereichen. Neue Medien und Technologien erm\u00f6glichen k\u00fcnstlerische Formate und das \u00dcberschreiten von Grenzen der bisher klassischen Kunst- und Kultursparten. Dies betrifft die Digitalisierung in den Bereichen der Produktion, der Kommunikation und der Vermittlung. Kunst- und Kulturinstitutionen und [&hellip;]<\/p>\n","protected":false},"author":2,"featured_media":29463,"comment_status":"closed","ping_status":"closed","sticky":false,"template":"","format":"standard","meta":{"_acf_changed":false,"footnotes":""},"categories":[1],"tags":[],"class_list":["post-29746","post","type-post","status-publish","format-standard","has-post-thumbnail","hentry","category-unkategorisiert"],"acf":[],"yoast_head":"<!-- This site is optimized with the Yoast SEO plugin v26.1.1 - https:\/\/yoast.com\/wordpress\/plugins\/seo\/ -->\n<title>Wir sind Kultur 2.0 - Kultur Online TV &amp; FM<\/title>\n<meta name=\"description\" content=\"Kultur finden und neu entdecken durch integrierte Kommunikation.\" \/>\n<meta name=\"robots\" content=\"index, follow, max-snippet:-1, max-image-preview:large, max-video-preview:-1\" \/>\n<link rel=\"canonical\" href=\"https:\/\/kulturonline.tv\/de\/wir-sind-kultur-2-0\/\" \/>\n<meta property=\"og:locale\" content=\"de_DE\" \/>\n<meta property=\"og:type\" content=\"article\" \/>\n<meta property=\"og:title\" content=\"Wir sind Kultur 2.0 - Kultur Online TV &amp; FM\" \/>\n<meta property=\"og:description\" content=\"Kultur finden und neu entdecken durch integrierte Kommunikation.\" \/>\n<meta property=\"og:url\" content=\"https:\/\/kulturonline.tv\/de\/wir-sind-kultur-2-0\/\" \/>\n<meta property=\"og:site_name\" content=\"Kultur Online TV &amp; FM\" \/>\n<meta property=\"article:publisher\" content=\"https:\/\/www.facebook.com\/kulturonline.tv\" \/>\n<meta property=\"article:published_time\" content=\"2022-06-02T13:42:16+00:00\" \/>\n<meta property=\"article:modified_time\" content=\"2022-06-07T16:49:00+00:00\" \/>\n<meta property=\"og:image\" content=\"https:\/\/kulturonline.tv\/wp-content\/uploads\/2022\/06\/STAFFEL-2-6-768x1100.png\" \/>\n\t<meta property=\"og:image:width\" content=\"768\" \/>\n\t<meta property=\"og:image:height\" content=\"1100\" \/>\n\t<meta property=\"og:image:type\" content=\"image\/png\" \/>\n<meta name=\"author\" content=\"guenter.wolfgang\" \/>\n<meta name=\"twitter:card\" content=\"summary_large_image\" \/>\n<meta name=\"twitter:label1\" content=\"Verfasst von\" \/>\n\t<meta name=\"twitter:data1\" content=\"guenter.wolfgang\" \/>\n\t<meta name=\"twitter:label2\" content=\"Gesch\u00e4tzte Lesezeit\" \/>\n\t<meta name=\"twitter:data2\" content=\"2\u00a0Minuten\" \/>\n<script type=\"application\/ld+json\" class=\"yoast-schema-graph\">{\"@context\":\"https:\/\/schema.org\",\"@graph\":[{\"@type\":\"Article\",\"@id\":\"https:\/\/kulturonline.tv\/de\/wir-sind-kultur-2-0\/#article\",\"isPartOf\":{\"@id\":\"https:\/\/kulturonline.tv\/de\/wir-sind-kultur-2-0\/\"},\"author\":{\"name\":\"guenter.wolfgang\",\"@id\":\"https:\/\/kulturonline.tv\/de\/#\/schema\/person\/b0fac729bb9a0c193fb1df23449df4fe\"},\"headline\":\"Wir sind Kultur 2.0\",\"datePublished\":\"2022-06-02T13:42:16+00:00\",\"dateModified\":\"2022-06-07T16:49:00+00:00\",\"mainEntityOfPage\":{\"@id\":\"https:\/\/kulturonline.tv\/de\/wir-sind-kultur-2-0\/\"},\"wordCount\":278,\"publisher\":{\"@id\":\"https:\/\/kulturonline.tv\/de\/#organization\"},\"image\":{\"@id\":\"https:\/\/kulturonline.tv\/de\/wir-sind-kultur-2-0\/#primaryimage\"},\"thumbnailUrl\":\"https:\/\/kulturonline.tv\/wp-content\/uploads\/2022\/06\/STAFFEL-2-6.png\",\"articleSection\":[\"Unkategorisiert\"],\"inLanguage\":\"de\"},{\"@type\":\"WebPage\",\"@id\":\"https:\/\/kulturonline.tv\/de\/wir-sind-kultur-2-0\/\",\"url\":\"https:\/\/kulturonline.tv\/de\/wir-sind-kultur-2-0\/\",\"name\":\"Wir sind Kultur 2.0 - Kultur Online TV &amp; FM\",\"isPartOf\":{\"@id\":\"https:\/\/kulturonline.tv\/de\/#website\"},\"primaryImageOfPage\":{\"@id\":\"https:\/\/kulturonline.tv\/de\/wir-sind-kultur-2-0\/#primaryimage\"},\"image\":{\"@id\":\"https:\/\/kulturonline.tv\/de\/wir-sind-kultur-2-0\/#primaryimage\"},\"thumbnailUrl\":\"https:\/\/kulturonline.tv\/wp-content\/uploads\/2022\/06\/STAFFEL-2-6.png\",\"datePublished\":\"2022-06-02T13:42:16+00:00\",\"dateModified\":\"2022-06-07T16:49:00+00:00\",\"description\":\"Kultur finden und neu entdecken durch integrierte Kommunikation.\",\"breadcrumb\":{\"@id\":\"https:\/\/kulturonline.tv\/de\/wir-sind-kultur-2-0\/#breadcrumb\"},\"inLanguage\":\"de\",\"potentialAction\":[{\"@type\":\"ReadAction\",\"target\":[\"https:\/\/kulturonline.tv\/de\/wir-sind-kultur-2-0\/\"]}]},{\"@type\":\"ImageObject\",\"inLanguage\":\"de\",\"@id\":\"https:\/\/kulturonline.tv\/de\/wir-sind-kultur-2-0\/#primaryimage\",\"url\":\"https:\/\/kulturonline.tv\/wp-content\/uploads\/2022\/06\/STAFFEL-2-6.png\",\"contentUrl\":\"https:\/\/kulturonline.tv\/wp-content\/uploads\/2022\/06\/STAFFEL-2-6.png\",\"width\":1480,\"height\":2120},{\"@type\":\"BreadcrumbList\",\"@id\":\"https:\/\/kulturonline.tv\/de\/wir-sind-kultur-2-0\/#breadcrumb\",\"itemListElement\":[{\"@type\":\"ListItem\",\"position\":1,\"name\":\"Startseite\",\"item\":\"https:\/\/kulturonline.tv\/de\/\"},{\"@type\":\"ListItem\",\"position\":2,\"name\":\"Wir sind Kultur 2.0\"}]},{\"@type\":\"WebSite\",\"@id\":\"https:\/\/kulturonline.tv\/de\/#website\",\"url\":\"https:\/\/kulturonline.tv\/de\/\",\"name\":\"Kultur Online TV &amp; FM\",\"description\":\"Wir sind Kultur 2.0 zum sehen &amp; h\u00f6ren\",\"publisher\":{\"@id\":\"https:\/\/kulturonline.tv\/de\/#organization\"},\"potentialAction\":[{\"@type\":\"SearchAction\",\"target\":{\"@type\":\"EntryPoint\",\"urlTemplate\":\"https:\/\/kulturonline.tv\/de\/?s={search_term_string}\"},\"query-input\":{\"@type\":\"PropertyValueSpecification\",\"valueRequired\":true,\"valueName\":\"search_term_string\"}}],\"inLanguage\":\"de\"},{\"@type\":\"Organization\",\"@id\":\"https:\/\/kulturonline.tv\/de\/#organization\",\"name\":\"Kultur Online TV\",\"url\":\"https:\/\/kulturonline.tv\/de\/\",\"logo\":{\"@type\":\"ImageObject\",\"inLanguage\":\"de\",\"@id\":\"https:\/\/kulturonline.tv\/de\/#\/schema\/logo\/image\/\",\"url\":\"https:\/\/kulturonline.tv\/wp-content\/uploads\/2021\/08\/Kultur-Online-Tv-Logo-Endversion-neu.png\",\"contentUrl\":\"https:\/\/kulturonline.tv\/wp-content\/uploads\/2021\/08\/Kultur-Online-Tv-Logo-Endversion-neu.png\",\"width\":200,\"height\":200,\"caption\":\"Kultur Online TV\"},\"image\":{\"@id\":\"https:\/\/kulturonline.tv\/de\/#\/schema\/logo\/image\/\"},\"sameAs\":[\"https:\/\/www.facebook.com\/kulturonline.tv\",\"https:\/\/www.instagram.com\/kulturonline.tv\"]},{\"@type\":\"Person\",\"@id\":\"https:\/\/kulturonline.tv\/de\/#\/schema\/person\/b0fac729bb9a0c193fb1df23449df4fe\",\"name\":\"guenter.wolfgang\"}]}<\/script>\n<!-- \/ Yoast SEO plugin. -->","yoast_head_json":{"title":"Wir sind Kultur 2.0 - Kultur Online TV &amp; FM","description":"Kultur finden und neu entdecken durch integrierte Kommunikation.","robots":{"index":"index","follow":"follow","max-snippet":"max-snippet:-1","max-image-preview":"max-image-preview:large","max-video-preview":"max-video-preview:-1"},"canonical":"https:\/\/kulturonline.tv\/de\/wir-sind-kultur-2-0\/","og_locale":"de_DE","og_type":"article","og_title":"Wir sind Kultur 2.0 - Kultur Online TV &amp; FM","og_description":"Kultur finden und neu entdecken durch integrierte Kommunikation.","og_url":"https:\/\/kulturonline.tv\/de\/wir-sind-kultur-2-0\/","og_site_name":"Kultur Online TV &amp; FM","article_publisher":"https:\/\/www.facebook.com\/kulturonline.tv","article_published_time":"2022-06-02T13:42:16+00:00","article_modified_time":"2022-06-07T16:49:00+00:00","og_image":[{"width":768,"height":1100,"url":"https:\/\/kulturonline.tv\/wp-content\/uploads\/2022\/06\/STAFFEL-2-6-768x1100.png","type":"image\/png"}],"author":"guenter.wolfgang","twitter_card":"summary_large_image","twitter_misc":{"Verfasst von":"guenter.wolfgang","Gesch\u00e4tzte Lesezeit":"2\u00a0Minuten"},"schema":{"@context":"https:\/\/schema.org","@graph":[{"@type":"Article","@id":"https:\/\/kulturonline.tv\/de\/wir-sind-kultur-2-0\/#article","isPartOf":{"@id":"https:\/\/kulturonline.tv\/de\/wir-sind-kultur-2-0\/"},"author":{"name":"guenter.wolfgang","@id":"https:\/\/kulturonline.tv\/de\/#\/schema\/person\/b0fac729bb9a0c193fb1df23449df4fe"},"headline":"Wir sind Kultur 2.0","datePublished":"2022-06-02T13:42:16+00:00","dateModified":"2022-06-07T16:49:00+00:00","mainEntityOfPage":{"@id":"https:\/\/kulturonline.tv\/de\/wir-sind-kultur-2-0\/"},"wordCount":278,"publisher":{"@id":"https:\/\/kulturonline.tv\/de\/#organization"},"image":{"@id":"https:\/\/kulturonline.tv\/de\/wir-sind-kultur-2-0\/#primaryimage"},"thumbnailUrl":"https:\/\/kulturonline.tv\/wp-content\/uploads\/2022\/06\/STAFFEL-2-6.png","articleSection":["Unkategorisiert"],"inLanguage":"de"},{"@type":"WebPage","@id":"https:\/\/kulturonline.tv\/de\/wir-sind-kultur-2-0\/","url":"https:\/\/kulturonline.tv\/de\/wir-sind-kultur-2-0\/","name":"Wir sind Kultur 2.0 - Kultur Online TV &amp; FM","isPartOf":{"@id":"https:\/\/kulturonline.tv\/de\/#website"},"primaryImageOfPage":{"@id":"https:\/\/kulturonline.tv\/de\/wir-sind-kultur-2-0\/#primaryimage"},"image":{"@id":"https:\/\/kulturonline.tv\/de\/wir-sind-kultur-2-0\/#primaryimage"},"thumbnailUrl":"https:\/\/kulturonline.tv\/wp-content\/uploads\/2022\/06\/STAFFEL-2-6.png","datePublished":"2022-06-02T13:42:16+00:00","dateModified":"2022-06-07T16:49:00+00:00","description":"Kultur finden und neu entdecken durch integrierte Kommunikation.","breadcrumb":{"@id":"https:\/\/kulturonline.tv\/de\/wir-sind-kultur-2-0\/#breadcrumb"},"inLanguage":"de","potentialAction":[{"@type":"ReadAction","target":["https:\/\/kulturonline.tv\/de\/wir-sind-kultur-2-0\/"]}]},{"@type":"ImageObject","inLanguage":"de","@id":"https:\/\/kulturonline.tv\/de\/wir-sind-kultur-2-0\/#primaryimage","url":"https:\/\/kulturonline.tv\/wp-content\/uploads\/2022\/06\/STAFFEL-2-6.png","contentUrl":"https:\/\/kulturonline.tv\/wp-content\/uploads\/2022\/06\/STAFFEL-2-6.png","width":1480,"height":2120},{"@type":"BreadcrumbList","@id":"https:\/\/kulturonline.tv\/de\/wir-sind-kultur-2-0\/#breadcrumb","itemListElement":[{"@type":"ListItem","position":1,"name":"Startseite","item":"https:\/\/kulturonline.tv\/de\/"},{"@type":"ListItem","position":2,"name":"Wir sind Kultur 2.0"}]},{"@type":"WebSite","@id":"https:\/\/kulturonline.tv\/de\/#website","url":"https:\/\/kulturonline.tv\/de\/","name":"Kultur Online TV &amp; FM","description":"Wir sind Kultur 2.0 zum sehen &amp; h\u00f6ren","publisher":{"@id":"https:\/\/kulturonline.tv\/de\/#organization"},"potentialAction":[{"@type":"SearchAction","target":{"@type":"EntryPoint","urlTemplate":"https:\/\/kulturonline.tv\/de\/?s={search_term_string}"},"query-input":{"@type":"PropertyValueSpecification","valueRequired":true,"valueName":"search_term_string"}}],"inLanguage":"de"},{"@type":"Organization","@id":"https:\/\/kulturonline.tv\/de\/#organization","name":"Kultur Online TV","url":"https:\/\/kulturonline.tv\/de\/","logo":{"@type":"ImageObject","inLanguage":"de","@id":"https:\/\/kulturonline.tv\/de\/#\/schema\/logo\/image\/","url":"https:\/\/kulturonline.tv\/wp-content\/uploads\/2021\/08\/Kultur-Online-Tv-Logo-Endversion-neu.png","contentUrl":"https:\/\/kulturonline.tv\/wp-content\/uploads\/2021\/08\/Kultur-Online-Tv-Logo-Endversion-neu.png","width":200,"height":200,"caption":"Kultur Online TV"},"image":{"@id":"https:\/\/kulturonline.tv\/de\/#\/schema\/logo\/image\/"},"sameAs":["https:\/\/www.facebook.com\/kulturonline.tv","https:\/\/www.instagram.com\/kulturonline.tv"]},{"@type":"Person","@id":"https:\/\/kulturonline.tv\/de\/#\/schema\/person\/b0fac729bb9a0c193fb1df23449df4fe","name":"guenter.wolfgang"}]}},"_links":{"self":[{"href":"https:\/\/kulturonline.tv\/de\/wp-json\/wp\/v2\/posts\/29746","targetHints":{"allow":["GET"]}}],"collection":[{"href":"https:\/\/kulturonline.tv\/de\/wp-json\/wp\/v2\/posts"}],"about":[{"href":"https:\/\/kulturonline.tv\/de\/wp-json\/wp\/v2\/types\/post"}],"author":[{"embeddable":true,"href":"https:\/\/kulturonline.tv\/de\/wp-json\/wp\/v2\/users\/2"}],"replies":[{"embeddable":true,"href":"https:\/\/kulturonline.tv\/de\/wp-json\/wp\/v2\/comments?post=29746"}],"version-history":[{"count":0,"href":"https:\/\/kulturonline.tv\/de\/wp-json\/wp\/v2\/posts\/29746\/revisions"}],"wp:featuredmedia":[{"embeddable":true,"href":"https:\/\/kulturonline.tv\/de\/wp-json\/wp\/v2\/media\/29463"}],"wp:attachment":[{"href":"https:\/\/kulturonline.tv\/de\/wp-json\/wp\/v2\/media?parent=29746"}],"wp:term":[{"taxonomy":"category","embeddable":true,"href":"https:\/\/kulturonline.tv\/de\/wp-json\/wp\/v2\/categories?post=29746"},{"taxonomy":"post_tag","embeddable":true,"href":"https:\/\/kulturonline.tv\/de\/wp-json\/wp\/v2\/tags?post=29746"}],"curies":[{"name":"wp","href":"https:\/\/api.w.org\/{rel}","templated":true}]}}