{"id":29902,"date":"2022-06-09T22:12:12","date_gmt":"2022-06-09T20:12:12","guid":{"rendered":"https:\/\/kulturonline.tv\/?p=29902"},"modified":"2022-06-09T22:12:13","modified_gmt":"2022-06-09T20:12:13","slug":"nachlass-von-siegfried-roy-unterm-hammer","status":"publish","type":"post","link":"https:\/\/kulturonline.tv\/de\/nachlass-von-siegfried-roy-unterm-hammer\/","title":{"rendered":"Nachlass von Siegfried &#038; Roy unterm Hammer"},"content":{"rendered":"\n<p><strong>In Los Angeles werden hunderte Erinnerungsst\u00fccke aus dem Nachlass des verstorbenen Zauber-Duos Siegfried &amp; Roy versteigert.<\/strong><\/p>\n\n\n\n<p><\/p>\n\n\n\n<figure class=\"wp-block-image size-full is-resized\"><img decoding=\"async\" src=\"https:\/\/kulturonline.tv\/wp-content\/uploads\/2022\/06\/Siegfried-Roy-1-edited.jpg\" alt=\"\" class=\"wp-image-29907\" width=\"839\" srcset=\"https:\/\/kulturonline.tv\/wp-content\/uploads\/2022\/06\/Siegfried-Roy-1-edited.jpg 800w, https:\/\/kulturonline.tv\/wp-content\/uploads\/2022\/06\/Siegfried-Roy-1-edited-600x338.jpg 600w, https:\/\/kulturonline.tv\/wp-content\/uploads\/2022\/06\/Siegfried-Roy-1-edited-768x432.jpg 768w\" sizes=\"(max-width: 800px) 100vw, 800px\" \/><\/figure>\n\n\n\n<p>Unter den Hammer kommen Schmuck, Kost\u00fcme und Andenken. Zu Beginn der Auktion wurde eine Elefanten-Skulptur von Salvador Dal\u00ed f\u00fcr gut 21 000 Dollar versteigert. Genausoviel brachte eine antike Uhr in Schildkr\u00f6tenmform. Der gesamte Erl\u00f6s geht an eine von den beiden Zauberern gegr\u00fcndete Stiftung, die sich f\u00fcr den Schutz von Wildtieren einsetzt. Siegfried &amp; Roy waren f\u00fcr ihre Auftritte mit wei\u00dfen Tigern weltber\u00fchmt.<\/p>\n\n\n\n<p>Siegfried<br>Fischbacher stammte aus Rosenheim, wo er im Stadtteil Kastenau aufwuchs. Er hatte einen Bruder, Marinus; seine Schwester Margot (* 1942) geh\u00f6rt als Schwester Dolore den Franziskanerinnen der Mallersdorfer Gemeinschaft im Konvent St. Bonifaz in M\u00fcnchen-Maxvorstadt an.<\/p>\n\n\n\n<p>Fischbacher begann im Alter von acht Jahren mit magischen Kunstst\u00fccken. Er konnte so die Aufmerksamkeit seines Vaters erreichen, der, aus sowjetischer Kriegsgefangenschaft zur\u00fcckgekehrt, zum Alkoholiker geworden war. Nach seiner Schulzeit erlernte Fischbacher den Beruf des Webers; 1956 zog er an den Gardasee. Dort arbeitete er als Kellner und trat als Zauberk\u00fcnstler auf. 1959 heuerte er als Steward auf dem Passagierschiff Bremen an und unterhielt dort bald als Unterhaltungsk\u00fcnstler die Passagiere mit Zaubertricks.<\/p>\n\n\n\n<p>Im Januar 2021 wurde bekannt, dass sich Fischbacher wegen einer Erkrankung an Bauchspeicheldr\u00fcsenkrebs in fortgeschrittenem Stadium operieren lie\u00df. Er starb am 13. Januar 2021 mit 81 Jahren in Las Vegas.<\/p>\n\n\n\n<p>Kultur Online TV<\/p>\n\n\n\n<p>#news #kunst #kultur #mix<\/p>\n","protected":false},"excerpt":{"rendered":"<p>In Los Angeles werden hunderte Erinnerungsst\u00fccke aus dem Nachlass des verstorbenen Zauber-Duos Siegfried &amp; Roy versteigert. Unter den Hammer kommen Schmuck, Kost\u00fcme und Andenken. Zu Beginn der Auktion wurde eine Elefanten-Skulptur von Salvador Dal\u00ed f\u00fcr gut 21 000 Dollar versteigert. Genausoviel brachte eine antike Uhr in Schildkr\u00f6tenmform. Der gesamte Erl\u00f6s geht an eine von den [&hellip;]<\/p>\n","protected":false},"author":2,"featured_media":29907,"comment_status":"closed","ping_status":"closed","sticky":false,"template":"","format":"standard","meta":{"_acf_changed":false,"footnotes":""},"categories":[281],"tags":[],"class_list":["post-29902","post","type-post","status-publish","format-standard","has-post-thumbnail","hentry","category-mixed"],"acf":[],"yoast_head":"<!-- This site is optimized with the Yoast SEO plugin v26.1.1 - https:\/\/yoast.com\/wordpress\/plugins\/seo\/ -->\n<title>Nachlass von Siegfried &amp; Roy unterm Hammer - Kultur Online TV &amp; FM<\/title>\n<meta name=\"description\" content=\"Unter den Hammer kommen Schmuck, Kost\u00fcme und Andenken. Zu Beginn der Auktion wurde eine Elefanten-Skulptur von Salvador Dal\u00ed f\u00fcr gut 21 000 Dollar versteigert.\" \/>\n<meta name=\"robots\" content=\"index, follow, max-snippet:-1, max-image-preview:large, max-video-preview:-1\" \/>\n<link rel=\"canonical\" href=\"https:\/\/kulturonline.tv\/de\/nachlass-von-siegfried-roy-unterm-hammer\/\" \/>\n<meta property=\"og:locale\" content=\"de_DE\" \/>\n<meta property=\"og:type\" content=\"article\" \/>\n<meta property=\"og:title\" content=\"Nachlass von Siegfried &amp; Roy unterm Hammer - Kultur Online TV &amp; FM\" \/>\n<meta property=\"og:description\" content=\"Unter den Hammer kommen Schmuck, Kost\u00fcme und Andenken. Zu Beginn der Auktion wurde eine Elefanten-Skulptur von Salvador Dal\u00ed f\u00fcr gut 21 000 Dollar versteigert.\" \/>\n<meta property=\"og:url\" content=\"https:\/\/kulturonline.tv\/de\/nachlass-von-siegfried-roy-unterm-hammer\/\" \/>\n<meta property=\"og:site_name\" content=\"Kultur Online TV &amp; FM\" \/>\n<meta property=\"article:publisher\" content=\"https:\/\/www.facebook.com\/kulturonline.tv\" \/>\n<meta property=\"article:published_time\" content=\"2022-06-09T20:12:12+00:00\" \/>\n<meta property=\"article:modified_time\" content=\"2022-06-09T20:12:13+00:00\" \/>\n<meta property=\"og:image\" content=\"https:\/\/kulturonline.tv\/wp-content\/uploads\/2022\/06\/Siegfried-Roy-1-edited.jpg\" \/>\n\t<meta property=\"og:image:width\" content=\"800\" \/>\n\t<meta property=\"og:image:height\" content=\"450\" \/>\n\t<meta property=\"og:image:type\" content=\"image\/jpeg\" \/>\n<meta name=\"author\" content=\"guenter.wolfgang\" \/>\n<meta name=\"twitter:card\" content=\"summary_large_image\" \/>\n<meta name=\"twitter:label1\" content=\"Verfasst von\" \/>\n\t<meta name=\"twitter:data1\" content=\"guenter.wolfgang\" \/>\n\t<meta name=\"twitter:label2\" content=\"Gesch\u00e4tzte Lesezeit\" \/>\n\t<meta name=\"twitter:data2\" content=\"2\u00a0Minuten\" \/>\n<script type=\"application\/ld+json\" class=\"yoast-schema-graph\">{\"@context\":\"https:\/\/schema.org\",\"@graph\":[{\"@type\":\"Article\",\"@id\":\"https:\/\/kulturonline.tv\/de\/nachlass-von-siegfried-roy-unterm-hammer\/#article\",\"isPartOf\":{\"@id\":\"https:\/\/kulturonline.tv\/de\/nachlass-von-siegfried-roy-unterm-hammer\/\"},\"author\":{\"name\":\"guenter.wolfgang\",\"@id\":\"https:\/\/kulturonline.tv\/de\/#\/schema\/person\/b0fac729bb9a0c193fb1df23449df4fe\"},\"headline\":\"Nachlass von Siegfried &#038; Roy unterm Hammer\",\"datePublished\":\"2022-06-09T20:12:12+00:00\",\"dateModified\":\"2022-06-09T20:12:13+00:00\",\"mainEntityOfPage\":{\"@id\":\"https:\/\/kulturonline.tv\/de\/nachlass-von-siegfried-roy-unterm-hammer\/\"},\"wordCount\":236,\"publisher\":{\"@id\":\"https:\/\/kulturonline.tv\/de\/#organization\"},\"image\":{\"@id\":\"https:\/\/kulturonline.tv\/de\/nachlass-von-siegfried-roy-unterm-hammer\/#primaryimage\"},\"thumbnailUrl\":\"https:\/\/kulturonline.tv\/wp-content\/uploads\/2022\/06\/Siegfried-Roy-1-edited.jpg\",\"articleSection\":[\"Mixed\"],\"inLanguage\":\"de\"},{\"@type\":\"WebPage\",\"@id\":\"https:\/\/kulturonline.tv\/de\/nachlass-von-siegfried-roy-unterm-hammer\/\",\"url\":\"https:\/\/kulturonline.tv\/de\/nachlass-von-siegfried-roy-unterm-hammer\/\",\"name\":\"Nachlass von Siegfried & Roy unterm Hammer - Kultur Online TV &amp; FM\",\"isPartOf\":{\"@id\":\"https:\/\/kulturonline.tv\/de\/#website\"},\"primaryImageOfPage\":{\"@id\":\"https:\/\/kulturonline.tv\/de\/nachlass-von-siegfried-roy-unterm-hammer\/#primaryimage\"},\"image\":{\"@id\":\"https:\/\/kulturonline.tv\/de\/nachlass-von-siegfried-roy-unterm-hammer\/#primaryimage\"},\"thumbnailUrl\":\"https:\/\/kulturonline.tv\/wp-content\/uploads\/2022\/06\/Siegfried-Roy-1-edited.jpg\",\"datePublished\":\"2022-06-09T20:12:12+00:00\",\"dateModified\":\"2022-06-09T20:12:13+00:00\",\"description\":\"Unter den Hammer kommen Schmuck, Kost\u00fcme und Andenken. Zu Beginn der Auktion wurde eine Elefanten-Skulptur von Salvador Dal\u00ed f\u00fcr gut 21 000 Dollar versteigert.\",\"breadcrumb\":{\"@id\":\"https:\/\/kulturonline.tv\/de\/nachlass-von-siegfried-roy-unterm-hammer\/#breadcrumb\"},\"inLanguage\":\"de\",\"potentialAction\":[{\"@type\":\"ReadAction\",\"target\":[\"https:\/\/kulturonline.tv\/de\/nachlass-von-siegfried-roy-unterm-hammer\/\"]}]},{\"@type\":\"ImageObject\",\"inLanguage\":\"de\",\"@id\":\"https:\/\/kulturonline.tv\/de\/nachlass-von-siegfried-roy-unterm-hammer\/#primaryimage\",\"url\":\"https:\/\/kulturonline.tv\/wp-content\/uploads\/2022\/06\/Siegfried-Roy-1-edited.jpg\",\"contentUrl\":\"https:\/\/kulturonline.tv\/wp-content\/uploads\/2022\/06\/Siegfried-Roy-1-edited.jpg\",\"width\":800,\"height\":450,\"caption\":\"Siegfried &amp; Roy are two German-American former entertainers who became known for their appearances with white lions and tigers..From 1990 until an injury ended their stage careers on October 3, 2003, the duo formed the show \\\"Siegfried &amp; Roy At The Mirage\\\", which was regarded as the most-visited show in Las Vegas, Nevada, USA. The magic word of the duo was \\\"SARMOTI\\\" (Siegfried And Roy, Masters Of The Impossible\\\"). This image was taken of Siegfried &amp; Roy and their white lion in their private apartment in Las Vegas.\"},{\"@type\":\"BreadcrumbList\",\"@id\":\"https:\/\/kulturonline.tv\/de\/nachlass-von-siegfried-roy-unterm-hammer\/#breadcrumb\",\"itemListElement\":[{\"@type\":\"ListItem\",\"position\":1,\"name\":\"Startseite\",\"item\":\"https:\/\/kulturonline.tv\/de\/\"},{\"@type\":\"ListItem\",\"position\":2,\"name\":\"Nachlass von Siegfried &#038; Roy unterm Hammer\"}]},{\"@type\":\"WebSite\",\"@id\":\"https:\/\/kulturonline.tv\/de\/#website\",\"url\":\"https:\/\/kulturonline.tv\/de\/\",\"name\":\"Kultur Online TV &amp; FM\",\"description\":\"Wir sind Kultur 2.0 zum sehen &amp; h\u00f6ren\",\"publisher\":{\"@id\":\"https:\/\/kulturonline.tv\/de\/#organization\"},\"potentialAction\":[{\"@type\":\"SearchAction\",\"target\":{\"@type\":\"EntryPoint\",\"urlTemplate\":\"https:\/\/kulturonline.tv\/de\/?s={search_term_string}\"},\"query-input\":{\"@type\":\"PropertyValueSpecification\",\"valueRequired\":true,\"valueName\":\"search_term_string\"}}],\"inLanguage\":\"de\"},{\"@type\":\"Organization\",\"@id\":\"https:\/\/kulturonline.tv\/de\/#organization\",\"name\":\"Kultur Online TV\",\"url\":\"https:\/\/kulturonline.tv\/de\/\",\"logo\":{\"@type\":\"ImageObject\",\"inLanguage\":\"de\",\"@id\":\"https:\/\/kulturonline.tv\/de\/#\/schema\/logo\/image\/\",\"url\":\"https:\/\/kulturonline.tv\/wp-content\/uploads\/2021\/08\/Kultur-Online-Tv-Logo-Endversion-neu.png\",\"contentUrl\":\"https:\/\/kulturonline.tv\/wp-content\/uploads\/2021\/08\/Kultur-Online-Tv-Logo-Endversion-neu.png\",\"width\":200,\"height\":200,\"caption\":\"Kultur Online TV\"},\"image\":{\"@id\":\"https:\/\/kulturonline.tv\/de\/#\/schema\/logo\/image\/\"},\"sameAs\":[\"https:\/\/www.facebook.com\/kulturonline.tv\",\"https:\/\/www.instagram.com\/kulturonline.tv\"]},{\"@type\":\"Person\",\"@id\":\"https:\/\/kulturonline.tv\/de\/#\/schema\/person\/b0fac729bb9a0c193fb1df23449df4fe\",\"name\":\"guenter.wolfgang\"}]}<\/script>\n<!-- \/ Yoast SEO plugin. -->","yoast_head_json":{"title":"Nachlass von Siegfried & Roy unterm Hammer - Kultur Online TV &amp; FM","description":"Unter den Hammer kommen Schmuck, Kost\u00fcme und Andenken. Zu Beginn der Auktion wurde eine Elefanten-Skulptur von Salvador Dal\u00ed f\u00fcr gut 21 000 Dollar versteigert.","robots":{"index":"index","follow":"follow","max-snippet":"max-snippet:-1","max-image-preview":"max-image-preview:large","max-video-preview":"max-video-preview:-1"},"canonical":"https:\/\/kulturonline.tv\/de\/nachlass-von-siegfried-roy-unterm-hammer\/","og_locale":"de_DE","og_type":"article","og_title":"Nachlass von Siegfried & Roy unterm Hammer - Kultur Online TV &amp; FM","og_description":"Unter den Hammer kommen Schmuck, Kost\u00fcme und Andenken. Zu Beginn der Auktion wurde eine Elefanten-Skulptur von Salvador Dal\u00ed f\u00fcr gut 21 000 Dollar versteigert.","og_url":"https:\/\/kulturonline.tv\/de\/nachlass-von-siegfried-roy-unterm-hammer\/","og_site_name":"Kultur Online TV &amp; FM","article_publisher":"https:\/\/www.facebook.com\/kulturonline.tv","article_published_time":"2022-06-09T20:12:12+00:00","article_modified_time":"2022-06-09T20:12:13+00:00","og_image":[{"width":800,"height":450,"url":"https:\/\/kulturonline.tv\/wp-content\/uploads\/2022\/06\/Siegfried-Roy-1-edited.jpg","type":"image\/jpeg"}],"author":"guenter.wolfgang","twitter_card":"summary_large_image","twitter_misc":{"Verfasst von":"guenter.wolfgang","Gesch\u00e4tzte Lesezeit":"2\u00a0Minuten"},"schema":{"@context":"https:\/\/schema.org","@graph":[{"@type":"Article","@id":"https:\/\/kulturonline.tv\/de\/nachlass-von-siegfried-roy-unterm-hammer\/#article","isPartOf":{"@id":"https:\/\/kulturonline.tv\/de\/nachlass-von-siegfried-roy-unterm-hammer\/"},"author":{"name":"guenter.wolfgang","@id":"https:\/\/kulturonline.tv\/de\/#\/schema\/person\/b0fac729bb9a0c193fb1df23449df4fe"},"headline":"Nachlass von Siegfried &#038; Roy unterm Hammer","datePublished":"2022-06-09T20:12:12+00:00","dateModified":"2022-06-09T20:12:13+00:00","mainEntityOfPage":{"@id":"https:\/\/kulturonline.tv\/de\/nachlass-von-siegfried-roy-unterm-hammer\/"},"wordCount":236,"publisher":{"@id":"https:\/\/kulturonline.tv\/de\/#organization"},"image":{"@id":"https:\/\/kulturonline.tv\/de\/nachlass-von-siegfried-roy-unterm-hammer\/#primaryimage"},"thumbnailUrl":"https:\/\/kulturonline.tv\/wp-content\/uploads\/2022\/06\/Siegfried-Roy-1-edited.jpg","articleSection":["Mixed"],"inLanguage":"de"},{"@type":"WebPage","@id":"https:\/\/kulturonline.tv\/de\/nachlass-von-siegfried-roy-unterm-hammer\/","url":"https:\/\/kulturonline.tv\/de\/nachlass-von-siegfried-roy-unterm-hammer\/","name":"Nachlass von Siegfried & Roy unterm Hammer - Kultur Online TV &amp; FM","isPartOf":{"@id":"https:\/\/kulturonline.tv\/de\/#website"},"primaryImageOfPage":{"@id":"https:\/\/kulturonline.tv\/de\/nachlass-von-siegfried-roy-unterm-hammer\/#primaryimage"},"image":{"@id":"https:\/\/kulturonline.tv\/de\/nachlass-von-siegfried-roy-unterm-hammer\/#primaryimage"},"thumbnailUrl":"https:\/\/kulturonline.tv\/wp-content\/uploads\/2022\/06\/Siegfried-Roy-1-edited.jpg","datePublished":"2022-06-09T20:12:12+00:00","dateModified":"2022-06-09T20:12:13+00:00","description":"Unter den Hammer kommen Schmuck, Kost\u00fcme und Andenken. Zu Beginn der Auktion wurde eine Elefanten-Skulptur von Salvador Dal\u00ed f\u00fcr gut 21 000 Dollar versteigert.","breadcrumb":{"@id":"https:\/\/kulturonline.tv\/de\/nachlass-von-siegfried-roy-unterm-hammer\/#breadcrumb"},"inLanguage":"de","potentialAction":[{"@type":"ReadAction","target":["https:\/\/kulturonline.tv\/de\/nachlass-von-siegfried-roy-unterm-hammer\/"]}]},{"@type":"ImageObject","inLanguage":"de","@id":"https:\/\/kulturonline.tv\/de\/nachlass-von-siegfried-roy-unterm-hammer\/#primaryimage","url":"https:\/\/kulturonline.tv\/wp-content\/uploads\/2022\/06\/Siegfried-Roy-1-edited.jpg","contentUrl":"https:\/\/kulturonline.tv\/wp-content\/uploads\/2022\/06\/Siegfried-Roy-1-edited.jpg","width":800,"height":450,"caption":"Siegfried &amp; Roy are two German-American former entertainers who became known for their appearances with white lions and tigers..From 1990 until an injury ended their stage careers on October 3, 2003, the duo formed the show \"Siegfried &amp; Roy At The Mirage\", which was regarded as the most-visited show in Las Vegas, Nevada, USA. The magic word of the duo was \"SARMOTI\" (Siegfried And Roy, Masters Of The Impossible\"). This image was taken of Siegfried &amp; Roy and their white lion in their private apartment in Las Vegas."},{"@type":"BreadcrumbList","@id":"https:\/\/kulturonline.tv\/de\/nachlass-von-siegfried-roy-unterm-hammer\/#breadcrumb","itemListElement":[{"@type":"ListItem","position":1,"name":"Startseite","item":"https:\/\/kulturonline.tv\/de\/"},{"@type":"ListItem","position":2,"name":"Nachlass von Siegfried &#038; Roy unterm Hammer"}]},{"@type":"WebSite","@id":"https:\/\/kulturonline.tv\/de\/#website","url":"https:\/\/kulturonline.tv\/de\/","name":"Kultur Online TV &amp; FM","description":"Wir sind Kultur 2.0 zum sehen &amp; h\u00f6ren","publisher":{"@id":"https:\/\/kulturonline.tv\/de\/#organization"},"potentialAction":[{"@type":"SearchAction","target":{"@type":"EntryPoint","urlTemplate":"https:\/\/kulturonline.tv\/de\/?s={search_term_string}"},"query-input":{"@type":"PropertyValueSpecification","valueRequired":true,"valueName":"search_term_string"}}],"inLanguage":"de"},{"@type":"Organization","@id":"https:\/\/kulturonline.tv\/de\/#organization","name":"Kultur Online TV","url":"https:\/\/kulturonline.tv\/de\/","logo":{"@type":"ImageObject","inLanguage":"de","@id":"https:\/\/kulturonline.tv\/de\/#\/schema\/logo\/image\/","url":"https:\/\/kulturonline.tv\/wp-content\/uploads\/2021\/08\/Kultur-Online-Tv-Logo-Endversion-neu.png","contentUrl":"https:\/\/kulturonline.tv\/wp-content\/uploads\/2021\/08\/Kultur-Online-Tv-Logo-Endversion-neu.png","width":200,"height":200,"caption":"Kultur Online TV"},"image":{"@id":"https:\/\/kulturonline.tv\/de\/#\/schema\/logo\/image\/"},"sameAs":["https:\/\/www.facebook.com\/kulturonline.tv","https:\/\/www.instagram.com\/kulturonline.tv"]},{"@type":"Person","@id":"https:\/\/kulturonline.tv\/de\/#\/schema\/person\/b0fac729bb9a0c193fb1df23449df4fe","name":"guenter.wolfgang"}]}},"_links":{"self":[{"href":"https:\/\/kulturonline.tv\/de\/wp-json\/wp\/v2\/posts\/29902","targetHints":{"allow":["GET"]}}],"collection":[{"href":"https:\/\/kulturonline.tv\/de\/wp-json\/wp\/v2\/posts"}],"about":[{"href":"https:\/\/kulturonline.tv\/de\/wp-json\/wp\/v2\/types\/post"}],"author":[{"embeddable":true,"href":"https:\/\/kulturonline.tv\/de\/wp-json\/wp\/v2\/users\/2"}],"replies":[{"embeddable":true,"href":"https:\/\/kulturonline.tv\/de\/wp-json\/wp\/v2\/comments?post=29902"}],"version-history":[{"count":0,"href":"https:\/\/kulturonline.tv\/de\/wp-json\/wp\/v2\/posts\/29902\/revisions"}],"wp:featuredmedia":[{"embeddable":true,"href":"https:\/\/kulturonline.tv\/de\/wp-json\/wp\/v2\/media\/29907"}],"wp:attachment":[{"href":"https:\/\/kulturonline.tv\/de\/wp-json\/wp\/v2\/media?parent=29902"}],"wp:term":[{"taxonomy":"category","embeddable":true,"href":"https:\/\/kulturonline.tv\/de\/wp-json\/wp\/v2\/categories?post=29902"},{"taxonomy":"post_tag","embeddable":true,"href":"https:\/\/kulturonline.tv\/de\/wp-json\/wp\/v2\/tags?post=29902"}],"curies":[{"name":"wp","href":"https:\/\/api.w.org\/{rel}","templated":true}]}}