{"id":29910,"date":"2022-06-09T22:15:03","date_gmt":"2022-06-09T20:15:03","guid":{"rendered":"https:\/\/kulturonline.tv\/?p=29910"},"modified":"2022-06-09T22:15:04","modified_gmt":"2022-06-09T20:15:04","slug":"theater-kaempfen-um-ihr-publikum","status":"publish","type":"post","link":"https:\/\/kulturonline.tv\/de\/theater-kaempfen-um-ihr-publikum\/","title":{"rendered":"Theater k\u00e4mpfen um ihr Publikum"},"content":{"rendered":"\n<p>Die deutschen Theater und Orchester k\u00e4mpfen weiter gegen Zuschauerschwund. Damit besch\u00e4ftigt sich der Deutsche B\u00fchnenverein auf seiner Jahreshauptversammlung.<\/p>\n\n\n\n<figure class=\"wp-block-image size-full\"><img fetchpriority=\"high\" decoding=\"async\" width=\"768\" height=\"432\" src=\"https:\/\/kulturonline.tv\/wp-content\/uploads\/2022\/01\/Burgtheater-edited.jpg\" alt=\"\" class=\"wp-image-18735\" srcset=\"https:\/\/kulturonline.tv\/wp-content\/uploads\/2022\/01\/Burgtheater-edited.jpg 768w, https:\/\/kulturonline.tv\/wp-content\/uploads\/2022\/01\/Burgtheater-edited-600x338.jpg 600w\" sizes=\"(max-width: 768px) 100vw, 768px\" \/><\/figure>\n\n\n\n<p>Vereinspr\u00e4sident Carsten Brosda sagte zur Er\u00f6ffnung, die Corona-Pandemie und der Ukraine-Krieg h\u00e4tten die gesamten Gesellschaft verunsichert. Es sei schwer, Theater-Abonnements zu verkaufen, weil kaum jemand langfristig plane. Weil au\u00dferdem viele Kultur-Angebote heute auch digital von zu Hause aus abgerufen werden k\u00f6nnten, sei es schwierig, das Publikum zur\u00fcck in die Vorstellungen zu bekommen. Eine Schlie\u00dfung von Theatern bef\u00fcrchtet der B\u00fchnenverein derzeit aber nicht.<\/p>\n\n\n\n<p>Kultur Online TV<\/p>\n\n\n\n<p>#theater #news <\/p>\n","protected":false},"excerpt":{"rendered":"<p>Die deutschen Theater und Orchester k\u00e4mpfen weiter gegen Zuschauerschwund. Damit besch\u00e4ftigt sich der Deutsche B\u00fchnenverein auf seiner Jahreshauptversammlung. Vereinspr\u00e4sident Carsten Brosda sagte zur Er\u00f6ffnung, die Corona-Pandemie und der Ukraine-Krieg h\u00e4tten die gesamten Gesellschaft verunsichert. Es sei schwer, Theater-Abonnements zu verkaufen, weil kaum jemand langfristig plane. Weil au\u00dferdem viele Kultur-Angebote heute auch digital von zu Hause [&hellip;]<\/p>\n","protected":false},"author":2,"featured_media":18735,"comment_status":"closed","ping_status":"closed","sticky":false,"template":"","format":"standard","meta":{"_acf_changed":false,"footnotes":""},"categories":[105],"tags":[],"class_list":["post-29910","post","type-post","status-publish","format-standard","has-post-thumbnail","hentry","category-theater"],"acf":[],"yoast_head":"<!-- This site is optimized with the Yoast SEO plugin v26.1.1 - https:\/\/yoast.com\/wordpress\/plugins\/seo\/ -->\n<title>Theater k\u00e4mpfen um ihr Publikum - Kultur Online TV &amp; FM<\/title>\n<meta name=\"description\" content=\"Die deutschen Theater und Orchester k\u00e4mpfen weiter gegen Zuschauerschwund. Damit besch\u00e4ftigt sich der Deutsche B\u00fchnenverein auf seiner Jahreshauptversammlung.\" \/>\n<meta name=\"robots\" content=\"index, follow, max-snippet:-1, max-image-preview:large, max-video-preview:-1\" \/>\n<link rel=\"canonical\" href=\"https:\/\/kulturonline.tv\/de\/theater-kaempfen-um-ihr-publikum\/\" \/>\n<meta property=\"og:locale\" content=\"de_DE\" \/>\n<meta property=\"og:type\" content=\"article\" \/>\n<meta property=\"og:title\" content=\"Theater k\u00e4mpfen um ihr Publikum - Kultur Online TV &amp; FM\" \/>\n<meta property=\"og:description\" content=\"Die deutschen Theater und Orchester k\u00e4mpfen weiter gegen Zuschauerschwund. Damit besch\u00e4ftigt sich der Deutsche B\u00fchnenverein auf seiner Jahreshauptversammlung.\" \/>\n<meta property=\"og:url\" content=\"https:\/\/kulturonline.tv\/de\/theater-kaempfen-um-ihr-publikum\/\" \/>\n<meta property=\"og:site_name\" content=\"Kultur Online TV &amp; FM\" \/>\n<meta property=\"article:publisher\" content=\"https:\/\/www.facebook.com\/kulturonline.tv\" \/>\n<meta property=\"article:published_time\" content=\"2022-06-09T20:15:03+00:00\" \/>\n<meta property=\"article:modified_time\" content=\"2022-06-09T20:15:04+00:00\" \/>\n<meta property=\"og:image\" content=\"https:\/\/kulturonline.tv\/wp-content\/uploads\/2022\/01\/Burgtheater-edited.jpg\" \/>\n\t<meta property=\"og:image:width\" content=\"768\" \/>\n\t<meta property=\"og:image:height\" content=\"432\" \/>\n\t<meta property=\"og:image:type\" content=\"image\/jpeg\" \/>\n<meta name=\"author\" content=\"guenter.wolfgang\" \/>\n<meta name=\"twitter:card\" content=\"summary_large_image\" \/>\n<meta name=\"twitter:label1\" content=\"Verfasst von\" \/>\n\t<meta name=\"twitter:data1\" content=\"guenter.wolfgang\" \/>\n\t<meta name=\"twitter:label2\" content=\"Gesch\u00e4tzte Lesezeit\" \/>\n\t<meta name=\"twitter:data2\" content=\"1\u00a0Minute\" \/>\n<script type=\"application\/ld+json\" class=\"yoast-schema-graph\">{\"@context\":\"https:\/\/schema.org\",\"@graph\":[{\"@type\":\"Article\",\"@id\":\"https:\/\/kulturonline.tv\/de\/theater-kaempfen-um-ihr-publikum\/#article\",\"isPartOf\":{\"@id\":\"https:\/\/kulturonline.tv\/de\/theater-kaempfen-um-ihr-publikum\/\"},\"author\":{\"name\":\"guenter.wolfgang\",\"@id\":\"https:\/\/kulturonline.tv\/de\/#\/schema\/person\/b0fac729bb9a0c193fb1df23449df4fe\"},\"headline\":\"Theater k\u00e4mpfen um ihr Publikum\",\"datePublished\":\"2022-06-09T20:15:03+00:00\",\"dateModified\":\"2022-06-09T20:15:04+00:00\",\"mainEntityOfPage\":{\"@id\":\"https:\/\/kulturonline.tv\/de\/theater-kaempfen-um-ihr-publikum\/\"},\"wordCount\":103,\"publisher\":{\"@id\":\"https:\/\/kulturonline.tv\/de\/#organization\"},\"image\":{\"@id\":\"https:\/\/kulturonline.tv\/de\/theater-kaempfen-um-ihr-publikum\/#primaryimage\"},\"thumbnailUrl\":\"https:\/\/kulturonline.tv\/wp-content\/uploads\/2022\/01\/Burgtheater-edited.jpg\",\"articleSection\":[\"Theater\"],\"inLanguage\":\"de\"},{\"@type\":\"WebPage\",\"@id\":\"https:\/\/kulturonline.tv\/de\/theater-kaempfen-um-ihr-publikum\/\",\"url\":\"https:\/\/kulturonline.tv\/de\/theater-kaempfen-um-ihr-publikum\/\",\"name\":\"Theater k\u00e4mpfen um ihr Publikum - Kultur Online TV &amp; FM\",\"isPartOf\":{\"@id\":\"https:\/\/kulturonline.tv\/de\/#website\"},\"primaryImageOfPage\":{\"@id\":\"https:\/\/kulturonline.tv\/de\/theater-kaempfen-um-ihr-publikum\/#primaryimage\"},\"image\":{\"@id\":\"https:\/\/kulturonline.tv\/de\/theater-kaempfen-um-ihr-publikum\/#primaryimage\"},\"thumbnailUrl\":\"https:\/\/kulturonline.tv\/wp-content\/uploads\/2022\/01\/Burgtheater-edited.jpg\",\"datePublished\":\"2022-06-09T20:15:03+00:00\",\"dateModified\":\"2022-06-09T20:15:04+00:00\",\"description\":\"Die deutschen Theater und Orchester k\u00e4mpfen weiter gegen Zuschauerschwund. Damit besch\u00e4ftigt sich der Deutsche B\u00fchnenverein auf seiner Jahreshauptversammlung.\",\"breadcrumb\":{\"@id\":\"https:\/\/kulturonline.tv\/de\/theater-kaempfen-um-ihr-publikum\/#breadcrumb\"},\"inLanguage\":\"de\",\"potentialAction\":[{\"@type\":\"ReadAction\",\"target\":[\"https:\/\/kulturonline.tv\/de\/theater-kaempfen-um-ihr-publikum\/\"]}]},{\"@type\":\"ImageObject\",\"inLanguage\":\"de\",\"@id\":\"https:\/\/kulturonline.tv\/de\/theater-kaempfen-um-ihr-publikum\/#primaryimage\",\"url\":\"https:\/\/kulturonline.tv\/wp-content\/uploads\/2022\/01\/Burgtheater-edited.jpg\",\"contentUrl\":\"https:\/\/kulturonline.tv\/wp-content\/uploads\/2022\/01\/Burgtheater-edited.jpg\",\"width\":768,\"height\":432},{\"@type\":\"BreadcrumbList\",\"@id\":\"https:\/\/kulturonline.tv\/de\/theater-kaempfen-um-ihr-publikum\/#breadcrumb\",\"itemListElement\":[{\"@type\":\"ListItem\",\"position\":1,\"name\":\"Startseite\",\"item\":\"https:\/\/kulturonline.tv\/de\/\"},{\"@type\":\"ListItem\",\"position\":2,\"name\":\"Theater k\u00e4mpfen um ihr Publikum\"}]},{\"@type\":\"WebSite\",\"@id\":\"https:\/\/kulturonline.tv\/de\/#website\",\"url\":\"https:\/\/kulturonline.tv\/de\/\",\"name\":\"Kultur Online TV &amp; FM\",\"description\":\"Wir sind Kultur 2.0 zum sehen &amp; h\u00f6ren\",\"publisher\":{\"@id\":\"https:\/\/kulturonline.tv\/de\/#organization\"},\"potentialAction\":[{\"@type\":\"SearchAction\",\"target\":{\"@type\":\"EntryPoint\",\"urlTemplate\":\"https:\/\/kulturonline.tv\/de\/?s={search_term_string}\"},\"query-input\":{\"@type\":\"PropertyValueSpecification\",\"valueRequired\":true,\"valueName\":\"search_term_string\"}}],\"inLanguage\":\"de\"},{\"@type\":\"Organization\",\"@id\":\"https:\/\/kulturonline.tv\/de\/#organization\",\"name\":\"Kultur Online TV\",\"url\":\"https:\/\/kulturonline.tv\/de\/\",\"logo\":{\"@type\":\"ImageObject\",\"inLanguage\":\"de\",\"@id\":\"https:\/\/kulturonline.tv\/de\/#\/schema\/logo\/image\/\",\"url\":\"https:\/\/kulturonline.tv\/wp-content\/uploads\/2021\/08\/Kultur-Online-Tv-Logo-Endversion-neu.png\",\"contentUrl\":\"https:\/\/kulturonline.tv\/wp-content\/uploads\/2021\/08\/Kultur-Online-Tv-Logo-Endversion-neu.png\",\"width\":200,\"height\":200,\"caption\":\"Kultur Online TV\"},\"image\":{\"@id\":\"https:\/\/kulturonline.tv\/de\/#\/schema\/logo\/image\/\"},\"sameAs\":[\"https:\/\/www.facebook.com\/kulturonline.tv\",\"https:\/\/www.instagram.com\/kulturonline.tv\"]},{\"@type\":\"Person\",\"@id\":\"https:\/\/kulturonline.tv\/de\/#\/schema\/person\/b0fac729bb9a0c193fb1df23449df4fe\",\"name\":\"guenter.wolfgang\"}]}<\/script>\n<!-- \/ Yoast SEO plugin. -->","yoast_head_json":{"title":"Theater k\u00e4mpfen um ihr Publikum - Kultur Online TV &amp; FM","description":"Die deutschen Theater und Orchester k\u00e4mpfen weiter gegen Zuschauerschwund. Damit besch\u00e4ftigt sich der Deutsche B\u00fchnenverein auf seiner Jahreshauptversammlung.","robots":{"index":"index","follow":"follow","max-snippet":"max-snippet:-1","max-image-preview":"max-image-preview:large","max-video-preview":"max-video-preview:-1"},"canonical":"https:\/\/kulturonline.tv\/de\/theater-kaempfen-um-ihr-publikum\/","og_locale":"de_DE","og_type":"article","og_title":"Theater k\u00e4mpfen um ihr Publikum - Kultur Online TV &amp; FM","og_description":"Die deutschen Theater und Orchester k\u00e4mpfen weiter gegen Zuschauerschwund. Damit besch\u00e4ftigt sich der Deutsche B\u00fchnenverein auf seiner Jahreshauptversammlung.","og_url":"https:\/\/kulturonline.tv\/de\/theater-kaempfen-um-ihr-publikum\/","og_site_name":"Kultur Online TV &amp; FM","article_publisher":"https:\/\/www.facebook.com\/kulturonline.tv","article_published_time":"2022-06-09T20:15:03+00:00","article_modified_time":"2022-06-09T20:15:04+00:00","og_image":[{"width":768,"height":432,"url":"https:\/\/kulturonline.tv\/wp-content\/uploads\/2022\/01\/Burgtheater-edited.jpg","type":"image\/jpeg"}],"author":"guenter.wolfgang","twitter_card":"summary_large_image","twitter_misc":{"Verfasst von":"guenter.wolfgang","Gesch\u00e4tzte Lesezeit":"1\u00a0Minute"},"schema":{"@context":"https:\/\/schema.org","@graph":[{"@type":"Article","@id":"https:\/\/kulturonline.tv\/de\/theater-kaempfen-um-ihr-publikum\/#article","isPartOf":{"@id":"https:\/\/kulturonline.tv\/de\/theater-kaempfen-um-ihr-publikum\/"},"author":{"name":"guenter.wolfgang","@id":"https:\/\/kulturonline.tv\/de\/#\/schema\/person\/b0fac729bb9a0c193fb1df23449df4fe"},"headline":"Theater k\u00e4mpfen um ihr Publikum","datePublished":"2022-06-09T20:15:03+00:00","dateModified":"2022-06-09T20:15:04+00:00","mainEntityOfPage":{"@id":"https:\/\/kulturonline.tv\/de\/theater-kaempfen-um-ihr-publikum\/"},"wordCount":103,"publisher":{"@id":"https:\/\/kulturonline.tv\/de\/#organization"},"image":{"@id":"https:\/\/kulturonline.tv\/de\/theater-kaempfen-um-ihr-publikum\/#primaryimage"},"thumbnailUrl":"https:\/\/kulturonline.tv\/wp-content\/uploads\/2022\/01\/Burgtheater-edited.jpg","articleSection":["Theater"],"inLanguage":"de"},{"@type":"WebPage","@id":"https:\/\/kulturonline.tv\/de\/theater-kaempfen-um-ihr-publikum\/","url":"https:\/\/kulturonline.tv\/de\/theater-kaempfen-um-ihr-publikum\/","name":"Theater k\u00e4mpfen um ihr Publikum - Kultur Online TV &amp; FM","isPartOf":{"@id":"https:\/\/kulturonline.tv\/de\/#website"},"primaryImageOfPage":{"@id":"https:\/\/kulturonline.tv\/de\/theater-kaempfen-um-ihr-publikum\/#primaryimage"},"image":{"@id":"https:\/\/kulturonline.tv\/de\/theater-kaempfen-um-ihr-publikum\/#primaryimage"},"thumbnailUrl":"https:\/\/kulturonline.tv\/wp-content\/uploads\/2022\/01\/Burgtheater-edited.jpg","datePublished":"2022-06-09T20:15:03+00:00","dateModified":"2022-06-09T20:15:04+00:00","description":"Die deutschen Theater und Orchester k\u00e4mpfen weiter gegen Zuschauerschwund. Damit besch\u00e4ftigt sich der Deutsche B\u00fchnenverein auf seiner Jahreshauptversammlung.","breadcrumb":{"@id":"https:\/\/kulturonline.tv\/de\/theater-kaempfen-um-ihr-publikum\/#breadcrumb"},"inLanguage":"de","potentialAction":[{"@type":"ReadAction","target":["https:\/\/kulturonline.tv\/de\/theater-kaempfen-um-ihr-publikum\/"]}]},{"@type":"ImageObject","inLanguage":"de","@id":"https:\/\/kulturonline.tv\/de\/theater-kaempfen-um-ihr-publikum\/#primaryimage","url":"https:\/\/kulturonline.tv\/wp-content\/uploads\/2022\/01\/Burgtheater-edited.jpg","contentUrl":"https:\/\/kulturonline.tv\/wp-content\/uploads\/2022\/01\/Burgtheater-edited.jpg","width":768,"height":432},{"@type":"BreadcrumbList","@id":"https:\/\/kulturonline.tv\/de\/theater-kaempfen-um-ihr-publikum\/#breadcrumb","itemListElement":[{"@type":"ListItem","position":1,"name":"Startseite","item":"https:\/\/kulturonline.tv\/de\/"},{"@type":"ListItem","position":2,"name":"Theater k\u00e4mpfen um ihr Publikum"}]},{"@type":"WebSite","@id":"https:\/\/kulturonline.tv\/de\/#website","url":"https:\/\/kulturonline.tv\/de\/","name":"Kultur Online TV &amp; FM","description":"Wir sind Kultur 2.0 zum sehen &amp; h\u00f6ren","publisher":{"@id":"https:\/\/kulturonline.tv\/de\/#organization"},"potentialAction":[{"@type":"SearchAction","target":{"@type":"EntryPoint","urlTemplate":"https:\/\/kulturonline.tv\/de\/?s={search_term_string}"},"query-input":{"@type":"PropertyValueSpecification","valueRequired":true,"valueName":"search_term_string"}}],"inLanguage":"de"},{"@type":"Organization","@id":"https:\/\/kulturonline.tv\/de\/#organization","name":"Kultur Online TV","url":"https:\/\/kulturonline.tv\/de\/","logo":{"@type":"ImageObject","inLanguage":"de","@id":"https:\/\/kulturonline.tv\/de\/#\/schema\/logo\/image\/","url":"https:\/\/kulturonline.tv\/wp-content\/uploads\/2021\/08\/Kultur-Online-Tv-Logo-Endversion-neu.png","contentUrl":"https:\/\/kulturonline.tv\/wp-content\/uploads\/2021\/08\/Kultur-Online-Tv-Logo-Endversion-neu.png","width":200,"height":200,"caption":"Kultur Online TV"},"image":{"@id":"https:\/\/kulturonline.tv\/de\/#\/schema\/logo\/image\/"},"sameAs":["https:\/\/www.facebook.com\/kulturonline.tv","https:\/\/www.instagram.com\/kulturonline.tv"]},{"@type":"Person","@id":"https:\/\/kulturonline.tv\/de\/#\/schema\/person\/b0fac729bb9a0c193fb1df23449df4fe","name":"guenter.wolfgang"}]}},"_links":{"self":[{"href":"https:\/\/kulturonline.tv\/de\/wp-json\/wp\/v2\/posts\/29910","targetHints":{"allow":["GET"]}}],"collection":[{"href":"https:\/\/kulturonline.tv\/de\/wp-json\/wp\/v2\/posts"}],"about":[{"href":"https:\/\/kulturonline.tv\/de\/wp-json\/wp\/v2\/types\/post"}],"author":[{"embeddable":true,"href":"https:\/\/kulturonline.tv\/de\/wp-json\/wp\/v2\/users\/2"}],"replies":[{"embeddable":true,"href":"https:\/\/kulturonline.tv\/de\/wp-json\/wp\/v2\/comments?post=29910"}],"version-history":[{"count":0,"href":"https:\/\/kulturonline.tv\/de\/wp-json\/wp\/v2\/posts\/29910\/revisions"}],"wp:featuredmedia":[{"embeddable":true,"href":"https:\/\/kulturonline.tv\/de\/wp-json\/wp\/v2\/media\/18735"}],"wp:attachment":[{"href":"https:\/\/kulturonline.tv\/de\/wp-json\/wp\/v2\/media?parent=29910"}],"wp:term":[{"taxonomy":"category","embeddable":true,"href":"https:\/\/kulturonline.tv\/de\/wp-json\/wp\/v2\/categories?post=29910"},{"taxonomy":"post_tag","embeddable":true,"href":"https:\/\/kulturonline.tv\/de\/wp-json\/wp\/v2\/tags?post=29910"}],"curies":[{"name":"wp","href":"https:\/\/api.w.org\/{rel}","templated":true}]}}