{"id":29912,"date":"2022-06-09T22:20:17","date_gmt":"2022-06-09T20:20:17","guid":{"rendered":"https:\/\/kulturonline.tv\/?p=29912"},"modified":"2022-06-09T22:20:18","modified_gmt":"2022-06-09T20:20:18","slug":"grosse-beteiligung-an-schreibwettbewerb-zu-juedischem-leben","status":"publish","type":"post","link":"https:\/\/kulturonline.tv\/de\/grosse-beteiligung-an-schreibwettbewerb-zu-juedischem-leben\/","title":{"rendered":"Gro\u00dfe Beteiligung an Schreibwettbewerb zu j\u00fcdischem Leben"},"content":{"rendered":"\n<p>F\u00fcr den bundesweiten Schreibwettbewerb &#8222;L&#8217;Chaim: Schreib zum j\u00fcdischen Leben in Deutschland!&#8220; sind nach Veranstalterangaben mehr als 180 Texte eingegangen: fiktionale und nicht-fiktionale.<\/p>\n\n\n\n<figure class=\"wp-block-image size-full\"><img fetchpriority=\"high\" decoding=\"async\" width=\"828\" height=\"466\" src=\"https:\/\/kulturonline.tv\/wp-content\/uploads\/2022\/06\/Schreibwettbewerb-zu-juedischem-Leben-edited.png\" alt=\"\" class=\"wp-image-29917\" srcset=\"https:\/\/kulturonline.tv\/wp-content\/uploads\/2022\/06\/Schreibwettbewerb-zu-juedischem-Leben-edited.png 828w, https:\/\/kulturonline.tv\/wp-content\/uploads\/2022\/06\/Schreibwettbewerb-zu-juedischem-Leben-edited-600x338.png 600w, https:\/\/kulturonline.tv\/wp-content\/uploads\/2022\/06\/Schreibwettbewerb-zu-juedischem-Leben-edited-800x450.png 800w, https:\/\/kulturonline.tv\/wp-content\/uploads\/2022\/06\/Schreibwettbewerb-zu-juedischem-Leben-edited-768x432.png 768w\" sizes=\"(max-width: 828px) 100vw, 828px\" \/><\/figure>\n\n\n\n<p>F\u00fcr die Auszeichnungen stehen Preisgelder in H\u00f6he von insgesamt 12.500 Euro zur Verf\u00fcgung. Der erste Preis ist mit 5.000 Euro dotiert. Initiatoren des Wettbewerbs sind Kulturstaatsministerin Claudia Roth, der Beauftragte der Bundesregierung f\u00fcr j\u00fcdisches Leben in Deutschland, der Pr\u00e4sident des Zentralrats der Juden in Deutschland und der Sprecher der Initiative kulturelle Integration, Olaf Zimmermann. Ziel des Schreibwettbewerbs ist laut Zimmermann die Auseinandersetzung mit dem vielf\u00e4ltigen j\u00fcdischen Leben in Deutschland heute. Die Preistr\u00e4ger werden im Oktober ausgezeichnet.<\/p>\n\n\n\n<p>Kultur Online TV<\/p>\n\n\n\n<p>#news #literatur <\/p>\n","protected":false},"excerpt":{"rendered":"<p>F\u00fcr den bundesweiten Schreibwettbewerb &#8222;L&#8217;Chaim: Schreib zum j\u00fcdischen Leben in Deutschland!&#8220; sind nach Veranstalterangaben mehr als 180 Texte eingegangen: fiktionale und nicht-fiktionale. F\u00fcr die Auszeichnungen stehen Preisgelder in H\u00f6he von insgesamt 12.500 Euro zur Verf\u00fcgung. Der erste Preis ist mit 5.000 Euro dotiert. Initiatoren des Wettbewerbs sind Kulturstaatsministerin Claudia Roth, der Beauftragte der Bundesregierung f\u00fcr [&hellip;]<\/p>\n","protected":false},"author":2,"featured_media":29917,"comment_status":"closed","ping_status":"closed","sticky":false,"template":"","format":"standard","meta":{"_acf_changed":false,"footnotes":""},"categories":[106],"tags":[],"class_list":["post-29912","post","type-post","status-publish","format-standard","has-post-thumbnail","hentry","category-literatur"],"acf":[],"yoast_head":"<!-- This site is optimized with the Yoast SEO plugin v26.1.1 - https:\/\/yoast.com\/wordpress\/plugins\/seo\/ -->\n<title>Gro\u00dfe Beteiligung an Schreibwettbewerb zu j\u00fcdischem Leben - Kultur Online TV &amp; FM<\/title>\n<meta name=\"description\" content=\"F\u00fcr die Auszeichnungen stehen Preisgelder in H\u00f6he von insgesamt 12.500 Euro zur Verf\u00fcgung.\" \/>\n<meta name=\"robots\" content=\"index, follow, max-snippet:-1, max-image-preview:large, max-video-preview:-1\" \/>\n<link rel=\"canonical\" href=\"https:\/\/kulturonline.tv\/de\/grosse-beteiligung-an-schreibwettbewerb-zu-juedischem-leben\/\" \/>\n<meta property=\"og:locale\" content=\"de_DE\" \/>\n<meta property=\"og:type\" content=\"article\" \/>\n<meta property=\"og:title\" content=\"Gro\u00dfe Beteiligung an Schreibwettbewerb zu j\u00fcdischem Leben - Kultur Online TV &amp; FM\" \/>\n<meta property=\"og:description\" content=\"F\u00fcr die Auszeichnungen stehen Preisgelder in H\u00f6he von insgesamt 12.500 Euro zur Verf\u00fcgung.\" \/>\n<meta property=\"og:url\" content=\"https:\/\/kulturonline.tv\/de\/grosse-beteiligung-an-schreibwettbewerb-zu-juedischem-leben\/\" \/>\n<meta property=\"og:site_name\" content=\"Kultur Online TV &amp; FM\" \/>\n<meta property=\"article:publisher\" content=\"https:\/\/www.facebook.com\/kulturonline.tv\" \/>\n<meta property=\"article:published_time\" content=\"2022-06-09T20:20:17+00:00\" \/>\n<meta property=\"article:modified_time\" content=\"2022-06-09T20:20:18+00:00\" \/>\n<meta property=\"og:image\" content=\"https:\/\/kulturonline.tv\/wp-content\/uploads\/2022\/06\/Schreibwettbewerb-zu-juedischem-Leben-edited.png\" \/>\n\t<meta property=\"og:image:width\" content=\"828\" \/>\n\t<meta property=\"og:image:height\" content=\"466\" \/>\n\t<meta property=\"og:image:type\" content=\"image\/png\" \/>\n<meta name=\"author\" content=\"guenter.wolfgang\" \/>\n<meta name=\"twitter:card\" content=\"summary_large_image\" \/>\n<meta name=\"twitter:label1\" content=\"Verfasst von\" \/>\n\t<meta name=\"twitter:data1\" content=\"guenter.wolfgang\" \/>\n\t<meta name=\"twitter:label2\" content=\"Gesch\u00e4tzte Lesezeit\" \/>\n\t<meta name=\"twitter:data2\" content=\"1\u00a0Minute\" \/>\n<script type=\"application\/ld+json\" class=\"yoast-schema-graph\">{\"@context\":\"https:\/\/schema.org\",\"@graph\":[{\"@type\":\"Article\",\"@id\":\"https:\/\/kulturonline.tv\/de\/grosse-beteiligung-an-schreibwettbewerb-zu-juedischem-leben\/#article\",\"isPartOf\":{\"@id\":\"https:\/\/kulturonline.tv\/de\/grosse-beteiligung-an-schreibwettbewerb-zu-juedischem-leben\/\"},\"author\":{\"name\":\"guenter.wolfgang\",\"@id\":\"https:\/\/kulturonline.tv\/de\/#\/schema\/person\/b0fac729bb9a0c193fb1df23449df4fe\"},\"headline\":\"Gro\u00dfe Beteiligung an Schreibwettbewerb zu j\u00fcdischem Leben\",\"datePublished\":\"2022-06-09T20:20:17+00:00\",\"dateModified\":\"2022-06-09T20:20:18+00:00\",\"mainEntityOfPage\":{\"@id\":\"https:\/\/kulturonline.tv\/de\/grosse-beteiligung-an-schreibwettbewerb-zu-juedischem-leben\/\"},\"wordCount\":121,\"publisher\":{\"@id\":\"https:\/\/kulturonline.tv\/de\/#organization\"},\"image\":{\"@id\":\"https:\/\/kulturonline.tv\/de\/grosse-beteiligung-an-schreibwettbewerb-zu-juedischem-leben\/#primaryimage\"},\"thumbnailUrl\":\"https:\/\/kulturonline.tv\/wp-content\/uploads\/2022\/06\/Schreibwettbewerb-zu-juedischem-Leben-edited.png\",\"articleSection\":[\"Literatur\"],\"inLanguage\":\"de\"},{\"@type\":\"WebPage\",\"@id\":\"https:\/\/kulturonline.tv\/de\/grosse-beteiligung-an-schreibwettbewerb-zu-juedischem-leben\/\",\"url\":\"https:\/\/kulturonline.tv\/de\/grosse-beteiligung-an-schreibwettbewerb-zu-juedischem-leben\/\",\"name\":\"Gro\u00dfe Beteiligung an Schreibwettbewerb zu j\u00fcdischem Leben - Kultur Online TV &amp; FM\",\"isPartOf\":{\"@id\":\"https:\/\/kulturonline.tv\/de\/#website\"},\"primaryImageOfPage\":{\"@id\":\"https:\/\/kulturonline.tv\/de\/grosse-beteiligung-an-schreibwettbewerb-zu-juedischem-leben\/#primaryimage\"},\"image\":{\"@id\":\"https:\/\/kulturonline.tv\/de\/grosse-beteiligung-an-schreibwettbewerb-zu-juedischem-leben\/#primaryimage\"},\"thumbnailUrl\":\"https:\/\/kulturonline.tv\/wp-content\/uploads\/2022\/06\/Schreibwettbewerb-zu-juedischem-Leben-edited.png\",\"datePublished\":\"2022-06-09T20:20:17+00:00\",\"dateModified\":\"2022-06-09T20:20:18+00:00\",\"description\":\"F\u00fcr die Auszeichnungen stehen Preisgelder in H\u00f6he von insgesamt 12.500 Euro zur Verf\u00fcgung.\",\"breadcrumb\":{\"@id\":\"https:\/\/kulturonline.tv\/de\/grosse-beteiligung-an-schreibwettbewerb-zu-juedischem-leben\/#breadcrumb\"},\"inLanguage\":\"de\",\"potentialAction\":[{\"@type\":\"ReadAction\",\"target\":[\"https:\/\/kulturonline.tv\/de\/grosse-beteiligung-an-schreibwettbewerb-zu-juedischem-leben\/\"]}]},{\"@type\":\"ImageObject\",\"inLanguage\":\"de\",\"@id\":\"https:\/\/kulturonline.tv\/de\/grosse-beteiligung-an-schreibwettbewerb-zu-juedischem-leben\/#primaryimage\",\"url\":\"https:\/\/kulturonline.tv\/wp-content\/uploads\/2022\/06\/Schreibwettbewerb-zu-juedischem-Leben-edited.png\",\"contentUrl\":\"https:\/\/kulturonline.tv\/wp-content\/uploads\/2022\/06\/Schreibwettbewerb-zu-juedischem-Leben-edited.png\",\"width\":828,\"height\":466},{\"@type\":\"BreadcrumbList\",\"@id\":\"https:\/\/kulturonline.tv\/de\/grosse-beteiligung-an-schreibwettbewerb-zu-juedischem-leben\/#breadcrumb\",\"itemListElement\":[{\"@type\":\"ListItem\",\"position\":1,\"name\":\"Startseite\",\"item\":\"https:\/\/kulturonline.tv\/de\/\"},{\"@type\":\"ListItem\",\"position\":2,\"name\":\"Gro\u00dfe Beteiligung an Schreibwettbewerb zu j\u00fcdischem Leben\"}]},{\"@type\":\"WebSite\",\"@id\":\"https:\/\/kulturonline.tv\/de\/#website\",\"url\":\"https:\/\/kulturonline.tv\/de\/\",\"name\":\"Kultur Online TV &amp; FM\",\"description\":\"Wir sind Kultur 2.0 zum sehen &amp; h\u00f6ren\",\"publisher\":{\"@id\":\"https:\/\/kulturonline.tv\/de\/#organization\"},\"potentialAction\":[{\"@type\":\"SearchAction\",\"target\":{\"@type\":\"EntryPoint\",\"urlTemplate\":\"https:\/\/kulturonline.tv\/de\/?s={search_term_string}\"},\"query-input\":{\"@type\":\"PropertyValueSpecification\",\"valueRequired\":true,\"valueName\":\"search_term_string\"}}],\"inLanguage\":\"de\"},{\"@type\":\"Organization\",\"@id\":\"https:\/\/kulturonline.tv\/de\/#organization\",\"name\":\"Kultur Online TV\",\"url\":\"https:\/\/kulturonline.tv\/de\/\",\"logo\":{\"@type\":\"ImageObject\",\"inLanguage\":\"de\",\"@id\":\"https:\/\/kulturonline.tv\/de\/#\/schema\/logo\/image\/\",\"url\":\"https:\/\/kulturonline.tv\/wp-content\/uploads\/2021\/08\/Kultur-Online-Tv-Logo-Endversion-neu.png\",\"contentUrl\":\"https:\/\/kulturonline.tv\/wp-content\/uploads\/2021\/08\/Kultur-Online-Tv-Logo-Endversion-neu.png\",\"width\":200,\"height\":200,\"caption\":\"Kultur Online TV\"},\"image\":{\"@id\":\"https:\/\/kulturonline.tv\/de\/#\/schema\/logo\/image\/\"},\"sameAs\":[\"https:\/\/www.facebook.com\/kulturonline.tv\",\"https:\/\/www.instagram.com\/kulturonline.tv\"]},{\"@type\":\"Person\",\"@id\":\"https:\/\/kulturonline.tv\/de\/#\/schema\/person\/b0fac729bb9a0c193fb1df23449df4fe\",\"name\":\"guenter.wolfgang\"}]}<\/script>\n<!-- \/ Yoast SEO plugin. -->","yoast_head_json":{"title":"Gro\u00dfe Beteiligung an Schreibwettbewerb zu j\u00fcdischem Leben - Kultur Online TV &amp; FM","description":"F\u00fcr die Auszeichnungen stehen Preisgelder in H\u00f6he von insgesamt 12.500 Euro zur Verf\u00fcgung.","robots":{"index":"index","follow":"follow","max-snippet":"max-snippet:-1","max-image-preview":"max-image-preview:large","max-video-preview":"max-video-preview:-1"},"canonical":"https:\/\/kulturonline.tv\/de\/grosse-beteiligung-an-schreibwettbewerb-zu-juedischem-leben\/","og_locale":"de_DE","og_type":"article","og_title":"Gro\u00dfe Beteiligung an Schreibwettbewerb zu j\u00fcdischem Leben - Kultur Online TV &amp; FM","og_description":"F\u00fcr die Auszeichnungen stehen Preisgelder in H\u00f6he von insgesamt 12.500 Euro zur Verf\u00fcgung.","og_url":"https:\/\/kulturonline.tv\/de\/grosse-beteiligung-an-schreibwettbewerb-zu-juedischem-leben\/","og_site_name":"Kultur Online TV &amp; FM","article_publisher":"https:\/\/www.facebook.com\/kulturonline.tv","article_published_time":"2022-06-09T20:20:17+00:00","article_modified_time":"2022-06-09T20:20:18+00:00","og_image":[{"width":828,"height":466,"url":"https:\/\/kulturonline.tv\/wp-content\/uploads\/2022\/06\/Schreibwettbewerb-zu-juedischem-Leben-edited.png","type":"image\/png"}],"author":"guenter.wolfgang","twitter_card":"summary_large_image","twitter_misc":{"Verfasst von":"guenter.wolfgang","Gesch\u00e4tzte Lesezeit":"1\u00a0Minute"},"schema":{"@context":"https:\/\/schema.org","@graph":[{"@type":"Article","@id":"https:\/\/kulturonline.tv\/de\/grosse-beteiligung-an-schreibwettbewerb-zu-juedischem-leben\/#article","isPartOf":{"@id":"https:\/\/kulturonline.tv\/de\/grosse-beteiligung-an-schreibwettbewerb-zu-juedischem-leben\/"},"author":{"name":"guenter.wolfgang","@id":"https:\/\/kulturonline.tv\/de\/#\/schema\/person\/b0fac729bb9a0c193fb1df23449df4fe"},"headline":"Gro\u00dfe Beteiligung an Schreibwettbewerb zu j\u00fcdischem Leben","datePublished":"2022-06-09T20:20:17+00:00","dateModified":"2022-06-09T20:20:18+00:00","mainEntityOfPage":{"@id":"https:\/\/kulturonline.tv\/de\/grosse-beteiligung-an-schreibwettbewerb-zu-juedischem-leben\/"},"wordCount":121,"publisher":{"@id":"https:\/\/kulturonline.tv\/de\/#organization"},"image":{"@id":"https:\/\/kulturonline.tv\/de\/grosse-beteiligung-an-schreibwettbewerb-zu-juedischem-leben\/#primaryimage"},"thumbnailUrl":"https:\/\/kulturonline.tv\/wp-content\/uploads\/2022\/06\/Schreibwettbewerb-zu-juedischem-Leben-edited.png","articleSection":["Literatur"],"inLanguage":"de"},{"@type":"WebPage","@id":"https:\/\/kulturonline.tv\/de\/grosse-beteiligung-an-schreibwettbewerb-zu-juedischem-leben\/","url":"https:\/\/kulturonline.tv\/de\/grosse-beteiligung-an-schreibwettbewerb-zu-juedischem-leben\/","name":"Gro\u00dfe Beteiligung an Schreibwettbewerb zu j\u00fcdischem Leben - Kultur Online TV &amp; FM","isPartOf":{"@id":"https:\/\/kulturonline.tv\/de\/#website"},"primaryImageOfPage":{"@id":"https:\/\/kulturonline.tv\/de\/grosse-beteiligung-an-schreibwettbewerb-zu-juedischem-leben\/#primaryimage"},"image":{"@id":"https:\/\/kulturonline.tv\/de\/grosse-beteiligung-an-schreibwettbewerb-zu-juedischem-leben\/#primaryimage"},"thumbnailUrl":"https:\/\/kulturonline.tv\/wp-content\/uploads\/2022\/06\/Schreibwettbewerb-zu-juedischem-Leben-edited.png","datePublished":"2022-06-09T20:20:17+00:00","dateModified":"2022-06-09T20:20:18+00:00","description":"F\u00fcr die Auszeichnungen stehen Preisgelder in H\u00f6he von insgesamt 12.500 Euro zur Verf\u00fcgung.","breadcrumb":{"@id":"https:\/\/kulturonline.tv\/de\/grosse-beteiligung-an-schreibwettbewerb-zu-juedischem-leben\/#breadcrumb"},"inLanguage":"de","potentialAction":[{"@type":"ReadAction","target":["https:\/\/kulturonline.tv\/de\/grosse-beteiligung-an-schreibwettbewerb-zu-juedischem-leben\/"]}]},{"@type":"ImageObject","inLanguage":"de","@id":"https:\/\/kulturonline.tv\/de\/grosse-beteiligung-an-schreibwettbewerb-zu-juedischem-leben\/#primaryimage","url":"https:\/\/kulturonline.tv\/wp-content\/uploads\/2022\/06\/Schreibwettbewerb-zu-juedischem-Leben-edited.png","contentUrl":"https:\/\/kulturonline.tv\/wp-content\/uploads\/2022\/06\/Schreibwettbewerb-zu-juedischem-Leben-edited.png","width":828,"height":466},{"@type":"BreadcrumbList","@id":"https:\/\/kulturonline.tv\/de\/grosse-beteiligung-an-schreibwettbewerb-zu-juedischem-leben\/#breadcrumb","itemListElement":[{"@type":"ListItem","position":1,"name":"Startseite","item":"https:\/\/kulturonline.tv\/de\/"},{"@type":"ListItem","position":2,"name":"Gro\u00dfe Beteiligung an Schreibwettbewerb zu j\u00fcdischem Leben"}]},{"@type":"WebSite","@id":"https:\/\/kulturonline.tv\/de\/#website","url":"https:\/\/kulturonline.tv\/de\/","name":"Kultur Online TV &amp; FM","description":"Wir sind Kultur 2.0 zum sehen &amp; h\u00f6ren","publisher":{"@id":"https:\/\/kulturonline.tv\/de\/#organization"},"potentialAction":[{"@type":"SearchAction","target":{"@type":"EntryPoint","urlTemplate":"https:\/\/kulturonline.tv\/de\/?s={search_term_string}"},"query-input":{"@type":"PropertyValueSpecification","valueRequired":true,"valueName":"search_term_string"}}],"inLanguage":"de"},{"@type":"Organization","@id":"https:\/\/kulturonline.tv\/de\/#organization","name":"Kultur Online TV","url":"https:\/\/kulturonline.tv\/de\/","logo":{"@type":"ImageObject","inLanguage":"de","@id":"https:\/\/kulturonline.tv\/de\/#\/schema\/logo\/image\/","url":"https:\/\/kulturonline.tv\/wp-content\/uploads\/2021\/08\/Kultur-Online-Tv-Logo-Endversion-neu.png","contentUrl":"https:\/\/kulturonline.tv\/wp-content\/uploads\/2021\/08\/Kultur-Online-Tv-Logo-Endversion-neu.png","width":200,"height":200,"caption":"Kultur Online TV"},"image":{"@id":"https:\/\/kulturonline.tv\/de\/#\/schema\/logo\/image\/"},"sameAs":["https:\/\/www.facebook.com\/kulturonline.tv","https:\/\/www.instagram.com\/kulturonline.tv"]},{"@type":"Person","@id":"https:\/\/kulturonline.tv\/de\/#\/schema\/person\/b0fac729bb9a0c193fb1df23449df4fe","name":"guenter.wolfgang"}]}},"_links":{"self":[{"href":"https:\/\/kulturonline.tv\/de\/wp-json\/wp\/v2\/posts\/29912","targetHints":{"allow":["GET"]}}],"collection":[{"href":"https:\/\/kulturonline.tv\/de\/wp-json\/wp\/v2\/posts"}],"about":[{"href":"https:\/\/kulturonline.tv\/de\/wp-json\/wp\/v2\/types\/post"}],"author":[{"embeddable":true,"href":"https:\/\/kulturonline.tv\/de\/wp-json\/wp\/v2\/users\/2"}],"replies":[{"embeddable":true,"href":"https:\/\/kulturonline.tv\/de\/wp-json\/wp\/v2\/comments?post=29912"}],"version-history":[{"count":0,"href":"https:\/\/kulturonline.tv\/de\/wp-json\/wp\/v2\/posts\/29912\/revisions"}],"wp:featuredmedia":[{"embeddable":true,"href":"https:\/\/kulturonline.tv\/de\/wp-json\/wp\/v2\/media\/29917"}],"wp:attachment":[{"href":"https:\/\/kulturonline.tv\/de\/wp-json\/wp\/v2\/media?parent=29912"}],"wp:term":[{"taxonomy":"category","embeddable":true,"href":"https:\/\/kulturonline.tv\/de\/wp-json\/wp\/v2\/categories?post=29912"},{"taxonomy":"post_tag","embeddable":true,"href":"https:\/\/kulturonline.tv\/de\/wp-json\/wp\/v2\/tags?post=29912"}],"curies":[{"name":"wp","href":"https:\/\/api.w.org\/{rel}","templated":true}]}}