{"id":29926,"date":"2022-06-09T22:30:41","date_gmt":"2022-06-09T20:30:41","guid":{"rendered":"https:\/\/kulturonline.tv\/?p=29926"},"modified":"2022-06-09T22:30:42","modified_gmt":"2022-06-09T20:30:42","slug":"neues-juedisches-musikfestival-in-koeln","status":"publish","type":"post","link":"https:\/\/kulturonline.tv\/de\/neues-juedisches-musikfestival-in-koeln\/","title":{"rendered":"Neues j\u00fcdisches Musikfestival in K\u00f6ln"},"content":{"rendered":"\n<p>Ein neues Festival f\u00fcr j\u00fcdische Musik findet im August erstmals in K\u00f6ln statt.<\/p>\n\n\n\n<figure class=\"wp-block-image size-full is-resized\"><img decoding=\"async\" src=\"https:\/\/kulturonline.tv\/wp-content\/uploads\/2022\/06\/Neues-juedisches-Musikfestival-in-Koeln-Kultur-Online-TV-edited.jpg\" alt=\"\" class=\"wp-image-29929\" width=\"838\" srcset=\"https:\/\/kulturonline.tv\/wp-content\/uploads\/2022\/06\/Neues-juedisches-Musikfestival-in-Koeln-Kultur-Online-TV-edited.jpg 533w, https:\/\/kulturonline.tv\/wp-content\/uploads\/2022\/06\/Neues-juedisches-Musikfestival-in-Koeln-Kultur-Online-TV-edited-416x234.jpg 416w\" sizes=\"(max-width: 533px) 100vw, 533px\" \/><\/figure>\n\n\n\n<p>Unter dem Titel &#8222;Shalom-Musik.Koeln&#8220; sind vom 4. bis 11. August unter anderem Auftritte des Trompeters Avishai Cohen, der Pianistin Elena Bashkirova und der S\u00e4ngerin Sharon Brauner geplant.<\/p>\n\n\n\n<p>Wie die Veranstalter am Donnerstag mitteilten, stehen insgesamt mehr als 50 Konzerte bei gr\u00f6\u00dftenteils freiem Eintritt auf dem Programm. Das Motto f\u00fcr die Festivalpremiere lautet &#8222;Zuversicht&#8220;. Ziel sei es, j\u00fcdische Musikkultur auch nach dem Festjahr &#8222;1.700 Jahre j\u00fcdisches Leben in Deutschland&#8220; weiter sicht- und h\u00f6rbar zu machen.<\/p>\n\n\n\n<p>Kultur Online TV<\/p>\n\n\n\n<p>#news #kultur <\/p>\n","protected":false},"excerpt":{"rendered":"<p>Ein neues Festival f\u00fcr j\u00fcdische Musik findet im August erstmals in K\u00f6ln statt. Unter dem Titel &#8222;Shalom-Musik.Koeln&#8220; sind vom 4. bis 11. August unter anderem Auftritte des Trompeters Avishai Cohen, der Pianistin Elena Bashkirova und der S\u00e4ngerin Sharon Brauner geplant. Wie die Veranstalter am Donnerstag mitteilten, stehen insgesamt mehr als 50 Konzerte bei gr\u00f6\u00dftenteils freiem [&hellip;]<\/p>\n","protected":false},"author":2,"featured_media":29929,"comment_status":"closed","ping_status":"closed","sticky":false,"template":"","format":"standard","meta":{"_acf_changed":false,"footnotes":""},"categories":[3],"tags":[],"class_list":["post-29926","post","type-post","status-publish","format-standard","has-post-thumbnail","hentry","category-newsflash"],"acf":[],"yoast_head":"<!-- This site is optimized with the Yoast SEO plugin v26.1.1 - https:\/\/yoast.com\/wordpress\/plugins\/seo\/ -->\n<title>Neues j\u00fcdisches Musikfestival in K\u00f6ln - Kultur Online TV &amp; FM<\/title>\n<meta name=\"description\" content=\"Unter dem Titel &quot;Shalom-Musik.Koeln&quot; sind vom 4. bis 11. August unter anderem Auftritte des Trompeters Avishai Cohen, der Pianistin Elena Bashkirova und der S\u00e4ngerin Sharon Brauner geplant.\" \/>\n<meta name=\"robots\" content=\"index, follow, max-snippet:-1, max-image-preview:large, max-video-preview:-1\" \/>\n<link rel=\"canonical\" href=\"https:\/\/kulturonline.tv\/de\/neues-juedisches-musikfestival-in-koeln\/\" \/>\n<meta property=\"og:locale\" content=\"de_DE\" \/>\n<meta property=\"og:type\" content=\"article\" \/>\n<meta property=\"og:title\" content=\"Neues j\u00fcdisches Musikfestival in K\u00f6ln - Kultur Online TV &amp; FM\" \/>\n<meta property=\"og:description\" content=\"Unter dem Titel &quot;Shalom-Musik.Koeln&quot; sind vom 4. bis 11. August unter anderem Auftritte des Trompeters Avishai Cohen, der Pianistin Elena Bashkirova und der S\u00e4ngerin Sharon Brauner geplant.\" \/>\n<meta property=\"og:url\" content=\"https:\/\/kulturonline.tv\/de\/neues-juedisches-musikfestival-in-koeln\/\" \/>\n<meta property=\"og:site_name\" content=\"Kultur Online TV &amp; FM\" \/>\n<meta property=\"article:publisher\" content=\"https:\/\/www.facebook.com\/kulturonline.tv\" \/>\n<meta property=\"article:published_time\" content=\"2022-06-09T20:30:41+00:00\" \/>\n<meta property=\"article:modified_time\" content=\"2022-06-09T20:30:42+00:00\" \/>\n<meta property=\"og:image\" content=\"https:\/\/kulturonline.tv\/wp-content\/uploads\/2022\/06\/Neues-juedisches-Musikfestival-in-Koeln-Kultur-Online-TV-edited.jpg\" \/>\n\t<meta property=\"og:image:width\" content=\"533\" \/>\n\t<meta property=\"og:image:height\" content=\"300\" \/>\n\t<meta property=\"og:image:type\" content=\"image\/jpeg\" \/>\n<meta name=\"author\" content=\"guenter.wolfgang\" \/>\n<meta name=\"twitter:card\" content=\"summary_large_image\" \/>\n<meta name=\"twitter:label1\" content=\"Verfasst von\" \/>\n\t<meta name=\"twitter:data1\" content=\"guenter.wolfgang\" \/>\n\t<meta name=\"twitter:label2\" content=\"Gesch\u00e4tzte Lesezeit\" \/>\n\t<meta name=\"twitter:data2\" content=\"1\u00a0Minute\" \/>\n<script type=\"application\/ld+json\" class=\"yoast-schema-graph\">{\"@context\":\"https:\/\/schema.org\",\"@graph\":[{\"@type\":\"Article\",\"@id\":\"https:\/\/kulturonline.tv\/de\/neues-juedisches-musikfestival-in-koeln\/#article\",\"isPartOf\":{\"@id\":\"https:\/\/kulturonline.tv\/de\/neues-juedisches-musikfestival-in-koeln\/\"},\"author\":{\"name\":\"guenter.wolfgang\",\"@id\":\"https:\/\/kulturonline.tv\/de\/#\/schema\/person\/b0fac729bb9a0c193fb1df23449df4fe\"},\"headline\":\"Neues j\u00fcdisches Musikfestival in K\u00f6ln\",\"datePublished\":\"2022-06-09T20:30:41+00:00\",\"dateModified\":\"2022-06-09T20:30:42+00:00\",\"mainEntityOfPage\":{\"@id\":\"https:\/\/kulturonline.tv\/de\/neues-juedisches-musikfestival-in-koeln\/\"},\"wordCount\":105,\"publisher\":{\"@id\":\"https:\/\/kulturonline.tv\/de\/#organization\"},\"image\":{\"@id\":\"https:\/\/kulturonline.tv\/de\/neues-juedisches-musikfestival-in-koeln\/#primaryimage\"},\"thumbnailUrl\":\"https:\/\/kulturonline.tv\/wp-content\/uploads\/2022\/06\/Neues-juedisches-Musikfestival-in-Koeln-Kultur-Online-TV-edited.jpg\",\"articleSection\":[\"Newsflash\"],\"inLanguage\":\"de\"},{\"@type\":\"WebPage\",\"@id\":\"https:\/\/kulturonline.tv\/de\/neues-juedisches-musikfestival-in-koeln\/\",\"url\":\"https:\/\/kulturonline.tv\/de\/neues-juedisches-musikfestival-in-koeln\/\",\"name\":\"Neues j\u00fcdisches Musikfestival in K\u00f6ln - Kultur Online TV &amp; FM\",\"isPartOf\":{\"@id\":\"https:\/\/kulturonline.tv\/de\/#website\"},\"primaryImageOfPage\":{\"@id\":\"https:\/\/kulturonline.tv\/de\/neues-juedisches-musikfestival-in-koeln\/#primaryimage\"},\"image\":{\"@id\":\"https:\/\/kulturonline.tv\/de\/neues-juedisches-musikfestival-in-koeln\/#primaryimage\"},\"thumbnailUrl\":\"https:\/\/kulturonline.tv\/wp-content\/uploads\/2022\/06\/Neues-juedisches-Musikfestival-in-Koeln-Kultur-Online-TV-edited.jpg\",\"datePublished\":\"2022-06-09T20:30:41+00:00\",\"dateModified\":\"2022-06-09T20:30:42+00:00\",\"description\":\"Unter dem Titel \\\"Shalom-Musik.Koeln\\\" sind vom 4. bis 11. August unter anderem Auftritte des Trompeters Avishai Cohen, der Pianistin Elena Bashkirova und der S\u00e4ngerin Sharon Brauner geplant.\",\"breadcrumb\":{\"@id\":\"https:\/\/kulturonline.tv\/de\/neues-juedisches-musikfestival-in-koeln\/#breadcrumb\"},\"inLanguage\":\"de\",\"potentialAction\":[{\"@type\":\"ReadAction\",\"target\":[\"https:\/\/kulturonline.tv\/de\/neues-juedisches-musikfestival-in-koeln\/\"]}]},{\"@type\":\"ImageObject\",\"inLanguage\":\"de\",\"@id\":\"https:\/\/kulturonline.tv\/de\/neues-juedisches-musikfestival-in-koeln\/#primaryimage\",\"url\":\"https:\/\/kulturonline.tv\/wp-content\/uploads\/2022\/06\/Neues-juedisches-Musikfestival-in-Koeln-Kultur-Online-TV-edited.jpg\",\"contentUrl\":\"https:\/\/kulturonline.tv\/wp-content\/uploads\/2022\/06\/Neues-juedisches-Musikfestival-in-Koeln-Kultur-Online-TV-edited.jpg\",\"width\":533,\"height\":300},{\"@type\":\"BreadcrumbList\",\"@id\":\"https:\/\/kulturonline.tv\/de\/neues-juedisches-musikfestival-in-koeln\/#breadcrumb\",\"itemListElement\":[{\"@type\":\"ListItem\",\"position\":1,\"name\":\"Startseite\",\"item\":\"https:\/\/kulturonline.tv\/de\/\"},{\"@type\":\"ListItem\",\"position\":2,\"name\":\"Neues j\u00fcdisches Musikfestival in K\u00f6ln\"}]},{\"@type\":\"WebSite\",\"@id\":\"https:\/\/kulturonline.tv\/de\/#website\",\"url\":\"https:\/\/kulturonline.tv\/de\/\",\"name\":\"Kultur Online TV &amp; FM\",\"description\":\"Wir sind Kultur 2.0 zum sehen &amp; h\u00f6ren\",\"publisher\":{\"@id\":\"https:\/\/kulturonline.tv\/de\/#organization\"},\"potentialAction\":[{\"@type\":\"SearchAction\",\"target\":{\"@type\":\"EntryPoint\",\"urlTemplate\":\"https:\/\/kulturonline.tv\/de\/?s={search_term_string}\"},\"query-input\":{\"@type\":\"PropertyValueSpecification\",\"valueRequired\":true,\"valueName\":\"search_term_string\"}}],\"inLanguage\":\"de\"},{\"@type\":\"Organization\",\"@id\":\"https:\/\/kulturonline.tv\/de\/#organization\",\"name\":\"Kultur Online TV\",\"url\":\"https:\/\/kulturonline.tv\/de\/\",\"logo\":{\"@type\":\"ImageObject\",\"inLanguage\":\"de\",\"@id\":\"https:\/\/kulturonline.tv\/de\/#\/schema\/logo\/image\/\",\"url\":\"https:\/\/kulturonline.tv\/wp-content\/uploads\/2021\/08\/Kultur-Online-Tv-Logo-Endversion-neu.png\",\"contentUrl\":\"https:\/\/kulturonline.tv\/wp-content\/uploads\/2021\/08\/Kultur-Online-Tv-Logo-Endversion-neu.png\",\"width\":200,\"height\":200,\"caption\":\"Kultur Online TV\"},\"image\":{\"@id\":\"https:\/\/kulturonline.tv\/de\/#\/schema\/logo\/image\/\"},\"sameAs\":[\"https:\/\/www.facebook.com\/kulturonline.tv\",\"https:\/\/www.instagram.com\/kulturonline.tv\"]},{\"@type\":\"Person\",\"@id\":\"https:\/\/kulturonline.tv\/de\/#\/schema\/person\/b0fac729bb9a0c193fb1df23449df4fe\",\"name\":\"guenter.wolfgang\"}]}<\/script>\n<!-- \/ Yoast SEO plugin. -->","yoast_head_json":{"title":"Neues j\u00fcdisches Musikfestival in K\u00f6ln - Kultur Online TV &amp; FM","description":"Unter dem Titel \"Shalom-Musik.Koeln\" sind vom 4. bis 11. August unter anderem Auftritte des Trompeters Avishai Cohen, der Pianistin Elena Bashkirova und der S\u00e4ngerin Sharon Brauner geplant.","robots":{"index":"index","follow":"follow","max-snippet":"max-snippet:-1","max-image-preview":"max-image-preview:large","max-video-preview":"max-video-preview:-1"},"canonical":"https:\/\/kulturonline.tv\/de\/neues-juedisches-musikfestival-in-koeln\/","og_locale":"de_DE","og_type":"article","og_title":"Neues j\u00fcdisches Musikfestival in K\u00f6ln - Kultur Online TV &amp; FM","og_description":"Unter dem Titel \"Shalom-Musik.Koeln\" sind vom 4. bis 11. August unter anderem Auftritte des Trompeters Avishai Cohen, der Pianistin Elena Bashkirova und der S\u00e4ngerin Sharon Brauner geplant.","og_url":"https:\/\/kulturonline.tv\/de\/neues-juedisches-musikfestival-in-koeln\/","og_site_name":"Kultur Online TV &amp; FM","article_publisher":"https:\/\/www.facebook.com\/kulturonline.tv","article_published_time":"2022-06-09T20:30:41+00:00","article_modified_time":"2022-06-09T20:30:42+00:00","og_image":[{"width":533,"height":300,"url":"https:\/\/kulturonline.tv\/wp-content\/uploads\/2022\/06\/Neues-juedisches-Musikfestival-in-Koeln-Kultur-Online-TV-edited.jpg","type":"image\/jpeg"}],"author":"guenter.wolfgang","twitter_card":"summary_large_image","twitter_misc":{"Verfasst von":"guenter.wolfgang","Gesch\u00e4tzte Lesezeit":"1\u00a0Minute"},"schema":{"@context":"https:\/\/schema.org","@graph":[{"@type":"Article","@id":"https:\/\/kulturonline.tv\/de\/neues-juedisches-musikfestival-in-koeln\/#article","isPartOf":{"@id":"https:\/\/kulturonline.tv\/de\/neues-juedisches-musikfestival-in-koeln\/"},"author":{"name":"guenter.wolfgang","@id":"https:\/\/kulturonline.tv\/de\/#\/schema\/person\/b0fac729bb9a0c193fb1df23449df4fe"},"headline":"Neues j\u00fcdisches Musikfestival in K\u00f6ln","datePublished":"2022-06-09T20:30:41+00:00","dateModified":"2022-06-09T20:30:42+00:00","mainEntityOfPage":{"@id":"https:\/\/kulturonline.tv\/de\/neues-juedisches-musikfestival-in-koeln\/"},"wordCount":105,"publisher":{"@id":"https:\/\/kulturonline.tv\/de\/#organization"},"image":{"@id":"https:\/\/kulturonline.tv\/de\/neues-juedisches-musikfestival-in-koeln\/#primaryimage"},"thumbnailUrl":"https:\/\/kulturonline.tv\/wp-content\/uploads\/2022\/06\/Neues-juedisches-Musikfestival-in-Koeln-Kultur-Online-TV-edited.jpg","articleSection":["Newsflash"],"inLanguage":"de"},{"@type":"WebPage","@id":"https:\/\/kulturonline.tv\/de\/neues-juedisches-musikfestival-in-koeln\/","url":"https:\/\/kulturonline.tv\/de\/neues-juedisches-musikfestival-in-koeln\/","name":"Neues j\u00fcdisches Musikfestival in K\u00f6ln - Kultur Online TV &amp; FM","isPartOf":{"@id":"https:\/\/kulturonline.tv\/de\/#website"},"primaryImageOfPage":{"@id":"https:\/\/kulturonline.tv\/de\/neues-juedisches-musikfestival-in-koeln\/#primaryimage"},"image":{"@id":"https:\/\/kulturonline.tv\/de\/neues-juedisches-musikfestival-in-koeln\/#primaryimage"},"thumbnailUrl":"https:\/\/kulturonline.tv\/wp-content\/uploads\/2022\/06\/Neues-juedisches-Musikfestival-in-Koeln-Kultur-Online-TV-edited.jpg","datePublished":"2022-06-09T20:30:41+00:00","dateModified":"2022-06-09T20:30:42+00:00","description":"Unter dem Titel \"Shalom-Musik.Koeln\" sind vom 4. bis 11. August unter anderem Auftritte des Trompeters Avishai Cohen, der Pianistin Elena Bashkirova und der S\u00e4ngerin Sharon Brauner geplant.","breadcrumb":{"@id":"https:\/\/kulturonline.tv\/de\/neues-juedisches-musikfestival-in-koeln\/#breadcrumb"},"inLanguage":"de","potentialAction":[{"@type":"ReadAction","target":["https:\/\/kulturonline.tv\/de\/neues-juedisches-musikfestival-in-koeln\/"]}]},{"@type":"ImageObject","inLanguage":"de","@id":"https:\/\/kulturonline.tv\/de\/neues-juedisches-musikfestival-in-koeln\/#primaryimage","url":"https:\/\/kulturonline.tv\/wp-content\/uploads\/2022\/06\/Neues-juedisches-Musikfestival-in-Koeln-Kultur-Online-TV-edited.jpg","contentUrl":"https:\/\/kulturonline.tv\/wp-content\/uploads\/2022\/06\/Neues-juedisches-Musikfestival-in-Koeln-Kultur-Online-TV-edited.jpg","width":533,"height":300},{"@type":"BreadcrumbList","@id":"https:\/\/kulturonline.tv\/de\/neues-juedisches-musikfestival-in-koeln\/#breadcrumb","itemListElement":[{"@type":"ListItem","position":1,"name":"Startseite","item":"https:\/\/kulturonline.tv\/de\/"},{"@type":"ListItem","position":2,"name":"Neues j\u00fcdisches Musikfestival in K\u00f6ln"}]},{"@type":"WebSite","@id":"https:\/\/kulturonline.tv\/de\/#website","url":"https:\/\/kulturonline.tv\/de\/","name":"Kultur Online TV &amp; FM","description":"Wir sind Kultur 2.0 zum sehen &amp; h\u00f6ren","publisher":{"@id":"https:\/\/kulturonline.tv\/de\/#organization"},"potentialAction":[{"@type":"SearchAction","target":{"@type":"EntryPoint","urlTemplate":"https:\/\/kulturonline.tv\/de\/?s={search_term_string}"},"query-input":{"@type":"PropertyValueSpecification","valueRequired":true,"valueName":"search_term_string"}}],"inLanguage":"de"},{"@type":"Organization","@id":"https:\/\/kulturonline.tv\/de\/#organization","name":"Kultur Online TV","url":"https:\/\/kulturonline.tv\/de\/","logo":{"@type":"ImageObject","inLanguage":"de","@id":"https:\/\/kulturonline.tv\/de\/#\/schema\/logo\/image\/","url":"https:\/\/kulturonline.tv\/wp-content\/uploads\/2021\/08\/Kultur-Online-Tv-Logo-Endversion-neu.png","contentUrl":"https:\/\/kulturonline.tv\/wp-content\/uploads\/2021\/08\/Kultur-Online-Tv-Logo-Endversion-neu.png","width":200,"height":200,"caption":"Kultur Online TV"},"image":{"@id":"https:\/\/kulturonline.tv\/de\/#\/schema\/logo\/image\/"},"sameAs":["https:\/\/www.facebook.com\/kulturonline.tv","https:\/\/www.instagram.com\/kulturonline.tv"]},{"@type":"Person","@id":"https:\/\/kulturonline.tv\/de\/#\/schema\/person\/b0fac729bb9a0c193fb1df23449df4fe","name":"guenter.wolfgang"}]}},"_links":{"self":[{"href":"https:\/\/kulturonline.tv\/de\/wp-json\/wp\/v2\/posts\/29926","targetHints":{"allow":["GET"]}}],"collection":[{"href":"https:\/\/kulturonline.tv\/de\/wp-json\/wp\/v2\/posts"}],"about":[{"href":"https:\/\/kulturonline.tv\/de\/wp-json\/wp\/v2\/types\/post"}],"author":[{"embeddable":true,"href":"https:\/\/kulturonline.tv\/de\/wp-json\/wp\/v2\/users\/2"}],"replies":[{"embeddable":true,"href":"https:\/\/kulturonline.tv\/de\/wp-json\/wp\/v2\/comments?post=29926"}],"version-history":[{"count":0,"href":"https:\/\/kulturonline.tv\/de\/wp-json\/wp\/v2\/posts\/29926\/revisions"}],"wp:featuredmedia":[{"embeddable":true,"href":"https:\/\/kulturonline.tv\/de\/wp-json\/wp\/v2\/media\/29929"}],"wp:attachment":[{"href":"https:\/\/kulturonline.tv\/de\/wp-json\/wp\/v2\/media?parent=29926"}],"wp:term":[{"taxonomy":"category","embeddable":true,"href":"https:\/\/kulturonline.tv\/de\/wp-json\/wp\/v2\/categories?post=29926"},{"taxonomy":"post_tag","embeddable":true,"href":"https:\/\/kulturonline.tv\/de\/wp-json\/wp\/v2\/tags?post=29926"}],"curies":[{"name":"wp","href":"https:\/\/api.w.org\/{rel}","templated":true}]}}