{"id":30071,"date":"2022-06-16T16:49:01","date_gmt":"2022-06-16T14:49:01","guid":{"rendered":"https:\/\/kulturonline.tv\/?p=30071"},"modified":"2022-06-17T11:11:41","modified_gmt":"2022-06-17T09:11:41","slug":"eroeffnung-der-installation-von-clemens-behr-auf-dem-areal-des-ehemaligen-busbahnhofs-olympiazentrum","status":"publish","type":"post","link":"https:\/\/kulturonline.tv\/de\/eroeffnung-der-installation-von-clemens-behr-auf-dem-areal-des-ehemaligen-busbahnhofs-olympiazentrum\/","title":{"rendered":"Er\u00f6ffnung der Installation von Clemens Behr auf dem Areal des ehemaligen Busbahnhofs Olympiazentrum"},"content":{"rendered":"\n<p>Am 24.6.22 von 10:00 &#8211; 12:00 ist es soweit und die Installation von Clemens Behr auf dem Areal des ehemaligen Busbahnhofs Olympiazentrum wird er\u00f6ffnet!<\/p>\n\n\n\n<figure class=\"wp-block-image size-full is-resized\"><img decoding=\"async\" src=\"https:\/\/kulturonline.tv\/wp-content\/uploads\/2022\/06\/kultur-online-tv-4-edited.jpg\" alt=\"\" class=\"wp-image-30074\" width=\"837\" srcset=\"https:\/\/kulturonline.tv\/wp-content\/uploads\/2022\/06\/kultur-online-tv-4-edited.jpg 585w, https:\/\/kulturonline.tv\/wp-content\/uploads\/2022\/06\/kultur-online-tv-4-edited-416x234.jpg 416w\" sizes=\"(max-width: 585px) 100vw, 585px\" \/><\/figure>\n\n\n\n<p>Clemens Behr Installation auf ehemaligen Olympiazentrum Busbahnhof wird er\u00f6ffnet!<\/p>\n\n\n\n<p>Der Berliner Installationsk\u00fcnstler Clemens Behr arbeitet virtuos mit Baumaterialien, die er zu collagenartigen Installationen verarbeitet.<\/p>\n\n\n\n<p>Seine gro\u00dfformatigen Installationen beeindrucken durch die Mischung an Materialien und ihre architektonische Verschmelzung mit der Umgebung. Gerade diese Bezugnahme zur direkten Umgebung ist es, die ihn als K\u00fcnstler auszeichnet, und sich auch in der Installation auf dem Gel\u00e4nde des ehemaligen Busbahnhofs im Olympiapark wiederfindet, die Clemens Behr zusammen mit dem Museum of Urban and Contemporary Art (MUCA) auf dem Areal zeigt. Tr\u00e4ger des Projektes sind die Stadtwerke M\u00fcnchen GmbH.<\/p>\n\n\n\n<p>Als Inspiration f\u00fcr Clemens Behrs Konzept dient zun\u00e4chst die Architektur des Busbahnhofs. Gro\u00dfe Paneele der Dachkonstruktionen stellen zusammen mit den gr\u00e4ulichen St\u00fctzen eine fragmentierte Version dieser dar. Auf den ersten Blick ist es nicht klar, ob sich diese Objekte gerade im Auf- oder im Abbau befinden. Die Installation bezieht sich somit auf eine \u00dcbergangsphase und greift das helle Band der Attika auf.<\/p>\n\n\n\n<p>Die einzelnen Formen f\u00fcgen sich beim Begehen des Areals visuell ineinander, sodass jeder Blickwinkel eine neue Perspektive auf die Installation und auf den sich im Wandel befindenden Busbahnhof erm\u00f6glicht. Das F\u00fcgen und L\u00f6sen einzelner Elemente zeigt hierbei nochmal deutlich den Umbruch auf. Farblich bedient sich der K\u00fcnstler einer begrenzten Palette, die sich an den Farben der Umgebung orientiert.<\/p>\n\n\n\n<p>Als visuelles Statement wird die Installation BesucherInnen im Olympiapark empfangen und Ihnen eine neue Perspektive, auf das vor 50 Jahren errichtete Areal vermitteln.<\/p>\n\n\n\n<p>Am 24.6. laden wir Sie herzlich zur Er\u00f6ffnung der Installation ein. An diesem Tag wird das Areal zum ersten Mal zug\u00e4nglich sein.<\/p>\n\n\n\n<p>F\u00fcr Essen und Getr\u00e4nke ist gesorgt, der K\u00fcnstler wird anwesend sein &amp; wir freuen uns Sie vor Ort anzutreffen!<\/p>\n\n\n\n<p>F\u00fcr weitere kostenlose F\u00fchrungen k\u00f6nnen Sie unter&nbsp;https:\/\/www.muca.eu\/indoor\/vorschau\/installation-olympia-busbahnhof\/&nbsp;mehr erfahren.<\/p>\n\n\n\n<p>Das MUCA Museum in M\u00fcnchen als Begegnungsst\u00e4tte f\u00fcr Urban und Contemporary Art besticht durch eine hochkar\u00e4tige Ausstellungsprogrammatik. Auf mehreren Kunsterlebnisebenen werden im MUCA nicht nur die Werke renommierter, international gefeierter K\u00fcnstler gezeigt, uns ist es ebenfalls ein Anliegen experimentellen Formaten und interessanten Positionen eine Plattform zu bieten.<\/p>\n\n\n\n<p>Das MUCA versteht sich nicht nur darin Urban Art in den zeitgen\u00f6ssischen Kunstdiskurs einzuf\u00fcgen und eine junge Kunstform zu musealisieren. Ein besonderes Augenmerk liegt auf der Kunstvermittlung. Die Ausstellungen werden durch ein umfangreiches Programm mit K\u00fcnstler- und Expertengespr\u00e4chen, Lesungen und F\u00fchrungen begleitet.<\/p>\n\n\n\n<p>Kultur Online TV \/ openPr<\/p>\n\n\n\n<p>#news #kunst #kultur<\/p>\n","protected":false},"excerpt":{"rendered":"<p>Am 24.6.22 von 10:00 &#8211; 12:00 ist es soweit und die Installation von Clemens Behr auf dem Areal des ehemaligen Busbahnhofs Olympiazentrum wird er\u00f6ffnet! Clemens Behr Installation auf ehemaligen Olympiazentrum Busbahnhof wird er\u00f6ffnet! Der Berliner Installationsk\u00fcnstler Clemens Behr arbeitet virtuos mit Baumaterialien, die er zu collagenartigen Installationen verarbeitet. Seine gro\u00dfformatigen Installationen beeindrucken durch die Mischung [&hellip;]<\/p>\n","protected":false},"author":2,"featured_media":30074,"comment_status":"closed","ping_status":"closed","sticky":false,"template":"","format":"standard","meta":{"_acf_changed":false,"footnotes":""},"categories":[281],"tags":[],"class_list":["post-30071","post","type-post","status-publish","format-standard","has-post-thumbnail","hentry","category-mixed"],"acf":[],"yoast_head":"<!-- This site is optimized with the Yoast SEO plugin v26.1.1 - https:\/\/yoast.com\/wordpress\/plugins\/seo\/ -->\n<title>Er\u00f6ffnung der Installation von Clemens Behr auf dem Areal des ehemaligen Busbahnhofs Olympiazentrum - Kultur Online TV &amp; FM<\/title>\n<meta name=\"description\" content=\"Am 24.6.22 von 10:00 - 12:00 ist es soweit und die Installation von Clemens Behr auf dem Areal des ehemaligen Busbahnhofs Olympiazentrum wird er\u00f6ffnet!\" \/>\n<meta name=\"robots\" content=\"index, follow, max-snippet:-1, max-image-preview:large, max-video-preview:-1\" \/>\n<link rel=\"canonical\" href=\"https:\/\/kulturonline.tv\/de\/eroeffnung-der-installation-von-clemens-behr-auf-dem-areal-des-ehemaligen-busbahnhofs-olympiazentrum\/\" \/>\n<meta property=\"og:locale\" content=\"de_DE\" \/>\n<meta property=\"og:type\" content=\"article\" \/>\n<meta property=\"og:title\" content=\"Er\u00f6ffnung der Installation von Clemens Behr auf dem Areal des ehemaligen Busbahnhofs Olympiazentrum - Kultur Online TV &amp; FM\" \/>\n<meta property=\"og:description\" content=\"Am 24.6.22 von 10:00 - 12:00 ist es soweit und die Installation von Clemens Behr auf dem Areal des ehemaligen Busbahnhofs Olympiazentrum wird er\u00f6ffnet!\" \/>\n<meta property=\"og:url\" content=\"https:\/\/kulturonline.tv\/de\/eroeffnung-der-installation-von-clemens-behr-auf-dem-areal-des-ehemaligen-busbahnhofs-olympiazentrum\/\" \/>\n<meta property=\"og:site_name\" content=\"Kultur Online TV &amp; FM\" \/>\n<meta property=\"article:publisher\" content=\"https:\/\/www.facebook.com\/kulturonline.tv\" \/>\n<meta property=\"article:published_time\" content=\"2022-06-16T14:49:01+00:00\" \/>\n<meta property=\"article:modified_time\" content=\"2022-06-17T09:11:41+00:00\" \/>\n<meta property=\"og:image\" content=\"https:\/\/kulturonline.tv\/wp-content\/uploads\/2022\/06\/kultur-online-tv-4-edited.jpg\" \/>\n\t<meta property=\"og:image:width\" content=\"585\" \/>\n\t<meta property=\"og:image:height\" content=\"329\" \/>\n\t<meta property=\"og:image:type\" content=\"image\/jpeg\" \/>\n<meta name=\"author\" content=\"guenter.wolfgang\" \/>\n<meta name=\"twitter:card\" content=\"summary_large_image\" \/>\n<meta name=\"twitter:label1\" content=\"Verfasst von\" \/>\n\t<meta name=\"twitter:data1\" content=\"guenter.wolfgang\" \/>\n\t<meta name=\"twitter:label2\" content=\"Gesch\u00e4tzte Lesezeit\" \/>\n\t<meta name=\"twitter:data2\" content=\"3\u00a0Minuten\" \/>\n<script type=\"application\/ld+json\" class=\"yoast-schema-graph\">{\"@context\":\"https:\/\/schema.org\",\"@graph\":[{\"@type\":\"Article\",\"@id\":\"https:\/\/kulturonline.tv\/de\/eroeffnung-der-installation-von-clemens-behr-auf-dem-areal-des-ehemaligen-busbahnhofs-olympiazentrum\/#article\",\"isPartOf\":{\"@id\":\"https:\/\/kulturonline.tv\/de\/eroeffnung-der-installation-von-clemens-behr-auf-dem-areal-des-ehemaligen-busbahnhofs-olympiazentrum\/\"},\"author\":{\"name\":\"guenter.wolfgang\",\"@id\":\"https:\/\/kulturonline.tv\/de\/#\/schema\/person\/b0fac729bb9a0c193fb1df23449df4fe\"},\"headline\":\"Er\u00f6ffnung der Installation von Clemens Behr auf dem Areal des ehemaligen Busbahnhofs Olympiazentrum\",\"datePublished\":\"2022-06-16T14:49:01+00:00\",\"dateModified\":\"2022-06-17T09:11:41+00:00\",\"mainEntityOfPage\":{\"@id\":\"https:\/\/kulturonline.tv\/de\/eroeffnung-der-installation-von-clemens-behr-auf-dem-areal-des-ehemaligen-busbahnhofs-olympiazentrum\/\"},\"wordCount\":460,\"publisher\":{\"@id\":\"https:\/\/kulturonline.tv\/de\/#organization\"},\"image\":{\"@id\":\"https:\/\/kulturonline.tv\/de\/eroeffnung-der-installation-von-clemens-behr-auf-dem-areal-des-ehemaligen-busbahnhofs-olympiazentrum\/#primaryimage\"},\"thumbnailUrl\":\"https:\/\/kulturonline.tv\/wp-content\/uploads\/2022\/06\/kultur-online-tv-4-edited.jpg\",\"articleSection\":[\"Mixed\"],\"inLanguage\":\"de\"},{\"@type\":\"WebPage\",\"@id\":\"https:\/\/kulturonline.tv\/de\/eroeffnung-der-installation-von-clemens-behr-auf-dem-areal-des-ehemaligen-busbahnhofs-olympiazentrum\/\",\"url\":\"https:\/\/kulturonline.tv\/de\/eroeffnung-der-installation-von-clemens-behr-auf-dem-areal-des-ehemaligen-busbahnhofs-olympiazentrum\/\",\"name\":\"Er\u00f6ffnung der Installation von Clemens Behr auf dem Areal des ehemaligen Busbahnhofs Olympiazentrum - Kultur Online TV &amp; FM\",\"isPartOf\":{\"@id\":\"https:\/\/kulturonline.tv\/de\/#website\"},\"primaryImageOfPage\":{\"@id\":\"https:\/\/kulturonline.tv\/de\/eroeffnung-der-installation-von-clemens-behr-auf-dem-areal-des-ehemaligen-busbahnhofs-olympiazentrum\/#primaryimage\"},\"image\":{\"@id\":\"https:\/\/kulturonline.tv\/de\/eroeffnung-der-installation-von-clemens-behr-auf-dem-areal-des-ehemaligen-busbahnhofs-olympiazentrum\/#primaryimage\"},\"thumbnailUrl\":\"https:\/\/kulturonline.tv\/wp-content\/uploads\/2022\/06\/kultur-online-tv-4-edited.jpg\",\"datePublished\":\"2022-06-16T14:49:01+00:00\",\"dateModified\":\"2022-06-17T09:11:41+00:00\",\"description\":\"Am 24.6.22 von 10:00 - 12:00 ist es soweit und die Installation von Clemens Behr auf dem Areal des ehemaligen Busbahnhofs Olympiazentrum wird er\u00f6ffnet!\",\"breadcrumb\":{\"@id\":\"https:\/\/kulturonline.tv\/de\/eroeffnung-der-installation-von-clemens-behr-auf-dem-areal-des-ehemaligen-busbahnhofs-olympiazentrum\/#breadcrumb\"},\"inLanguage\":\"de\",\"potentialAction\":[{\"@type\":\"ReadAction\",\"target\":[\"https:\/\/kulturonline.tv\/de\/eroeffnung-der-installation-von-clemens-behr-auf-dem-areal-des-ehemaligen-busbahnhofs-olympiazentrum\/\"]}]},{\"@type\":\"ImageObject\",\"inLanguage\":\"de\",\"@id\":\"https:\/\/kulturonline.tv\/de\/eroeffnung-der-installation-von-clemens-behr-auf-dem-areal-des-ehemaligen-busbahnhofs-olympiazentrum\/#primaryimage\",\"url\":\"https:\/\/kulturonline.tv\/wp-content\/uploads\/2022\/06\/kultur-online-tv-4-edited.jpg\",\"contentUrl\":\"https:\/\/kulturonline.tv\/wp-content\/uploads\/2022\/06\/kultur-online-tv-4-edited.jpg\",\"width\":585,\"height\":329},{\"@type\":\"BreadcrumbList\",\"@id\":\"https:\/\/kulturonline.tv\/de\/eroeffnung-der-installation-von-clemens-behr-auf-dem-areal-des-ehemaligen-busbahnhofs-olympiazentrum\/#breadcrumb\",\"itemListElement\":[{\"@type\":\"ListItem\",\"position\":1,\"name\":\"Startseite\",\"item\":\"https:\/\/kulturonline.tv\/de\/\"},{\"@type\":\"ListItem\",\"position\":2,\"name\":\"Er\u00f6ffnung der Installation von Clemens Behr auf dem Areal des ehemaligen Busbahnhofs Olympiazentrum\"}]},{\"@type\":\"WebSite\",\"@id\":\"https:\/\/kulturonline.tv\/de\/#website\",\"url\":\"https:\/\/kulturonline.tv\/de\/\",\"name\":\"Kultur Online TV &amp; FM\",\"description\":\"Wir sind Kultur 2.0 zum sehen &amp; h\u00f6ren\",\"publisher\":{\"@id\":\"https:\/\/kulturonline.tv\/de\/#organization\"},\"potentialAction\":[{\"@type\":\"SearchAction\",\"target\":{\"@type\":\"EntryPoint\",\"urlTemplate\":\"https:\/\/kulturonline.tv\/de\/?s={search_term_string}\"},\"query-input\":{\"@type\":\"PropertyValueSpecification\",\"valueRequired\":true,\"valueName\":\"search_term_string\"}}],\"inLanguage\":\"de\"},{\"@type\":\"Organization\",\"@id\":\"https:\/\/kulturonline.tv\/de\/#organization\",\"name\":\"Kultur Online TV\",\"url\":\"https:\/\/kulturonline.tv\/de\/\",\"logo\":{\"@type\":\"ImageObject\",\"inLanguage\":\"de\",\"@id\":\"https:\/\/kulturonline.tv\/de\/#\/schema\/logo\/image\/\",\"url\":\"https:\/\/kulturonline.tv\/wp-content\/uploads\/2021\/08\/Kultur-Online-Tv-Logo-Endversion-neu.png\",\"contentUrl\":\"https:\/\/kulturonline.tv\/wp-content\/uploads\/2021\/08\/Kultur-Online-Tv-Logo-Endversion-neu.png\",\"width\":200,\"height\":200,\"caption\":\"Kultur Online TV\"},\"image\":{\"@id\":\"https:\/\/kulturonline.tv\/de\/#\/schema\/logo\/image\/\"},\"sameAs\":[\"https:\/\/www.facebook.com\/kulturonline.tv\",\"https:\/\/www.instagram.com\/kulturonline.tv\"]},{\"@type\":\"Person\",\"@id\":\"https:\/\/kulturonline.tv\/de\/#\/schema\/person\/b0fac729bb9a0c193fb1df23449df4fe\",\"name\":\"guenter.wolfgang\"}]}<\/script>\n<!-- \/ Yoast SEO plugin. -->","yoast_head_json":{"title":"Er\u00f6ffnung der Installation von Clemens Behr auf dem Areal des ehemaligen Busbahnhofs Olympiazentrum - Kultur Online TV &amp; FM","description":"Am 24.6.22 von 10:00 - 12:00 ist es soweit und die Installation von Clemens Behr auf dem Areal des ehemaligen Busbahnhofs Olympiazentrum wird er\u00f6ffnet!","robots":{"index":"index","follow":"follow","max-snippet":"max-snippet:-1","max-image-preview":"max-image-preview:large","max-video-preview":"max-video-preview:-1"},"canonical":"https:\/\/kulturonline.tv\/de\/eroeffnung-der-installation-von-clemens-behr-auf-dem-areal-des-ehemaligen-busbahnhofs-olympiazentrum\/","og_locale":"de_DE","og_type":"article","og_title":"Er\u00f6ffnung der Installation von Clemens Behr auf dem Areal des ehemaligen Busbahnhofs Olympiazentrum - Kultur Online TV &amp; FM","og_description":"Am 24.6.22 von 10:00 - 12:00 ist es soweit und die Installation von Clemens Behr auf dem Areal des ehemaligen Busbahnhofs Olympiazentrum wird er\u00f6ffnet!","og_url":"https:\/\/kulturonline.tv\/de\/eroeffnung-der-installation-von-clemens-behr-auf-dem-areal-des-ehemaligen-busbahnhofs-olympiazentrum\/","og_site_name":"Kultur Online TV &amp; FM","article_publisher":"https:\/\/www.facebook.com\/kulturonline.tv","article_published_time":"2022-06-16T14:49:01+00:00","article_modified_time":"2022-06-17T09:11:41+00:00","og_image":[{"width":585,"height":329,"url":"https:\/\/kulturonline.tv\/wp-content\/uploads\/2022\/06\/kultur-online-tv-4-edited.jpg","type":"image\/jpeg"}],"author":"guenter.wolfgang","twitter_card":"summary_large_image","twitter_misc":{"Verfasst von":"guenter.wolfgang","Gesch\u00e4tzte Lesezeit":"3\u00a0Minuten"},"schema":{"@context":"https:\/\/schema.org","@graph":[{"@type":"Article","@id":"https:\/\/kulturonline.tv\/de\/eroeffnung-der-installation-von-clemens-behr-auf-dem-areal-des-ehemaligen-busbahnhofs-olympiazentrum\/#article","isPartOf":{"@id":"https:\/\/kulturonline.tv\/de\/eroeffnung-der-installation-von-clemens-behr-auf-dem-areal-des-ehemaligen-busbahnhofs-olympiazentrum\/"},"author":{"name":"guenter.wolfgang","@id":"https:\/\/kulturonline.tv\/de\/#\/schema\/person\/b0fac729bb9a0c193fb1df23449df4fe"},"headline":"Er\u00f6ffnung der Installation von Clemens Behr auf dem Areal des ehemaligen Busbahnhofs Olympiazentrum","datePublished":"2022-06-16T14:49:01+00:00","dateModified":"2022-06-17T09:11:41+00:00","mainEntityOfPage":{"@id":"https:\/\/kulturonline.tv\/de\/eroeffnung-der-installation-von-clemens-behr-auf-dem-areal-des-ehemaligen-busbahnhofs-olympiazentrum\/"},"wordCount":460,"publisher":{"@id":"https:\/\/kulturonline.tv\/de\/#organization"},"image":{"@id":"https:\/\/kulturonline.tv\/de\/eroeffnung-der-installation-von-clemens-behr-auf-dem-areal-des-ehemaligen-busbahnhofs-olympiazentrum\/#primaryimage"},"thumbnailUrl":"https:\/\/kulturonline.tv\/wp-content\/uploads\/2022\/06\/kultur-online-tv-4-edited.jpg","articleSection":["Mixed"],"inLanguage":"de"},{"@type":"WebPage","@id":"https:\/\/kulturonline.tv\/de\/eroeffnung-der-installation-von-clemens-behr-auf-dem-areal-des-ehemaligen-busbahnhofs-olympiazentrum\/","url":"https:\/\/kulturonline.tv\/de\/eroeffnung-der-installation-von-clemens-behr-auf-dem-areal-des-ehemaligen-busbahnhofs-olympiazentrum\/","name":"Er\u00f6ffnung der Installation von Clemens Behr auf dem Areal des ehemaligen Busbahnhofs Olympiazentrum - Kultur Online TV &amp; FM","isPartOf":{"@id":"https:\/\/kulturonline.tv\/de\/#website"},"primaryImageOfPage":{"@id":"https:\/\/kulturonline.tv\/de\/eroeffnung-der-installation-von-clemens-behr-auf-dem-areal-des-ehemaligen-busbahnhofs-olympiazentrum\/#primaryimage"},"image":{"@id":"https:\/\/kulturonline.tv\/de\/eroeffnung-der-installation-von-clemens-behr-auf-dem-areal-des-ehemaligen-busbahnhofs-olympiazentrum\/#primaryimage"},"thumbnailUrl":"https:\/\/kulturonline.tv\/wp-content\/uploads\/2022\/06\/kultur-online-tv-4-edited.jpg","datePublished":"2022-06-16T14:49:01+00:00","dateModified":"2022-06-17T09:11:41+00:00","description":"Am 24.6.22 von 10:00 - 12:00 ist es soweit und die Installation von Clemens Behr auf dem Areal des ehemaligen Busbahnhofs Olympiazentrum wird er\u00f6ffnet!","breadcrumb":{"@id":"https:\/\/kulturonline.tv\/de\/eroeffnung-der-installation-von-clemens-behr-auf-dem-areal-des-ehemaligen-busbahnhofs-olympiazentrum\/#breadcrumb"},"inLanguage":"de","potentialAction":[{"@type":"ReadAction","target":["https:\/\/kulturonline.tv\/de\/eroeffnung-der-installation-von-clemens-behr-auf-dem-areal-des-ehemaligen-busbahnhofs-olympiazentrum\/"]}]},{"@type":"ImageObject","inLanguage":"de","@id":"https:\/\/kulturonline.tv\/de\/eroeffnung-der-installation-von-clemens-behr-auf-dem-areal-des-ehemaligen-busbahnhofs-olympiazentrum\/#primaryimage","url":"https:\/\/kulturonline.tv\/wp-content\/uploads\/2022\/06\/kultur-online-tv-4-edited.jpg","contentUrl":"https:\/\/kulturonline.tv\/wp-content\/uploads\/2022\/06\/kultur-online-tv-4-edited.jpg","width":585,"height":329},{"@type":"BreadcrumbList","@id":"https:\/\/kulturonline.tv\/de\/eroeffnung-der-installation-von-clemens-behr-auf-dem-areal-des-ehemaligen-busbahnhofs-olympiazentrum\/#breadcrumb","itemListElement":[{"@type":"ListItem","position":1,"name":"Startseite","item":"https:\/\/kulturonline.tv\/de\/"},{"@type":"ListItem","position":2,"name":"Er\u00f6ffnung der Installation von Clemens Behr auf dem Areal des ehemaligen Busbahnhofs Olympiazentrum"}]},{"@type":"WebSite","@id":"https:\/\/kulturonline.tv\/de\/#website","url":"https:\/\/kulturonline.tv\/de\/","name":"Kultur Online TV &amp; FM","description":"Wir sind Kultur 2.0 zum sehen &amp; h\u00f6ren","publisher":{"@id":"https:\/\/kulturonline.tv\/de\/#organization"},"potentialAction":[{"@type":"SearchAction","target":{"@type":"EntryPoint","urlTemplate":"https:\/\/kulturonline.tv\/de\/?s={search_term_string}"},"query-input":{"@type":"PropertyValueSpecification","valueRequired":true,"valueName":"search_term_string"}}],"inLanguage":"de"},{"@type":"Organization","@id":"https:\/\/kulturonline.tv\/de\/#organization","name":"Kultur Online TV","url":"https:\/\/kulturonline.tv\/de\/","logo":{"@type":"ImageObject","inLanguage":"de","@id":"https:\/\/kulturonline.tv\/de\/#\/schema\/logo\/image\/","url":"https:\/\/kulturonline.tv\/wp-content\/uploads\/2021\/08\/Kultur-Online-Tv-Logo-Endversion-neu.png","contentUrl":"https:\/\/kulturonline.tv\/wp-content\/uploads\/2021\/08\/Kultur-Online-Tv-Logo-Endversion-neu.png","width":200,"height":200,"caption":"Kultur Online TV"},"image":{"@id":"https:\/\/kulturonline.tv\/de\/#\/schema\/logo\/image\/"},"sameAs":["https:\/\/www.facebook.com\/kulturonline.tv","https:\/\/www.instagram.com\/kulturonline.tv"]},{"@type":"Person","@id":"https:\/\/kulturonline.tv\/de\/#\/schema\/person\/b0fac729bb9a0c193fb1df23449df4fe","name":"guenter.wolfgang"}]}},"_links":{"self":[{"href":"https:\/\/kulturonline.tv\/de\/wp-json\/wp\/v2\/posts\/30071","targetHints":{"allow":["GET"]}}],"collection":[{"href":"https:\/\/kulturonline.tv\/de\/wp-json\/wp\/v2\/posts"}],"about":[{"href":"https:\/\/kulturonline.tv\/de\/wp-json\/wp\/v2\/types\/post"}],"author":[{"embeddable":true,"href":"https:\/\/kulturonline.tv\/de\/wp-json\/wp\/v2\/users\/2"}],"replies":[{"embeddable":true,"href":"https:\/\/kulturonline.tv\/de\/wp-json\/wp\/v2\/comments?post=30071"}],"version-history":[{"count":0,"href":"https:\/\/kulturonline.tv\/de\/wp-json\/wp\/v2\/posts\/30071\/revisions"}],"wp:featuredmedia":[{"embeddable":true,"href":"https:\/\/kulturonline.tv\/de\/wp-json\/wp\/v2\/media\/30074"}],"wp:attachment":[{"href":"https:\/\/kulturonline.tv\/de\/wp-json\/wp\/v2\/media?parent=30071"}],"wp:term":[{"taxonomy":"category","embeddable":true,"href":"https:\/\/kulturonline.tv\/de\/wp-json\/wp\/v2\/categories?post=30071"},{"taxonomy":"post_tag","embeddable":true,"href":"https:\/\/kulturonline.tv\/de\/wp-json\/wp\/v2\/tags?post=30071"}],"curies":[{"name":"wp","href":"https:\/\/api.w.org\/{rel}","templated":true}]}}