{"id":30083,"date":"2022-06-18T16:44:34","date_gmt":"2022-06-18T14:44:34","guid":{"rendered":"https:\/\/kulturonline.tv\/?p=30083"},"modified":"2022-06-18T16:44:36","modified_gmt":"2022-06-18T14:44:36","slug":"ehrenamtsboerse-in-der-innenstadt","status":"publish","type":"post","link":"https:\/\/kulturonline.tv\/de\/ehrenamtsboerse-in-der-innenstadt\/","title":{"rendered":"Ehrenamtsb\u00f6rse in der Innenstadt"},"content":{"rendered":"\n<p>Fest des Ehrenamts und gr\u00fcn-wei\u00dfer Tag am 25. Juni<\/p>\n\n\n\n<figure class=\"wp-block-image size-full is-resized\"><img decoding=\"async\" src=\"https:\/\/kulturonline.tv\/wp-content\/uploads\/2022\/06\/kultur-edited.jpg\" alt=\"\" class=\"wp-image-30086\" width=\"839\" srcset=\"https:\/\/kulturonline.tv\/wp-content\/uploads\/2022\/06\/kultur-edited.jpg 533w, https:\/\/kulturonline.tv\/wp-content\/uploads\/2022\/06\/kultur-edited-416x234.jpg 416w\" sizes=\"(max-width: 533px) 100vw, 533px\" \/><\/figure>\n\n\n\n<p>Am Samstag, 25. Juni wird die Wolfsburger Fu\u00dfg\u00e4ngerzone ganz im Zeichen des Ehrenamts und der Vereinsarbeit stehen: Die Wolfsburg Wirtschaft und Marketing GmbH (WMG), die st\u00e4dtische Stabstelle Ehrenamt und der VfL Wolfsburg e. V. organisieren gemeinsam die Ehrenamtsb\u00f6rse mit gr\u00fcn-wei\u00dfem Tag. Bei der Erlebnisausstellung in der mittleren Porschestra\u00dfe werden zahlreiche Aussteller aus der Wolfsburger Vereinslandschaft ihre gemeinn\u00fctzigen T\u00e4tigkeiten pr\u00e4sentieren, der VfL Wolfsburg e. V. beteiligt sich mit einer Vielzahl an Vorf\u00fchrungen und Mitmachangeboten.<\/p>\n\n\n\n<p>\u201eSeitens der Stadt Wolfsburg freuen wir uns sehr, dass die Ehrenamtsb\u00f6rse nun endlich wieder stattfinden kann. Es gibt Informationen rund um das Thema B\u00fcrgerengagement und die Gelegenheit, sich in pers\u00f6nlichen Gespr\u00e4chen \u00fcber m\u00f6gliche ehrenamtliche Aufgaben bzw. eigene Bet\u00e4tigungsm\u00f6glichkeiten zu informieren\u201c, sagt Stefan Krieger, Leiter der Stabsstelle Ehrenamt der Stadt Wolfsburg.<\/p>\n\n\n\n<p>\u201eDie Ehrenamtsb\u00f6rse mit gr\u00fcn-wei\u00dfem Tag bietet einen tollen Anlass f\u00fcr einen Besuch der Innenstadt mit der ganzen Familie. Die Veranstaltung r\u00fcckt das wichtige Thema Ehrenamt in den Fokus und gibt dem VfL Wolfsburg e. V., einem der gr\u00f6\u00dften Sportvereine und wichtigen Partner unserer Stadt, eine gro\u00dfartige B\u00fchne f\u00fcr seine vielf\u00e4ltigen Angebote\u201c, erkl\u00e4rt Jens Hofschr\u00f6er, Gesch\u00e4ftsf\u00fchrer der WMG.<\/p>\n\n\n\n<p>Matthias Richter, stellv. Vorstandsvorsitzender des VfL Wolfsburg e. V. freut sich \u00fcber das neue Angebot: \u201eWir freuen uns, im Rahmen der Ehrenamtsb\u00f6rse den gr\u00fcn-wei\u00dfen Tag zu begehen und die Vielfalt unserer vielen sportlichen Angebote darstellen zu k\u00f6nnen. Unsere Trainierinnen und Trainer haben ein buntes Sportprogramm f\u00fcr Alt und Jung zusammengestellt, das nicht nur gut anzuschauen ist, sondern auch zum Mitmachen einl\u00e4dt. Auch f\u00fcr die ganz kleinen Besucher werden wir die Zeit zwischen 11:00 und 17:00 Uhr mit einem interessanten Rahmenprogramm zum Erlebnis werden lassen. Insgesamt eine tolle Gelegenheit f\u00fcr uns, um nach so langer Zeit der sportlichen Abstinenz wieder aktiv sein zu k\u00f6nnen.\u201c<\/p>\n\n\n\n<p>Nach der Er\u00f6ffnung durch Oberb\u00fcrgermeister Dennis Weilmann k\u00f6nnen Interessierte sich von 11:00 bis 17:00 Uhr \u00fcber die vielf\u00e4ltigen M\u00f6glichkeiten informieren, sich gemeinn\u00fctzig zu engagieren \u2013 ob sportlich oder durch eine ehrenamtliche T\u00e4tigkeit. Mehr als 30 Wolfsburger Organisationen, u. a. aus den Sparten Soziales, Kinder, Frauen, Kunst, Kultur, Radfahren, V\u00f6lkerverst\u00e4ndigung und Stiftungen, pr\u00e4sentieren ihre Angebote auf dem Hugo-Bork-Platz. W\u00e4hrenddessen findet auf der Fl\u00e4che vor der City-Galerie der \u201egr\u00fcn-wei\u00dfe Tag\u201c des VfL Wolfsburg e. V. statt. Als einer der gr\u00f6\u00dften Sportvereine Niedersachsens mit 29 Unterabteilungen stellt der VfL sein breites Spektrum verschiedener Sportarten vor \u2013 Mitmachen ist dabei ausdr\u00fccklich erw\u00fcnscht. Erg\u00e4nzend sorgt ein Speisen- und Getr\u00e4nkeangebot auf dem Hugo-Bork-Platz f\u00fcr das leibliche Wohl der G\u00e4ste.<\/p>\n\n\n\n<p>Kultur Online TV \/ openPR<\/p>\n\n\n\n<p>#mix #news #kunst #kultur<\/p>\n","protected":false},"excerpt":{"rendered":"<p>Fest des Ehrenamts und gr\u00fcn-wei\u00dfer Tag am 25. Juni Am Samstag, 25. Juni wird die Wolfsburger Fu\u00dfg\u00e4ngerzone ganz im Zeichen des Ehrenamts und der Vereinsarbeit stehen: Die Wolfsburg Wirtschaft und Marketing GmbH (WMG), die st\u00e4dtische Stabstelle Ehrenamt und der VfL Wolfsburg e. V. organisieren gemeinsam die Ehrenamtsb\u00f6rse mit gr\u00fcn-wei\u00dfem Tag. Bei der Erlebnisausstellung in der [&hellip;]<\/p>\n","protected":false},"author":2,"featured_media":30086,"comment_status":"closed","ping_status":"closed","sticky":false,"template":"","format":"standard","meta":{"_acf_changed":false,"footnotes":""},"categories":[281],"tags":[],"class_list":["post-30083","post","type-post","status-publish","format-standard","has-post-thumbnail","hentry","category-mixed"],"acf":[],"yoast_head":"<!-- This site is optimized with the Yoast SEO plugin v26.1.1 - https:\/\/yoast.com\/wordpress\/plugins\/seo\/ -->\n<title>Ehrenamtsb\u00f6rse in der Innenstadt - Kultur Online TV &amp; FM<\/title>\n<meta name=\"description\" content=\"Fest des Ehrenamts und gr\u00fcn-wei\u00dfer Tag am 25. Juni\" \/>\n<meta name=\"robots\" content=\"index, follow, max-snippet:-1, max-image-preview:large, max-video-preview:-1\" \/>\n<link rel=\"canonical\" href=\"https:\/\/kulturonline.tv\/de\/ehrenamtsboerse-in-der-innenstadt\/\" \/>\n<meta property=\"og:locale\" content=\"de_DE\" \/>\n<meta property=\"og:type\" content=\"article\" \/>\n<meta property=\"og:title\" content=\"Ehrenamtsb\u00f6rse in der Innenstadt - Kultur Online TV &amp; FM\" \/>\n<meta property=\"og:description\" content=\"Fest des Ehrenamts und gr\u00fcn-wei\u00dfer Tag am 25. Juni\" \/>\n<meta property=\"og:url\" content=\"https:\/\/kulturonline.tv\/de\/ehrenamtsboerse-in-der-innenstadt\/\" \/>\n<meta property=\"og:site_name\" content=\"Kultur Online TV &amp; FM\" \/>\n<meta property=\"article:publisher\" content=\"https:\/\/www.facebook.com\/kulturonline.tv\" \/>\n<meta property=\"article:published_time\" content=\"2022-06-18T14:44:34+00:00\" \/>\n<meta property=\"article:modified_time\" content=\"2022-06-18T14:44:36+00:00\" \/>\n<meta property=\"og:image\" content=\"https:\/\/kulturonline.tv\/wp-content\/uploads\/2022\/06\/kultur-edited.jpg\" \/>\n\t<meta property=\"og:image:width\" content=\"533\" \/>\n\t<meta property=\"og:image:height\" content=\"300\" \/>\n\t<meta property=\"og:image:type\" content=\"image\/jpeg\" \/>\n<meta name=\"author\" content=\"guenter.wolfgang\" \/>\n<meta name=\"twitter:card\" content=\"summary_large_image\" \/>\n<meta name=\"twitter:label1\" content=\"Verfasst von\" \/>\n\t<meta name=\"twitter:data1\" content=\"guenter.wolfgang\" \/>\n\t<meta name=\"twitter:label2\" content=\"Gesch\u00e4tzte Lesezeit\" \/>\n\t<meta name=\"twitter:data2\" content=\"3\u00a0Minuten\" \/>\n<script type=\"application\/ld+json\" class=\"yoast-schema-graph\">{\"@context\":\"https:\/\/schema.org\",\"@graph\":[{\"@type\":\"Article\",\"@id\":\"https:\/\/kulturonline.tv\/de\/ehrenamtsboerse-in-der-innenstadt\/#article\",\"isPartOf\":{\"@id\":\"https:\/\/kulturonline.tv\/de\/ehrenamtsboerse-in-der-innenstadt\/\"},\"author\":{\"name\":\"guenter.wolfgang\",\"@id\":\"https:\/\/kulturonline.tv\/de\/#\/schema\/person\/b0fac729bb9a0c193fb1df23449df4fe\"},\"headline\":\"Ehrenamtsb\u00f6rse in der Innenstadt\",\"datePublished\":\"2022-06-18T14:44:34+00:00\",\"dateModified\":\"2022-06-18T14:44:36+00:00\",\"mainEntityOfPage\":{\"@id\":\"https:\/\/kulturonline.tv\/de\/ehrenamtsboerse-in-der-innenstadt\/\"},\"wordCount\":472,\"publisher\":{\"@id\":\"https:\/\/kulturonline.tv\/de\/#organization\"},\"image\":{\"@id\":\"https:\/\/kulturonline.tv\/de\/ehrenamtsboerse-in-der-innenstadt\/#primaryimage\"},\"thumbnailUrl\":\"https:\/\/kulturonline.tv\/wp-content\/uploads\/2022\/06\/kultur-edited.jpg\",\"articleSection\":[\"Mixed\"],\"inLanguage\":\"de\"},{\"@type\":\"WebPage\",\"@id\":\"https:\/\/kulturonline.tv\/de\/ehrenamtsboerse-in-der-innenstadt\/\",\"url\":\"https:\/\/kulturonline.tv\/de\/ehrenamtsboerse-in-der-innenstadt\/\",\"name\":\"Ehrenamtsb\u00f6rse in der Innenstadt - Kultur Online TV &amp; FM\",\"isPartOf\":{\"@id\":\"https:\/\/kulturonline.tv\/de\/#website\"},\"primaryImageOfPage\":{\"@id\":\"https:\/\/kulturonline.tv\/de\/ehrenamtsboerse-in-der-innenstadt\/#primaryimage\"},\"image\":{\"@id\":\"https:\/\/kulturonline.tv\/de\/ehrenamtsboerse-in-der-innenstadt\/#primaryimage\"},\"thumbnailUrl\":\"https:\/\/kulturonline.tv\/wp-content\/uploads\/2022\/06\/kultur-edited.jpg\",\"datePublished\":\"2022-06-18T14:44:34+00:00\",\"dateModified\":\"2022-06-18T14:44:36+00:00\",\"description\":\"Fest des Ehrenamts und gr\u00fcn-wei\u00dfer Tag am 25. Juni\",\"breadcrumb\":{\"@id\":\"https:\/\/kulturonline.tv\/de\/ehrenamtsboerse-in-der-innenstadt\/#breadcrumb\"},\"inLanguage\":\"de\",\"potentialAction\":[{\"@type\":\"ReadAction\",\"target\":[\"https:\/\/kulturonline.tv\/de\/ehrenamtsboerse-in-der-innenstadt\/\"]}]},{\"@type\":\"ImageObject\",\"inLanguage\":\"de\",\"@id\":\"https:\/\/kulturonline.tv\/de\/ehrenamtsboerse-in-der-innenstadt\/#primaryimage\",\"url\":\"https:\/\/kulturonline.tv\/wp-content\/uploads\/2022\/06\/kultur-edited.jpg\",\"contentUrl\":\"https:\/\/kulturonline.tv\/wp-content\/uploads\/2022\/06\/kultur-edited.jpg\",\"width\":533,\"height\":300},{\"@type\":\"BreadcrumbList\",\"@id\":\"https:\/\/kulturonline.tv\/de\/ehrenamtsboerse-in-der-innenstadt\/#breadcrumb\",\"itemListElement\":[{\"@type\":\"ListItem\",\"position\":1,\"name\":\"Startseite\",\"item\":\"https:\/\/kulturonline.tv\/de\/\"},{\"@type\":\"ListItem\",\"position\":2,\"name\":\"Ehrenamtsb\u00f6rse in der Innenstadt\"}]},{\"@type\":\"WebSite\",\"@id\":\"https:\/\/kulturonline.tv\/de\/#website\",\"url\":\"https:\/\/kulturonline.tv\/de\/\",\"name\":\"Kultur Online TV &amp; FM\",\"description\":\"Wir sind Kultur 2.0 zum sehen &amp; h\u00f6ren\",\"publisher\":{\"@id\":\"https:\/\/kulturonline.tv\/de\/#organization\"},\"potentialAction\":[{\"@type\":\"SearchAction\",\"target\":{\"@type\":\"EntryPoint\",\"urlTemplate\":\"https:\/\/kulturonline.tv\/de\/?s={search_term_string}\"},\"query-input\":{\"@type\":\"PropertyValueSpecification\",\"valueRequired\":true,\"valueName\":\"search_term_string\"}}],\"inLanguage\":\"de\"},{\"@type\":\"Organization\",\"@id\":\"https:\/\/kulturonline.tv\/de\/#organization\",\"name\":\"Kultur Online TV\",\"url\":\"https:\/\/kulturonline.tv\/de\/\",\"logo\":{\"@type\":\"ImageObject\",\"inLanguage\":\"de\",\"@id\":\"https:\/\/kulturonline.tv\/de\/#\/schema\/logo\/image\/\",\"url\":\"https:\/\/kulturonline.tv\/wp-content\/uploads\/2021\/08\/Kultur-Online-Tv-Logo-Endversion-neu.png\",\"contentUrl\":\"https:\/\/kulturonline.tv\/wp-content\/uploads\/2021\/08\/Kultur-Online-Tv-Logo-Endversion-neu.png\",\"width\":200,\"height\":200,\"caption\":\"Kultur Online TV\"},\"image\":{\"@id\":\"https:\/\/kulturonline.tv\/de\/#\/schema\/logo\/image\/\"},\"sameAs\":[\"https:\/\/www.facebook.com\/kulturonline.tv\",\"https:\/\/www.instagram.com\/kulturonline.tv\"]},{\"@type\":\"Person\",\"@id\":\"https:\/\/kulturonline.tv\/de\/#\/schema\/person\/b0fac729bb9a0c193fb1df23449df4fe\",\"name\":\"guenter.wolfgang\"}]}<\/script>\n<!-- \/ Yoast SEO plugin. -->","yoast_head_json":{"title":"Ehrenamtsb\u00f6rse in der Innenstadt - Kultur Online TV &amp; FM","description":"Fest des Ehrenamts und gr\u00fcn-wei\u00dfer Tag am 25. Juni","robots":{"index":"index","follow":"follow","max-snippet":"max-snippet:-1","max-image-preview":"max-image-preview:large","max-video-preview":"max-video-preview:-1"},"canonical":"https:\/\/kulturonline.tv\/de\/ehrenamtsboerse-in-der-innenstadt\/","og_locale":"de_DE","og_type":"article","og_title":"Ehrenamtsb\u00f6rse in der Innenstadt - Kultur Online TV &amp; FM","og_description":"Fest des Ehrenamts und gr\u00fcn-wei\u00dfer Tag am 25. Juni","og_url":"https:\/\/kulturonline.tv\/de\/ehrenamtsboerse-in-der-innenstadt\/","og_site_name":"Kultur Online TV &amp; FM","article_publisher":"https:\/\/www.facebook.com\/kulturonline.tv","article_published_time":"2022-06-18T14:44:34+00:00","article_modified_time":"2022-06-18T14:44:36+00:00","og_image":[{"width":533,"height":300,"url":"https:\/\/kulturonline.tv\/wp-content\/uploads\/2022\/06\/kultur-edited.jpg","type":"image\/jpeg"}],"author":"guenter.wolfgang","twitter_card":"summary_large_image","twitter_misc":{"Verfasst von":"guenter.wolfgang","Gesch\u00e4tzte Lesezeit":"3\u00a0Minuten"},"schema":{"@context":"https:\/\/schema.org","@graph":[{"@type":"Article","@id":"https:\/\/kulturonline.tv\/de\/ehrenamtsboerse-in-der-innenstadt\/#article","isPartOf":{"@id":"https:\/\/kulturonline.tv\/de\/ehrenamtsboerse-in-der-innenstadt\/"},"author":{"name":"guenter.wolfgang","@id":"https:\/\/kulturonline.tv\/de\/#\/schema\/person\/b0fac729bb9a0c193fb1df23449df4fe"},"headline":"Ehrenamtsb\u00f6rse in der Innenstadt","datePublished":"2022-06-18T14:44:34+00:00","dateModified":"2022-06-18T14:44:36+00:00","mainEntityOfPage":{"@id":"https:\/\/kulturonline.tv\/de\/ehrenamtsboerse-in-der-innenstadt\/"},"wordCount":472,"publisher":{"@id":"https:\/\/kulturonline.tv\/de\/#organization"},"image":{"@id":"https:\/\/kulturonline.tv\/de\/ehrenamtsboerse-in-der-innenstadt\/#primaryimage"},"thumbnailUrl":"https:\/\/kulturonline.tv\/wp-content\/uploads\/2022\/06\/kultur-edited.jpg","articleSection":["Mixed"],"inLanguage":"de"},{"@type":"WebPage","@id":"https:\/\/kulturonline.tv\/de\/ehrenamtsboerse-in-der-innenstadt\/","url":"https:\/\/kulturonline.tv\/de\/ehrenamtsboerse-in-der-innenstadt\/","name":"Ehrenamtsb\u00f6rse in der Innenstadt - Kultur Online TV &amp; FM","isPartOf":{"@id":"https:\/\/kulturonline.tv\/de\/#website"},"primaryImageOfPage":{"@id":"https:\/\/kulturonline.tv\/de\/ehrenamtsboerse-in-der-innenstadt\/#primaryimage"},"image":{"@id":"https:\/\/kulturonline.tv\/de\/ehrenamtsboerse-in-der-innenstadt\/#primaryimage"},"thumbnailUrl":"https:\/\/kulturonline.tv\/wp-content\/uploads\/2022\/06\/kultur-edited.jpg","datePublished":"2022-06-18T14:44:34+00:00","dateModified":"2022-06-18T14:44:36+00:00","description":"Fest des Ehrenamts und gr\u00fcn-wei\u00dfer Tag am 25. Juni","breadcrumb":{"@id":"https:\/\/kulturonline.tv\/de\/ehrenamtsboerse-in-der-innenstadt\/#breadcrumb"},"inLanguage":"de","potentialAction":[{"@type":"ReadAction","target":["https:\/\/kulturonline.tv\/de\/ehrenamtsboerse-in-der-innenstadt\/"]}]},{"@type":"ImageObject","inLanguage":"de","@id":"https:\/\/kulturonline.tv\/de\/ehrenamtsboerse-in-der-innenstadt\/#primaryimage","url":"https:\/\/kulturonline.tv\/wp-content\/uploads\/2022\/06\/kultur-edited.jpg","contentUrl":"https:\/\/kulturonline.tv\/wp-content\/uploads\/2022\/06\/kultur-edited.jpg","width":533,"height":300},{"@type":"BreadcrumbList","@id":"https:\/\/kulturonline.tv\/de\/ehrenamtsboerse-in-der-innenstadt\/#breadcrumb","itemListElement":[{"@type":"ListItem","position":1,"name":"Startseite","item":"https:\/\/kulturonline.tv\/de\/"},{"@type":"ListItem","position":2,"name":"Ehrenamtsb\u00f6rse in der Innenstadt"}]},{"@type":"WebSite","@id":"https:\/\/kulturonline.tv\/de\/#website","url":"https:\/\/kulturonline.tv\/de\/","name":"Kultur Online TV &amp; FM","description":"Wir sind Kultur 2.0 zum sehen &amp; h\u00f6ren","publisher":{"@id":"https:\/\/kulturonline.tv\/de\/#organization"},"potentialAction":[{"@type":"SearchAction","target":{"@type":"EntryPoint","urlTemplate":"https:\/\/kulturonline.tv\/de\/?s={search_term_string}"},"query-input":{"@type":"PropertyValueSpecification","valueRequired":true,"valueName":"search_term_string"}}],"inLanguage":"de"},{"@type":"Organization","@id":"https:\/\/kulturonline.tv\/de\/#organization","name":"Kultur Online TV","url":"https:\/\/kulturonline.tv\/de\/","logo":{"@type":"ImageObject","inLanguage":"de","@id":"https:\/\/kulturonline.tv\/de\/#\/schema\/logo\/image\/","url":"https:\/\/kulturonline.tv\/wp-content\/uploads\/2021\/08\/Kultur-Online-Tv-Logo-Endversion-neu.png","contentUrl":"https:\/\/kulturonline.tv\/wp-content\/uploads\/2021\/08\/Kultur-Online-Tv-Logo-Endversion-neu.png","width":200,"height":200,"caption":"Kultur Online TV"},"image":{"@id":"https:\/\/kulturonline.tv\/de\/#\/schema\/logo\/image\/"},"sameAs":["https:\/\/www.facebook.com\/kulturonline.tv","https:\/\/www.instagram.com\/kulturonline.tv"]},{"@type":"Person","@id":"https:\/\/kulturonline.tv\/de\/#\/schema\/person\/b0fac729bb9a0c193fb1df23449df4fe","name":"guenter.wolfgang"}]}},"_links":{"self":[{"href":"https:\/\/kulturonline.tv\/de\/wp-json\/wp\/v2\/posts\/30083","targetHints":{"allow":["GET"]}}],"collection":[{"href":"https:\/\/kulturonline.tv\/de\/wp-json\/wp\/v2\/posts"}],"about":[{"href":"https:\/\/kulturonline.tv\/de\/wp-json\/wp\/v2\/types\/post"}],"author":[{"embeddable":true,"href":"https:\/\/kulturonline.tv\/de\/wp-json\/wp\/v2\/users\/2"}],"replies":[{"embeddable":true,"href":"https:\/\/kulturonline.tv\/de\/wp-json\/wp\/v2\/comments?post=30083"}],"version-history":[{"count":0,"href":"https:\/\/kulturonline.tv\/de\/wp-json\/wp\/v2\/posts\/30083\/revisions"}],"wp:featuredmedia":[{"embeddable":true,"href":"https:\/\/kulturonline.tv\/de\/wp-json\/wp\/v2\/media\/30086"}],"wp:attachment":[{"href":"https:\/\/kulturonline.tv\/de\/wp-json\/wp\/v2\/media?parent=30083"}],"wp:term":[{"taxonomy":"category","embeddable":true,"href":"https:\/\/kulturonline.tv\/de\/wp-json\/wp\/v2\/categories?post=30083"},{"taxonomy":"post_tag","embeddable":true,"href":"https:\/\/kulturonline.tv\/de\/wp-json\/wp\/v2\/tags?post=30083"}],"curies":[{"name":"wp","href":"https:\/\/api.w.org\/{rel}","templated":true}]}}