{"id":30095,"date":"2022-06-18T16:59:21","date_gmt":"2022-06-18T14:59:21","guid":{"rendered":"https:\/\/kulturonline.tv\/?p=30095"},"modified":"2022-06-18T16:59:22","modified_gmt":"2022-06-18T14:59:22","slug":"harald-seubert-philosophische-ansichten","status":"publish","type":"post","link":"https:\/\/kulturonline.tv\/de\/harald-seubert-philosophische-ansichten\/","title":{"rendered":"Harald Seubert &#8211; Philosophische Ansichten"},"content":{"rendered":"\n<p>Philosoph Harald Seubert hat bereits 25 Monografien ver\u00f6ffentlicht, die sich mit verschiedenen Bereichen der Philosophie befassen. Welche Ansichten er vertritt, soll an dieser Stelle erkl\u00e4rt werden.<\/p>\n\n\n\n<figure class=\"wp-block-image size-full is-resized\"><img decoding=\"async\" src=\"https:\/\/kulturonline.tv\/wp-content\/uploads\/2022\/06\/literatur-edited.jpg\" alt=\"\" class=\"wp-image-30098\" width=\"839\" srcset=\"https:\/\/kulturonline.tv\/wp-content\/uploads\/2022\/06\/literatur-edited.jpg 599w, https:\/\/kulturonline.tv\/wp-content\/uploads\/2022\/06\/literatur-edited-416x234.jpg 416w\" sizes=\"(max-width: 599px) 100vw, 599px\" \/><\/figure>\n\n\n\n<p><strong>WAS PHILOSOPHIE IST UND SEIN KANN<\/strong><\/p>\n\n\n\n<p>Fragt man Harald Seubert , was ihn an der Philosophie reizt, so gibt er meist zu Antwort, dass sein Interesse auf dem Weltbegriff der Disziplin liegt und nicht auf dem Schulbegriff. Damit zitiert er Kant, der den Weltbegriff als das beschrieben hat, was jeden und jede notwendigerweise interessiert.<\/p>\n\n\n\n<p>Aus diesem Grund hat Seubert sich auch auf einem langsamen und behutsamen Weg an die Philosophie angen\u00e4hert und immer die Fachbereiche der Theologie, Kunst-Literatur. und Geisteswissenschaft mitber\u00fccksichtigt. Was die Philosophie anstrebt, ist das Gewinnen von Weltsicht und Weisheit, sagt Harald Seubert. Er selbst ist im Laufe seiner Karriere zu so manchen Erkenntnissen gekommen, die er mittlerweile in verschiedenen Fachartikeln, Monografien und Sammelb\u00e4nden ver\u00f6ffentlicht hat.<\/p>\n\n\n\n<p>Zu Harald Seuberts bedeutendsten, programmatischen Werken geh\u00f6rt unter anderem das Buch &#8222;Philosophie. Was sie ist und sein kann&#8220; (Schwaber-Verlag: Basel 2015). In dieser Monografie erkl\u00e4rt der Ordentliche Professor f\u00fcr Philosophie und Religionswissenschaften an der STH Basel seine philosophische Programmatik und verbindet die Bereiche der Systematik und Ideengeschichte miteinander. Eine Kernaussage des Buches ist die Auffassung, dass Philosophie nicht nur als wissenschaftliche Disziplin, sondern auch in ihrem Zusammenhang zu Religion, Literatur und Kunst thematisiert werden sollte. &#8222;Heute sind es auch Natur- und Informationswissenschaften, die wichtige Weltzug\u00e4nge er\u00f6ffnen. Da lerne ich im 21. Jahrhundert deutlich nach&#8220;.<\/p>\n\n\n\n<p><strong>DIE FRAGE NACH DEM WAHRHAFT SCH\u00d6NEN<\/strong><\/p>\n\n\n\n<p>In seinem Werk &#8222;\u00c4sthetik &#8211; Die Frage nach dem Sch\u00f6nen&#8220; hat sich Harald Seubert mit dem Grundsatzbegriff und der vielfachen Ph\u00e4nomenologie der Sch\u00f6nheit besch\u00e4ftigt. Die Fragestellung wird mit Querschnitten durch die Kunstphilosophie und Platons Metaphysik des Sch\u00f6nen verbunden, wobei jedoch auch Perspektiven aus Literatur, Kunst und Musik hinzugezogen werden. Das Thema \u00c4sthetik ist mittlerweile auch immer wieder Gegenstand seiner Vorlesungen, die er unter anderem an der STH Basel h\u00e4lt. Sehr gerne spricht er zu und mit K\u00fcnstlerinnen und K\u00fcnstlern, und war lange Jahre federf\u00fchrend an Symposien mit Designern und Architekten unter anderem auf der M\u00fchle Rotis seines Freundes Florian Aicher beteiligt.<\/p>\n\n\n\n<p><strong>SIND FREIHEIT UND SICHERHEIT MITEINANDER VERSCHMELZBAR?<\/strong><\/p>\n\n\n\n<p>F\u00fcr Professor Dr. Harald Seubert ist der schmale Grat zwischen Freiheit und Sicherheit ein komplexes Thema, dem er 2015 eine ganze Monografie widmete. Diesmal ging es zentral um eine Politische Philosophie f\u00fcr das 21. Jahrhundert. In diesem Buch behandelt er unter anderem die politische Weltlage des fr\u00fchen 21. Jahrhunderts, die global von tiefen Differenzen gepr\u00e4gt ist. Harald Seubert stellt sich hier die Frage, ob und inwiefern Frage und Sicherheit miteinander vereinbar sind und ob ein Gleichgewicht zwischen diesen beiden Faktoren \u00fcberhaupt hergestellt werden kann. Gerade in dieser Zeit der globalen Einheit der Menschheit brechen vermehrt wieder Konflikte aus. 2016 folgte eine &#8222;Weltphilosophie&#8220; (ebenfalls No0mos: Baden-Baden)<br>Den gegenw\u00e4rtigen Angriffskrieg in der Mitte Europas ist schrecklich. Er zeige, wie wesentlich es ist, das Bewusstsein dieser einen Menschheit zu gewinnen. Die Balance von Sicherheit und Freiheit ist ein filigranes Spiel. Doch wir m\u00fcssen heute, mit Realismus und Idealismus, dar\u00fcber hinausgehen, sonst kann es zur Selbstvernichtung der Menschheit kommen.<\/p>\n\n\n\n<p><strong>REVOLUTION VON POLIS UND SEELE<\/strong><\/p>\n\n\n\n<p>Harald Seubert legt Wert darauf, seinen Studenten zu vermitteln, dass die Philosophie keine verstaubte Disziplin ist, die heutzutage keine Bedeutung mehr hat. In diesem Zusammenhang befasst er sich zum Beispiel stark mit den philosophischen Diskussionen \u00fcber die Ver\u00e4nderungen, die das digitale Zeitalter mit sich bringt. Wie der Ordentliche Professor erkl\u00e4rt, wird in Politik, Technik und Bildung gerne \u00fcbergangen, dass der Mensch das K\u00f6nnen einer Maschine nicht imitieren sollte, aber in seiner F\u00e4higkeit zum kritischen und verkn\u00fcpfenden Denken trotzdem der Held der Zukunft werden kann. Dem gesamten Thema widmete Harald Seubert im Jahr 2019 eine Monografie unter dem Titel &#8222;Die Revolution von Polis und Seele&#8220;. Damit schlie\u00dft der Platon-Kenner (\u00fcber Platon habilitierte er sich 2003) an die Analogie an, die Platon zwischen der Seele und der Stadt sah. Sie verhalten sich Platon zufolge, wie gro\u00dfe und kleine Schrift zueinander, erl\u00e4utert Harald Seubert abschlie\u00dfend.<\/p>\n\n\n\n<p>Kultur Online TV \/ openPR<\/p>\n\n\n\n<p>#literatur #news #kunst #kultur<\/p>\n","protected":false},"excerpt":{"rendered":"<p>Philosoph Harald Seubert hat bereits 25 Monografien ver\u00f6ffentlicht, die sich mit verschiedenen Bereichen der Philosophie befassen. Welche Ansichten er vertritt, soll an dieser Stelle erkl\u00e4rt werden. WAS PHILOSOPHIE IST UND SEIN KANN Fragt man Harald Seubert , was ihn an der Philosophie reizt, so gibt er meist zu Antwort, dass sein Interesse auf dem Weltbegriff [&hellip;]<\/p>\n","protected":false},"author":2,"featured_media":30098,"comment_status":"closed","ping_status":"closed","sticky":false,"template":"","format":"standard","meta":{"_acf_changed":false,"footnotes":""},"categories":[106],"tags":[],"class_list":["post-30095","post","type-post","status-publish","format-standard","has-post-thumbnail","hentry","category-literatur"],"acf":[],"yoast_head":"<!-- This site is optimized with the Yoast SEO plugin v26.1.1 - https:\/\/yoast.com\/wordpress\/plugins\/seo\/ -->\n<title>Harald Seubert - Philosophische Ansichten - Kultur Online TV &amp; FM<\/title>\n<meta name=\"description\" content=\"Philosoph Harald Seubert hat bereits 25 Monografien ver\u00f6ffentlicht, die sich mit verschiedenen Bereichen der Philosophie befassen. Welche Ansichten er vertritt, soll an dieser Stelle erkl\u00e4rt werden.\" \/>\n<meta name=\"robots\" content=\"index, follow, max-snippet:-1, max-image-preview:large, max-video-preview:-1\" \/>\n<link rel=\"canonical\" href=\"https:\/\/kulturonline.tv\/de\/harald-seubert-philosophische-ansichten\/\" \/>\n<meta property=\"og:locale\" content=\"de_DE\" \/>\n<meta property=\"og:type\" content=\"article\" \/>\n<meta property=\"og:title\" content=\"Harald Seubert - Philosophische Ansichten - Kultur Online TV &amp; FM\" \/>\n<meta property=\"og:description\" content=\"Philosoph Harald Seubert hat bereits 25 Monografien ver\u00f6ffentlicht, die sich mit verschiedenen Bereichen der Philosophie befassen. Welche Ansichten er vertritt, soll an dieser Stelle erkl\u00e4rt werden.\" \/>\n<meta property=\"og:url\" content=\"https:\/\/kulturonline.tv\/de\/harald-seubert-philosophische-ansichten\/\" \/>\n<meta property=\"og:site_name\" content=\"Kultur Online TV &amp; FM\" \/>\n<meta property=\"article:publisher\" content=\"https:\/\/www.facebook.com\/kulturonline.tv\" \/>\n<meta property=\"article:published_time\" content=\"2022-06-18T14:59:21+00:00\" \/>\n<meta property=\"article:modified_time\" content=\"2022-06-18T14:59:22+00:00\" \/>\n<meta property=\"og:image\" content=\"https:\/\/kulturonline.tv\/wp-content\/uploads\/2022\/06\/literatur-edited.jpg\" \/>\n\t<meta property=\"og:image:width\" content=\"599\" \/>\n\t<meta property=\"og:image:height\" content=\"337\" \/>\n\t<meta property=\"og:image:type\" content=\"image\/jpeg\" \/>\n<meta name=\"author\" content=\"guenter.wolfgang\" \/>\n<meta name=\"twitter:card\" content=\"summary_large_image\" \/>\n<meta name=\"twitter:label1\" content=\"Verfasst von\" \/>\n\t<meta name=\"twitter:data1\" content=\"guenter.wolfgang\" \/>\n\t<meta name=\"twitter:label2\" content=\"Gesch\u00e4tzte Lesezeit\" \/>\n\t<meta name=\"twitter:data2\" content=\"4\u00a0Minuten\" \/>\n<script type=\"application\/ld+json\" class=\"yoast-schema-graph\">{\"@context\":\"https:\/\/schema.org\",\"@graph\":[{\"@type\":\"Article\",\"@id\":\"https:\/\/kulturonline.tv\/de\/harald-seubert-philosophische-ansichten\/#article\",\"isPartOf\":{\"@id\":\"https:\/\/kulturonline.tv\/de\/harald-seubert-philosophische-ansichten\/\"},\"author\":{\"name\":\"guenter.wolfgang\",\"@id\":\"https:\/\/kulturonline.tv\/de\/#\/schema\/person\/b0fac729bb9a0c193fb1df23449df4fe\"},\"headline\":\"Harald Seubert &#8211; Philosophische Ansichten\",\"datePublished\":\"2022-06-18T14:59:21+00:00\",\"dateModified\":\"2022-06-18T14:59:22+00:00\",\"mainEntityOfPage\":{\"@id\":\"https:\/\/kulturonline.tv\/de\/harald-seubert-philosophische-ansichten\/\"},\"wordCount\":695,\"publisher\":{\"@id\":\"https:\/\/kulturonline.tv\/de\/#organization\"},\"image\":{\"@id\":\"https:\/\/kulturonline.tv\/de\/harald-seubert-philosophische-ansichten\/#primaryimage\"},\"thumbnailUrl\":\"https:\/\/kulturonline.tv\/wp-content\/uploads\/2022\/06\/literatur-edited.jpg\",\"articleSection\":[\"Literatur\"],\"inLanguage\":\"de\"},{\"@type\":\"WebPage\",\"@id\":\"https:\/\/kulturonline.tv\/de\/harald-seubert-philosophische-ansichten\/\",\"url\":\"https:\/\/kulturonline.tv\/de\/harald-seubert-philosophische-ansichten\/\",\"name\":\"Harald Seubert - Philosophische Ansichten - Kultur Online TV &amp; FM\",\"isPartOf\":{\"@id\":\"https:\/\/kulturonline.tv\/de\/#website\"},\"primaryImageOfPage\":{\"@id\":\"https:\/\/kulturonline.tv\/de\/harald-seubert-philosophische-ansichten\/#primaryimage\"},\"image\":{\"@id\":\"https:\/\/kulturonline.tv\/de\/harald-seubert-philosophische-ansichten\/#primaryimage\"},\"thumbnailUrl\":\"https:\/\/kulturonline.tv\/wp-content\/uploads\/2022\/06\/literatur-edited.jpg\",\"datePublished\":\"2022-06-18T14:59:21+00:00\",\"dateModified\":\"2022-06-18T14:59:22+00:00\",\"description\":\"Philosoph Harald Seubert hat bereits 25 Monografien ver\u00f6ffentlicht, die sich mit verschiedenen Bereichen der Philosophie befassen. Welche Ansichten er vertritt, soll an dieser Stelle erkl\u00e4rt werden.\",\"breadcrumb\":{\"@id\":\"https:\/\/kulturonline.tv\/de\/harald-seubert-philosophische-ansichten\/#breadcrumb\"},\"inLanguage\":\"de\",\"potentialAction\":[{\"@type\":\"ReadAction\",\"target\":[\"https:\/\/kulturonline.tv\/de\/harald-seubert-philosophische-ansichten\/\"]}]},{\"@type\":\"ImageObject\",\"inLanguage\":\"de\",\"@id\":\"https:\/\/kulturonline.tv\/de\/harald-seubert-philosophische-ansichten\/#primaryimage\",\"url\":\"https:\/\/kulturonline.tv\/wp-content\/uploads\/2022\/06\/literatur-edited.jpg\",\"contentUrl\":\"https:\/\/kulturonline.tv\/wp-content\/uploads\/2022\/06\/literatur-edited.jpg\",\"width\":599,\"height\":337},{\"@type\":\"BreadcrumbList\",\"@id\":\"https:\/\/kulturonline.tv\/de\/harald-seubert-philosophische-ansichten\/#breadcrumb\",\"itemListElement\":[{\"@type\":\"ListItem\",\"position\":1,\"name\":\"Startseite\",\"item\":\"https:\/\/kulturonline.tv\/de\/\"},{\"@type\":\"ListItem\",\"position\":2,\"name\":\"Harald Seubert &#8211; Philosophische Ansichten\"}]},{\"@type\":\"WebSite\",\"@id\":\"https:\/\/kulturonline.tv\/de\/#website\",\"url\":\"https:\/\/kulturonline.tv\/de\/\",\"name\":\"Kultur Online TV &amp; FM\",\"description\":\"Wir sind Kultur 2.0 zum sehen &amp; h\u00f6ren\",\"publisher\":{\"@id\":\"https:\/\/kulturonline.tv\/de\/#organization\"},\"potentialAction\":[{\"@type\":\"SearchAction\",\"target\":{\"@type\":\"EntryPoint\",\"urlTemplate\":\"https:\/\/kulturonline.tv\/de\/?s={search_term_string}\"},\"query-input\":{\"@type\":\"PropertyValueSpecification\",\"valueRequired\":true,\"valueName\":\"search_term_string\"}}],\"inLanguage\":\"de\"},{\"@type\":\"Organization\",\"@id\":\"https:\/\/kulturonline.tv\/de\/#organization\",\"name\":\"Kultur Online TV\",\"url\":\"https:\/\/kulturonline.tv\/de\/\",\"logo\":{\"@type\":\"ImageObject\",\"inLanguage\":\"de\",\"@id\":\"https:\/\/kulturonline.tv\/de\/#\/schema\/logo\/image\/\",\"url\":\"https:\/\/kulturonline.tv\/wp-content\/uploads\/2021\/08\/Kultur-Online-Tv-Logo-Endversion-neu.png\",\"contentUrl\":\"https:\/\/kulturonline.tv\/wp-content\/uploads\/2021\/08\/Kultur-Online-Tv-Logo-Endversion-neu.png\",\"width\":200,\"height\":200,\"caption\":\"Kultur Online TV\"},\"image\":{\"@id\":\"https:\/\/kulturonline.tv\/de\/#\/schema\/logo\/image\/\"},\"sameAs\":[\"https:\/\/www.facebook.com\/kulturonline.tv\",\"https:\/\/www.instagram.com\/kulturonline.tv\"]},{\"@type\":\"Person\",\"@id\":\"https:\/\/kulturonline.tv\/de\/#\/schema\/person\/b0fac729bb9a0c193fb1df23449df4fe\",\"name\":\"guenter.wolfgang\"}]}<\/script>\n<!-- \/ Yoast SEO plugin. -->","yoast_head_json":{"title":"Harald Seubert - Philosophische Ansichten - Kultur Online TV &amp; FM","description":"Philosoph Harald Seubert hat bereits 25 Monografien ver\u00f6ffentlicht, die sich mit verschiedenen Bereichen der Philosophie befassen. Welche Ansichten er vertritt, soll an dieser Stelle erkl\u00e4rt werden.","robots":{"index":"index","follow":"follow","max-snippet":"max-snippet:-1","max-image-preview":"max-image-preview:large","max-video-preview":"max-video-preview:-1"},"canonical":"https:\/\/kulturonline.tv\/de\/harald-seubert-philosophische-ansichten\/","og_locale":"de_DE","og_type":"article","og_title":"Harald Seubert - Philosophische Ansichten - Kultur Online TV &amp; FM","og_description":"Philosoph Harald Seubert hat bereits 25 Monografien ver\u00f6ffentlicht, die sich mit verschiedenen Bereichen der Philosophie befassen. Welche Ansichten er vertritt, soll an dieser Stelle erkl\u00e4rt werden.","og_url":"https:\/\/kulturonline.tv\/de\/harald-seubert-philosophische-ansichten\/","og_site_name":"Kultur Online TV &amp; FM","article_publisher":"https:\/\/www.facebook.com\/kulturonline.tv","article_published_time":"2022-06-18T14:59:21+00:00","article_modified_time":"2022-06-18T14:59:22+00:00","og_image":[{"width":599,"height":337,"url":"https:\/\/kulturonline.tv\/wp-content\/uploads\/2022\/06\/literatur-edited.jpg","type":"image\/jpeg"}],"author":"guenter.wolfgang","twitter_card":"summary_large_image","twitter_misc":{"Verfasst von":"guenter.wolfgang","Gesch\u00e4tzte Lesezeit":"4\u00a0Minuten"},"schema":{"@context":"https:\/\/schema.org","@graph":[{"@type":"Article","@id":"https:\/\/kulturonline.tv\/de\/harald-seubert-philosophische-ansichten\/#article","isPartOf":{"@id":"https:\/\/kulturonline.tv\/de\/harald-seubert-philosophische-ansichten\/"},"author":{"name":"guenter.wolfgang","@id":"https:\/\/kulturonline.tv\/de\/#\/schema\/person\/b0fac729bb9a0c193fb1df23449df4fe"},"headline":"Harald Seubert &#8211; Philosophische Ansichten","datePublished":"2022-06-18T14:59:21+00:00","dateModified":"2022-06-18T14:59:22+00:00","mainEntityOfPage":{"@id":"https:\/\/kulturonline.tv\/de\/harald-seubert-philosophische-ansichten\/"},"wordCount":695,"publisher":{"@id":"https:\/\/kulturonline.tv\/de\/#organization"},"image":{"@id":"https:\/\/kulturonline.tv\/de\/harald-seubert-philosophische-ansichten\/#primaryimage"},"thumbnailUrl":"https:\/\/kulturonline.tv\/wp-content\/uploads\/2022\/06\/literatur-edited.jpg","articleSection":["Literatur"],"inLanguage":"de"},{"@type":"WebPage","@id":"https:\/\/kulturonline.tv\/de\/harald-seubert-philosophische-ansichten\/","url":"https:\/\/kulturonline.tv\/de\/harald-seubert-philosophische-ansichten\/","name":"Harald Seubert - Philosophische Ansichten - Kultur Online TV &amp; FM","isPartOf":{"@id":"https:\/\/kulturonline.tv\/de\/#website"},"primaryImageOfPage":{"@id":"https:\/\/kulturonline.tv\/de\/harald-seubert-philosophische-ansichten\/#primaryimage"},"image":{"@id":"https:\/\/kulturonline.tv\/de\/harald-seubert-philosophische-ansichten\/#primaryimage"},"thumbnailUrl":"https:\/\/kulturonline.tv\/wp-content\/uploads\/2022\/06\/literatur-edited.jpg","datePublished":"2022-06-18T14:59:21+00:00","dateModified":"2022-06-18T14:59:22+00:00","description":"Philosoph Harald Seubert hat bereits 25 Monografien ver\u00f6ffentlicht, die sich mit verschiedenen Bereichen der Philosophie befassen. Welche Ansichten er vertritt, soll an dieser Stelle erkl\u00e4rt werden.","breadcrumb":{"@id":"https:\/\/kulturonline.tv\/de\/harald-seubert-philosophische-ansichten\/#breadcrumb"},"inLanguage":"de","potentialAction":[{"@type":"ReadAction","target":["https:\/\/kulturonline.tv\/de\/harald-seubert-philosophische-ansichten\/"]}]},{"@type":"ImageObject","inLanguage":"de","@id":"https:\/\/kulturonline.tv\/de\/harald-seubert-philosophische-ansichten\/#primaryimage","url":"https:\/\/kulturonline.tv\/wp-content\/uploads\/2022\/06\/literatur-edited.jpg","contentUrl":"https:\/\/kulturonline.tv\/wp-content\/uploads\/2022\/06\/literatur-edited.jpg","width":599,"height":337},{"@type":"BreadcrumbList","@id":"https:\/\/kulturonline.tv\/de\/harald-seubert-philosophische-ansichten\/#breadcrumb","itemListElement":[{"@type":"ListItem","position":1,"name":"Startseite","item":"https:\/\/kulturonline.tv\/de\/"},{"@type":"ListItem","position":2,"name":"Harald Seubert &#8211; Philosophische Ansichten"}]},{"@type":"WebSite","@id":"https:\/\/kulturonline.tv\/de\/#website","url":"https:\/\/kulturonline.tv\/de\/","name":"Kultur Online TV &amp; FM","description":"Wir sind Kultur 2.0 zum sehen &amp; h\u00f6ren","publisher":{"@id":"https:\/\/kulturonline.tv\/de\/#organization"},"potentialAction":[{"@type":"SearchAction","target":{"@type":"EntryPoint","urlTemplate":"https:\/\/kulturonline.tv\/de\/?s={search_term_string}"},"query-input":{"@type":"PropertyValueSpecification","valueRequired":true,"valueName":"search_term_string"}}],"inLanguage":"de"},{"@type":"Organization","@id":"https:\/\/kulturonline.tv\/de\/#organization","name":"Kultur Online TV","url":"https:\/\/kulturonline.tv\/de\/","logo":{"@type":"ImageObject","inLanguage":"de","@id":"https:\/\/kulturonline.tv\/de\/#\/schema\/logo\/image\/","url":"https:\/\/kulturonline.tv\/wp-content\/uploads\/2021\/08\/Kultur-Online-Tv-Logo-Endversion-neu.png","contentUrl":"https:\/\/kulturonline.tv\/wp-content\/uploads\/2021\/08\/Kultur-Online-Tv-Logo-Endversion-neu.png","width":200,"height":200,"caption":"Kultur Online TV"},"image":{"@id":"https:\/\/kulturonline.tv\/de\/#\/schema\/logo\/image\/"},"sameAs":["https:\/\/www.facebook.com\/kulturonline.tv","https:\/\/www.instagram.com\/kulturonline.tv"]},{"@type":"Person","@id":"https:\/\/kulturonline.tv\/de\/#\/schema\/person\/b0fac729bb9a0c193fb1df23449df4fe","name":"guenter.wolfgang"}]}},"_links":{"self":[{"href":"https:\/\/kulturonline.tv\/de\/wp-json\/wp\/v2\/posts\/30095","targetHints":{"allow":["GET"]}}],"collection":[{"href":"https:\/\/kulturonline.tv\/de\/wp-json\/wp\/v2\/posts"}],"about":[{"href":"https:\/\/kulturonline.tv\/de\/wp-json\/wp\/v2\/types\/post"}],"author":[{"embeddable":true,"href":"https:\/\/kulturonline.tv\/de\/wp-json\/wp\/v2\/users\/2"}],"replies":[{"embeddable":true,"href":"https:\/\/kulturonline.tv\/de\/wp-json\/wp\/v2\/comments?post=30095"}],"version-history":[{"count":0,"href":"https:\/\/kulturonline.tv\/de\/wp-json\/wp\/v2\/posts\/30095\/revisions"}],"wp:featuredmedia":[{"embeddable":true,"href":"https:\/\/kulturonline.tv\/de\/wp-json\/wp\/v2\/media\/30098"}],"wp:attachment":[{"href":"https:\/\/kulturonline.tv\/de\/wp-json\/wp\/v2\/media?parent=30095"}],"wp:term":[{"taxonomy":"category","embeddable":true,"href":"https:\/\/kulturonline.tv\/de\/wp-json\/wp\/v2\/categories?post=30095"},{"taxonomy":"post_tag","embeddable":true,"href":"https:\/\/kulturonline.tv\/de\/wp-json\/wp\/v2\/tags?post=30095"}],"curies":[{"name":"wp","href":"https:\/\/api.w.org\/{rel}","templated":true}]}}