{"id":30114,"date":"2022-06-18T19:21:05","date_gmt":"2022-06-18T17:21:05","guid":{"rendered":"https:\/\/kulturonline.tv\/?p=30114"},"modified":"2025-06-13T23:12:23","modified_gmt":"2025-06-13T21:12:23","slug":"kunstmesse-art-basel-im-gespraech-mit-mathias-rastdorfer-von-der-galerie-gmurzynska","status":"publish","type":"post","link":"https:\/\/kulturonline.tv\/de\/kunstmesse-art-basel-im-gespraech-mit-mathias-rastdorfer-von-der-galerie-gmurzynska\/","title":{"rendered":"Kunstmesse Art Basel: Im Gespr\u00e4ch mit Mathias Rastdorfer von der Galerie Gmurzynska"},"content":{"rendered":"\n<p>Die Art Basel ist eine internationale Kunstmesse. mit mehr als 280 f\u00fchrenden Galerien aus \u00fcber 30 L\u00e4ndern und zeigt moderne und zeitgen\u00f6ssische Kunst des 20. und 21. Jahrhundert.<\/p>\n\n\n\n<figure class=\"wp-block-image size-full is-resized\"><img decoding=\"async\" src=\"https:\/\/kulturonline.tv\/wp-content\/uploads\/2022\/06\/rast-edited.jpg\" alt=\"\" class=\"wp-image-30117\" width=\"839\"\/><\/figure>\n\n\n\n<p>Die Kunstmesse Art Basel bietet wieder einen florierenden Kunstmarkt mit Galerien aus aller Welt. P\u00fcnktlich dazu punktet die Galerie Gmurzynska mit einem einzigarten Werk: eine Skulptur von Pablo Picassos linker Hand, die 1937 im selben Jahr wie Guernica entstand. Sie ist das einzige bekannte Exemplar einer modellierten Skulptur von Picassos linker Handfl\u00e4che im gesamten \u0152uvre Picassos, in dem die Hand ein wiederkehrendes Motiv sowohl in Gem\u00e4lden und Skulpturen ist. Neben diesem bahnbrechenden Werk in Picassos Schaffen dokumentiert die Ausstellung die gro\u00dfe Bandbreite an Stilen und Techniken, die Picasso im Laufe seines Lebens verwendete, indem sie wichtige Gem\u00e4lde in \u00d6l auf Leinwand oder als Fresko ebenso wie Papierarbeiten in Tusche und Gouache zeigt.<\/p>\n\n\n\n<div class=\"wp-block-media-text alignwide is-stacked-on-mobile\"><figure class=\"wp-block-media-text__media\"><img fetchpriority=\"high\" decoding=\"async\" width=\"1080\" height=\"1080\" src=\"https:\/\/kulturonline.tv\/wp-content\/uploads\/2022\/06\/Art-Basel-Kultur-Online-TV.jpg\" alt=\"\" class=\"wp-image-30119 size-full\" srcset=\"https:\/\/kulturonline.tv\/wp-content\/uploads\/2022\/06\/Art-Basel-Kultur-Online-TV.jpg 1080w, https:\/\/kulturonline.tv\/wp-content\/uploads\/2022\/06\/Art-Basel-Kultur-Online-TV-300x300.jpg 300w, https:\/\/kulturonline.tv\/wp-content\/uploads\/2022\/06\/Art-Basel-Kultur-Online-TV-100x100.jpg 100w, https:\/\/kulturonline.tv\/wp-content\/uploads\/2022\/06\/Art-Basel-Kultur-Online-TV-600x600.jpg 600w, https:\/\/kulturonline.tv\/wp-content\/uploads\/2022\/06\/Art-Basel-Kultur-Online-TV-800x800.jpg 800w, https:\/\/kulturonline.tv\/wp-content\/uploads\/2022\/06\/Art-Basel-Kultur-Online-TV-500x500.jpg 500w, https:\/\/kulturonline.tv\/wp-content\/uploads\/2022\/06\/Art-Basel-Kultur-Online-TV-768x768.jpg 768w\" sizes=\"(max-width: 1080px) 100vw, 1080px\" \/><\/figure><div class=\"wp-block-media-text__content\">\n<p class=\"has-large-font-size\"><\/p>\n<\/div><\/div>\n\n\n\n<figure class=\"wp-block-audio\"><audio controls src=\"https:\/\/kulturonline.tv\/wp-content\/uploads\/2022\/06\/Art-Basel-.mp3\"><\/audio><figcaption>\u00a9 Kultur Online TV I FM<\/figcaption><\/figure>\n\n\n\n<p><em><strong>Kultur Online FM G\u00fcnter Wolfgang<\/strong><\/em> <em><strong>im Gespr\u00e4ch <\/strong><\/em><strong><em>mit Mathias Rastorfer Galerie Gmurzynska aus Z\u00fcrich<\/em><\/strong><\/p>\n\n\n\n<p>Mathias Rastorfer z\u00e4hlt zu den Topgaleristen der Welt, kennt und kannte die besten K\u00fcnstler der Welt pers\u00f6nlich wie Basquiat , oder Andy Warhol.<\/p>\n\n\n\n<p>Kultur Online TV<\/p>\n\n\n\n<p>#kunst #kultur #news<\/p>\n","protected":false},"excerpt":{"rendered":"<p>Die Art Basel ist eine internationale Kunstmesse. mit mehr als 280 f\u00fchrenden Galerien aus \u00fcber 30 L\u00e4ndern und zeigt moderne und zeitgen\u00f6ssische Kunst des 20. und 21. Jahrhundert. Die Kunstmesse Art Basel bietet wieder einen florierenden Kunstmarkt mit Galerien aus aller Welt. P\u00fcnktlich dazu punktet die Galerie Gmurzynska mit einem einzigarten Werk: eine Skulptur von [&hellip;]<\/p>\n","protected":false},"author":2,"featured_media":30117,"comment_status":"closed","ping_status":"closed","sticky":false,"template":"","format":"standard","meta":{"_acf_changed":false,"footnotes":""},"categories":[789],"tags":[],"class_list":["post-30114","post","type-post","status-publish","format-standard","has-post-thumbnail","hentry","category-audiothek-im-gespraech"],"acf":[],"yoast_head":"<!-- This site is optimized with the Yoast SEO plugin v26.1.1 - https:\/\/yoast.com\/wordpress\/plugins\/seo\/ -->\n<title>Kunstmesse Art Basel: Im Gespr\u00e4ch mit Mathias Rastdorfer von der Galerie Gmurzynska - Kultur Online TV &amp; FM<\/title>\n<meta name=\"description\" content=\"Kultur sehen und H\u00f6ren\" \/>\n<meta name=\"robots\" content=\"index, follow, max-snippet:-1, max-image-preview:large, max-video-preview:-1\" \/>\n<link rel=\"canonical\" href=\"https:\/\/kulturonline.tv\/de\/kunstmesse-art-basel-im-gespraech-mit-mathias-rastdorfer-von-der-galerie-gmurzynska\/\" \/>\n<meta property=\"og:locale\" content=\"de_DE\" \/>\n<meta property=\"og:type\" content=\"article\" \/>\n<meta property=\"og:title\" content=\"Kunstmesse Art Basel: Im Gespr\u00e4ch mit Mathias Rastdorfer von der Galerie Gmurzynska - Kultur Online TV &amp; FM\" \/>\n<meta property=\"og:description\" content=\"Kultur sehen und H\u00f6ren\" \/>\n<meta property=\"og:url\" content=\"https:\/\/kulturonline.tv\/de\/kunstmesse-art-basel-im-gespraech-mit-mathias-rastdorfer-von-der-galerie-gmurzynska\/\" \/>\n<meta property=\"og:site_name\" content=\"Kultur Online TV &amp; FM\" \/>\n<meta property=\"article:publisher\" content=\"https:\/\/www.facebook.com\/kulturonline.tv\" \/>\n<meta property=\"article:published_time\" content=\"2022-06-18T17:21:05+00:00\" \/>\n<meta property=\"article:modified_time\" content=\"2025-06-13T21:12:23+00:00\" \/>\n<meta property=\"og:image\" content=\"https:\/\/kulturonline.tv\/wp-content\/uploads\/2022\/06\/rast-edited.jpg\" \/>\n\t<meta property=\"og:image:width\" content=\"400\" \/>\n\t<meta property=\"og:image:height\" content=\"225\" \/>\n\t<meta property=\"og:image:type\" content=\"image\/jpeg\" \/>\n<meta name=\"author\" content=\"guenter.wolfgang\" \/>\n<meta name=\"twitter:card\" content=\"summary_large_image\" \/>\n<meta name=\"twitter:label1\" content=\"Verfasst von\" \/>\n\t<meta name=\"twitter:data1\" content=\"guenter.wolfgang\" \/>\n\t<meta name=\"twitter:label2\" content=\"Gesch\u00e4tzte Lesezeit\" \/>\n\t<meta name=\"twitter:data2\" content=\"2\u00a0Minuten\" \/>\n<script type=\"application\/ld+json\" class=\"yoast-schema-graph\">{\"@context\":\"https:\/\/schema.org\",\"@graph\":[{\"@type\":\"Article\",\"@id\":\"https:\/\/kulturonline.tv\/de\/kunstmesse-art-basel-im-gespraech-mit-mathias-rastdorfer-von-der-galerie-gmurzynska\/#article\",\"isPartOf\":{\"@id\":\"https:\/\/kulturonline.tv\/de\/kunstmesse-art-basel-im-gespraech-mit-mathias-rastdorfer-von-der-galerie-gmurzynska\/\"},\"author\":{\"name\":\"guenter.wolfgang\",\"@id\":\"https:\/\/kulturonline.tv\/de\/#\/schema\/person\/b0fac729bb9a0c193fb1df23449df4fe\"},\"headline\":\"Kunstmesse Art Basel: Im Gespr\u00e4ch mit Mathias Rastdorfer von der Galerie Gmurzynska\",\"datePublished\":\"2022-06-18T17:21:05+00:00\",\"dateModified\":\"2025-06-13T21:12:23+00:00\",\"mainEntityOfPage\":{\"@id\":\"https:\/\/kulturonline.tv\/de\/kunstmesse-art-basel-im-gespraech-mit-mathias-rastdorfer-von-der-galerie-gmurzynska\/\"},\"wordCount\":209,\"publisher\":{\"@id\":\"https:\/\/kulturonline.tv\/de\/#organization\"},\"image\":{\"@id\":\"https:\/\/kulturonline.tv\/de\/kunstmesse-art-basel-im-gespraech-mit-mathias-rastdorfer-von-der-galerie-gmurzynska\/#primaryimage\"},\"thumbnailUrl\":\"https:\/\/kulturonline.tv\/wp-content\/uploads\/2022\/06\/rast-edited.jpg\",\"articleSection\":[\"Audiothek im Gespr\u00e4ch\"],\"inLanguage\":\"de\"},{\"@type\":\"WebPage\",\"@id\":\"https:\/\/kulturonline.tv\/de\/kunstmesse-art-basel-im-gespraech-mit-mathias-rastdorfer-von-der-galerie-gmurzynska\/\",\"url\":\"https:\/\/kulturonline.tv\/de\/kunstmesse-art-basel-im-gespraech-mit-mathias-rastdorfer-von-der-galerie-gmurzynska\/\",\"name\":\"Kunstmesse Art Basel: Im Gespr\u00e4ch mit Mathias Rastdorfer von der Galerie Gmurzynska - Kultur Online TV &amp; FM\",\"isPartOf\":{\"@id\":\"https:\/\/kulturonline.tv\/de\/#website\"},\"primaryImageOfPage\":{\"@id\":\"https:\/\/kulturonline.tv\/de\/kunstmesse-art-basel-im-gespraech-mit-mathias-rastdorfer-von-der-galerie-gmurzynska\/#primaryimage\"},\"image\":{\"@id\":\"https:\/\/kulturonline.tv\/de\/kunstmesse-art-basel-im-gespraech-mit-mathias-rastdorfer-von-der-galerie-gmurzynska\/#primaryimage\"},\"thumbnailUrl\":\"https:\/\/kulturonline.tv\/wp-content\/uploads\/2022\/06\/rast-edited.jpg\",\"datePublished\":\"2022-06-18T17:21:05+00:00\",\"dateModified\":\"2025-06-13T21:12:23+00:00\",\"description\":\"Kultur sehen und H\u00f6ren\",\"breadcrumb\":{\"@id\":\"https:\/\/kulturonline.tv\/de\/kunstmesse-art-basel-im-gespraech-mit-mathias-rastdorfer-von-der-galerie-gmurzynska\/#breadcrumb\"},\"inLanguage\":\"de\",\"potentialAction\":[{\"@type\":\"ReadAction\",\"target\":[\"https:\/\/kulturonline.tv\/de\/kunstmesse-art-basel-im-gespraech-mit-mathias-rastdorfer-von-der-galerie-gmurzynska\/\"]}]},{\"@type\":\"ImageObject\",\"inLanguage\":\"de\",\"@id\":\"https:\/\/kulturonline.tv\/de\/kunstmesse-art-basel-im-gespraech-mit-mathias-rastdorfer-von-der-galerie-gmurzynska\/#primaryimage\",\"url\":\"https:\/\/kulturonline.tv\/wp-content\/uploads\/2022\/06\/rast-edited.jpg\",\"contentUrl\":\"https:\/\/kulturonline.tv\/wp-content\/uploads\/2022\/06\/rast-edited.jpg\",\"width\":400,\"height\":225},{\"@type\":\"BreadcrumbList\",\"@id\":\"https:\/\/kulturonline.tv\/de\/kunstmesse-art-basel-im-gespraech-mit-mathias-rastdorfer-von-der-galerie-gmurzynska\/#breadcrumb\",\"itemListElement\":[{\"@type\":\"ListItem\",\"position\":1,\"name\":\"Startseite\",\"item\":\"https:\/\/kulturonline.tv\/de\/\"},{\"@type\":\"ListItem\",\"position\":2,\"name\":\"Kunstmesse Art Basel: Im Gespr\u00e4ch mit Mathias Rastdorfer von der Galerie Gmurzynska\"}]},{\"@type\":\"WebSite\",\"@id\":\"https:\/\/kulturonline.tv\/de\/#website\",\"url\":\"https:\/\/kulturonline.tv\/de\/\",\"name\":\"Kultur Online TV &amp; FM\",\"description\":\"Wir sind Kultur 2.0 zum sehen &amp; h\u00f6ren\",\"publisher\":{\"@id\":\"https:\/\/kulturonline.tv\/de\/#organization\"},\"potentialAction\":[{\"@type\":\"SearchAction\",\"target\":{\"@type\":\"EntryPoint\",\"urlTemplate\":\"https:\/\/kulturonline.tv\/de\/?s={search_term_string}\"},\"query-input\":{\"@type\":\"PropertyValueSpecification\",\"valueRequired\":true,\"valueName\":\"search_term_string\"}}],\"inLanguage\":\"de\"},{\"@type\":\"Organization\",\"@id\":\"https:\/\/kulturonline.tv\/de\/#organization\",\"name\":\"Kultur Online TV\",\"url\":\"https:\/\/kulturonline.tv\/de\/\",\"logo\":{\"@type\":\"ImageObject\",\"inLanguage\":\"de\",\"@id\":\"https:\/\/kulturonline.tv\/de\/#\/schema\/logo\/image\/\",\"url\":\"https:\/\/kulturonline.tv\/wp-content\/uploads\/2021\/08\/Kultur-Online-Tv-Logo-Endversion-neu.png\",\"contentUrl\":\"https:\/\/kulturonline.tv\/wp-content\/uploads\/2021\/08\/Kultur-Online-Tv-Logo-Endversion-neu.png\",\"width\":200,\"height\":200,\"caption\":\"Kultur Online TV\"},\"image\":{\"@id\":\"https:\/\/kulturonline.tv\/de\/#\/schema\/logo\/image\/\"},\"sameAs\":[\"https:\/\/www.facebook.com\/kulturonline.tv\",\"https:\/\/www.instagram.com\/kulturonline.tv\"]},{\"@type\":\"Person\",\"@id\":\"https:\/\/kulturonline.tv\/de\/#\/schema\/person\/b0fac729bb9a0c193fb1df23449df4fe\",\"name\":\"guenter.wolfgang\"}]}<\/script>\n<!-- \/ Yoast SEO plugin. -->","yoast_head_json":{"title":"Kunstmesse Art Basel: Im Gespr\u00e4ch mit Mathias Rastdorfer von der Galerie Gmurzynska - Kultur Online TV &amp; FM","description":"Kultur sehen und H\u00f6ren","robots":{"index":"index","follow":"follow","max-snippet":"max-snippet:-1","max-image-preview":"max-image-preview:large","max-video-preview":"max-video-preview:-1"},"canonical":"https:\/\/kulturonline.tv\/de\/kunstmesse-art-basel-im-gespraech-mit-mathias-rastdorfer-von-der-galerie-gmurzynska\/","og_locale":"de_DE","og_type":"article","og_title":"Kunstmesse Art Basel: Im Gespr\u00e4ch mit Mathias Rastdorfer von der Galerie Gmurzynska - Kultur Online TV &amp; FM","og_description":"Kultur sehen und H\u00f6ren","og_url":"https:\/\/kulturonline.tv\/de\/kunstmesse-art-basel-im-gespraech-mit-mathias-rastdorfer-von-der-galerie-gmurzynska\/","og_site_name":"Kultur Online TV &amp; FM","article_publisher":"https:\/\/www.facebook.com\/kulturonline.tv","article_published_time":"2022-06-18T17:21:05+00:00","article_modified_time":"2025-06-13T21:12:23+00:00","og_image":[{"width":400,"height":225,"url":"https:\/\/kulturonline.tv\/wp-content\/uploads\/2022\/06\/rast-edited.jpg","type":"image\/jpeg"}],"author":"guenter.wolfgang","twitter_card":"summary_large_image","twitter_misc":{"Verfasst von":"guenter.wolfgang","Gesch\u00e4tzte Lesezeit":"2\u00a0Minuten"},"schema":{"@context":"https:\/\/schema.org","@graph":[{"@type":"Article","@id":"https:\/\/kulturonline.tv\/de\/kunstmesse-art-basel-im-gespraech-mit-mathias-rastdorfer-von-der-galerie-gmurzynska\/#article","isPartOf":{"@id":"https:\/\/kulturonline.tv\/de\/kunstmesse-art-basel-im-gespraech-mit-mathias-rastdorfer-von-der-galerie-gmurzynska\/"},"author":{"name":"guenter.wolfgang","@id":"https:\/\/kulturonline.tv\/de\/#\/schema\/person\/b0fac729bb9a0c193fb1df23449df4fe"},"headline":"Kunstmesse Art Basel: Im Gespr\u00e4ch mit Mathias Rastdorfer von der Galerie Gmurzynska","datePublished":"2022-06-18T17:21:05+00:00","dateModified":"2025-06-13T21:12:23+00:00","mainEntityOfPage":{"@id":"https:\/\/kulturonline.tv\/de\/kunstmesse-art-basel-im-gespraech-mit-mathias-rastdorfer-von-der-galerie-gmurzynska\/"},"wordCount":209,"publisher":{"@id":"https:\/\/kulturonline.tv\/de\/#organization"},"image":{"@id":"https:\/\/kulturonline.tv\/de\/kunstmesse-art-basel-im-gespraech-mit-mathias-rastdorfer-von-der-galerie-gmurzynska\/#primaryimage"},"thumbnailUrl":"https:\/\/kulturonline.tv\/wp-content\/uploads\/2022\/06\/rast-edited.jpg","articleSection":["Audiothek im Gespr\u00e4ch"],"inLanguage":"de"},{"@type":"WebPage","@id":"https:\/\/kulturonline.tv\/de\/kunstmesse-art-basel-im-gespraech-mit-mathias-rastdorfer-von-der-galerie-gmurzynska\/","url":"https:\/\/kulturonline.tv\/de\/kunstmesse-art-basel-im-gespraech-mit-mathias-rastdorfer-von-der-galerie-gmurzynska\/","name":"Kunstmesse Art Basel: Im Gespr\u00e4ch mit Mathias Rastdorfer von der Galerie Gmurzynska - Kultur Online TV &amp; FM","isPartOf":{"@id":"https:\/\/kulturonline.tv\/de\/#website"},"primaryImageOfPage":{"@id":"https:\/\/kulturonline.tv\/de\/kunstmesse-art-basel-im-gespraech-mit-mathias-rastdorfer-von-der-galerie-gmurzynska\/#primaryimage"},"image":{"@id":"https:\/\/kulturonline.tv\/de\/kunstmesse-art-basel-im-gespraech-mit-mathias-rastdorfer-von-der-galerie-gmurzynska\/#primaryimage"},"thumbnailUrl":"https:\/\/kulturonline.tv\/wp-content\/uploads\/2022\/06\/rast-edited.jpg","datePublished":"2022-06-18T17:21:05+00:00","dateModified":"2025-06-13T21:12:23+00:00","description":"Kultur sehen und H\u00f6ren","breadcrumb":{"@id":"https:\/\/kulturonline.tv\/de\/kunstmesse-art-basel-im-gespraech-mit-mathias-rastdorfer-von-der-galerie-gmurzynska\/#breadcrumb"},"inLanguage":"de","potentialAction":[{"@type":"ReadAction","target":["https:\/\/kulturonline.tv\/de\/kunstmesse-art-basel-im-gespraech-mit-mathias-rastdorfer-von-der-galerie-gmurzynska\/"]}]},{"@type":"ImageObject","inLanguage":"de","@id":"https:\/\/kulturonline.tv\/de\/kunstmesse-art-basel-im-gespraech-mit-mathias-rastdorfer-von-der-galerie-gmurzynska\/#primaryimage","url":"https:\/\/kulturonline.tv\/wp-content\/uploads\/2022\/06\/rast-edited.jpg","contentUrl":"https:\/\/kulturonline.tv\/wp-content\/uploads\/2022\/06\/rast-edited.jpg","width":400,"height":225},{"@type":"BreadcrumbList","@id":"https:\/\/kulturonline.tv\/de\/kunstmesse-art-basel-im-gespraech-mit-mathias-rastdorfer-von-der-galerie-gmurzynska\/#breadcrumb","itemListElement":[{"@type":"ListItem","position":1,"name":"Startseite","item":"https:\/\/kulturonline.tv\/de\/"},{"@type":"ListItem","position":2,"name":"Kunstmesse Art Basel: Im Gespr\u00e4ch mit Mathias Rastdorfer von der Galerie Gmurzynska"}]},{"@type":"WebSite","@id":"https:\/\/kulturonline.tv\/de\/#website","url":"https:\/\/kulturonline.tv\/de\/","name":"Kultur Online TV &amp; FM","description":"Wir sind Kultur 2.0 zum sehen &amp; h\u00f6ren","publisher":{"@id":"https:\/\/kulturonline.tv\/de\/#organization"},"potentialAction":[{"@type":"SearchAction","target":{"@type":"EntryPoint","urlTemplate":"https:\/\/kulturonline.tv\/de\/?s={search_term_string}"},"query-input":{"@type":"PropertyValueSpecification","valueRequired":true,"valueName":"search_term_string"}}],"inLanguage":"de"},{"@type":"Organization","@id":"https:\/\/kulturonline.tv\/de\/#organization","name":"Kultur Online TV","url":"https:\/\/kulturonline.tv\/de\/","logo":{"@type":"ImageObject","inLanguage":"de","@id":"https:\/\/kulturonline.tv\/de\/#\/schema\/logo\/image\/","url":"https:\/\/kulturonline.tv\/wp-content\/uploads\/2021\/08\/Kultur-Online-Tv-Logo-Endversion-neu.png","contentUrl":"https:\/\/kulturonline.tv\/wp-content\/uploads\/2021\/08\/Kultur-Online-Tv-Logo-Endversion-neu.png","width":200,"height":200,"caption":"Kultur Online TV"},"image":{"@id":"https:\/\/kulturonline.tv\/de\/#\/schema\/logo\/image\/"},"sameAs":["https:\/\/www.facebook.com\/kulturonline.tv","https:\/\/www.instagram.com\/kulturonline.tv"]},{"@type":"Person","@id":"https:\/\/kulturonline.tv\/de\/#\/schema\/person\/b0fac729bb9a0c193fb1df23449df4fe","name":"guenter.wolfgang"}]}},"_links":{"self":[{"href":"https:\/\/kulturonline.tv\/de\/wp-json\/wp\/v2\/posts\/30114","targetHints":{"allow":["GET"]}}],"collection":[{"href":"https:\/\/kulturonline.tv\/de\/wp-json\/wp\/v2\/posts"}],"about":[{"href":"https:\/\/kulturonline.tv\/de\/wp-json\/wp\/v2\/types\/post"}],"author":[{"embeddable":true,"href":"https:\/\/kulturonline.tv\/de\/wp-json\/wp\/v2\/users\/2"}],"replies":[{"embeddable":true,"href":"https:\/\/kulturonline.tv\/de\/wp-json\/wp\/v2\/comments?post=30114"}],"version-history":[{"count":1,"href":"https:\/\/kulturonline.tv\/de\/wp-json\/wp\/v2\/posts\/30114\/revisions"}],"predecessor-version":[{"id":110498,"href":"https:\/\/kulturonline.tv\/de\/wp-json\/wp\/v2\/posts\/30114\/revisions\/110498"}],"wp:featuredmedia":[{"embeddable":true,"href":"https:\/\/kulturonline.tv\/de\/wp-json\/wp\/v2\/media\/30117"}],"wp:attachment":[{"href":"https:\/\/kulturonline.tv\/de\/wp-json\/wp\/v2\/media?parent=30114"}],"wp:term":[{"taxonomy":"category","embeddable":true,"href":"https:\/\/kulturonline.tv\/de\/wp-json\/wp\/v2\/categories?post=30114"},{"taxonomy":"post_tag","embeddable":true,"href":"https:\/\/kulturonline.tv\/de\/wp-json\/wp\/v2\/tags?post=30114"}],"curies":[{"name":"wp","href":"https:\/\/api.w.org\/{rel}","templated":true}]}}