{"id":30252,"date":"2022-06-27T08:36:51","date_gmt":"2022-06-27T06:36:51","guid":{"rendered":"https:\/\/kulturonline.tv\/?p=30252"},"modified":"2022-06-27T08:36:51","modified_gmt":"2022-06-27T06:36:51","slug":"malerin-miriam-cahn-mit-rubenspreis-geehrt","status":"publish","type":"post","link":"https:\/\/kulturonline.tv\/de\/malerin-miriam-cahn-mit-rubenspreis-geehrt\/","title":{"rendered":"Malerin Miriam Cahn mit Rubenspreis geehrt"},"content":{"rendered":"\n<p>Die 72-J\u00e4hrige erhielt die mit 25.000 Euro dotierte Auszeichnung nach Angaben der Jury f\u00fcr ihr eigensinniges malerisches Lebenswerk das andere k\u00fcnstlerische Formen wie das Schreiben, Fotografieren, Filmen oder skulpturales Arbeiten einbeziehe.<\/p>\n\n\n\n<figure class=\"wp-block-embed is-type-video is-provider-youtube wp-block-embed-youtube wp-embed-aspect-16-9 wp-has-aspect-ratio\"><div class=\"wp-block-embed__wrapper\">\n<iframe title=\"K\u00f6rper, Sex und Feminismus \u2014 Miriam Cahn. Ich als Mensch\" width=\"800\" height=\"450\" src=\"https:\/\/www.youtube.com\/embed\/AU6XPqUKCvA?feature=oembed\" frameborder=\"0\" allow=\"accelerometer; autoplay; clipboard-write; encrypted-media; gyroscope; picture-in-picture; web-share\" referrerpolicy=\"strict-origin-when-cross-origin\" allowfullscreen><\/iframe>\n<\/div><\/figure>\n\n\n\n<p>Cahn setze ihr K\u00f6nnen ein, um lautstarke Botschaften zu senden und auf gesellschaftliche Missst\u00e4nde aufmerksam zu machen. Anl\u00e4sslich der Preisverleihung ist eine Sonderausstellung zu ihrem Schaffen im Siegener Museum f\u00fcr Gegenwartskunst er\u00f6ffnet worden.<\/p>\n\n\n\n<p>Kultur Online TV<\/p>\n\n\n\n<p>#news #kunst #kultur<\/p>\n","protected":false},"excerpt":{"rendered":"<p>Die 72-J\u00e4hrige erhielt die mit 25.000 Euro dotierte Auszeichnung nach Angaben der Jury f\u00fcr ihr eigensinniges malerisches Lebenswerk das andere k\u00fcnstlerische Formen wie das Schreiben, Fotografieren, Filmen oder skulpturales Arbeiten einbeziehe. Cahn setze ihr K\u00f6nnen ein, um lautstarke Botschaften zu senden und auf gesellschaftliche Missst\u00e4nde aufmerksam zu machen. Anl\u00e4sslich der Preisverleihung ist eine Sonderausstellung zu [&hellip;]<\/p>\n","protected":false},"author":2,"featured_media":30257,"comment_status":"closed","ping_status":"closed","sticky":false,"template":"","format":"standard","meta":{"_acf_changed":false,"footnotes":""},"categories":[107],"tags":[],"class_list":["post-30252","post","type-post","status-publish","format-standard","has-post-thumbnail","hentry","category-kunst"],"acf":[],"yoast_head":"<!-- This site is optimized with the Yoast SEO plugin v26.1.1 - https:\/\/yoast.com\/wordpress\/plugins\/seo\/ -->\n<title>Malerin Miriam Cahn mit Rubenspreis geehrt - Kultur Online TV &amp; FM<\/title>\n<meta name=\"description\" content=\"Die 72-J\u00e4hrige erhielt die mit 25.000 Euro dotierte Auszeichnung nach Angaben der Jury f\u00fcr ihr eigensinniges malerisches Lebenswerk das andere k\u00fcnstlerische Formen wie das Schreiben, Fotografieren, Filmen oder skulpturales Arbeiten einbeziehe.\" \/>\n<meta name=\"robots\" content=\"index, follow, max-snippet:-1, max-image-preview:large, max-video-preview:-1\" \/>\n<link rel=\"canonical\" href=\"https:\/\/kulturonline.tv\/de\/malerin-miriam-cahn-mit-rubenspreis-geehrt\/\" \/>\n<meta property=\"og:locale\" content=\"de_DE\" \/>\n<meta property=\"og:type\" content=\"article\" \/>\n<meta property=\"og:title\" content=\"Malerin Miriam Cahn mit Rubenspreis geehrt - Kultur Online TV &amp; FM\" \/>\n<meta property=\"og:description\" content=\"Die 72-J\u00e4hrige erhielt die mit 25.000 Euro dotierte Auszeichnung nach Angaben der Jury f\u00fcr ihr eigensinniges malerisches Lebenswerk das andere k\u00fcnstlerische Formen wie das Schreiben, Fotografieren, Filmen oder skulpturales Arbeiten einbeziehe.\" \/>\n<meta property=\"og:url\" content=\"https:\/\/kulturonline.tv\/de\/malerin-miriam-cahn-mit-rubenspreis-geehrt\/\" \/>\n<meta property=\"og:site_name\" content=\"Kultur Online TV &amp; FM\" \/>\n<meta property=\"article:publisher\" content=\"https:\/\/www.facebook.com\/kulturonline.tv\" \/>\n<meta property=\"article:published_time\" content=\"2022-06-27T06:36:51+00:00\" \/>\n<meta property=\"og:image\" content=\"https:\/\/kulturonline.tv\/wp-content\/uploads\/2022\/06\/kunst-1-edited.png\" \/>\n\t<meta property=\"og:image:width\" content=\"587\" \/>\n\t<meta property=\"og:image:height\" content=\"330\" \/>\n\t<meta property=\"og:image:type\" content=\"image\/png\" \/>\n<meta name=\"author\" content=\"guenter.wolfgang\" \/>\n<meta name=\"twitter:card\" content=\"summary_large_image\" \/>\n<meta name=\"twitter:label1\" content=\"Verfasst von\" \/>\n\t<meta name=\"twitter:data1\" content=\"guenter.wolfgang\" \/>\n\t<meta name=\"twitter:label2\" content=\"Gesch\u00e4tzte Lesezeit\" \/>\n\t<meta name=\"twitter:data2\" content=\"1\u00a0Minute\" \/>\n<script type=\"application\/ld+json\" class=\"yoast-schema-graph\">{\"@context\":\"https:\/\/schema.org\",\"@graph\":[{\"@type\":\"Article\",\"@id\":\"https:\/\/kulturonline.tv\/de\/malerin-miriam-cahn-mit-rubenspreis-geehrt\/#article\",\"isPartOf\":{\"@id\":\"https:\/\/kulturonline.tv\/de\/malerin-miriam-cahn-mit-rubenspreis-geehrt\/\"},\"author\":{\"name\":\"guenter.wolfgang\",\"@id\":\"https:\/\/kulturonline.tv\/de\/#\/schema\/person\/b0fac729bb9a0c193fb1df23449df4fe\"},\"headline\":\"Malerin Miriam Cahn mit Rubenspreis geehrt\",\"datePublished\":\"2022-06-27T06:36:51+00:00\",\"mainEntityOfPage\":{\"@id\":\"https:\/\/kulturonline.tv\/de\/malerin-miriam-cahn-mit-rubenspreis-geehrt\/\"},\"wordCount\":91,\"publisher\":{\"@id\":\"https:\/\/kulturonline.tv\/de\/#organization\"},\"image\":{\"@id\":\"https:\/\/kulturonline.tv\/de\/malerin-miriam-cahn-mit-rubenspreis-geehrt\/#primaryimage\"},\"thumbnailUrl\":\"https:\/\/kulturonline.tv\/wp-content\/uploads\/2022\/06\/kunst-1-edited.png\",\"articleSection\":[\"Kunst\"],\"inLanguage\":\"de\"},{\"@type\":\"WebPage\",\"@id\":\"https:\/\/kulturonline.tv\/de\/malerin-miriam-cahn-mit-rubenspreis-geehrt\/\",\"url\":\"https:\/\/kulturonline.tv\/de\/malerin-miriam-cahn-mit-rubenspreis-geehrt\/\",\"name\":\"Malerin Miriam Cahn mit Rubenspreis geehrt - Kultur Online TV &amp; FM\",\"isPartOf\":{\"@id\":\"https:\/\/kulturonline.tv\/de\/#website\"},\"primaryImageOfPage\":{\"@id\":\"https:\/\/kulturonline.tv\/de\/malerin-miriam-cahn-mit-rubenspreis-geehrt\/#primaryimage\"},\"image\":{\"@id\":\"https:\/\/kulturonline.tv\/de\/malerin-miriam-cahn-mit-rubenspreis-geehrt\/#primaryimage\"},\"thumbnailUrl\":\"https:\/\/kulturonline.tv\/wp-content\/uploads\/2022\/06\/kunst-1-edited.png\",\"datePublished\":\"2022-06-27T06:36:51+00:00\",\"description\":\"Die 72-J\u00e4hrige erhielt die mit 25.000 Euro dotierte Auszeichnung nach Angaben der Jury f\u00fcr ihr eigensinniges malerisches Lebenswerk das andere k\u00fcnstlerische Formen wie das Schreiben, Fotografieren, Filmen oder skulpturales Arbeiten einbeziehe.\",\"breadcrumb\":{\"@id\":\"https:\/\/kulturonline.tv\/de\/malerin-miriam-cahn-mit-rubenspreis-geehrt\/#breadcrumb\"},\"inLanguage\":\"de\",\"potentialAction\":[{\"@type\":\"ReadAction\",\"target\":[\"https:\/\/kulturonline.tv\/de\/malerin-miriam-cahn-mit-rubenspreis-geehrt\/\"]}]},{\"@type\":\"ImageObject\",\"inLanguage\":\"de\",\"@id\":\"https:\/\/kulturonline.tv\/de\/malerin-miriam-cahn-mit-rubenspreis-geehrt\/#primaryimage\",\"url\":\"https:\/\/kulturonline.tv\/wp-content\/uploads\/2022\/06\/kunst-1-edited.png\",\"contentUrl\":\"https:\/\/kulturonline.tv\/wp-content\/uploads\/2022\/06\/kunst-1-edited.png\",\"width\":587,\"height\":330},{\"@type\":\"BreadcrumbList\",\"@id\":\"https:\/\/kulturonline.tv\/de\/malerin-miriam-cahn-mit-rubenspreis-geehrt\/#breadcrumb\",\"itemListElement\":[{\"@type\":\"ListItem\",\"position\":1,\"name\":\"Startseite\",\"item\":\"https:\/\/kulturonline.tv\/de\/\"},{\"@type\":\"ListItem\",\"position\":2,\"name\":\"Malerin Miriam Cahn mit Rubenspreis geehrt\"}]},{\"@type\":\"WebSite\",\"@id\":\"https:\/\/kulturonline.tv\/de\/#website\",\"url\":\"https:\/\/kulturonline.tv\/de\/\",\"name\":\"Kultur Online TV &amp; FM\",\"description\":\"Wir sind Kultur 2.0 zum sehen &amp; h\u00f6ren\",\"publisher\":{\"@id\":\"https:\/\/kulturonline.tv\/de\/#organization\"},\"potentialAction\":[{\"@type\":\"SearchAction\",\"target\":{\"@type\":\"EntryPoint\",\"urlTemplate\":\"https:\/\/kulturonline.tv\/de\/?s={search_term_string}\"},\"query-input\":{\"@type\":\"PropertyValueSpecification\",\"valueRequired\":true,\"valueName\":\"search_term_string\"}}],\"inLanguage\":\"de\"},{\"@type\":\"Organization\",\"@id\":\"https:\/\/kulturonline.tv\/de\/#organization\",\"name\":\"Kultur Online TV\",\"url\":\"https:\/\/kulturonline.tv\/de\/\",\"logo\":{\"@type\":\"ImageObject\",\"inLanguage\":\"de\",\"@id\":\"https:\/\/kulturonline.tv\/de\/#\/schema\/logo\/image\/\",\"url\":\"https:\/\/kulturonline.tv\/wp-content\/uploads\/2021\/08\/Kultur-Online-Tv-Logo-Endversion-neu.png\",\"contentUrl\":\"https:\/\/kulturonline.tv\/wp-content\/uploads\/2021\/08\/Kultur-Online-Tv-Logo-Endversion-neu.png\",\"width\":200,\"height\":200,\"caption\":\"Kultur Online TV\"},\"image\":{\"@id\":\"https:\/\/kulturonline.tv\/de\/#\/schema\/logo\/image\/\"},\"sameAs\":[\"https:\/\/www.facebook.com\/kulturonline.tv\",\"https:\/\/www.instagram.com\/kulturonline.tv\"]},{\"@type\":\"Person\",\"@id\":\"https:\/\/kulturonline.tv\/de\/#\/schema\/person\/b0fac729bb9a0c193fb1df23449df4fe\",\"name\":\"guenter.wolfgang\"}]}<\/script>\n<!-- \/ Yoast SEO plugin. -->","yoast_head_json":{"title":"Malerin Miriam Cahn mit Rubenspreis geehrt - Kultur Online TV &amp; FM","description":"Die 72-J\u00e4hrige erhielt die mit 25.000 Euro dotierte Auszeichnung nach Angaben der Jury f\u00fcr ihr eigensinniges malerisches Lebenswerk das andere k\u00fcnstlerische Formen wie das Schreiben, Fotografieren, Filmen oder skulpturales Arbeiten einbeziehe.","robots":{"index":"index","follow":"follow","max-snippet":"max-snippet:-1","max-image-preview":"max-image-preview:large","max-video-preview":"max-video-preview:-1"},"canonical":"https:\/\/kulturonline.tv\/de\/malerin-miriam-cahn-mit-rubenspreis-geehrt\/","og_locale":"de_DE","og_type":"article","og_title":"Malerin Miriam Cahn mit Rubenspreis geehrt - Kultur Online TV &amp; FM","og_description":"Die 72-J\u00e4hrige erhielt die mit 25.000 Euro dotierte Auszeichnung nach Angaben der Jury f\u00fcr ihr eigensinniges malerisches Lebenswerk das andere k\u00fcnstlerische Formen wie das Schreiben, Fotografieren, Filmen oder skulpturales Arbeiten einbeziehe.","og_url":"https:\/\/kulturonline.tv\/de\/malerin-miriam-cahn-mit-rubenspreis-geehrt\/","og_site_name":"Kultur Online TV &amp; FM","article_publisher":"https:\/\/www.facebook.com\/kulturonline.tv","article_published_time":"2022-06-27T06:36:51+00:00","og_image":[{"width":587,"height":330,"url":"https:\/\/kulturonline.tv\/wp-content\/uploads\/2022\/06\/kunst-1-edited.png","type":"image\/png"}],"author":"guenter.wolfgang","twitter_card":"summary_large_image","twitter_misc":{"Verfasst von":"guenter.wolfgang","Gesch\u00e4tzte Lesezeit":"1\u00a0Minute"},"schema":{"@context":"https:\/\/schema.org","@graph":[{"@type":"Article","@id":"https:\/\/kulturonline.tv\/de\/malerin-miriam-cahn-mit-rubenspreis-geehrt\/#article","isPartOf":{"@id":"https:\/\/kulturonline.tv\/de\/malerin-miriam-cahn-mit-rubenspreis-geehrt\/"},"author":{"name":"guenter.wolfgang","@id":"https:\/\/kulturonline.tv\/de\/#\/schema\/person\/b0fac729bb9a0c193fb1df23449df4fe"},"headline":"Malerin Miriam Cahn mit Rubenspreis geehrt","datePublished":"2022-06-27T06:36:51+00:00","mainEntityOfPage":{"@id":"https:\/\/kulturonline.tv\/de\/malerin-miriam-cahn-mit-rubenspreis-geehrt\/"},"wordCount":91,"publisher":{"@id":"https:\/\/kulturonline.tv\/de\/#organization"},"image":{"@id":"https:\/\/kulturonline.tv\/de\/malerin-miriam-cahn-mit-rubenspreis-geehrt\/#primaryimage"},"thumbnailUrl":"https:\/\/kulturonline.tv\/wp-content\/uploads\/2022\/06\/kunst-1-edited.png","articleSection":["Kunst"],"inLanguage":"de"},{"@type":"WebPage","@id":"https:\/\/kulturonline.tv\/de\/malerin-miriam-cahn-mit-rubenspreis-geehrt\/","url":"https:\/\/kulturonline.tv\/de\/malerin-miriam-cahn-mit-rubenspreis-geehrt\/","name":"Malerin Miriam Cahn mit Rubenspreis geehrt - Kultur Online TV &amp; FM","isPartOf":{"@id":"https:\/\/kulturonline.tv\/de\/#website"},"primaryImageOfPage":{"@id":"https:\/\/kulturonline.tv\/de\/malerin-miriam-cahn-mit-rubenspreis-geehrt\/#primaryimage"},"image":{"@id":"https:\/\/kulturonline.tv\/de\/malerin-miriam-cahn-mit-rubenspreis-geehrt\/#primaryimage"},"thumbnailUrl":"https:\/\/kulturonline.tv\/wp-content\/uploads\/2022\/06\/kunst-1-edited.png","datePublished":"2022-06-27T06:36:51+00:00","description":"Die 72-J\u00e4hrige erhielt die mit 25.000 Euro dotierte Auszeichnung nach Angaben der Jury f\u00fcr ihr eigensinniges malerisches Lebenswerk das andere k\u00fcnstlerische Formen wie das Schreiben, Fotografieren, Filmen oder skulpturales Arbeiten einbeziehe.","breadcrumb":{"@id":"https:\/\/kulturonline.tv\/de\/malerin-miriam-cahn-mit-rubenspreis-geehrt\/#breadcrumb"},"inLanguage":"de","potentialAction":[{"@type":"ReadAction","target":["https:\/\/kulturonline.tv\/de\/malerin-miriam-cahn-mit-rubenspreis-geehrt\/"]}]},{"@type":"ImageObject","inLanguage":"de","@id":"https:\/\/kulturonline.tv\/de\/malerin-miriam-cahn-mit-rubenspreis-geehrt\/#primaryimage","url":"https:\/\/kulturonline.tv\/wp-content\/uploads\/2022\/06\/kunst-1-edited.png","contentUrl":"https:\/\/kulturonline.tv\/wp-content\/uploads\/2022\/06\/kunst-1-edited.png","width":587,"height":330},{"@type":"BreadcrumbList","@id":"https:\/\/kulturonline.tv\/de\/malerin-miriam-cahn-mit-rubenspreis-geehrt\/#breadcrumb","itemListElement":[{"@type":"ListItem","position":1,"name":"Startseite","item":"https:\/\/kulturonline.tv\/de\/"},{"@type":"ListItem","position":2,"name":"Malerin Miriam Cahn mit Rubenspreis geehrt"}]},{"@type":"WebSite","@id":"https:\/\/kulturonline.tv\/de\/#website","url":"https:\/\/kulturonline.tv\/de\/","name":"Kultur Online TV &amp; FM","description":"Wir sind Kultur 2.0 zum sehen &amp; h\u00f6ren","publisher":{"@id":"https:\/\/kulturonline.tv\/de\/#organization"},"potentialAction":[{"@type":"SearchAction","target":{"@type":"EntryPoint","urlTemplate":"https:\/\/kulturonline.tv\/de\/?s={search_term_string}"},"query-input":{"@type":"PropertyValueSpecification","valueRequired":true,"valueName":"search_term_string"}}],"inLanguage":"de"},{"@type":"Organization","@id":"https:\/\/kulturonline.tv\/de\/#organization","name":"Kultur Online TV","url":"https:\/\/kulturonline.tv\/de\/","logo":{"@type":"ImageObject","inLanguage":"de","@id":"https:\/\/kulturonline.tv\/de\/#\/schema\/logo\/image\/","url":"https:\/\/kulturonline.tv\/wp-content\/uploads\/2021\/08\/Kultur-Online-Tv-Logo-Endversion-neu.png","contentUrl":"https:\/\/kulturonline.tv\/wp-content\/uploads\/2021\/08\/Kultur-Online-Tv-Logo-Endversion-neu.png","width":200,"height":200,"caption":"Kultur Online TV"},"image":{"@id":"https:\/\/kulturonline.tv\/de\/#\/schema\/logo\/image\/"},"sameAs":["https:\/\/www.facebook.com\/kulturonline.tv","https:\/\/www.instagram.com\/kulturonline.tv"]},{"@type":"Person","@id":"https:\/\/kulturonline.tv\/de\/#\/schema\/person\/b0fac729bb9a0c193fb1df23449df4fe","name":"guenter.wolfgang"}]}},"_links":{"self":[{"href":"https:\/\/kulturonline.tv\/de\/wp-json\/wp\/v2\/posts\/30252","targetHints":{"allow":["GET"]}}],"collection":[{"href":"https:\/\/kulturonline.tv\/de\/wp-json\/wp\/v2\/posts"}],"about":[{"href":"https:\/\/kulturonline.tv\/de\/wp-json\/wp\/v2\/types\/post"}],"author":[{"embeddable":true,"href":"https:\/\/kulturonline.tv\/de\/wp-json\/wp\/v2\/users\/2"}],"replies":[{"embeddable":true,"href":"https:\/\/kulturonline.tv\/de\/wp-json\/wp\/v2\/comments?post=30252"}],"version-history":[{"count":0,"href":"https:\/\/kulturonline.tv\/de\/wp-json\/wp\/v2\/posts\/30252\/revisions"}],"wp:featuredmedia":[{"embeddable":true,"href":"https:\/\/kulturonline.tv\/de\/wp-json\/wp\/v2\/media\/30257"}],"wp:attachment":[{"href":"https:\/\/kulturonline.tv\/de\/wp-json\/wp\/v2\/media?parent=30252"}],"wp:term":[{"taxonomy":"category","embeddable":true,"href":"https:\/\/kulturonline.tv\/de\/wp-json\/wp\/v2\/categories?post=30252"},{"taxonomy":"post_tag","embeddable":true,"href":"https:\/\/kulturonline.tv\/de\/wp-json\/wp\/v2\/tags?post=30252"}],"curies":[{"name":"wp","href":"https:\/\/api.w.org\/{rel}","templated":true}]}}