{"id":30260,"date":"2022-06-27T08:49:06","date_gmt":"2022-06-27T06:49:06","guid":{"rendered":"https:\/\/kulturonline.tv\/?p=30260"},"modified":"2022-06-27T08:49:16","modified_gmt":"2022-06-27T06:49:16","slug":"gemaelde-des-kuenstlers-jean-michel-basquiat-wegen-faelschungsverdacht-beschlagnahmt","status":"publish","type":"post","link":"https:\/\/kulturonline.tv\/de\/gemaelde-des-kuenstlers-jean-michel-basquiat-wegen-faelschungsverdacht-beschlagnahmt\/","title":{"rendered":"Gem\u00e4lde des K\u00fcnstlers Jean-Michel Basquiat wegen F\u00e4lschungsverdacht beschlagnahmt."},"content":{"rendered":"\n<p>S\u00e4mtliche in der Ausstellung \u201eHeroes and Monsters: Jean-Michel Basquiat\u201c im Orlando Museum of Art im Bundesstaat Florida gezeigten Werke bef\u00e4nden sich in den H\u00e4nden der Ermittler, erkl\u00e4rte eine Museumssprecherin.<\/p>\n\n\n\n<figure class=\"wp-block-embed is-type-video is-provider-youtube wp-block-embed-youtube wp-embed-aspect-16-9 wp-has-aspect-ratio\"><div class=\"wp-block-embed__wrapper\">\n<iframe title=\"Jean-Michel Basquiat \u2013 Vom Tag auf den Stra\u00dfen zum angesagtesten Namen der Kunstszene | SCHIRN\" width=\"800\" height=\"450\" src=\"https:\/\/www.youtube.com\/embed\/s21xqBjxbhs?feature=oembed\" frameborder=\"0\" allow=\"accelerometer; autoplay; clipboard-write; encrypted-media; gyroscope; picture-in-picture; web-share\" referrerpolicy=\"strict-origin-when-cross-origin\" allowfullscreen><\/iframe>\n<\/div><\/figure>\n\n\n\n<p>Jean-Michel Basquiat ([bas\u02c8kja] * 22. Dezember 1960 in New York City; \u2020 12. August 1988 ebenda) war ein US-amerikanischer K\u00fcnstler, Maler und Zeichner. Er war der erste afroamerikanische K\u00fcnstler, der in der haupts\u00e4chlich wei\u00dfen Kunstwelt den Durchbruch schaffte. Der g\u00e4ngigen Einordnung als Graffitik\u00fcnstler widersprach Basquiat: \u201eIch bin kein Teil der Graffitikunst.<\/p>\n\n\n\n<p>Bis heute polarisiert er bei der Bestimmung seines Stellenwertes in der Kunstgeschichte.[2] Um seine Bilder zu verstehen, schreibt die Essayistin bell hooks, m\u00fcsse man bereit sein, die tragische Dimension eines schwarzen Lebens zu akzeptieren; sie bezieht sich dabei auf James Baldwins Essay The Fire Next Time (1963), \u201edass es f\u00fcr die Schrecken des schwarzen Lebens keine Sprache gibt.\u201c Basquiats Arbeit gebe diesem Schrecken einen k\u00fcnstlerischen Ausdruck.<\/p>\n\n\n\n<figure class=\"wp-block-image size-full is-resized\"><img fetchpriority=\"high\" decoding=\"async\" src=\"https:\/\/kulturonline.tv\/wp-content\/uploads\/2022\/06\/Kultur-Online-Tv-Kunst-edited.png\" alt=\"\" class=\"wp-image-30263\" width=\"840\" height=\"473\" srcset=\"https:\/\/kulturonline.tv\/wp-content\/uploads\/2022\/06\/Kultur-Online-Tv-Kunst-edited.png 572w, https:\/\/kulturonline.tv\/wp-content\/uploads\/2022\/06\/Kultur-Online-Tv-Kunst-edited-416x234.png 416w\" sizes=\"(max-width: 840px) 100vw, 840px\" \/><\/figure>\n\n\n\n<p>Jean-Michel Basquiat wurde ein Jahr nach dem Tod seines Bruders Max (1959) als zweiter Sohn von Matilda Basquiat, deren Familie aus Puerto Rico stammte, und G\u00e9rard Basquiat, der in den f\u00fcnfziger Jahren Haiti verlassen hatte, geboren.[4][5] Mit vier Jahren lernte er lesen und schreiben. Seine an Kunst interessierte Mutter, die selbst malte und zeichnete, besuchte mit ihm das Brooklyn Museum, f\u00fcr das er eine Jahreskarte bekam. Seine Familie geh\u00f6rte der aufstrebenden Mittelschicht an und konnte es sich leisten, ihren Sohn auf eine katholische Privatschule zu schicken.<\/p>\n\n\n\n<p>1968 trennte sich Matilda Basquiat von ihrem Mann und Kindern. Jean-Michel hatte keine Freunde; meistens spielte er mit Kindern, die auch keine Freunde hatten. Mit elf Jahren sprach er neben amerikanischem Englisch perfekt Franz\u00f6sisch und Spanisch. Besuchte seine psychisch erkrankte Mutter ihre Kinder, blieb sie mit ihnen auf den Treppenstufen vor dem Haus sitzen. Ab 1974 bis 1976 lebte er mit seinen Schwestern und seinem Vater auf Puerto Rico. Zur\u00fcck in Brooklyn, lief er nach Problemen mit seinem Vater f\u00fcr einige Tage von zu Hause weg. Er kam auf die City As School f\u00fcr talentierte Jugendliche mit Problemen. Die Sch\u00fcler werden dort besonders gef\u00f6rdert. 1977 lief Basquiat erneut von zu Hause weg.<\/p>\n\n\n\n<p>Wohnhaus Basquiats in der Great Jones Street 57, New York, mit Gedenktafel (2016)<br>Ab April 1979 spielte er Klarinette und Synthesizer in der Noise-Band Gray, die in Clubs, wie dem Max\u2019s Kansas City, CBGB, Hurrah im Mudd Club, und bei Arleen Schloss auftraten. Ab 1979 war Basquiat zusammen mit Walter Steding, Debbie Harry, Chris Stein und Klaus Nomi regelm\u00e4\u00dfiger \u201eTV-Party\u201c-Gast, einer w\u00f6chentlich ausgestrahlten Underground-Punk-Rock Show mit Glenn O\u2019Brien, dem Musikkritiker des Magazins Interview von Andy Warhol. Durch Glenn O\u2019Brien lernte er Andy Warhol kennen. Bis 1981 lebte er in Soho abwechselnd bei Freunden und Freundinnen, bevor er sich 1982, durch den Verkauf von Bildern zu Geld gekommen, die erste eigene Wohnung leisten konnte. Diese bewohnte er mit seiner Lebensgef\u00e4hrtin Susanne Mallouk. Er malte t\u00e4glich im Souterrain der Galerie von Anina Nossei, seiner Galeristin. Dort produzierte er in atemberaubendem Tempo Bilder, die teilweise noch vor Fertigstellung verkauft wurden.<\/p>\n\n\n\n<p>Kultur Online TV<\/p>\n\n\n\n<p>#news #kunst #kultur<\/p>\n","protected":false},"excerpt":{"rendered":"<p>S\u00e4mtliche in der Ausstellung \u201eHeroes and Monsters: Jean-Michel Basquiat\u201c im Orlando Museum of Art im Bundesstaat Florida gezeigten Werke bef\u00e4nden sich in den H\u00e4nden der Ermittler, erkl\u00e4rte eine Museumssprecherin. Jean-Michel Basquiat ([bas\u02c8kja] * 22. Dezember 1960 in New York City; \u2020 12. August 1988 ebenda) war ein US-amerikanischer K\u00fcnstler, Maler und Zeichner. Er war der [&hellip;]<\/p>\n","protected":false},"author":2,"featured_media":30263,"comment_status":"closed","ping_status":"closed","sticky":false,"template":"","format":"standard","meta":{"_acf_changed":false,"footnotes":""},"categories":[107],"tags":[],"class_list":["post-30260","post","type-post","status-publish","format-standard","has-post-thumbnail","hentry","category-kunst"],"acf":[],"yoast_head":"<!-- This site is optimized with the Yoast SEO plugin v26.1.1 - https:\/\/yoast.com\/wordpress\/plugins\/seo\/ -->\n<title>Gem\u00e4lde des K\u00fcnstlers Jean-Michel Basquiat wegen F\u00e4lschungsverdacht beschlagnahmt. - Kultur Online TV &amp; FM<\/title>\n<meta name=\"description\" content=\"S\u00e4mtliche in der Ausstellung \u201eHeroes and Monsters: Jean-Michel Basquiat\u201c im Orlando Museum of Art im Bundesstaat Florida gezeigten Werke bef\u00e4nden sich in den H\u00e4nden der Ermittler, erkl\u00e4rte eine Museumssprecherin.\" \/>\n<meta name=\"robots\" content=\"index, follow, max-snippet:-1, max-image-preview:large, max-video-preview:-1\" \/>\n<link rel=\"canonical\" href=\"https:\/\/kulturonline.tv\/de\/gemaelde-des-kuenstlers-jean-michel-basquiat-wegen-faelschungsverdacht-beschlagnahmt\/\" \/>\n<meta property=\"og:locale\" content=\"de_DE\" \/>\n<meta property=\"og:type\" content=\"article\" \/>\n<meta property=\"og:title\" content=\"Gem\u00e4lde des K\u00fcnstlers Jean-Michel Basquiat wegen F\u00e4lschungsverdacht beschlagnahmt. - Kultur Online TV &amp; FM\" \/>\n<meta property=\"og:description\" content=\"S\u00e4mtliche in der Ausstellung \u201eHeroes and Monsters: Jean-Michel Basquiat\u201c im Orlando Museum of Art im Bundesstaat Florida gezeigten Werke bef\u00e4nden sich in den H\u00e4nden der Ermittler, erkl\u00e4rte eine Museumssprecherin.\" \/>\n<meta property=\"og:url\" content=\"https:\/\/kulturonline.tv\/de\/gemaelde-des-kuenstlers-jean-michel-basquiat-wegen-faelschungsverdacht-beschlagnahmt\/\" \/>\n<meta property=\"og:site_name\" content=\"Kultur Online TV &amp; FM\" \/>\n<meta property=\"article:publisher\" content=\"https:\/\/www.facebook.com\/kulturonline.tv\" \/>\n<meta property=\"article:published_time\" content=\"2022-06-27T06:49:06+00:00\" \/>\n<meta property=\"article:modified_time\" content=\"2022-06-27T06:49:16+00:00\" \/>\n<meta property=\"og:image\" content=\"https:\/\/kulturonline.tv\/wp-content\/uploads\/2022\/06\/Kultur-Online-Tv-Kunst-edited.png\" \/>\n\t<meta property=\"og:image:width\" content=\"572\" \/>\n\t<meta property=\"og:image:height\" content=\"322\" \/>\n\t<meta property=\"og:image:type\" content=\"image\/png\" \/>\n<meta name=\"author\" content=\"guenter.wolfgang\" \/>\n<meta name=\"twitter:card\" content=\"summary_large_image\" \/>\n<meta name=\"twitter:label1\" content=\"Verfasst von\" \/>\n\t<meta name=\"twitter:data1\" content=\"guenter.wolfgang\" \/>\n\t<meta name=\"twitter:label2\" content=\"Gesch\u00e4tzte Lesezeit\" \/>\n\t<meta name=\"twitter:data2\" content=\"3\u00a0Minuten\" \/>\n<script type=\"application\/ld+json\" class=\"yoast-schema-graph\">{\"@context\":\"https:\/\/schema.org\",\"@graph\":[{\"@type\":\"Article\",\"@id\":\"https:\/\/kulturonline.tv\/de\/gemaelde-des-kuenstlers-jean-michel-basquiat-wegen-faelschungsverdacht-beschlagnahmt\/#article\",\"isPartOf\":{\"@id\":\"https:\/\/kulturonline.tv\/de\/gemaelde-des-kuenstlers-jean-michel-basquiat-wegen-faelschungsverdacht-beschlagnahmt\/\"},\"author\":{\"name\":\"guenter.wolfgang\",\"@id\":\"https:\/\/kulturonline.tv\/de\/#\/schema\/person\/b0fac729bb9a0c193fb1df23449df4fe\"},\"headline\":\"Gem\u00e4lde des K\u00fcnstlers Jean-Michel Basquiat wegen F\u00e4lschungsverdacht beschlagnahmt.\",\"datePublished\":\"2022-06-27T06:49:06+00:00\",\"dateModified\":\"2022-06-27T06:49:16+00:00\",\"mainEntityOfPage\":{\"@id\":\"https:\/\/kulturonline.tv\/de\/gemaelde-des-kuenstlers-jean-michel-basquiat-wegen-faelschungsverdacht-beschlagnahmt\/\"},\"wordCount\":530,\"publisher\":{\"@id\":\"https:\/\/kulturonline.tv\/de\/#organization\"},\"image\":{\"@id\":\"https:\/\/kulturonline.tv\/de\/gemaelde-des-kuenstlers-jean-michel-basquiat-wegen-faelschungsverdacht-beschlagnahmt\/#primaryimage\"},\"thumbnailUrl\":\"https:\/\/kulturonline.tv\/wp-content\/uploads\/2022\/06\/Kultur-Online-Tv-Kunst-edited.png\",\"articleSection\":[\"Kunst\"],\"inLanguage\":\"de\"},{\"@type\":\"WebPage\",\"@id\":\"https:\/\/kulturonline.tv\/de\/gemaelde-des-kuenstlers-jean-michel-basquiat-wegen-faelschungsverdacht-beschlagnahmt\/\",\"url\":\"https:\/\/kulturonline.tv\/de\/gemaelde-des-kuenstlers-jean-michel-basquiat-wegen-faelschungsverdacht-beschlagnahmt\/\",\"name\":\"Gem\u00e4lde des K\u00fcnstlers Jean-Michel Basquiat wegen F\u00e4lschungsverdacht beschlagnahmt. - Kultur Online TV &amp; FM\",\"isPartOf\":{\"@id\":\"https:\/\/kulturonline.tv\/de\/#website\"},\"primaryImageOfPage\":{\"@id\":\"https:\/\/kulturonline.tv\/de\/gemaelde-des-kuenstlers-jean-michel-basquiat-wegen-faelschungsverdacht-beschlagnahmt\/#primaryimage\"},\"image\":{\"@id\":\"https:\/\/kulturonline.tv\/de\/gemaelde-des-kuenstlers-jean-michel-basquiat-wegen-faelschungsverdacht-beschlagnahmt\/#primaryimage\"},\"thumbnailUrl\":\"https:\/\/kulturonline.tv\/wp-content\/uploads\/2022\/06\/Kultur-Online-Tv-Kunst-edited.png\",\"datePublished\":\"2022-06-27T06:49:06+00:00\",\"dateModified\":\"2022-06-27T06:49:16+00:00\",\"description\":\"S\u00e4mtliche in der Ausstellung \u201eHeroes and Monsters: Jean-Michel Basquiat\u201c im Orlando Museum of Art im Bundesstaat Florida gezeigten Werke bef\u00e4nden sich in den H\u00e4nden der Ermittler, erkl\u00e4rte eine Museumssprecherin.\",\"breadcrumb\":{\"@id\":\"https:\/\/kulturonline.tv\/de\/gemaelde-des-kuenstlers-jean-michel-basquiat-wegen-faelschungsverdacht-beschlagnahmt\/#breadcrumb\"},\"inLanguage\":\"de\",\"potentialAction\":[{\"@type\":\"ReadAction\",\"target\":[\"https:\/\/kulturonline.tv\/de\/gemaelde-des-kuenstlers-jean-michel-basquiat-wegen-faelschungsverdacht-beschlagnahmt\/\"]}]},{\"@type\":\"ImageObject\",\"inLanguage\":\"de\",\"@id\":\"https:\/\/kulturonline.tv\/de\/gemaelde-des-kuenstlers-jean-michel-basquiat-wegen-faelschungsverdacht-beschlagnahmt\/#primaryimage\",\"url\":\"https:\/\/kulturonline.tv\/wp-content\/uploads\/2022\/06\/Kultur-Online-Tv-Kunst-edited.png\",\"contentUrl\":\"https:\/\/kulturonline.tv\/wp-content\/uploads\/2022\/06\/Kultur-Online-Tv-Kunst-edited.png\",\"width\":572,\"height\":322},{\"@type\":\"BreadcrumbList\",\"@id\":\"https:\/\/kulturonline.tv\/de\/gemaelde-des-kuenstlers-jean-michel-basquiat-wegen-faelschungsverdacht-beschlagnahmt\/#breadcrumb\",\"itemListElement\":[{\"@type\":\"ListItem\",\"position\":1,\"name\":\"Startseite\",\"item\":\"https:\/\/kulturonline.tv\/de\/\"},{\"@type\":\"ListItem\",\"position\":2,\"name\":\"Gem\u00e4lde des K\u00fcnstlers Jean-Michel Basquiat wegen F\u00e4lschungsverdacht beschlagnahmt.\"}]},{\"@type\":\"WebSite\",\"@id\":\"https:\/\/kulturonline.tv\/de\/#website\",\"url\":\"https:\/\/kulturonline.tv\/de\/\",\"name\":\"Kultur Online TV &amp; FM\",\"description\":\"Wir sind Kultur 2.0 zum sehen &amp; h\u00f6ren\",\"publisher\":{\"@id\":\"https:\/\/kulturonline.tv\/de\/#organization\"},\"potentialAction\":[{\"@type\":\"SearchAction\",\"target\":{\"@type\":\"EntryPoint\",\"urlTemplate\":\"https:\/\/kulturonline.tv\/de\/?s={search_term_string}\"},\"query-input\":{\"@type\":\"PropertyValueSpecification\",\"valueRequired\":true,\"valueName\":\"search_term_string\"}}],\"inLanguage\":\"de\"},{\"@type\":\"Organization\",\"@id\":\"https:\/\/kulturonline.tv\/de\/#organization\",\"name\":\"Kultur Online TV\",\"url\":\"https:\/\/kulturonline.tv\/de\/\",\"logo\":{\"@type\":\"ImageObject\",\"inLanguage\":\"de\",\"@id\":\"https:\/\/kulturonline.tv\/de\/#\/schema\/logo\/image\/\",\"url\":\"https:\/\/kulturonline.tv\/wp-content\/uploads\/2021\/08\/Kultur-Online-Tv-Logo-Endversion-neu.png\",\"contentUrl\":\"https:\/\/kulturonline.tv\/wp-content\/uploads\/2021\/08\/Kultur-Online-Tv-Logo-Endversion-neu.png\",\"width\":200,\"height\":200,\"caption\":\"Kultur Online TV\"},\"image\":{\"@id\":\"https:\/\/kulturonline.tv\/de\/#\/schema\/logo\/image\/\"},\"sameAs\":[\"https:\/\/www.facebook.com\/kulturonline.tv\",\"https:\/\/www.instagram.com\/kulturonline.tv\"]},{\"@type\":\"Person\",\"@id\":\"https:\/\/kulturonline.tv\/de\/#\/schema\/person\/b0fac729bb9a0c193fb1df23449df4fe\",\"name\":\"guenter.wolfgang\"}]}<\/script>\n<!-- \/ Yoast SEO plugin. -->","yoast_head_json":{"title":"Gem\u00e4lde des K\u00fcnstlers Jean-Michel Basquiat wegen F\u00e4lschungsverdacht beschlagnahmt. - Kultur Online TV &amp; FM","description":"S\u00e4mtliche in der Ausstellung \u201eHeroes and Monsters: Jean-Michel Basquiat\u201c im Orlando Museum of Art im Bundesstaat Florida gezeigten Werke bef\u00e4nden sich in den H\u00e4nden der Ermittler, erkl\u00e4rte eine Museumssprecherin.","robots":{"index":"index","follow":"follow","max-snippet":"max-snippet:-1","max-image-preview":"max-image-preview:large","max-video-preview":"max-video-preview:-1"},"canonical":"https:\/\/kulturonline.tv\/de\/gemaelde-des-kuenstlers-jean-michel-basquiat-wegen-faelschungsverdacht-beschlagnahmt\/","og_locale":"de_DE","og_type":"article","og_title":"Gem\u00e4lde des K\u00fcnstlers Jean-Michel Basquiat wegen F\u00e4lschungsverdacht beschlagnahmt. - Kultur Online TV &amp; FM","og_description":"S\u00e4mtliche in der Ausstellung \u201eHeroes and Monsters: Jean-Michel Basquiat\u201c im Orlando Museum of Art im Bundesstaat Florida gezeigten Werke bef\u00e4nden sich in den H\u00e4nden der Ermittler, erkl\u00e4rte eine Museumssprecherin.","og_url":"https:\/\/kulturonline.tv\/de\/gemaelde-des-kuenstlers-jean-michel-basquiat-wegen-faelschungsverdacht-beschlagnahmt\/","og_site_name":"Kultur Online TV &amp; FM","article_publisher":"https:\/\/www.facebook.com\/kulturonline.tv","article_published_time":"2022-06-27T06:49:06+00:00","article_modified_time":"2022-06-27T06:49:16+00:00","og_image":[{"width":572,"height":322,"url":"https:\/\/kulturonline.tv\/wp-content\/uploads\/2022\/06\/Kultur-Online-Tv-Kunst-edited.png","type":"image\/png"}],"author":"guenter.wolfgang","twitter_card":"summary_large_image","twitter_misc":{"Verfasst von":"guenter.wolfgang","Gesch\u00e4tzte Lesezeit":"3\u00a0Minuten"},"schema":{"@context":"https:\/\/schema.org","@graph":[{"@type":"Article","@id":"https:\/\/kulturonline.tv\/de\/gemaelde-des-kuenstlers-jean-michel-basquiat-wegen-faelschungsverdacht-beschlagnahmt\/#article","isPartOf":{"@id":"https:\/\/kulturonline.tv\/de\/gemaelde-des-kuenstlers-jean-michel-basquiat-wegen-faelschungsverdacht-beschlagnahmt\/"},"author":{"name":"guenter.wolfgang","@id":"https:\/\/kulturonline.tv\/de\/#\/schema\/person\/b0fac729bb9a0c193fb1df23449df4fe"},"headline":"Gem\u00e4lde des K\u00fcnstlers Jean-Michel Basquiat wegen F\u00e4lschungsverdacht beschlagnahmt.","datePublished":"2022-06-27T06:49:06+00:00","dateModified":"2022-06-27T06:49:16+00:00","mainEntityOfPage":{"@id":"https:\/\/kulturonline.tv\/de\/gemaelde-des-kuenstlers-jean-michel-basquiat-wegen-faelschungsverdacht-beschlagnahmt\/"},"wordCount":530,"publisher":{"@id":"https:\/\/kulturonline.tv\/de\/#organization"},"image":{"@id":"https:\/\/kulturonline.tv\/de\/gemaelde-des-kuenstlers-jean-michel-basquiat-wegen-faelschungsverdacht-beschlagnahmt\/#primaryimage"},"thumbnailUrl":"https:\/\/kulturonline.tv\/wp-content\/uploads\/2022\/06\/Kultur-Online-Tv-Kunst-edited.png","articleSection":["Kunst"],"inLanguage":"de"},{"@type":"WebPage","@id":"https:\/\/kulturonline.tv\/de\/gemaelde-des-kuenstlers-jean-michel-basquiat-wegen-faelschungsverdacht-beschlagnahmt\/","url":"https:\/\/kulturonline.tv\/de\/gemaelde-des-kuenstlers-jean-michel-basquiat-wegen-faelschungsverdacht-beschlagnahmt\/","name":"Gem\u00e4lde des K\u00fcnstlers Jean-Michel Basquiat wegen F\u00e4lschungsverdacht beschlagnahmt. - Kultur Online TV &amp; FM","isPartOf":{"@id":"https:\/\/kulturonline.tv\/de\/#website"},"primaryImageOfPage":{"@id":"https:\/\/kulturonline.tv\/de\/gemaelde-des-kuenstlers-jean-michel-basquiat-wegen-faelschungsverdacht-beschlagnahmt\/#primaryimage"},"image":{"@id":"https:\/\/kulturonline.tv\/de\/gemaelde-des-kuenstlers-jean-michel-basquiat-wegen-faelschungsverdacht-beschlagnahmt\/#primaryimage"},"thumbnailUrl":"https:\/\/kulturonline.tv\/wp-content\/uploads\/2022\/06\/Kultur-Online-Tv-Kunst-edited.png","datePublished":"2022-06-27T06:49:06+00:00","dateModified":"2022-06-27T06:49:16+00:00","description":"S\u00e4mtliche in der Ausstellung \u201eHeroes and Monsters: Jean-Michel Basquiat\u201c im Orlando Museum of Art im Bundesstaat Florida gezeigten Werke bef\u00e4nden sich in den H\u00e4nden der Ermittler, erkl\u00e4rte eine Museumssprecherin.","breadcrumb":{"@id":"https:\/\/kulturonline.tv\/de\/gemaelde-des-kuenstlers-jean-michel-basquiat-wegen-faelschungsverdacht-beschlagnahmt\/#breadcrumb"},"inLanguage":"de","potentialAction":[{"@type":"ReadAction","target":["https:\/\/kulturonline.tv\/de\/gemaelde-des-kuenstlers-jean-michel-basquiat-wegen-faelschungsverdacht-beschlagnahmt\/"]}]},{"@type":"ImageObject","inLanguage":"de","@id":"https:\/\/kulturonline.tv\/de\/gemaelde-des-kuenstlers-jean-michel-basquiat-wegen-faelschungsverdacht-beschlagnahmt\/#primaryimage","url":"https:\/\/kulturonline.tv\/wp-content\/uploads\/2022\/06\/Kultur-Online-Tv-Kunst-edited.png","contentUrl":"https:\/\/kulturonline.tv\/wp-content\/uploads\/2022\/06\/Kultur-Online-Tv-Kunst-edited.png","width":572,"height":322},{"@type":"BreadcrumbList","@id":"https:\/\/kulturonline.tv\/de\/gemaelde-des-kuenstlers-jean-michel-basquiat-wegen-faelschungsverdacht-beschlagnahmt\/#breadcrumb","itemListElement":[{"@type":"ListItem","position":1,"name":"Startseite","item":"https:\/\/kulturonline.tv\/de\/"},{"@type":"ListItem","position":2,"name":"Gem\u00e4lde des K\u00fcnstlers Jean-Michel Basquiat wegen F\u00e4lschungsverdacht beschlagnahmt."}]},{"@type":"WebSite","@id":"https:\/\/kulturonline.tv\/de\/#website","url":"https:\/\/kulturonline.tv\/de\/","name":"Kultur Online TV &amp; FM","description":"Wir sind Kultur 2.0 zum sehen &amp; h\u00f6ren","publisher":{"@id":"https:\/\/kulturonline.tv\/de\/#organization"},"potentialAction":[{"@type":"SearchAction","target":{"@type":"EntryPoint","urlTemplate":"https:\/\/kulturonline.tv\/de\/?s={search_term_string}"},"query-input":{"@type":"PropertyValueSpecification","valueRequired":true,"valueName":"search_term_string"}}],"inLanguage":"de"},{"@type":"Organization","@id":"https:\/\/kulturonline.tv\/de\/#organization","name":"Kultur Online TV","url":"https:\/\/kulturonline.tv\/de\/","logo":{"@type":"ImageObject","inLanguage":"de","@id":"https:\/\/kulturonline.tv\/de\/#\/schema\/logo\/image\/","url":"https:\/\/kulturonline.tv\/wp-content\/uploads\/2021\/08\/Kultur-Online-Tv-Logo-Endversion-neu.png","contentUrl":"https:\/\/kulturonline.tv\/wp-content\/uploads\/2021\/08\/Kultur-Online-Tv-Logo-Endversion-neu.png","width":200,"height":200,"caption":"Kultur Online TV"},"image":{"@id":"https:\/\/kulturonline.tv\/de\/#\/schema\/logo\/image\/"},"sameAs":["https:\/\/www.facebook.com\/kulturonline.tv","https:\/\/www.instagram.com\/kulturonline.tv"]},{"@type":"Person","@id":"https:\/\/kulturonline.tv\/de\/#\/schema\/person\/b0fac729bb9a0c193fb1df23449df4fe","name":"guenter.wolfgang"}]}},"_links":{"self":[{"href":"https:\/\/kulturonline.tv\/de\/wp-json\/wp\/v2\/posts\/30260","targetHints":{"allow":["GET"]}}],"collection":[{"href":"https:\/\/kulturonline.tv\/de\/wp-json\/wp\/v2\/posts"}],"about":[{"href":"https:\/\/kulturonline.tv\/de\/wp-json\/wp\/v2\/types\/post"}],"author":[{"embeddable":true,"href":"https:\/\/kulturonline.tv\/de\/wp-json\/wp\/v2\/users\/2"}],"replies":[{"embeddable":true,"href":"https:\/\/kulturonline.tv\/de\/wp-json\/wp\/v2\/comments?post=30260"}],"version-history":[{"count":0,"href":"https:\/\/kulturonline.tv\/de\/wp-json\/wp\/v2\/posts\/30260\/revisions"}],"wp:featuredmedia":[{"embeddable":true,"href":"https:\/\/kulturonline.tv\/de\/wp-json\/wp\/v2\/media\/30263"}],"wp:attachment":[{"href":"https:\/\/kulturonline.tv\/de\/wp-json\/wp\/v2\/media?parent=30260"}],"wp:term":[{"taxonomy":"category","embeddable":true,"href":"https:\/\/kulturonline.tv\/de\/wp-json\/wp\/v2\/categories?post=30260"},{"taxonomy":"post_tag","embeddable":true,"href":"https:\/\/kulturonline.tv\/de\/wp-json\/wp\/v2\/tags?post=30260"}],"curies":[{"name":"wp","href":"https:\/\/api.w.org\/{rel}","templated":true}]}}