{"id":30266,"date":"2022-06-27T08:55:41","date_gmt":"2022-06-27T06:55:41","guid":{"rendered":"https:\/\/kulturonline.tv\/?p=30266"},"modified":"2022-06-27T08:55:42","modified_gmt":"2022-06-27T06:55:42","slug":"nadine-sieben-praesentiert-zeitgemaesse-version-des-klassikers-ich-find-schlager-toll-i-love-rockn-roll","status":"publish","type":"post","link":"https:\/\/kulturonline.tv\/de\/nadine-sieben-praesentiert-zeitgemaesse-version-des-klassikers-ich-find-schlager-toll-i-love-rockn-roll\/","title":{"rendered":"Nadine Sieben pr\u00e4sentiert zeitgem\u00e4\u00dfe Version des Klassikers &#8222;Ich find Schlager toll (I Love Rock`n Roll)&#8220;"},"content":{"rendered":"\n<figure class=\"wp-block-image size-full is-resized\"><img decoding=\"async\" src=\"https:\/\/kulturonline.tv\/wp-content\/uploads\/2022\/06\/kultur-online-tv-edited.png\" alt=\"\" class=\"wp-image-30269\" width=\"839\" srcset=\"https:\/\/kulturonline.tv\/wp-content\/uploads\/2022\/06\/kultur-online-tv-edited.png 711w, https:\/\/kulturonline.tv\/wp-content\/uploads\/2022\/06\/kultur-online-tv-edited-600x338.png 600w\" sizes=\"(max-width: 711px) 100vw, 711px\" \/><\/figure>\n\n\n\n<p>Universal Music ver\u00f6ffentlicht den Schlager Kultklassiker neu mit Nadine Sieben<\/p>\n\n\n\n<p>&#8222;Ich find<code>Schlager toll (I Love Rock<\/code>n Roll)&#8220; &#8211; jetzt mit weiblichem Touch<\/p>\n\n\n\n<p>Liebe zum Schlager, am Liebsten immer gute Laune, Freude an Musik, bei der alle mitwippen und mitsingen. Das sind die Zutaten f\u00fcr den neuesten Song der<\/p>\n\n\n\n<p>Familienschlager-K\u00f6nigin Nadine Sieben. Was vormals schon von Schlager-Legende Guildo Horn zelebriert wurde, erh\u00e4lt jetzt den weiblichen Touch und wird in der aktuellen 2022er<br>Version zum Kult-Titel f\u00fcr alle Schlagerfans. Die Hymne ans Lieblingsgenre hat die sympathische S\u00e4ngerin wieder mit ihrem Produzententeam rund um Peter Hoffmann (Zentrum f\u00fcr gute Musik) zum Leben erweckt, das auch schon bei ihrem aktuellen Album &#8222;Leben leben&#8220; kreativ \u00fcberzeugte.<\/p>\n\n\n\n<p>Am 24.6.22 ver\u00f6ffentlicht Universal Music &#8222;Ich find&#8216; Schlager toll (I Love Rock&#8217;n Roll)&#8220; auf allen Portalen zum Download &amp; Streaming sowie als Video.<\/p>\n\n\n\n<p>Nadine Sieben macht Musik f\u00fcr Kinder aus \u00dcberzeugung. Ihr Motto &#8222;\u00dcberall ist Musik&#8220; begleitet sie durch ihr ganzes Leben.<\/p>\n\n\n\n<p>Ihre Geschichte beginnt in der Hamburgischen Staatsoper. Hier fasste sie den Entschluss &#8222;Ich werde S\u00e4ngerin&#8220;, als sie zum ersten Mal die &#8222;K\u00f6nigin der Nacht&#8220; in Mozarts &#8222;Zauberfl\u00f6te&#8220; erlebt. Da war sie sechs Jahre alt &#8211; und sie hat es durchgezogen. Schon als Kind wurde sie singendes Mitglied der &#8222;Hamburger Alsterspatzen&#8220;, erlebte Opern und Konzertb\u00fchnen im In- und Ausland. Es folgte eine klassische Gesangsausbildung und dann kamen sie \u2026 drei quirlige wunderbare Kinder. Nadine, nun selbst Mutter, entdeckt ihre Liebe zur Kindermusik. Das erste St\u00fcck hei\u00dft &#8211; wie kann es auch anders sein &#8211; &#8222;\u00dcberall ist Musik&#8220;. <\/p>\n\n\n\n<p>Die Nummer gewinnt sofort den 1. Preis als &#8222;Bestes Kinderlied&#8220; beim Deutschen Rock-und-Pop-Musikpreis 2017. Die Musikerin wird daraufhin vom Plattenlabel Karussell (Universal Music) unter Vertrag genommen und arbeitet kurz darauf das erste Mal mit der Musiker-Ikone Rolf Zuckowski zusammen. Im H\u00f6rspiel &#8222;Cosmo und Azura&#8220; verk\u00f6rpert sie an der Seite des Kindermusik-Superstars die sympathische Libelle Azura. Auf ihrem folgenden Album &#8222;Kinderland&#8220;, das 2020 ver\u00f6ffentlicht wurde, ist das Duett &#8222;Abendgold&#8220; (Rolf Zuckowski &amp; Nadine Sieben) zu h\u00f6ren. Und auch dieses Album wurde wieder in der Kategorie der besten Kinderliederalben ausgezeichnet. Nadine Siebens Lieder sind abwechslungsreich und animieren zum Singen, Tanzen, Feiern, aber auch zum Genie\u00dfen und Einschlafen.<\/p>\n\n\n\n<p>Kultur Online TV<\/p>\n\n\n\n<p>#news #mixed #kultur<\/p>\n","protected":false},"excerpt":{"rendered":"<p>Universal Music ver\u00f6ffentlicht den Schlager Kultklassiker neu mit Nadine Sieben &#8222;Ich findSchlager toll (I Love Rockn Roll)&#8220; &#8211; jetzt mit weiblichem Touch Liebe zum Schlager, am Liebsten immer gute Laune, Freude an Musik, bei der alle mitwippen und mitsingen. Das sind die Zutaten f\u00fcr den neuesten Song der Familienschlager-K\u00f6nigin Nadine Sieben. Was vormals schon von [&hellip;]<\/p>\n","protected":false},"author":2,"featured_media":30269,"comment_status":"closed","ping_status":"closed","sticky":false,"template":"","format":"standard","meta":{"_acf_changed":false,"footnotes":""},"categories":[281],"tags":[],"class_list":["post-30266","post","type-post","status-publish","format-standard","has-post-thumbnail","hentry","category-mixed"],"acf":[],"yoast_head":"<!-- This site is optimized with the Yoast SEO plugin v26.1.1 - https:\/\/yoast.com\/wordpress\/plugins\/seo\/ -->\n<title>Nadine Sieben pr\u00e4sentiert zeitgem\u00e4\u00dfe Version des Klassikers &quot;Ich find Schlager toll (I Love Rock`n Roll)&quot; - Kultur Online TV &amp; FM<\/title>\n<meta name=\"description\" content=\"Universal Music ver\u00f6ffentlicht den Schlager Kultklassiker neu mit Nadine Sieben\" \/>\n<meta name=\"robots\" content=\"index, follow, max-snippet:-1, max-image-preview:large, max-video-preview:-1\" \/>\n<link rel=\"canonical\" href=\"https:\/\/kulturonline.tv\/de\/nadine-sieben-praesentiert-zeitgemaesse-version-des-klassikers-ich-find-schlager-toll-i-love-rockn-roll\/\" \/>\n<meta property=\"og:locale\" content=\"de_DE\" \/>\n<meta property=\"og:type\" content=\"article\" \/>\n<meta property=\"og:title\" content=\"Nadine Sieben pr\u00e4sentiert zeitgem\u00e4\u00dfe Version des Klassikers &quot;Ich find Schlager toll (I Love Rock`n Roll)&quot; - Kultur Online TV &amp; FM\" \/>\n<meta property=\"og:description\" content=\"Universal Music ver\u00f6ffentlicht den Schlager Kultklassiker neu mit Nadine Sieben\" \/>\n<meta property=\"og:url\" content=\"https:\/\/kulturonline.tv\/de\/nadine-sieben-praesentiert-zeitgemaesse-version-des-klassikers-ich-find-schlager-toll-i-love-rockn-roll\/\" \/>\n<meta property=\"og:site_name\" content=\"Kultur Online TV &amp; FM\" \/>\n<meta property=\"article:publisher\" content=\"https:\/\/www.facebook.com\/kulturonline.tv\" \/>\n<meta property=\"article:published_time\" content=\"2022-06-27T06:55:41+00:00\" \/>\n<meta property=\"article:modified_time\" content=\"2022-06-27T06:55:42+00:00\" \/>\n<meta property=\"og:image\" content=\"https:\/\/kulturonline.tv\/wp-content\/uploads\/2022\/06\/kultur-online-tv-edited.png\" \/>\n\t<meta property=\"og:image:width\" content=\"711\" \/>\n\t<meta property=\"og:image:height\" content=\"400\" \/>\n\t<meta property=\"og:image:type\" content=\"image\/png\" \/>\n<meta name=\"author\" content=\"guenter.wolfgang\" \/>\n<meta name=\"twitter:card\" content=\"summary_large_image\" \/>\n<meta name=\"twitter:label1\" content=\"Verfasst von\" \/>\n\t<meta name=\"twitter:data1\" content=\"guenter.wolfgang\" \/>\n\t<meta name=\"twitter:label2\" content=\"Gesch\u00e4tzte Lesezeit\" \/>\n\t<meta name=\"twitter:data2\" content=\"3\u00a0Minuten\" \/>\n<script type=\"application\/ld+json\" class=\"yoast-schema-graph\">{\"@context\":\"https:\/\/schema.org\",\"@graph\":[{\"@type\":\"Article\",\"@id\":\"https:\/\/kulturonline.tv\/de\/nadine-sieben-praesentiert-zeitgemaesse-version-des-klassikers-ich-find-schlager-toll-i-love-rockn-roll\/#article\",\"isPartOf\":{\"@id\":\"https:\/\/kulturonline.tv\/de\/nadine-sieben-praesentiert-zeitgemaesse-version-des-klassikers-ich-find-schlager-toll-i-love-rockn-roll\/\"},\"author\":{\"name\":\"guenter.wolfgang\",\"@id\":\"https:\/\/kulturonline.tv\/de\/#\/schema\/person\/b0fac729bb9a0c193fb1df23449df4fe\"},\"headline\":\"Nadine Sieben pr\u00e4sentiert zeitgem\u00e4\u00dfe Version des Klassikers &#8222;Ich find Schlager toll (I Love Rock`n Roll)&#8220;\",\"datePublished\":\"2022-06-27T06:55:41+00:00\",\"dateModified\":\"2022-06-27T06:55:42+00:00\",\"mainEntityOfPage\":{\"@id\":\"https:\/\/kulturonline.tv\/de\/nadine-sieben-praesentiert-zeitgemaesse-version-des-klassikers-ich-find-schlager-toll-i-love-rockn-roll\/\"},\"wordCount\":389,\"publisher\":{\"@id\":\"https:\/\/kulturonline.tv\/de\/#organization\"},\"image\":{\"@id\":\"https:\/\/kulturonline.tv\/de\/nadine-sieben-praesentiert-zeitgemaesse-version-des-klassikers-ich-find-schlager-toll-i-love-rockn-roll\/#primaryimage\"},\"thumbnailUrl\":\"https:\/\/kulturonline.tv\/wp-content\/uploads\/2022\/06\/kultur-online-tv-edited.png\",\"articleSection\":[\"Mixed\"],\"inLanguage\":\"de\"},{\"@type\":\"WebPage\",\"@id\":\"https:\/\/kulturonline.tv\/de\/nadine-sieben-praesentiert-zeitgemaesse-version-des-klassikers-ich-find-schlager-toll-i-love-rockn-roll\/\",\"url\":\"https:\/\/kulturonline.tv\/de\/nadine-sieben-praesentiert-zeitgemaesse-version-des-klassikers-ich-find-schlager-toll-i-love-rockn-roll\/\",\"name\":\"Nadine Sieben pr\u00e4sentiert zeitgem\u00e4\u00dfe Version des Klassikers \\\"Ich find Schlager toll (I Love Rock`n Roll)\\\" - Kultur Online TV &amp; FM\",\"isPartOf\":{\"@id\":\"https:\/\/kulturonline.tv\/de\/#website\"},\"primaryImageOfPage\":{\"@id\":\"https:\/\/kulturonline.tv\/de\/nadine-sieben-praesentiert-zeitgemaesse-version-des-klassikers-ich-find-schlager-toll-i-love-rockn-roll\/#primaryimage\"},\"image\":{\"@id\":\"https:\/\/kulturonline.tv\/de\/nadine-sieben-praesentiert-zeitgemaesse-version-des-klassikers-ich-find-schlager-toll-i-love-rockn-roll\/#primaryimage\"},\"thumbnailUrl\":\"https:\/\/kulturonline.tv\/wp-content\/uploads\/2022\/06\/kultur-online-tv-edited.png\",\"datePublished\":\"2022-06-27T06:55:41+00:00\",\"dateModified\":\"2022-06-27T06:55:42+00:00\",\"description\":\"Universal Music ver\u00f6ffentlicht den Schlager Kultklassiker neu mit Nadine Sieben\",\"breadcrumb\":{\"@id\":\"https:\/\/kulturonline.tv\/de\/nadine-sieben-praesentiert-zeitgemaesse-version-des-klassikers-ich-find-schlager-toll-i-love-rockn-roll\/#breadcrumb\"},\"inLanguage\":\"de\",\"potentialAction\":[{\"@type\":\"ReadAction\",\"target\":[\"https:\/\/kulturonline.tv\/de\/nadine-sieben-praesentiert-zeitgemaesse-version-des-klassikers-ich-find-schlager-toll-i-love-rockn-roll\/\"]}]},{\"@type\":\"ImageObject\",\"inLanguage\":\"de\",\"@id\":\"https:\/\/kulturonline.tv\/de\/nadine-sieben-praesentiert-zeitgemaesse-version-des-klassikers-ich-find-schlager-toll-i-love-rockn-roll\/#primaryimage\",\"url\":\"https:\/\/kulturonline.tv\/wp-content\/uploads\/2022\/06\/kultur-online-tv-edited.png\",\"contentUrl\":\"https:\/\/kulturonline.tv\/wp-content\/uploads\/2022\/06\/kultur-online-tv-edited.png\",\"width\":711,\"height\":400},{\"@type\":\"BreadcrumbList\",\"@id\":\"https:\/\/kulturonline.tv\/de\/nadine-sieben-praesentiert-zeitgemaesse-version-des-klassikers-ich-find-schlager-toll-i-love-rockn-roll\/#breadcrumb\",\"itemListElement\":[{\"@type\":\"ListItem\",\"position\":1,\"name\":\"Startseite\",\"item\":\"https:\/\/kulturonline.tv\/de\/\"},{\"@type\":\"ListItem\",\"position\":2,\"name\":\"Nadine Sieben pr\u00e4sentiert zeitgem\u00e4\u00dfe Version des Klassikers &#8222;Ich find Schlager toll (I Love Rock`n Roll)&#8220;\"}]},{\"@type\":\"WebSite\",\"@id\":\"https:\/\/kulturonline.tv\/de\/#website\",\"url\":\"https:\/\/kulturonline.tv\/de\/\",\"name\":\"Kultur Online TV &amp; FM\",\"description\":\"Wir sind Kultur 2.0 zum sehen &amp; h\u00f6ren\",\"publisher\":{\"@id\":\"https:\/\/kulturonline.tv\/de\/#organization\"},\"potentialAction\":[{\"@type\":\"SearchAction\",\"target\":{\"@type\":\"EntryPoint\",\"urlTemplate\":\"https:\/\/kulturonline.tv\/de\/?s={search_term_string}\"},\"query-input\":{\"@type\":\"PropertyValueSpecification\",\"valueRequired\":true,\"valueName\":\"search_term_string\"}}],\"inLanguage\":\"de\"},{\"@type\":\"Organization\",\"@id\":\"https:\/\/kulturonline.tv\/de\/#organization\",\"name\":\"Kultur Online TV\",\"url\":\"https:\/\/kulturonline.tv\/de\/\",\"logo\":{\"@type\":\"ImageObject\",\"inLanguage\":\"de\",\"@id\":\"https:\/\/kulturonline.tv\/de\/#\/schema\/logo\/image\/\",\"url\":\"https:\/\/kulturonline.tv\/wp-content\/uploads\/2021\/08\/Kultur-Online-Tv-Logo-Endversion-neu.png\",\"contentUrl\":\"https:\/\/kulturonline.tv\/wp-content\/uploads\/2021\/08\/Kultur-Online-Tv-Logo-Endversion-neu.png\",\"width\":200,\"height\":200,\"caption\":\"Kultur Online TV\"},\"image\":{\"@id\":\"https:\/\/kulturonline.tv\/de\/#\/schema\/logo\/image\/\"},\"sameAs\":[\"https:\/\/www.facebook.com\/kulturonline.tv\",\"https:\/\/www.instagram.com\/kulturonline.tv\"]},{\"@type\":\"Person\",\"@id\":\"https:\/\/kulturonline.tv\/de\/#\/schema\/person\/b0fac729bb9a0c193fb1df23449df4fe\",\"name\":\"guenter.wolfgang\"}]}<\/script>\n<!-- \/ Yoast SEO plugin. -->","yoast_head_json":{"title":"Nadine Sieben pr\u00e4sentiert zeitgem\u00e4\u00dfe Version des Klassikers \"Ich find Schlager toll (I Love Rock`n Roll)\" - Kultur Online TV &amp; FM","description":"Universal Music ver\u00f6ffentlicht den Schlager Kultklassiker neu mit Nadine Sieben","robots":{"index":"index","follow":"follow","max-snippet":"max-snippet:-1","max-image-preview":"max-image-preview:large","max-video-preview":"max-video-preview:-1"},"canonical":"https:\/\/kulturonline.tv\/de\/nadine-sieben-praesentiert-zeitgemaesse-version-des-klassikers-ich-find-schlager-toll-i-love-rockn-roll\/","og_locale":"de_DE","og_type":"article","og_title":"Nadine Sieben pr\u00e4sentiert zeitgem\u00e4\u00dfe Version des Klassikers \"Ich find Schlager toll (I Love Rock`n Roll)\" - Kultur Online TV &amp; FM","og_description":"Universal Music ver\u00f6ffentlicht den Schlager Kultklassiker neu mit Nadine Sieben","og_url":"https:\/\/kulturonline.tv\/de\/nadine-sieben-praesentiert-zeitgemaesse-version-des-klassikers-ich-find-schlager-toll-i-love-rockn-roll\/","og_site_name":"Kultur Online TV &amp; FM","article_publisher":"https:\/\/www.facebook.com\/kulturonline.tv","article_published_time":"2022-06-27T06:55:41+00:00","article_modified_time":"2022-06-27T06:55:42+00:00","og_image":[{"width":711,"height":400,"url":"https:\/\/kulturonline.tv\/wp-content\/uploads\/2022\/06\/kultur-online-tv-edited.png","type":"image\/png"}],"author":"guenter.wolfgang","twitter_card":"summary_large_image","twitter_misc":{"Verfasst von":"guenter.wolfgang","Gesch\u00e4tzte Lesezeit":"3\u00a0Minuten"},"schema":{"@context":"https:\/\/schema.org","@graph":[{"@type":"Article","@id":"https:\/\/kulturonline.tv\/de\/nadine-sieben-praesentiert-zeitgemaesse-version-des-klassikers-ich-find-schlager-toll-i-love-rockn-roll\/#article","isPartOf":{"@id":"https:\/\/kulturonline.tv\/de\/nadine-sieben-praesentiert-zeitgemaesse-version-des-klassikers-ich-find-schlager-toll-i-love-rockn-roll\/"},"author":{"name":"guenter.wolfgang","@id":"https:\/\/kulturonline.tv\/de\/#\/schema\/person\/b0fac729bb9a0c193fb1df23449df4fe"},"headline":"Nadine Sieben pr\u00e4sentiert zeitgem\u00e4\u00dfe Version des Klassikers &#8222;Ich find Schlager toll (I Love Rock`n Roll)&#8220;","datePublished":"2022-06-27T06:55:41+00:00","dateModified":"2022-06-27T06:55:42+00:00","mainEntityOfPage":{"@id":"https:\/\/kulturonline.tv\/de\/nadine-sieben-praesentiert-zeitgemaesse-version-des-klassikers-ich-find-schlager-toll-i-love-rockn-roll\/"},"wordCount":389,"publisher":{"@id":"https:\/\/kulturonline.tv\/de\/#organization"},"image":{"@id":"https:\/\/kulturonline.tv\/de\/nadine-sieben-praesentiert-zeitgemaesse-version-des-klassikers-ich-find-schlager-toll-i-love-rockn-roll\/#primaryimage"},"thumbnailUrl":"https:\/\/kulturonline.tv\/wp-content\/uploads\/2022\/06\/kultur-online-tv-edited.png","articleSection":["Mixed"],"inLanguage":"de"},{"@type":"WebPage","@id":"https:\/\/kulturonline.tv\/de\/nadine-sieben-praesentiert-zeitgemaesse-version-des-klassikers-ich-find-schlager-toll-i-love-rockn-roll\/","url":"https:\/\/kulturonline.tv\/de\/nadine-sieben-praesentiert-zeitgemaesse-version-des-klassikers-ich-find-schlager-toll-i-love-rockn-roll\/","name":"Nadine Sieben pr\u00e4sentiert zeitgem\u00e4\u00dfe Version des Klassikers \"Ich find Schlager toll (I Love Rock`n Roll)\" - Kultur Online TV &amp; FM","isPartOf":{"@id":"https:\/\/kulturonline.tv\/de\/#website"},"primaryImageOfPage":{"@id":"https:\/\/kulturonline.tv\/de\/nadine-sieben-praesentiert-zeitgemaesse-version-des-klassikers-ich-find-schlager-toll-i-love-rockn-roll\/#primaryimage"},"image":{"@id":"https:\/\/kulturonline.tv\/de\/nadine-sieben-praesentiert-zeitgemaesse-version-des-klassikers-ich-find-schlager-toll-i-love-rockn-roll\/#primaryimage"},"thumbnailUrl":"https:\/\/kulturonline.tv\/wp-content\/uploads\/2022\/06\/kultur-online-tv-edited.png","datePublished":"2022-06-27T06:55:41+00:00","dateModified":"2022-06-27T06:55:42+00:00","description":"Universal Music ver\u00f6ffentlicht den Schlager Kultklassiker neu mit Nadine Sieben","breadcrumb":{"@id":"https:\/\/kulturonline.tv\/de\/nadine-sieben-praesentiert-zeitgemaesse-version-des-klassikers-ich-find-schlager-toll-i-love-rockn-roll\/#breadcrumb"},"inLanguage":"de","potentialAction":[{"@type":"ReadAction","target":["https:\/\/kulturonline.tv\/de\/nadine-sieben-praesentiert-zeitgemaesse-version-des-klassikers-ich-find-schlager-toll-i-love-rockn-roll\/"]}]},{"@type":"ImageObject","inLanguage":"de","@id":"https:\/\/kulturonline.tv\/de\/nadine-sieben-praesentiert-zeitgemaesse-version-des-klassikers-ich-find-schlager-toll-i-love-rockn-roll\/#primaryimage","url":"https:\/\/kulturonline.tv\/wp-content\/uploads\/2022\/06\/kultur-online-tv-edited.png","contentUrl":"https:\/\/kulturonline.tv\/wp-content\/uploads\/2022\/06\/kultur-online-tv-edited.png","width":711,"height":400},{"@type":"BreadcrumbList","@id":"https:\/\/kulturonline.tv\/de\/nadine-sieben-praesentiert-zeitgemaesse-version-des-klassikers-ich-find-schlager-toll-i-love-rockn-roll\/#breadcrumb","itemListElement":[{"@type":"ListItem","position":1,"name":"Startseite","item":"https:\/\/kulturonline.tv\/de\/"},{"@type":"ListItem","position":2,"name":"Nadine Sieben pr\u00e4sentiert zeitgem\u00e4\u00dfe Version des Klassikers &#8222;Ich find Schlager toll (I Love Rock`n Roll)&#8220;"}]},{"@type":"WebSite","@id":"https:\/\/kulturonline.tv\/de\/#website","url":"https:\/\/kulturonline.tv\/de\/","name":"Kultur Online TV &amp; FM","description":"Wir sind Kultur 2.0 zum sehen &amp; h\u00f6ren","publisher":{"@id":"https:\/\/kulturonline.tv\/de\/#organization"},"potentialAction":[{"@type":"SearchAction","target":{"@type":"EntryPoint","urlTemplate":"https:\/\/kulturonline.tv\/de\/?s={search_term_string}"},"query-input":{"@type":"PropertyValueSpecification","valueRequired":true,"valueName":"search_term_string"}}],"inLanguage":"de"},{"@type":"Organization","@id":"https:\/\/kulturonline.tv\/de\/#organization","name":"Kultur Online TV","url":"https:\/\/kulturonline.tv\/de\/","logo":{"@type":"ImageObject","inLanguage":"de","@id":"https:\/\/kulturonline.tv\/de\/#\/schema\/logo\/image\/","url":"https:\/\/kulturonline.tv\/wp-content\/uploads\/2021\/08\/Kultur-Online-Tv-Logo-Endversion-neu.png","contentUrl":"https:\/\/kulturonline.tv\/wp-content\/uploads\/2021\/08\/Kultur-Online-Tv-Logo-Endversion-neu.png","width":200,"height":200,"caption":"Kultur Online TV"},"image":{"@id":"https:\/\/kulturonline.tv\/de\/#\/schema\/logo\/image\/"},"sameAs":["https:\/\/www.facebook.com\/kulturonline.tv","https:\/\/www.instagram.com\/kulturonline.tv"]},{"@type":"Person","@id":"https:\/\/kulturonline.tv\/de\/#\/schema\/person\/b0fac729bb9a0c193fb1df23449df4fe","name":"guenter.wolfgang"}]}},"_links":{"self":[{"href":"https:\/\/kulturonline.tv\/de\/wp-json\/wp\/v2\/posts\/30266","targetHints":{"allow":["GET"]}}],"collection":[{"href":"https:\/\/kulturonline.tv\/de\/wp-json\/wp\/v2\/posts"}],"about":[{"href":"https:\/\/kulturonline.tv\/de\/wp-json\/wp\/v2\/types\/post"}],"author":[{"embeddable":true,"href":"https:\/\/kulturonline.tv\/de\/wp-json\/wp\/v2\/users\/2"}],"replies":[{"embeddable":true,"href":"https:\/\/kulturonline.tv\/de\/wp-json\/wp\/v2\/comments?post=30266"}],"version-history":[{"count":0,"href":"https:\/\/kulturonline.tv\/de\/wp-json\/wp\/v2\/posts\/30266\/revisions"}],"wp:featuredmedia":[{"embeddable":true,"href":"https:\/\/kulturonline.tv\/de\/wp-json\/wp\/v2\/media\/30269"}],"wp:attachment":[{"href":"https:\/\/kulturonline.tv\/de\/wp-json\/wp\/v2\/media?parent=30266"}],"wp:term":[{"taxonomy":"category","embeddable":true,"href":"https:\/\/kulturonline.tv\/de\/wp-json\/wp\/v2\/categories?post=30266"},{"taxonomy":"post_tag","embeddable":true,"href":"https:\/\/kulturonline.tv\/de\/wp-json\/wp\/v2\/tags?post=30266"}],"curies":[{"name":"wp","href":"https:\/\/api.w.org\/{rel}","templated":true}]}}