{"id":30286,"date":"2022-06-27T09:09:56","date_gmt":"2022-06-27T07:09:56","guid":{"rendered":"https:\/\/kulturonline.tv\/?p=30286"},"modified":"2022-06-27T09:09:57","modified_gmt":"2022-06-27T07:09:57","slug":"wenn-ich-an-venedig-denke","status":"publish","type":"post","link":"https:\/\/kulturonline.tv\/de\/wenn-ich-an-venedig-denke\/","title":{"rendered":"Wenn ich an Venedig denke \u2026"},"content":{"rendered":"\n<p>Herzsprung-Verlag setzt Reihe mit Liebesgeschichten aus Italien fort &#8211; Un Amore Italiano Band 8<\/p>\n\n\n\n<figure class=\"wp-block-image size-full is-resized\"><img decoding=\"async\" src=\"https:\/\/kulturonline.tv\/wp-content\/uploads\/2022\/06\/literatur-1-edited.jpg\" alt=\"\" class=\"wp-image-30289\" width=\"842\" srcset=\"https:\/\/kulturonline.tv\/wp-content\/uploads\/2022\/06\/literatur-1-edited.jpg 600w, https:\/\/kulturonline.tv\/wp-content\/uploads\/2022\/06\/literatur-1-edited-416x234.jpg 416w\" sizes=\"(max-width: 600px) 100vw, 600px\" \/><\/figure>\n\n\n\n<p>Langenargen. &#8222;Ich hatte mich so auf unsere Hochzeitsreise gefreut. Nach Venedig sollte es gehen. Der Flug war gebucht, die Koffer gepackt \u2026 und dann kam mein frisch angetrauter Ehemann damit um die Ecke, dass ich allein fliegen m\u00fcsse. Er h\u00e4tte gesch\u00e4ftliche Termine, die unaufschiebbar seien. F\u00fcr mich brach eine Welt zusammen. So dachte ich. H\u00e4tte ich in diesem Moment geahnt, dass mir in der Stadt der Liebe die Liebe neu begegnen w\u00fcrde, dann h\u00e4tte ich mir viele Tr\u00e4nen sparen k\u00f6nnen. \u2026&#8220;<\/p>\n\n\n\n<p>&#8222;Wenn ich an Venedig denke \u2026&#8220; ist der 8. Band der Reihe &#8222;Un Amore Italiano&#8220;, der vom Herzsprung-Verlag herausgegeben und im Fr\u00fchjahr 2023 erscheinen wird. Das Buchprojekt richtet sich an Autorinnen und Autorin, die Spa\u00df daran haben, Liebesgeschichten mit Begeisterung aufs Papier zu bringen. Nat\u00fcrlich m\u00fcssen diese Liebesgeschichten nicht unbedingt ein Happy End haben, denn die Protagonisten anderer B\u00e4nde dieser Reihe haben sich manchmal auch schon mit Mord und Totschlag konfrontiert gesehen. Un Amore Italiano birgt halt viele Facetten.<\/p>\n\n\n\n<p>Einsendeschluss f\u00fcr alle Beitr\u00e4ge ist der 15. M\u00e4rz 2023. Die Ausschreibung richtet sich an junge Erwachsene und Erwachsene, die gerne schreiben und ver\u00f6ffentlichen m\u00f6chten. Ausf\u00fchrliche Informationen zu diesem Projekt finden interessierte Autorinnen und Autoren auf der Internetseite des Verlags .<\/p>\n\n\n\n<p>Kultur Online TV \/ openPR<\/p>\n\n\n\n<p>#literatur #news  #kultur<\/p>\n","protected":false},"excerpt":{"rendered":"<p>Herzsprung-Verlag setzt Reihe mit Liebesgeschichten aus Italien fort &#8211; Un Amore Italiano Band 8 Langenargen. &#8222;Ich hatte mich so auf unsere Hochzeitsreise gefreut. Nach Venedig sollte es gehen. Der Flug war gebucht, die Koffer gepackt \u2026 und dann kam mein frisch angetrauter Ehemann damit um die Ecke, dass ich allein fliegen m\u00fcsse. Er h\u00e4tte gesch\u00e4ftliche [&hellip;]<\/p>\n","protected":false},"author":2,"featured_media":30289,"comment_status":"closed","ping_status":"closed","sticky":false,"template":"","format":"standard","meta":{"_acf_changed":false,"footnotes":""},"categories":[106],"tags":[],"class_list":["post-30286","post","type-post","status-publish","format-standard","has-post-thumbnail","hentry","category-literatur"],"acf":[],"yoast_head":"<!-- This site is optimized with the Yoast SEO plugin v26.1.1 - https:\/\/yoast.com\/wordpress\/plugins\/seo\/ -->\n<title>Wenn ich an Venedig denke \u2026 - Kultur Online TV &amp; FM<\/title>\n<meta name=\"description\" content=\"Herzsprung-Verlag setzt Reihe mit Liebesgeschichten aus Italien fort - Un Amore Italiano Band 8\" \/>\n<meta name=\"robots\" content=\"index, follow, max-snippet:-1, max-image-preview:large, max-video-preview:-1\" \/>\n<link rel=\"canonical\" href=\"https:\/\/kulturonline.tv\/de\/wenn-ich-an-venedig-denke\/\" \/>\n<meta property=\"og:locale\" content=\"de_DE\" \/>\n<meta property=\"og:type\" content=\"article\" \/>\n<meta property=\"og:title\" content=\"Wenn ich an Venedig denke \u2026 - Kultur Online TV &amp; FM\" \/>\n<meta property=\"og:description\" content=\"Herzsprung-Verlag setzt Reihe mit Liebesgeschichten aus Italien fort - Un Amore Italiano Band 8\" \/>\n<meta property=\"og:url\" content=\"https:\/\/kulturonline.tv\/de\/wenn-ich-an-venedig-denke\/\" \/>\n<meta property=\"og:site_name\" content=\"Kultur Online TV &amp; FM\" \/>\n<meta property=\"article:publisher\" content=\"https:\/\/www.facebook.com\/kulturonline.tv\" \/>\n<meta property=\"article:published_time\" content=\"2022-06-27T07:09:56+00:00\" \/>\n<meta property=\"article:modified_time\" content=\"2022-06-27T07:09:57+00:00\" \/>\n<meta property=\"og:image\" content=\"https:\/\/kulturonline.tv\/wp-content\/uploads\/2022\/06\/literatur-1-edited.jpg\" \/>\n\t<meta property=\"og:image:width\" content=\"600\" \/>\n\t<meta property=\"og:image:height\" content=\"338\" \/>\n\t<meta property=\"og:image:type\" content=\"image\/jpeg\" \/>\n<meta name=\"author\" content=\"guenter.wolfgang\" \/>\n<meta name=\"twitter:card\" content=\"summary_large_image\" \/>\n<meta name=\"twitter:label1\" content=\"Verfasst von\" \/>\n\t<meta name=\"twitter:data1\" content=\"guenter.wolfgang\" \/>\n\t<meta name=\"twitter:label2\" content=\"Gesch\u00e4tzte Lesezeit\" \/>\n\t<meta name=\"twitter:data2\" content=\"2\u00a0Minuten\" \/>\n<script type=\"application\/ld+json\" class=\"yoast-schema-graph\">{\"@context\":\"https:\/\/schema.org\",\"@graph\":[{\"@type\":\"Article\",\"@id\":\"https:\/\/kulturonline.tv\/de\/wenn-ich-an-venedig-denke\/#article\",\"isPartOf\":{\"@id\":\"https:\/\/kulturonline.tv\/de\/wenn-ich-an-venedig-denke\/\"},\"author\":{\"name\":\"guenter.wolfgang\",\"@id\":\"https:\/\/kulturonline.tv\/de\/#\/schema\/person\/b0fac729bb9a0c193fb1df23449df4fe\"},\"headline\":\"Wenn ich an Venedig denke \u2026\",\"datePublished\":\"2022-06-27T07:09:56+00:00\",\"dateModified\":\"2022-06-27T07:09:57+00:00\",\"mainEntityOfPage\":{\"@id\":\"https:\/\/kulturonline.tv\/de\/wenn-ich-an-venedig-denke\/\"},\"wordCount\":236,\"publisher\":{\"@id\":\"https:\/\/kulturonline.tv\/de\/#organization\"},\"image\":{\"@id\":\"https:\/\/kulturonline.tv\/de\/wenn-ich-an-venedig-denke\/#primaryimage\"},\"thumbnailUrl\":\"https:\/\/kulturonline.tv\/wp-content\/uploads\/2022\/06\/literatur-1-edited.jpg\",\"articleSection\":[\"Literatur\"],\"inLanguage\":\"de\"},{\"@type\":\"WebPage\",\"@id\":\"https:\/\/kulturonline.tv\/de\/wenn-ich-an-venedig-denke\/\",\"url\":\"https:\/\/kulturonline.tv\/de\/wenn-ich-an-venedig-denke\/\",\"name\":\"Wenn ich an Venedig denke \u2026 - Kultur Online TV &amp; FM\",\"isPartOf\":{\"@id\":\"https:\/\/kulturonline.tv\/de\/#website\"},\"primaryImageOfPage\":{\"@id\":\"https:\/\/kulturonline.tv\/de\/wenn-ich-an-venedig-denke\/#primaryimage\"},\"image\":{\"@id\":\"https:\/\/kulturonline.tv\/de\/wenn-ich-an-venedig-denke\/#primaryimage\"},\"thumbnailUrl\":\"https:\/\/kulturonline.tv\/wp-content\/uploads\/2022\/06\/literatur-1-edited.jpg\",\"datePublished\":\"2022-06-27T07:09:56+00:00\",\"dateModified\":\"2022-06-27T07:09:57+00:00\",\"description\":\"Herzsprung-Verlag setzt Reihe mit Liebesgeschichten aus Italien fort - Un Amore Italiano Band 8\",\"breadcrumb\":{\"@id\":\"https:\/\/kulturonline.tv\/de\/wenn-ich-an-venedig-denke\/#breadcrumb\"},\"inLanguage\":\"de\",\"potentialAction\":[{\"@type\":\"ReadAction\",\"target\":[\"https:\/\/kulturonline.tv\/de\/wenn-ich-an-venedig-denke\/\"]}]},{\"@type\":\"ImageObject\",\"inLanguage\":\"de\",\"@id\":\"https:\/\/kulturonline.tv\/de\/wenn-ich-an-venedig-denke\/#primaryimage\",\"url\":\"https:\/\/kulturonline.tv\/wp-content\/uploads\/2022\/06\/literatur-1-edited.jpg\",\"contentUrl\":\"https:\/\/kulturonline.tv\/wp-content\/uploads\/2022\/06\/literatur-1-edited.jpg\",\"width\":600,\"height\":338},{\"@type\":\"BreadcrumbList\",\"@id\":\"https:\/\/kulturonline.tv\/de\/wenn-ich-an-venedig-denke\/#breadcrumb\",\"itemListElement\":[{\"@type\":\"ListItem\",\"position\":1,\"name\":\"Startseite\",\"item\":\"https:\/\/kulturonline.tv\/de\/\"},{\"@type\":\"ListItem\",\"position\":2,\"name\":\"Wenn ich an Venedig denke \u2026\"}]},{\"@type\":\"WebSite\",\"@id\":\"https:\/\/kulturonline.tv\/de\/#website\",\"url\":\"https:\/\/kulturonline.tv\/de\/\",\"name\":\"Kultur Online TV &amp; FM\",\"description\":\"Wir sind Kultur 2.0 zum sehen &amp; h\u00f6ren\",\"publisher\":{\"@id\":\"https:\/\/kulturonline.tv\/de\/#organization\"},\"potentialAction\":[{\"@type\":\"SearchAction\",\"target\":{\"@type\":\"EntryPoint\",\"urlTemplate\":\"https:\/\/kulturonline.tv\/de\/?s={search_term_string}\"},\"query-input\":{\"@type\":\"PropertyValueSpecification\",\"valueRequired\":true,\"valueName\":\"search_term_string\"}}],\"inLanguage\":\"de\"},{\"@type\":\"Organization\",\"@id\":\"https:\/\/kulturonline.tv\/de\/#organization\",\"name\":\"Kultur Online TV\",\"url\":\"https:\/\/kulturonline.tv\/de\/\",\"logo\":{\"@type\":\"ImageObject\",\"inLanguage\":\"de\",\"@id\":\"https:\/\/kulturonline.tv\/de\/#\/schema\/logo\/image\/\",\"url\":\"https:\/\/kulturonline.tv\/wp-content\/uploads\/2021\/08\/Kultur-Online-Tv-Logo-Endversion-neu.png\",\"contentUrl\":\"https:\/\/kulturonline.tv\/wp-content\/uploads\/2021\/08\/Kultur-Online-Tv-Logo-Endversion-neu.png\",\"width\":200,\"height\":200,\"caption\":\"Kultur Online TV\"},\"image\":{\"@id\":\"https:\/\/kulturonline.tv\/de\/#\/schema\/logo\/image\/\"},\"sameAs\":[\"https:\/\/www.facebook.com\/kulturonline.tv\",\"https:\/\/www.instagram.com\/kulturonline.tv\"]},{\"@type\":\"Person\",\"@id\":\"https:\/\/kulturonline.tv\/de\/#\/schema\/person\/b0fac729bb9a0c193fb1df23449df4fe\",\"name\":\"guenter.wolfgang\"}]}<\/script>\n<!-- \/ Yoast SEO plugin. -->","yoast_head_json":{"title":"Wenn ich an Venedig denke \u2026 - Kultur Online TV &amp; FM","description":"Herzsprung-Verlag setzt Reihe mit Liebesgeschichten aus Italien fort - Un Amore Italiano Band 8","robots":{"index":"index","follow":"follow","max-snippet":"max-snippet:-1","max-image-preview":"max-image-preview:large","max-video-preview":"max-video-preview:-1"},"canonical":"https:\/\/kulturonline.tv\/de\/wenn-ich-an-venedig-denke\/","og_locale":"de_DE","og_type":"article","og_title":"Wenn ich an Venedig denke \u2026 - Kultur Online TV &amp; FM","og_description":"Herzsprung-Verlag setzt Reihe mit Liebesgeschichten aus Italien fort - Un Amore Italiano Band 8","og_url":"https:\/\/kulturonline.tv\/de\/wenn-ich-an-venedig-denke\/","og_site_name":"Kultur Online TV &amp; FM","article_publisher":"https:\/\/www.facebook.com\/kulturonline.tv","article_published_time":"2022-06-27T07:09:56+00:00","article_modified_time":"2022-06-27T07:09:57+00:00","og_image":[{"width":600,"height":338,"url":"https:\/\/kulturonline.tv\/wp-content\/uploads\/2022\/06\/literatur-1-edited.jpg","type":"image\/jpeg"}],"author":"guenter.wolfgang","twitter_card":"summary_large_image","twitter_misc":{"Verfasst von":"guenter.wolfgang","Gesch\u00e4tzte Lesezeit":"2\u00a0Minuten"},"schema":{"@context":"https:\/\/schema.org","@graph":[{"@type":"Article","@id":"https:\/\/kulturonline.tv\/de\/wenn-ich-an-venedig-denke\/#article","isPartOf":{"@id":"https:\/\/kulturonline.tv\/de\/wenn-ich-an-venedig-denke\/"},"author":{"name":"guenter.wolfgang","@id":"https:\/\/kulturonline.tv\/de\/#\/schema\/person\/b0fac729bb9a0c193fb1df23449df4fe"},"headline":"Wenn ich an Venedig denke \u2026","datePublished":"2022-06-27T07:09:56+00:00","dateModified":"2022-06-27T07:09:57+00:00","mainEntityOfPage":{"@id":"https:\/\/kulturonline.tv\/de\/wenn-ich-an-venedig-denke\/"},"wordCount":236,"publisher":{"@id":"https:\/\/kulturonline.tv\/de\/#organization"},"image":{"@id":"https:\/\/kulturonline.tv\/de\/wenn-ich-an-venedig-denke\/#primaryimage"},"thumbnailUrl":"https:\/\/kulturonline.tv\/wp-content\/uploads\/2022\/06\/literatur-1-edited.jpg","articleSection":["Literatur"],"inLanguage":"de"},{"@type":"WebPage","@id":"https:\/\/kulturonline.tv\/de\/wenn-ich-an-venedig-denke\/","url":"https:\/\/kulturonline.tv\/de\/wenn-ich-an-venedig-denke\/","name":"Wenn ich an Venedig denke \u2026 - Kultur Online TV &amp; FM","isPartOf":{"@id":"https:\/\/kulturonline.tv\/de\/#website"},"primaryImageOfPage":{"@id":"https:\/\/kulturonline.tv\/de\/wenn-ich-an-venedig-denke\/#primaryimage"},"image":{"@id":"https:\/\/kulturonline.tv\/de\/wenn-ich-an-venedig-denke\/#primaryimage"},"thumbnailUrl":"https:\/\/kulturonline.tv\/wp-content\/uploads\/2022\/06\/literatur-1-edited.jpg","datePublished":"2022-06-27T07:09:56+00:00","dateModified":"2022-06-27T07:09:57+00:00","description":"Herzsprung-Verlag setzt Reihe mit Liebesgeschichten aus Italien fort - Un Amore Italiano Band 8","breadcrumb":{"@id":"https:\/\/kulturonline.tv\/de\/wenn-ich-an-venedig-denke\/#breadcrumb"},"inLanguage":"de","potentialAction":[{"@type":"ReadAction","target":["https:\/\/kulturonline.tv\/de\/wenn-ich-an-venedig-denke\/"]}]},{"@type":"ImageObject","inLanguage":"de","@id":"https:\/\/kulturonline.tv\/de\/wenn-ich-an-venedig-denke\/#primaryimage","url":"https:\/\/kulturonline.tv\/wp-content\/uploads\/2022\/06\/literatur-1-edited.jpg","contentUrl":"https:\/\/kulturonline.tv\/wp-content\/uploads\/2022\/06\/literatur-1-edited.jpg","width":600,"height":338},{"@type":"BreadcrumbList","@id":"https:\/\/kulturonline.tv\/de\/wenn-ich-an-venedig-denke\/#breadcrumb","itemListElement":[{"@type":"ListItem","position":1,"name":"Startseite","item":"https:\/\/kulturonline.tv\/de\/"},{"@type":"ListItem","position":2,"name":"Wenn ich an Venedig denke \u2026"}]},{"@type":"WebSite","@id":"https:\/\/kulturonline.tv\/de\/#website","url":"https:\/\/kulturonline.tv\/de\/","name":"Kultur Online TV &amp; FM","description":"Wir sind Kultur 2.0 zum sehen &amp; h\u00f6ren","publisher":{"@id":"https:\/\/kulturonline.tv\/de\/#organization"},"potentialAction":[{"@type":"SearchAction","target":{"@type":"EntryPoint","urlTemplate":"https:\/\/kulturonline.tv\/de\/?s={search_term_string}"},"query-input":{"@type":"PropertyValueSpecification","valueRequired":true,"valueName":"search_term_string"}}],"inLanguage":"de"},{"@type":"Organization","@id":"https:\/\/kulturonline.tv\/de\/#organization","name":"Kultur Online TV","url":"https:\/\/kulturonline.tv\/de\/","logo":{"@type":"ImageObject","inLanguage":"de","@id":"https:\/\/kulturonline.tv\/de\/#\/schema\/logo\/image\/","url":"https:\/\/kulturonline.tv\/wp-content\/uploads\/2021\/08\/Kultur-Online-Tv-Logo-Endversion-neu.png","contentUrl":"https:\/\/kulturonline.tv\/wp-content\/uploads\/2021\/08\/Kultur-Online-Tv-Logo-Endversion-neu.png","width":200,"height":200,"caption":"Kultur Online TV"},"image":{"@id":"https:\/\/kulturonline.tv\/de\/#\/schema\/logo\/image\/"},"sameAs":["https:\/\/www.facebook.com\/kulturonline.tv","https:\/\/www.instagram.com\/kulturonline.tv"]},{"@type":"Person","@id":"https:\/\/kulturonline.tv\/de\/#\/schema\/person\/b0fac729bb9a0c193fb1df23449df4fe","name":"guenter.wolfgang"}]}},"_links":{"self":[{"href":"https:\/\/kulturonline.tv\/de\/wp-json\/wp\/v2\/posts\/30286","targetHints":{"allow":["GET"]}}],"collection":[{"href":"https:\/\/kulturonline.tv\/de\/wp-json\/wp\/v2\/posts"}],"about":[{"href":"https:\/\/kulturonline.tv\/de\/wp-json\/wp\/v2\/types\/post"}],"author":[{"embeddable":true,"href":"https:\/\/kulturonline.tv\/de\/wp-json\/wp\/v2\/users\/2"}],"replies":[{"embeddable":true,"href":"https:\/\/kulturonline.tv\/de\/wp-json\/wp\/v2\/comments?post=30286"}],"version-history":[{"count":0,"href":"https:\/\/kulturonline.tv\/de\/wp-json\/wp\/v2\/posts\/30286\/revisions"}],"wp:featuredmedia":[{"embeddable":true,"href":"https:\/\/kulturonline.tv\/de\/wp-json\/wp\/v2\/media\/30289"}],"wp:attachment":[{"href":"https:\/\/kulturonline.tv\/de\/wp-json\/wp\/v2\/media?parent=30286"}],"wp:term":[{"taxonomy":"category","embeddable":true,"href":"https:\/\/kulturonline.tv\/de\/wp-json\/wp\/v2\/categories?post=30286"},{"taxonomy":"post_tag","embeddable":true,"href":"https:\/\/kulturonline.tv\/de\/wp-json\/wp\/v2\/tags?post=30286"}],"curies":[{"name":"wp","href":"https:\/\/api.w.org\/{rel}","templated":true}]}}