{"id":30296,"date":"2022-06-27T10:11:40","date_gmt":"2022-06-27T08:11:40","guid":{"rendered":"https:\/\/kulturonline.tv\/?p=30296"},"modified":"2022-06-27T10:11:41","modified_gmt":"2022-06-27T08:11:41","slug":"neues-leitungsteam-am-theater-ulm-vorgestellt","status":"publish","type":"post","link":"https:\/\/kulturonline.tv\/de\/neues-leitungsteam-am-theater-ulm-vorgestellt\/","title":{"rendered":"Neues Leitungsteam am Theater Ulm vorgestellt"},"content":{"rendered":"\n<p>Schauspieldirektor wird Jasper Brandis, im Ballett des Dreispartenhauses ersetzt Reiner Feistel.<\/p>\n\n\n\n<figure class=\"wp-block-image size-full is-resized\"><img decoding=\"async\" src=\"https:\/\/kulturonline.tv\/wp-content\/uploads\/2022\/06\/Theater-Ulm-edited.png\" alt=\"\" class=\"wp-image-30299\" width=\"841\" srcset=\"https:\/\/kulturonline.tv\/wp-content\/uploads\/2022\/06\/Theater-Ulm-edited.png 569w, https:\/\/kulturonline.tv\/wp-content\/uploads\/2022\/06\/Theater-Ulm-edited-416x234.png 416w\" sizes=\"(max-width: 569px) 100vw, 569px\" \/><\/figure>\n\n\n\n<p>Jasper Brandis wurde 1971 in New York-City (USA) geboren verbrachte seine Kindheit und Jugend in Deutschland, nahm nach dem Abitur ab 1991 ein Jurastudium in Hamburg auf und legte 1996 das erste Staatsexamen ab. Schon 1993 \u00fcbernahm er eine Hauptrolle im ZDF-Fernsehspiel \u00bbausserirdische\u00ab von Florian G\u00e4rtner, in der Spielzeit 1994\/1995 absolvierte er eine Regiehospitanz am Deutschen Schauspielhaus, 1995 eine Regieassistenz bei dem ZDF-Fernsehspiel \u00bbNiemand au\u00dfer Mir\u00ab von Florian G\u00e4rtner. In den Spielzeiten 1996\/1997 bis 1998\/1999 war er dann als Regieassistent am Deutschen Schauspielhaus engagiert, Arbeit unter anderem mit Gustav-Peter W\u00f6hler, G\u00f6tz L\u00f6pelmann, Wilfried Minks, Elke Lang, Matthias Hartmann, Anselm Weber, Hans Kresnik, Jossi Wieler, Christoph Nel und Luk Perceval.<br>Seit Ende 1999 war Jasper Brandis als freier Regisseur t\u00e4tig. Zwischen 1999 und heute hat er in Deutschland, Italien und Belgien vorwiegend Schauspiel aber auch Abende mit Musik oder Musicals inszeniert. Er hat am Theater Ulm bereits \u00bbKasimir und Karoline\u00ab (2015\/2016) und \u00bbDie Kr\u00f6nung Richards III.\u00ab (2017\/2018) inszeniert.<br>Seit der Spielzeit 2018\/2019 ist er Schauspieldirektor am Theater Ulm und f\u00fchrte unter anderem Regie bei \u00bbDie R\u00e4uber\u00ab, \u00bbIkarus\u00ab, \u00bbAntigone\u00ab und \u00bbDas Sparschwein\u00ab.<\/p>\n\n\n\n<p>Reiner Feistel studierte an der Fachhochschule f\u00fcr Tanz in Leipzig. Nach dem Studienabschluss wurde er an die Staatsoper Dresden engagiert und tanzte ab 1984 an der Semperoper als Solist zahlreiche Haupt- und Nebenrollen. 1996 gab er ebenda sein Deb\u00fct als Choreograf. 1997 wurde er als Ballettdirektor an die Landesb\u00fchnen Sachsen berufen und kreierte f\u00fcr das Ensemble in jeder Spielzeit u. a. zwei Ballettabende sowie Choreografien f\u00fcr den Dresdner Zwinger. Feistels k\u00fcnstlerisches Wirken f\u00fcr Radebeul wurde 2008 mit dem Kunstpreis der Gro\u00dfen Kreisstadt Radebeul gew\u00fcrdigt. 2013\/2014 kam er als Chefchoreograf und K\u00fcnstlerischer Leiter zum Ballett Chemnitz und hat hier u. a. \u00bbDornr\u00f6schen \u2013 Ein Traumtanz\u00ab, \u00bbGiselle\u00ab, \u00bbEin Sommernachtstraum\u00ab, \u00bbEugen Onegin\u00ab, \u00bbDie Schneek\u00f6nigin\u00ab und die Urauff\u00fchrungen \u00bbK\u00f6nig Artus\u00ab, \u00bbMozart-Briefe\u00ab sowie den ersten Teil des Ballettabends \u00bbGesichter der Gro\u00dfstadt\u00ab, der mit dem S\u00e4chsischen Tanzpreis 2017 ausgezeichnet wurde, auf die B\u00fchne gebracht.<\/p>\n\n\n\n<p>Textquelle: Theater Ulm<\/p>\n\n\n\n<p>Kultur Online TV<\/p>\n\n\n\n<p>#news #musik #kunst #theater <\/p>\n","protected":false},"excerpt":{"rendered":"<p>Schauspieldirektor wird Jasper Brandis, im Ballett des Dreispartenhauses ersetzt Reiner Feistel. Jasper Brandis wurde 1971 in New York-City (USA) geboren verbrachte seine Kindheit und Jugend in Deutschland, nahm nach dem Abitur ab 1991 ein Jurastudium in Hamburg auf und legte 1996 das erste Staatsexamen ab. Schon 1993 \u00fcbernahm er eine Hauptrolle im ZDF-Fernsehspiel \u00bbausserirdische\u00ab von [&hellip;]<\/p>\n","protected":false},"author":2,"featured_media":30299,"comment_status":"closed","ping_status":"closed","sticky":false,"template":"","format":"standard","meta":{"_acf_changed":false,"footnotes":""},"categories":[105],"tags":[],"class_list":["post-30296","post","type-post","status-publish","format-standard","has-post-thumbnail","hentry","category-theater"],"acf":[],"yoast_head":"<!-- This site is optimized with the Yoast SEO plugin v26.1.1 - https:\/\/yoast.com\/wordpress\/plugins\/seo\/ -->\n<title>Neues Leitungsteam am Theater Ulm vorgestellt - Kultur Online TV &amp; FM<\/title>\n<meta name=\"description\" content=\"Schauspieldirektor wird Jasper Brandis, im Ballett des Dreispartenhauses ersetzt Reiner Feistel.\" \/>\n<meta name=\"robots\" content=\"index, follow, max-snippet:-1, max-image-preview:large, max-video-preview:-1\" \/>\n<link rel=\"canonical\" href=\"https:\/\/kulturonline.tv\/de\/neues-leitungsteam-am-theater-ulm-vorgestellt\/\" \/>\n<meta property=\"og:locale\" content=\"de_DE\" \/>\n<meta property=\"og:type\" content=\"article\" \/>\n<meta property=\"og:title\" content=\"Neues Leitungsteam am Theater Ulm vorgestellt - Kultur Online TV &amp; FM\" \/>\n<meta property=\"og:description\" content=\"Schauspieldirektor wird Jasper Brandis, im Ballett des Dreispartenhauses ersetzt Reiner Feistel.\" \/>\n<meta property=\"og:url\" content=\"https:\/\/kulturonline.tv\/de\/neues-leitungsteam-am-theater-ulm-vorgestellt\/\" \/>\n<meta property=\"og:site_name\" content=\"Kultur Online TV &amp; FM\" \/>\n<meta property=\"article:publisher\" content=\"https:\/\/www.facebook.com\/kulturonline.tv\" \/>\n<meta property=\"article:published_time\" content=\"2022-06-27T08:11:40+00:00\" \/>\n<meta property=\"article:modified_time\" content=\"2022-06-27T08:11:41+00:00\" \/>\n<meta property=\"og:image\" content=\"https:\/\/kulturonline.tv\/wp-content\/uploads\/2022\/06\/Theater-Ulm-edited.png\" \/>\n\t<meta property=\"og:image:width\" content=\"569\" \/>\n\t<meta property=\"og:image:height\" content=\"320\" \/>\n\t<meta property=\"og:image:type\" content=\"image\/png\" \/>\n<meta name=\"author\" content=\"guenter.wolfgang\" \/>\n<meta name=\"twitter:card\" content=\"summary_large_image\" \/>\n<meta name=\"twitter:label1\" content=\"Verfasst von\" \/>\n\t<meta name=\"twitter:data1\" content=\"guenter.wolfgang\" \/>\n\t<meta name=\"twitter:label2\" content=\"Gesch\u00e4tzte Lesezeit\" \/>\n\t<meta name=\"twitter:data2\" content=\"3\u00a0Minuten\" \/>\n<script type=\"application\/ld+json\" class=\"yoast-schema-graph\">{\"@context\":\"https:\/\/schema.org\",\"@graph\":[{\"@type\":\"Article\",\"@id\":\"https:\/\/kulturonline.tv\/de\/neues-leitungsteam-am-theater-ulm-vorgestellt\/#article\",\"isPartOf\":{\"@id\":\"https:\/\/kulturonline.tv\/de\/neues-leitungsteam-am-theater-ulm-vorgestellt\/\"},\"author\":{\"name\":\"guenter.wolfgang\",\"@id\":\"https:\/\/kulturonline.tv\/de\/#\/schema\/person\/b0fac729bb9a0c193fb1df23449df4fe\"},\"headline\":\"Neues Leitungsteam am Theater Ulm vorgestellt\",\"datePublished\":\"2022-06-27T08:11:40+00:00\",\"dateModified\":\"2022-06-27T08:11:41+00:00\",\"mainEntityOfPage\":{\"@id\":\"https:\/\/kulturonline.tv\/de\/neues-leitungsteam-am-theater-ulm-vorgestellt\/\"},\"wordCount\":352,\"publisher\":{\"@id\":\"https:\/\/kulturonline.tv\/de\/#organization\"},\"image\":{\"@id\":\"https:\/\/kulturonline.tv\/de\/neues-leitungsteam-am-theater-ulm-vorgestellt\/#primaryimage\"},\"thumbnailUrl\":\"https:\/\/kulturonline.tv\/wp-content\/uploads\/2022\/06\/Theater-Ulm-edited.png\",\"articleSection\":[\"Theater\"],\"inLanguage\":\"de\"},{\"@type\":\"WebPage\",\"@id\":\"https:\/\/kulturonline.tv\/de\/neues-leitungsteam-am-theater-ulm-vorgestellt\/\",\"url\":\"https:\/\/kulturonline.tv\/de\/neues-leitungsteam-am-theater-ulm-vorgestellt\/\",\"name\":\"Neues Leitungsteam am Theater Ulm vorgestellt - Kultur Online TV &amp; FM\",\"isPartOf\":{\"@id\":\"https:\/\/kulturonline.tv\/de\/#website\"},\"primaryImageOfPage\":{\"@id\":\"https:\/\/kulturonline.tv\/de\/neues-leitungsteam-am-theater-ulm-vorgestellt\/#primaryimage\"},\"image\":{\"@id\":\"https:\/\/kulturonline.tv\/de\/neues-leitungsteam-am-theater-ulm-vorgestellt\/#primaryimage\"},\"thumbnailUrl\":\"https:\/\/kulturonline.tv\/wp-content\/uploads\/2022\/06\/Theater-Ulm-edited.png\",\"datePublished\":\"2022-06-27T08:11:40+00:00\",\"dateModified\":\"2022-06-27T08:11:41+00:00\",\"description\":\"Schauspieldirektor wird Jasper Brandis, im Ballett des Dreispartenhauses ersetzt Reiner Feistel.\",\"breadcrumb\":{\"@id\":\"https:\/\/kulturonline.tv\/de\/neues-leitungsteam-am-theater-ulm-vorgestellt\/#breadcrumb\"},\"inLanguage\":\"de\",\"potentialAction\":[{\"@type\":\"ReadAction\",\"target\":[\"https:\/\/kulturonline.tv\/de\/neues-leitungsteam-am-theater-ulm-vorgestellt\/\"]}]},{\"@type\":\"ImageObject\",\"inLanguage\":\"de\",\"@id\":\"https:\/\/kulturonline.tv\/de\/neues-leitungsteam-am-theater-ulm-vorgestellt\/#primaryimage\",\"url\":\"https:\/\/kulturonline.tv\/wp-content\/uploads\/2022\/06\/Theater-Ulm-edited.png\",\"contentUrl\":\"https:\/\/kulturonline.tv\/wp-content\/uploads\/2022\/06\/Theater-Ulm-edited.png\",\"width\":569,\"height\":320},{\"@type\":\"BreadcrumbList\",\"@id\":\"https:\/\/kulturonline.tv\/de\/neues-leitungsteam-am-theater-ulm-vorgestellt\/#breadcrumb\",\"itemListElement\":[{\"@type\":\"ListItem\",\"position\":1,\"name\":\"Startseite\",\"item\":\"https:\/\/kulturonline.tv\/de\/\"},{\"@type\":\"ListItem\",\"position\":2,\"name\":\"Neues Leitungsteam am Theater Ulm vorgestellt\"}]},{\"@type\":\"WebSite\",\"@id\":\"https:\/\/kulturonline.tv\/de\/#website\",\"url\":\"https:\/\/kulturonline.tv\/de\/\",\"name\":\"Kultur Online TV &amp; FM\",\"description\":\"Wir sind Kultur 2.0 zum sehen &amp; h\u00f6ren\",\"publisher\":{\"@id\":\"https:\/\/kulturonline.tv\/de\/#organization\"},\"potentialAction\":[{\"@type\":\"SearchAction\",\"target\":{\"@type\":\"EntryPoint\",\"urlTemplate\":\"https:\/\/kulturonline.tv\/de\/?s={search_term_string}\"},\"query-input\":{\"@type\":\"PropertyValueSpecification\",\"valueRequired\":true,\"valueName\":\"search_term_string\"}}],\"inLanguage\":\"de\"},{\"@type\":\"Organization\",\"@id\":\"https:\/\/kulturonline.tv\/de\/#organization\",\"name\":\"Kultur Online TV\",\"url\":\"https:\/\/kulturonline.tv\/de\/\",\"logo\":{\"@type\":\"ImageObject\",\"inLanguage\":\"de\",\"@id\":\"https:\/\/kulturonline.tv\/de\/#\/schema\/logo\/image\/\",\"url\":\"https:\/\/kulturonline.tv\/wp-content\/uploads\/2021\/08\/Kultur-Online-Tv-Logo-Endversion-neu.png\",\"contentUrl\":\"https:\/\/kulturonline.tv\/wp-content\/uploads\/2021\/08\/Kultur-Online-Tv-Logo-Endversion-neu.png\",\"width\":200,\"height\":200,\"caption\":\"Kultur Online TV\"},\"image\":{\"@id\":\"https:\/\/kulturonline.tv\/de\/#\/schema\/logo\/image\/\"},\"sameAs\":[\"https:\/\/www.facebook.com\/kulturonline.tv\",\"https:\/\/www.instagram.com\/kulturonline.tv\"]},{\"@type\":\"Person\",\"@id\":\"https:\/\/kulturonline.tv\/de\/#\/schema\/person\/b0fac729bb9a0c193fb1df23449df4fe\",\"name\":\"guenter.wolfgang\"}]}<\/script>\n<!-- \/ Yoast SEO plugin. -->","yoast_head_json":{"title":"Neues Leitungsteam am Theater Ulm vorgestellt - Kultur Online TV &amp; FM","description":"Schauspieldirektor wird Jasper Brandis, im Ballett des Dreispartenhauses ersetzt Reiner Feistel.","robots":{"index":"index","follow":"follow","max-snippet":"max-snippet:-1","max-image-preview":"max-image-preview:large","max-video-preview":"max-video-preview:-1"},"canonical":"https:\/\/kulturonline.tv\/de\/neues-leitungsteam-am-theater-ulm-vorgestellt\/","og_locale":"de_DE","og_type":"article","og_title":"Neues Leitungsteam am Theater Ulm vorgestellt - Kultur Online TV &amp; FM","og_description":"Schauspieldirektor wird Jasper Brandis, im Ballett des Dreispartenhauses ersetzt Reiner Feistel.","og_url":"https:\/\/kulturonline.tv\/de\/neues-leitungsteam-am-theater-ulm-vorgestellt\/","og_site_name":"Kultur Online TV &amp; FM","article_publisher":"https:\/\/www.facebook.com\/kulturonline.tv","article_published_time":"2022-06-27T08:11:40+00:00","article_modified_time":"2022-06-27T08:11:41+00:00","og_image":[{"width":569,"height":320,"url":"https:\/\/kulturonline.tv\/wp-content\/uploads\/2022\/06\/Theater-Ulm-edited.png","type":"image\/png"}],"author":"guenter.wolfgang","twitter_card":"summary_large_image","twitter_misc":{"Verfasst von":"guenter.wolfgang","Gesch\u00e4tzte Lesezeit":"3\u00a0Minuten"},"schema":{"@context":"https:\/\/schema.org","@graph":[{"@type":"Article","@id":"https:\/\/kulturonline.tv\/de\/neues-leitungsteam-am-theater-ulm-vorgestellt\/#article","isPartOf":{"@id":"https:\/\/kulturonline.tv\/de\/neues-leitungsteam-am-theater-ulm-vorgestellt\/"},"author":{"name":"guenter.wolfgang","@id":"https:\/\/kulturonline.tv\/de\/#\/schema\/person\/b0fac729bb9a0c193fb1df23449df4fe"},"headline":"Neues Leitungsteam am Theater Ulm vorgestellt","datePublished":"2022-06-27T08:11:40+00:00","dateModified":"2022-06-27T08:11:41+00:00","mainEntityOfPage":{"@id":"https:\/\/kulturonline.tv\/de\/neues-leitungsteam-am-theater-ulm-vorgestellt\/"},"wordCount":352,"publisher":{"@id":"https:\/\/kulturonline.tv\/de\/#organization"},"image":{"@id":"https:\/\/kulturonline.tv\/de\/neues-leitungsteam-am-theater-ulm-vorgestellt\/#primaryimage"},"thumbnailUrl":"https:\/\/kulturonline.tv\/wp-content\/uploads\/2022\/06\/Theater-Ulm-edited.png","articleSection":["Theater"],"inLanguage":"de"},{"@type":"WebPage","@id":"https:\/\/kulturonline.tv\/de\/neues-leitungsteam-am-theater-ulm-vorgestellt\/","url":"https:\/\/kulturonline.tv\/de\/neues-leitungsteam-am-theater-ulm-vorgestellt\/","name":"Neues Leitungsteam am Theater Ulm vorgestellt - Kultur Online TV &amp; FM","isPartOf":{"@id":"https:\/\/kulturonline.tv\/de\/#website"},"primaryImageOfPage":{"@id":"https:\/\/kulturonline.tv\/de\/neues-leitungsteam-am-theater-ulm-vorgestellt\/#primaryimage"},"image":{"@id":"https:\/\/kulturonline.tv\/de\/neues-leitungsteam-am-theater-ulm-vorgestellt\/#primaryimage"},"thumbnailUrl":"https:\/\/kulturonline.tv\/wp-content\/uploads\/2022\/06\/Theater-Ulm-edited.png","datePublished":"2022-06-27T08:11:40+00:00","dateModified":"2022-06-27T08:11:41+00:00","description":"Schauspieldirektor wird Jasper Brandis, im Ballett des Dreispartenhauses ersetzt Reiner Feistel.","breadcrumb":{"@id":"https:\/\/kulturonline.tv\/de\/neues-leitungsteam-am-theater-ulm-vorgestellt\/#breadcrumb"},"inLanguage":"de","potentialAction":[{"@type":"ReadAction","target":["https:\/\/kulturonline.tv\/de\/neues-leitungsteam-am-theater-ulm-vorgestellt\/"]}]},{"@type":"ImageObject","inLanguage":"de","@id":"https:\/\/kulturonline.tv\/de\/neues-leitungsteam-am-theater-ulm-vorgestellt\/#primaryimage","url":"https:\/\/kulturonline.tv\/wp-content\/uploads\/2022\/06\/Theater-Ulm-edited.png","contentUrl":"https:\/\/kulturonline.tv\/wp-content\/uploads\/2022\/06\/Theater-Ulm-edited.png","width":569,"height":320},{"@type":"BreadcrumbList","@id":"https:\/\/kulturonline.tv\/de\/neues-leitungsteam-am-theater-ulm-vorgestellt\/#breadcrumb","itemListElement":[{"@type":"ListItem","position":1,"name":"Startseite","item":"https:\/\/kulturonline.tv\/de\/"},{"@type":"ListItem","position":2,"name":"Neues Leitungsteam am Theater Ulm vorgestellt"}]},{"@type":"WebSite","@id":"https:\/\/kulturonline.tv\/de\/#website","url":"https:\/\/kulturonline.tv\/de\/","name":"Kultur Online TV &amp; FM","description":"Wir sind Kultur 2.0 zum sehen &amp; h\u00f6ren","publisher":{"@id":"https:\/\/kulturonline.tv\/de\/#organization"},"potentialAction":[{"@type":"SearchAction","target":{"@type":"EntryPoint","urlTemplate":"https:\/\/kulturonline.tv\/de\/?s={search_term_string}"},"query-input":{"@type":"PropertyValueSpecification","valueRequired":true,"valueName":"search_term_string"}}],"inLanguage":"de"},{"@type":"Organization","@id":"https:\/\/kulturonline.tv\/de\/#organization","name":"Kultur Online TV","url":"https:\/\/kulturonline.tv\/de\/","logo":{"@type":"ImageObject","inLanguage":"de","@id":"https:\/\/kulturonline.tv\/de\/#\/schema\/logo\/image\/","url":"https:\/\/kulturonline.tv\/wp-content\/uploads\/2021\/08\/Kultur-Online-Tv-Logo-Endversion-neu.png","contentUrl":"https:\/\/kulturonline.tv\/wp-content\/uploads\/2021\/08\/Kultur-Online-Tv-Logo-Endversion-neu.png","width":200,"height":200,"caption":"Kultur Online TV"},"image":{"@id":"https:\/\/kulturonline.tv\/de\/#\/schema\/logo\/image\/"},"sameAs":["https:\/\/www.facebook.com\/kulturonline.tv","https:\/\/www.instagram.com\/kulturonline.tv"]},{"@type":"Person","@id":"https:\/\/kulturonline.tv\/de\/#\/schema\/person\/b0fac729bb9a0c193fb1df23449df4fe","name":"guenter.wolfgang"}]}},"_links":{"self":[{"href":"https:\/\/kulturonline.tv\/de\/wp-json\/wp\/v2\/posts\/30296","targetHints":{"allow":["GET"]}}],"collection":[{"href":"https:\/\/kulturonline.tv\/de\/wp-json\/wp\/v2\/posts"}],"about":[{"href":"https:\/\/kulturonline.tv\/de\/wp-json\/wp\/v2\/types\/post"}],"author":[{"embeddable":true,"href":"https:\/\/kulturonline.tv\/de\/wp-json\/wp\/v2\/users\/2"}],"replies":[{"embeddable":true,"href":"https:\/\/kulturonline.tv\/de\/wp-json\/wp\/v2\/comments?post=30296"}],"version-history":[{"count":0,"href":"https:\/\/kulturonline.tv\/de\/wp-json\/wp\/v2\/posts\/30296\/revisions"}],"wp:featuredmedia":[{"embeddable":true,"href":"https:\/\/kulturonline.tv\/de\/wp-json\/wp\/v2\/media\/30299"}],"wp:attachment":[{"href":"https:\/\/kulturonline.tv\/de\/wp-json\/wp\/v2\/media?parent=30296"}],"wp:term":[{"taxonomy":"category","embeddable":true,"href":"https:\/\/kulturonline.tv\/de\/wp-json\/wp\/v2\/categories?post=30296"},{"taxonomy":"post_tag","embeddable":true,"href":"https:\/\/kulturonline.tv\/de\/wp-json\/wp\/v2\/tags?post=30296"}],"curies":[{"name":"wp","href":"https:\/\/api.w.org\/{rel}","templated":true}]}}