{"id":30388,"date":"2022-06-29T10:49:59","date_gmt":"2022-06-29T08:49:59","guid":{"rendered":"https:\/\/kulturonline.tv\/?p=30388"},"modified":"2022-06-29T10:50:12","modified_gmt":"2022-06-29T08:50:12","slug":"out-of-sight-neue-lawrence-weiner-installation-auf-der-bastei-der-albertina","status":"publish","type":"post","link":"https:\/\/kulturonline.tv\/de\/out-of-sight-neue-lawrence-weiner-installation-auf-der-bastei-der-albertina\/","title":{"rendered":"OUT OF SIGHT &#8211; Neue Lawrence Weiner Installation auf der Bastei der ALBERTINA"},"content":{"rendered":"\n<p>Die ALBERTINA zeigt ab dem 29. Juni eine Bodeninstallation des bekannten US-amerikanischen K\u00fcnstlers Lawrence Weiner auf der Bastei vor dem Haupteingang. OUT OF SIGHT erinnert auf den ersten Blick an klassische Kinderh\u00fcpfspiele wie \u201eHimmel und H\u00f6lle\u201c und l\u00e4dt auf dem Vorplatz des Museums zu leichtf\u00fc\u00dfigem Nachdenken ein.<\/p>\n\n\n\n<figure class=\"wp-block-image size-large\"><img fetchpriority=\"high\" decoding=\"async\" width=\"2560\" height=\"1440\" src=\"https:\/\/kulturonline.tv\/wp-content\/uploads\/2022\/06\/Albertina-edited-scaled.jpg\" alt=\"\" class=\"wp-image-30391\" srcset=\"https:\/\/kulturonline.tv\/wp-content\/uploads\/2022\/06\/Albertina-edited-scaled.jpg 2560w, https:\/\/kulturonline.tv\/wp-content\/uploads\/2022\/06\/Albertina-edited-600x338.jpg 600w, https:\/\/kulturonline.tv\/wp-content\/uploads\/2022\/06\/Albertina-edited-800x450.jpg 800w, https:\/\/kulturonline.tv\/wp-content\/uploads\/2022\/06\/Albertina-edited-1600x900.jpg 1600w, https:\/\/kulturonline.tv\/wp-content\/uploads\/2022\/06\/Albertina-edited-768x432.jpg 768w, https:\/\/kulturonline.tv\/wp-content\/uploads\/2022\/06\/Albertina-edited-1536x864.jpg 1536w, https:\/\/kulturonline.tv\/wp-content\/uploads\/2022\/06\/Albertina-edited-2048x1152.jpg 2048w\" sizes=\"(max-width: 2560px) 100vw, 2560px\" \/><figcaption>BILD zu OTS &#8211; Installationsansicht Lawrence Weiner  OUT OF SIGHT at the National Gallery of Victoria, Melbourne.\nCourtesy of the artist\n\u00a9 Lawrence Weiner<\/figcaption><\/figure>\n\n\n\n<p>Mittels poetischer Textst\u00fccke und grafischer Visualisierung tritt Weiners Arbeit mit Menschen in Beziehung und regt einen Dialog an. S\u00e4tze wie SPIT INTO THE WIND AND HOPE FOR THE BEST oder IMAGINED THINGS CAN BE ALTERED TO SUIT und die zentralen Begriffe der Installation EXHUBERANCE, ENERGY, HAPPINESS, VISION, VISUALIZATION, ENLIGHTENMENT, SPONTANEITY, SERENDIPITY stehen f\u00fcr Weltoffenheit und Optimismus in schwierigen Zeiten, sowie f\u00fcr Selbstbestimmung, Chancengleichheit und Solidarit\u00e4t in einer entfremdeten Gesellschaft.<\/p>\n\n\n\n<p>Weiners unverkennbare typografische Textarbeiten im Au\u00dfen- und Innenraum verbinden gedankliche Prozesse mit physischen Erfahrungen. \u00dcber OUT OF SIGHT sagte der im Dezember 2021 verstorbene K\u00fcnstler einmal:<\/p>\n\n\n\n<p>\u201eDie BesucherInnen bringen jeweils ihren pers\u00f6nlichen Hintergrund mit. Sobald sie vor der \u201eMarelle\u201c (so hei\u00dft dieses H\u00fcpfspiel auf Franz\u00f6sisch) stehen und dar\u00fcber nachdenken, wie es ist, VON HIER NACH DORT zu gelangen, erkennen sie, dass sie dies zuerst in ihrer Vorstellung tun m\u00fcssen und damit eine Position beziehen.\u201c<\/p>\n\n\n\n<p>OUT OF SIGHT ist mehr als ein Kunstwerk, OUT OF SIGHT ist ein \u00e4sthetisches Erlebnis, eine generationen\u00fcbergreifende Erfahrung. OUT OF SIGHT ist ein Werk f\u00fcr alle.<\/p>\n\n\n\n<p>Die Arbeit OUT OF SIGHT gibt es in vielen Sprachfassungen wie Englisch, Spanisch, Mandarin, Niederl\u00e4ndisch, Franz\u00f6sisch und Portugiesisch. Sie wird nun zum ersten Mal auch in Deutsch auf der Bastei der ALBERTINA realisiert. Die Installation wurde unter anderem in der National Gallery of Victoria, Melbourne (2017), im Perez Art Museum, Miami (2017), in Chicago (2018, 2019, 2020), der National Gallery von Singapur (2021), im Fort Mason Center fort he Arts and Culture, San Francisco (2021) und vielen anderen Orten in der Welt pr\u00e4sentiert.<\/p>\n\n\n\n<p>\u00dcber LAWRENCE WEINER<br>Lawrence Weiner (10. Februar 1942 \u2013 2. Dezember 2021) ist ein Hauptvertreter und Pionier der Konzeptkunst von den 1960er-Jahren bis in die Gegenwart. Stets bringt er die Wirkmacht der Sprache in seinen ortsspezifischen Skulpturen zur Geltung. In Wien wurde er insbesondere durch die Kontroverse rund um die Arbeit SMASHED TO PIECES (IN THE STILL OF THE NIGHT, 1991-2019) auf der Fassade des Flakturms im Esterhazypark im 6. Bezirk bekannt. 2022 wurde ihm der renommierte Oskar Kokoschka Preis posthum verliehen.<\/p>\n\n\n\n<p>Kultur Online TV<\/p>\n\n\n\n<p>#kunst #theater #news <\/p>\n","protected":false},"excerpt":{"rendered":"<p>Die ALBERTINA zeigt ab dem 29. Juni eine Bodeninstallation des bekannten US-amerikanischen K\u00fcnstlers Lawrence Weiner auf der Bastei vor dem Haupteingang. OUT OF SIGHT erinnert auf den ersten Blick an klassische Kinderh\u00fcpfspiele wie \u201eHimmel und H\u00f6lle\u201c und l\u00e4dt auf dem Vorplatz des Museums zu leichtf\u00fc\u00dfigem Nachdenken ein. Mittels poetischer Textst\u00fccke und grafischer Visualisierung tritt Weiners [&hellip;]<\/p>\n","protected":false},"author":2,"featured_media":30391,"comment_status":"closed","ping_status":"closed","sticky":false,"template":"","format":"standard","meta":{"_acf_changed":false,"footnotes":""},"categories":[107],"tags":[],"class_list":["post-30388","post","type-post","status-publish","format-standard","has-post-thumbnail","hentry","category-kunst"],"acf":[],"yoast_head":"<!-- This site is optimized with the Yoast SEO plugin v26.1.1 - https:\/\/yoast.com\/wordpress\/plugins\/seo\/ -->\n<title>OUT OF SIGHT - Neue Lawrence Weiner Installation auf der Bastei der ALBERTINA - Kultur Online TV &amp; FM<\/title>\n<meta name=\"description\" content=\"Die ALBERTINA zeigt ab dem 29. Juni eine Bodeninstallation des bekannten US-amerikanischen K\u00fcnstlers Lawrence Weiner auf der Bastei vor dem Haupteingang. OUT OF SIGHT erinnert auf den ersten Blick an klassische Kinderh\u00fcpfspiele wie \u201eHimmel und H\u00f6lle\u201c und l\u00e4dt auf dem Vorplatz des Museums zu leichtf\u00fc\u00dfigem Nachdenken ein.\" \/>\n<meta name=\"robots\" content=\"index, follow, max-snippet:-1, max-image-preview:large, max-video-preview:-1\" \/>\n<link rel=\"canonical\" href=\"https:\/\/kulturonline.tv\/de\/out-of-sight-neue-lawrence-weiner-installation-auf-der-bastei-der-albertina\/\" \/>\n<meta property=\"og:locale\" content=\"de_DE\" \/>\n<meta property=\"og:type\" content=\"article\" \/>\n<meta property=\"og:title\" content=\"OUT OF SIGHT - Neue Lawrence Weiner Installation auf der Bastei der ALBERTINA - Kultur Online TV &amp; FM\" \/>\n<meta property=\"og:description\" content=\"Die ALBERTINA zeigt ab dem 29. Juni eine Bodeninstallation des bekannten US-amerikanischen K\u00fcnstlers Lawrence Weiner auf der Bastei vor dem Haupteingang. OUT OF SIGHT erinnert auf den ersten Blick an klassische Kinderh\u00fcpfspiele wie \u201eHimmel und H\u00f6lle\u201c und l\u00e4dt auf dem Vorplatz des Museums zu leichtf\u00fc\u00dfigem Nachdenken ein.\" \/>\n<meta property=\"og:url\" content=\"https:\/\/kulturonline.tv\/de\/out-of-sight-neue-lawrence-weiner-installation-auf-der-bastei-der-albertina\/\" \/>\n<meta property=\"og:site_name\" content=\"Kultur Online TV &amp; FM\" \/>\n<meta property=\"article:publisher\" content=\"https:\/\/www.facebook.com\/kulturonline.tv\" \/>\n<meta property=\"article:published_time\" content=\"2022-06-29T08:49:59+00:00\" \/>\n<meta property=\"article:modified_time\" content=\"2022-06-29T08:50:12+00:00\" \/>\n<meta property=\"og:image\" content=\"https:\/\/kulturonline.tv\/wp-content\/uploads\/2022\/06\/Albertina-edited-scaled.jpg\" \/>\n\t<meta property=\"og:image:width\" content=\"2560\" \/>\n\t<meta property=\"og:image:height\" content=\"1440\" \/>\n\t<meta property=\"og:image:type\" content=\"image\/jpeg\" \/>\n<meta name=\"author\" content=\"guenter.wolfgang\" \/>\n<meta name=\"twitter:card\" content=\"summary_large_image\" \/>\n<meta name=\"twitter:label1\" content=\"Verfasst von\" \/>\n\t<meta name=\"twitter:data1\" content=\"guenter.wolfgang\" \/>\n\t<meta name=\"twitter:label2\" content=\"Gesch\u00e4tzte Lesezeit\" \/>\n\t<meta name=\"twitter:data2\" content=\"3\u00a0Minuten\" \/>\n<script type=\"application\/ld+json\" class=\"yoast-schema-graph\">{\"@context\":\"https:\/\/schema.org\",\"@graph\":[{\"@type\":\"Article\",\"@id\":\"https:\/\/kulturonline.tv\/de\/out-of-sight-neue-lawrence-weiner-installation-auf-der-bastei-der-albertina\/#article\",\"isPartOf\":{\"@id\":\"https:\/\/kulturonline.tv\/de\/out-of-sight-neue-lawrence-weiner-installation-auf-der-bastei-der-albertina\/\"},\"author\":{\"name\":\"guenter.wolfgang\",\"@id\":\"https:\/\/kulturonline.tv\/de\/#\/schema\/person\/b0fac729bb9a0c193fb1df23449df4fe\"},\"headline\":\"OUT OF SIGHT &#8211; Neue Lawrence Weiner Installation auf der Bastei der ALBERTINA\",\"datePublished\":\"2022-06-29T08:49:59+00:00\",\"dateModified\":\"2022-06-29T08:50:12+00:00\",\"mainEntityOfPage\":{\"@id\":\"https:\/\/kulturonline.tv\/de\/out-of-sight-neue-lawrence-weiner-installation-auf-der-bastei-der-albertina\/\"},\"wordCount\":429,\"publisher\":{\"@id\":\"https:\/\/kulturonline.tv\/de\/#organization\"},\"image\":{\"@id\":\"https:\/\/kulturonline.tv\/de\/out-of-sight-neue-lawrence-weiner-installation-auf-der-bastei-der-albertina\/#primaryimage\"},\"thumbnailUrl\":\"https:\/\/kulturonline.tv\/wp-content\/uploads\/2022\/06\/Albertina-edited-scaled.jpg\",\"articleSection\":[\"Kunst\"],\"inLanguage\":\"de\"},{\"@type\":\"WebPage\",\"@id\":\"https:\/\/kulturonline.tv\/de\/out-of-sight-neue-lawrence-weiner-installation-auf-der-bastei-der-albertina\/\",\"url\":\"https:\/\/kulturonline.tv\/de\/out-of-sight-neue-lawrence-weiner-installation-auf-der-bastei-der-albertina\/\",\"name\":\"OUT OF SIGHT - Neue Lawrence Weiner Installation auf der Bastei der ALBERTINA - Kultur Online TV &amp; FM\",\"isPartOf\":{\"@id\":\"https:\/\/kulturonline.tv\/de\/#website\"},\"primaryImageOfPage\":{\"@id\":\"https:\/\/kulturonline.tv\/de\/out-of-sight-neue-lawrence-weiner-installation-auf-der-bastei-der-albertina\/#primaryimage\"},\"image\":{\"@id\":\"https:\/\/kulturonline.tv\/de\/out-of-sight-neue-lawrence-weiner-installation-auf-der-bastei-der-albertina\/#primaryimage\"},\"thumbnailUrl\":\"https:\/\/kulturonline.tv\/wp-content\/uploads\/2022\/06\/Albertina-edited-scaled.jpg\",\"datePublished\":\"2022-06-29T08:49:59+00:00\",\"dateModified\":\"2022-06-29T08:50:12+00:00\",\"description\":\"Die ALBERTINA zeigt ab dem 29. Juni eine Bodeninstallation des bekannten US-amerikanischen K\u00fcnstlers Lawrence Weiner auf der Bastei vor dem Haupteingang. OUT OF SIGHT erinnert auf den ersten Blick an klassische Kinderh\u00fcpfspiele wie \u201eHimmel und H\u00f6lle\u201c und l\u00e4dt auf dem Vorplatz des Museums zu leichtf\u00fc\u00dfigem Nachdenken ein.\",\"breadcrumb\":{\"@id\":\"https:\/\/kulturonline.tv\/de\/out-of-sight-neue-lawrence-weiner-installation-auf-der-bastei-der-albertina\/#breadcrumb\"},\"inLanguage\":\"de\",\"potentialAction\":[{\"@type\":\"ReadAction\",\"target\":[\"https:\/\/kulturonline.tv\/de\/out-of-sight-neue-lawrence-weiner-installation-auf-der-bastei-der-albertina\/\"]}]},{\"@type\":\"ImageObject\",\"inLanguage\":\"de\",\"@id\":\"https:\/\/kulturonline.tv\/de\/out-of-sight-neue-lawrence-weiner-installation-auf-der-bastei-der-albertina\/#primaryimage\",\"url\":\"https:\/\/kulturonline.tv\/wp-content\/uploads\/2022\/06\/Albertina-edited-scaled.jpg\",\"contentUrl\":\"https:\/\/kulturonline.tv\/wp-content\/uploads\/2022\/06\/Albertina-edited-scaled.jpg\",\"width\":2560,\"height\":1440,\"caption\":\"BILD zu OTS - Installationsansicht Lawrence Weiner OUT OF SIGHT at the National Gallery of Victoria, Melbourne. Courtesy of the artist \u00a9 Lawrence Weiner\"},{\"@type\":\"BreadcrumbList\",\"@id\":\"https:\/\/kulturonline.tv\/de\/out-of-sight-neue-lawrence-weiner-installation-auf-der-bastei-der-albertina\/#breadcrumb\",\"itemListElement\":[{\"@type\":\"ListItem\",\"position\":1,\"name\":\"Startseite\",\"item\":\"https:\/\/kulturonline.tv\/de\/\"},{\"@type\":\"ListItem\",\"position\":2,\"name\":\"OUT OF SIGHT &#8211; Neue Lawrence Weiner Installation auf der Bastei der ALBERTINA\"}]},{\"@type\":\"WebSite\",\"@id\":\"https:\/\/kulturonline.tv\/de\/#website\",\"url\":\"https:\/\/kulturonline.tv\/de\/\",\"name\":\"Kultur Online TV &amp; FM\",\"description\":\"Wir sind Kultur 2.0 zum sehen &amp; h\u00f6ren\",\"publisher\":{\"@id\":\"https:\/\/kulturonline.tv\/de\/#organization\"},\"potentialAction\":[{\"@type\":\"SearchAction\",\"target\":{\"@type\":\"EntryPoint\",\"urlTemplate\":\"https:\/\/kulturonline.tv\/de\/?s={search_term_string}\"},\"query-input\":{\"@type\":\"PropertyValueSpecification\",\"valueRequired\":true,\"valueName\":\"search_term_string\"}}],\"inLanguage\":\"de\"},{\"@type\":\"Organization\",\"@id\":\"https:\/\/kulturonline.tv\/de\/#organization\",\"name\":\"Kultur Online TV\",\"url\":\"https:\/\/kulturonline.tv\/de\/\",\"logo\":{\"@type\":\"ImageObject\",\"inLanguage\":\"de\",\"@id\":\"https:\/\/kulturonline.tv\/de\/#\/schema\/logo\/image\/\",\"url\":\"https:\/\/kulturonline.tv\/wp-content\/uploads\/2021\/08\/Kultur-Online-Tv-Logo-Endversion-neu.png\",\"contentUrl\":\"https:\/\/kulturonline.tv\/wp-content\/uploads\/2021\/08\/Kultur-Online-Tv-Logo-Endversion-neu.png\",\"width\":200,\"height\":200,\"caption\":\"Kultur Online TV\"},\"image\":{\"@id\":\"https:\/\/kulturonline.tv\/de\/#\/schema\/logo\/image\/\"},\"sameAs\":[\"https:\/\/www.facebook.com\/kulturonline.tv\",\"https:\/\/www.instagram.com\/kulturonline.tv\"]},{\"@type\":\"Person\",\"@id\":\"https:\/\/kulturonline.tv\/de\/#\/schema\/person\/b0fac729bb9a0c193fb1df23449df4fe\",\"name\":\"guenter.wolfgang\"}]}<\/script>\n<!-- \/ Yoast SEO plugin. -->","yoast_head_json":{"title":"OUT OF SIGHT - Neue Lawrence Weiner Installation auf der Bastei der ALBERTINA - Kultur Online TV &amp; FM","description":"Die ALBERTINA zeigt ab dem 29. Juni eine Bodeninstallation des bekannten US-amerikanischen K\u00fcnstlers Lawrence Weiner auf der Bastei vor dem Haupteingang. OUT OF SIGHT erinnert auf den ersten Blick an klassische Kinderh\u00fcpfspiele wie \u201eHimmel und H\u00f6lle\u201c und l\u00e4dt auf dem Vorplatz des Museums zu leichtf\u00fc\u00dfigem Nachdenken ein.","robots":{"index":"index","follow":"follow","max-snippet":"max-snippet:-1","max-image-preview":"max-image-preview:large","max-video-preview":"max-video-preview:-1"},"canonical":"https:\/\/kulturonline.tv\/de\/out-of-sight-neue-lawrence-weiner-installation-auf-der-bastei-der-albertina\/","og_locale":"de_DE","og_type":"article","og_title":"OUT OF SIGHT - Neue Lawrence Weiner Installation auf der Bastei der ALBERTINA - Kultur Online TV &amp; FM","og_description":"Die ALBERTINA zeigt ab dem 29. Juni eine Bodeninstallation des bekannten US-amerikanischen K\u00fcnstlers Lawrence Weiner auf der Bastei vor dem Haupteingang. OUT OF SIGHT erinnert auf den ersten Blick an klassische Kinderh\u00fcpfspiele wie \u201eHimmel und H\u00f6lle\u201c und l\u00e4dt auf dem Vorplatz des Museums zu leichtf\u00fc\u00dfigem Nachdenken ein.","og_url":"https:\/\/kulturonline.tv\/de\/out-of-sight-neue-lawrence-weiner-installation-auf-der-bastei-der-albertina\/","og_site_name":"Kultur Online TV &amp; FM","article_publisher":"https:\/\/www.facebook.com\/kulturonline.tv","article_published_time":"2022-06-29T08:49:59+00:00","article_modified_time":"2022-06-29T08:50:12+00:00","og_image":[{"width":2560,"height":1440,"url":"https:\/\/kulturonline.tv\/wp-content\/uploads\/2022\/06\/Albertina-edited-scaled.jpg","type":"image\/jpeg"}],"author":"guenter.wolfgang","twitter_card":"summary_large_image","twitter_misc":{"Verfasst von":"guenter.wolfgang","Gesch\u00e4tzte Lesezeit":"3\u00a0Minuten"},"schema":{"@context":"https:\/\/schema.org","@graph":[{"@type":"Article","@id":"https:\/\/kulturonline.tv\/de\/out-of-sight-neue-lawrence-weiner-installation-auf-der-bastei-der-albertina\/#article","isPartOf":{"@id":"https:\/\/kulturonline.tv\/de\/out-of-sight-neue-lawrence-weiner-installation-auf-der-bastei-der-albertina\/"},"author":{"name":"guenter.wolfgang","@id":"https:\/\/kulturonline.tv\/de\/#\/schema\/person\/b0fac729bb9a0c193fb1df23449df4fe"},"headline":"OUT OF SIGHT &#8211; Neue Lawrence Weiner Installation auf der Bastei der ALBERTINA","datePublished":"2022-06-29T08:49:59+00:00","dateModified":"2022-06-29T08:50:12+00:00","mainEntityOfPage":{"@id":"https:\/\/kulturonline.tv\/de\/out-of-sight-neue-lawrence-weiner-installation-auf-der-bastei-der-albertina\/"},"wordCount":429,"publisher":{"@id":"https:\/\/kulturonline.tv\/de\/#organization"},"image":{"@id":"https:\/\/kulturonline.tv\/de\/out-of-sight-neue-lawrence-weiner-installation-auf-der-bastei-der-albertina\/#primaryimage"},"thumbnailUrl":"https:\/\/kulturonline.tv\/wp-content\/uploads\/2022\/06\/Albertina-edited-scaled.jpg","articleSection":["Kunst"],"inLanguage":"de"},{"@type":"WebPage","@id":"https:\/\/kulturonline.tv\/de\/out-of-sight-neue-lawrence-weiner-installation-auf-der-bastei-der-albertina\/","url":"https:\/\/kulturonline.tv\/de\/out-of-sight-neue-lawrence-weiner-installation-auf-der-bastei-der-albertina\/","name":"OUT OF SIGHT - Neue Lawrence Weiner Installation auf der Bastei der ALBERTINA - Kultur Online TV &amp; FM","isPartOf":{"@id":"https:\/\/kulturonline.tv\/de\/#website"},"primaryImageOfPage":{"@id":"https:\/\/kulturonline.tv\/de\/out-of-sight-neue-lawrence-weiner-installation-auf-der-bastei-der-albertina\/#primaryimage"},"image":{"@id":"https:\/\/kulturonline.tv\/de\/out-of-sight-neue-lawrence-weiner-installation-auf-der-bastei-der-albertina\/#primaryimage"},"thumbnailUrl":"https:\/\/kulturonline.tv\/wp-content\/uploads\/2022\/06\/Albertina-edited-scaled.jpg","datePublished":"2022-06-29T08:49:59+00:00","dateModified":"2022-06-29T08:50:12+00:00","description":"Die ALBERTINA zeigt ab dem 29. Juni eine Bodeninstallation des bekannten US-amerikanischen K\u00fcnstlers Lawrence Weiner auf der Bastei vor dem Haupteingang. OUT OF SIGHT erinnert auf den ersten Blick an klassische Kinderh\u00fcpfspiele wie \u201eHimmel und H\u00f6lle\u201c und l\u00e4dt auf dem Vorplatz des Museums zu leichtf\u00fc\u00dfigem Nachdenken ein.","breadcrumb":{"@id":"https:\/\/kulturonline.tv\/de\/out-of-sight-neue-lawrence-weiner-installation-auf-der-bastei-der-albertina\/#breadcrumb"},"inLanguage":"de","potentialAction":[{"@type":"ReadAction","target":["https:\/\/kulturonline.tv\/de\/out-of-sight-neue-lawrence-weiner-installation-auf-der-bastei-der-albertina\/"]}]},{"@type":"ImageObject","inLanguage":"de","@id":"https:\/\/kulturonline.tv\/de\/out-of-sight-neue-lawrence-weiner-installation-auf-der-bastei-der-albertina\/#primaryimage","url":"https:\/\/kulturonline.tv\/wp-content\/uploads\/2022\/06\/Albertina-edited-scaled.jpg","contentUrl":"https:\/\/kulturonline.tv\/wp-content\/uploads\/2022\/06\/Albertina-edited-scaled.jpg","width":2560,"height":1440,"caption":"BILD zu OTS - Installationsansicht Lawrence Weiner OUT OF SIGHT at the National Gallery of Victoria, Melbourne. Courtesy of the artist \u00a9 Lawrence Weiner"},{"@type":"BreadcrumbList","@id":"https:\/\/kulturonline.tv\/de\/out-of-sight-neue-lawrence-weiner-installation-auf-der-bastei-der-albertina\/#breadcrumb","itemListElement":[{"@type":"ListItem","position":1,"name":"Startseite","item":"https:\/\/kulturonline.tv\/de\/"},{"@type":"ListItem","position":2,"name":"OUT OF SIGHT &#8211; Neue Lawrence Weiner Installation auf der Bastei der ALBERTINA"}]},{"@type":"WebSite","@id":"https:\/\/kulturonline.tv\/de\/#website","url":"https:\/\/kulturonline.tv\/de\/","name":"Kultur Online TV &amp; FM","description":"Wir sind Kultur 2.0 zum sehen &amp; h\u00f6ren","publisher":{"@id":"https:\/\/kulturonline.tv\/de\/#organization"},"potentialAction":[{"@type":"SearchAction","target":{"@type":"EntryPoint","urlTemplate":"https:\/\/kulturonline.tv\/de\/?s={search_term_string}"},"query-input":{"@type":"PropertyValueSpecification","valueRequired":true,"valueName":"search_term_string"}}],"inLanguage":"de"},{"@type":"Organization","@id":"https:\/\/kulturonline.tv\/de\/#organization","name":"Kultur Online TV","url":"https:\/\/kulturonline.tv\/de\/","logo":{"@type":"ImageObject","inLanguage":"de","@id":"https:\/\/kulturonline.tv\/de\/#\/schema\/logo\/image\/","url":"https:\/\/kulturonline.tv\/wp-content\/uploads\/2021\/08\/Kultur-Online-Tv-Logo-Endversion-neu.png","contentUrl":"https:\/\/kulturonline.tv\/wp-content\/uploads\/2021\/08\/Kultur-Online-Tv-Logo-Endversion-neu.png","width":200,"height":200,"caption":"Kultur Online TV"},"image":{"@id":"https:\/\/kulturonline.tv\/de\/#\/schema\/logo\/image\/"},"sameAs":["https:\/\/www.facebook.com\/kulturonline.tv","https:\/\/www.instagram.com\/kulturonline.tv"]},{"@type":"Person","@id":"https:\/\/kulturonline.tv\/de\/#\/schema\/person\/b0fac729bb9a0c193fb1df23449df4fe","name":"guenter.wolfgang"}]}},"_links":{"self":[{"href":"https:\/\/kulturonline.tv\/de\/wp-json\/wp\/v2\/posts\/30388","targetHints":{"allow":["GET"]}}],"collection":[{"href":"https:\/\/kulturonline.tv\/de\/wp-json\/wp\/v2\/posts"}],"about":[{"href":"https:\/\/kulturonline.tv\/de\/wp-json\/wp\/v2\/types\/post"}],"author":[{"embeddable":true,"href":"https:\/\/kulturonline.tv\/de\/wp-json\/wp\/v2\/users\/2"}],"replies":[{"embeddable":true,"href":"https:\/\/kulturonline.tv\/de\/wp-json\/wp\/v2\/comments?post=30388"}],"version-history":[{"count":0,"href":"https:\/\/kulturonline.tv\/de\/wp-json\/wp\/v2\/posts\/30388\/revisions"}],"wp:featuredmedia":[{"embeddable":true,"href":"https:\/\/kulturonline.tv\/de\/wp-json\/wp\/v2\/media\/30391"}],"wp:attachment":[{"href":"https:\/\/kulturonline.tv\/de\/wp-json\/wp\/v2\/media?parent=30388"}],"wp:term":[{"taxonomy":"category","embeddable":true,"href":"https:\/\/kulturonline.tv\/de\/wp-json\/wp\/v2\/categories?post=30388"},{"taxonomy":"post_tag","embeddable":true,"href":"https:\/\/kulturonline.tv\/de\/wp-json\/wp\/v2\/tags?post=30388"}],"curies":[{"name":"wp","href":"https:\/\/api.w.org\/{rel}","templated":true}]}}