{"id":30477,"date":"2022-07-07T09:38:52","date_gmt":"2022-07-07T07:38:52","guid":{"rendered":"https:\/\/kulturonline.tv\/?p=30477"},"modified":"2022-07-07T12:56:02","modified_gmt":"2022-07-07T10:56:02","slug":"summernight-2022-der-36-juedischen-kulturtage-muenchen","status":"publish","type":"post","link":"https:\/\/kulturonline.tv\/de\/summernight-2022-der-36-juedischen-kulturtage-muenchen\/","title":{"rendered":"\u201eSummernight 2022\u201c der 36. J\u00fcdischen Kulturtage M\u00fcnchen"},"content":{"rendered":"\n<p><strong>Unter der Schirmherrschaft von Oberb\u00fcrgermeister Dieter Reiter und in Anwesenheit von hoher Politprominenz wie Ehrengast, seine Exzellenz Reuven \u201eRuvi\u201c Rivlin, 10. Pr\u00e4sident des Staates Israel, und Georg Eisenreich, Bayerischer Staatsminister der Justiz, er\u00f6ffnete Kulturtage-Pr\u00e4sidentin Judith Epstein die \u201eSummernight 2022\u201c der 36. J\u00fcdischen Kulturtage M\u00fcnchen im Literaturhaus mit fulminantem Konzert und Lesung.<\/strong><\/p>\n\n\n\n<figure class=\"wp-block-embed is-type-video is-provider-youtube wp-block-embed-youtube wp-embed-aspect-16-9 wp-has-aspect-ratio\"><div class=\"wp-block-embed__wrapper\">\n<iframe title=\"\u201eSummernight 2022\u201c der 36. J\u00fcdischen Kulturtage M\u00fcnchen\" width=\"800\" height=\"450\" src=\"https:\/\/www.youtube.com\/embed\/kSuBHdcipws?feature=oembed\" frameborder=\"0\" allow=\"accelerometer; autoplay; clipboard-write; encrypted-media; gyroscope; picture-in-picture; web-share\" referrerpolicy=\"strict-origin-when-cross-origin\" allowfullscreen><\/iframe>\n<\/div><\/figure>\n\n\n\n<p>(c) Video: Gesine Jordan<\/p>\n\n\n\n<p>Der ehemalige Pr\u00e4sident des Staates Israel Reuven Rivlin, der extra f\u00fcr die \u201eSummernight\u201c angereist war, hat als Minister, Parlamentarier und zuletzt als Pr\u00e4sident gezeigt, dass Politik der Taten im Einklang mit ethnischen Grunds\u00e4tzen gerade auch in angespannten Situationen m\u00f6glich ist und sagte: \u201cLetztes Jahr haben wir das Jubil\u00e4um 1700 Jahre j\u00fcdisches Leben in Deutschland gefeiert. Heute sind wir leider Zeuge eines gef\u00e4hrlichen Aufstiegs des Antisemitismus. Wir m\u00fcssen null Toleranz zeigen f\u00fcr alle Formen von Antisemitismus und Hass. Ich danke der deutschen Regierung f\u00fcr seinen wichtigen Einsatz im Kampf gegen Antisemitismus.\u201c<\/p>\n\n\n\n<p>Dr. Ludwig Spaenle, Beauftragter der Bayerischen Staatsregierung f\u00fcr j\u00fcdisches Leben und gegen Antisemitismus, sprach in Vertretung des Bayerischen Ministerpr\u00e4sidenten Dr. Markus S\u00f6der und betonte: \u201c1700 Jahre j\u00fcdisches Leben pr\u00e4gen unsere Stadt und weitblickende Menschen antworten mit Kultur auf Hass. Schon seit 1987 haben die j\u00fcdischen Kulturtage in M\u00fcnchen Tradition und setzen im Stadtleben ein Zeichen f\u00fcr die wunderbare j\u00fcdische Kultur\u201c<\/p>\n\n\n\n<p>Mehr als 250 illustre G\u00e4ste aus Politik, Wirtschaft und Kultur, wie Uschi Glas, Timothy Peach und Nicola Tiggeler, Carola Ferstl, Regine &amp; Erich Sixt, S.K.H. Luitpold Prinz von Bayern \u2026 kamen, um ein Zeichen gegen Antisemitismus und Ausgrenzung zu setzen.<\/p>\n\n\n\n<figure class=\"wp-block-image size-large\"><img fetchpriority=\"high\" decoding=\"async\" width=\"2560\" height=\"1440\" src=\"https:\/\/kulturonline.tv\/wp-content\/uploads\/2022\/07\/API_MT_Eroeffnung_Juedische_Kulturtage0001763-edited-scaled.jpg\" alt=\"\" class=\"wp-image-30484\" srcset=\"https:\/\/kulturonline.tv\/wp-content\/uploads\/2022\/07\/API_MT_Eroeffnung_Juedische_Kulturtage0001763-edited-scaled.jpg 2560w, https:\/\/kulturonline.tv\/wp-content\/uploads\/2022\/07\/API_MT_Eroeffnung_Juedische_Kulturtage0001763-edited-600x338.jpg 600w, https:\/\/kulturonline.tv\/wp-content\/uploads\/2022\/07\/API_MT_Eroeffnung_Juedische_Kulturtage0001763-edited-800x450.jpg 800w, https:\/\/kulturonline.tv\/wp-content\/uploads\/2022\/07\/API_MT_Eroeffnung_Juedische_Kulturtage0001763-edited-1600x900.jpg 1600w, https:\/\/kulturonline.tv\/wp-content\/uploads\/2022\/07\/API_MT_Eroeffnung_Juedische_Kulturtage0001763-edited-768x432.jpg 768w, https:\/\/kulturonline.tv\/wp-content\/uploads\/2022\/07\/API_MT_Eroeffnung_Juedische_Kulturtage0001763-edited-1536x864.jpg 1536w, https:\/\/kulturonline.tv\/wp-content\/uploads\/2022\/07\/API_MT_Eroeffnung_Juedische_Kulturtage0001763-edited-2048x1152.jpg 2048w\" sizes=\"(max-width: 2560px) 100vw, 2560px\" \/><figcaption>Georg Eisenreich (Bayerischer Staatsminister der Justiz), Judith Epstein (Vorsitzende der Gesellschaft zur F\u00f6rderung j\u00fcdischer Kultur und Tradition e.V), Seine Exzellenz Reuven \u201eRuvi\u201c Rivlin (10. Pr\u00e4sident des Staates Israel) und Partnerin Sarit Semah, Regine Sixt, Rabbiner Shmuel Aharon Brodman, Dieter Reiter, Pianist Guy Mintus \nEr\u00f6ffnung der 36. J\u00fcdischen Kulturtage SUMMERNIGHT im Literaturhaus in M\u00fcnchen am 3.07.2022\nAGENCY PEOPLE IMAGE (c) Michael Tinnefeld<\/figcaption><\/figure>\n\n\n\n<p>Guy Mintus, ein wahrer \u201eZauberer am Klavier\u201c, begeisterte bei der beschwingten \u201eSummernight\u201c mit Jazz und Klezmer, die Klezmer-Sisters Inna Surzhenko und Svea Zhidatskaya mit Evergreens wie \u201eSummertime\u201c und die Schauspieler Sunnyi Melles Prinzessin Sayn-Wittgenstein, schweizerische Film- und Theater Schauspielerin, und Max Simonischek nahmen die G\u00e4ste mit Texten von Albert Einstein bis Stefan Zweig mit auf eine Reise durch die Vielfalt j\u00fcdischer Literatur. Ruben \u00d6stlund\u2018s Spielfilm \u201eTriangle of Sadness\u201c mit Sunnyi Melles gewann 2022 die Goldene Palme in Cannes. Dieser fantastische Film mit Woody Harrelson und Sunnyi Melles wird am 21. Juli 2022 zur Er\u00f6ffnung des 39. Filmfestival in Jerusalem gezeigt. ARD Moderatorin Esther Sedlaczek f\u00fchrte charmant durchs Programm.<\/p>\n\n\n\n<p>Die Summernight war eine erste Impression dessen, wie im Herbst die 36. J\u00fcdischen Kulturtage M\u00fcnchen wieder ein Highlight im M\u00fcnchner Kulturherbst setzen werden. Unternehmerin Judith Epstein, seit 2017 Pr\u00e4sidentin der Gesellschaft zur F\u00f6rderung j\u00fcdischer Kultur und Tradition e.V., empfing die G\u00e4ste: \u201eEs ist uns eine ganz besondere Freude seine Exzellenz Reuven \u201eRuvi\u201c Rivlin, den 10. Pr\u00e4sident des Staates Israel, als Ehrengast bei unserer \u201eSummernight\u201c begr\u00fc\u00dfen zu k\u00f6nnen und heute nach zwei Jahren mit Ihnen allen wieder pers\u00f6nlich zusammenzukommen, um unsere j\u00fcdische Kultur zu zelebrieren. Denn die Sprache der Kultur verbindet! Kultur ist die DNA einer jeden Gesellschaft und unsere \u201eSummernight\u201c der j\u00fcdischen Kulturtage gibt eine Impression der J\u00fcdischen Kulturtage M\u00fcnchen, die im Herbst 2022 stattfinden werden\u201c<\/p>\n\n\n\n<figure class=\"wp-block-image size-large\"><img decoding=\"async\" width=\"1600\" height=\"900\" src=\"https:\/\/kulturonline.tv\/wp-content\/uploads\/2022\/07\/API_MT_Eroeffnung_Juedische_Kulturtage0001346-edited-1600x900.jpg\" alt=\"\" class=\"wp-image-30480\" srcset=\"https:\/\/kulturonline.tv\/wp-content\/uploads\/2022\/07\/API_MT_Eroeffnung_Juedische_Kulturtage0001346-edited-1600x900.jpg 1600w, https:\/\/kulturonline.tv\/wp-content\/uploads\/2022\/07\/API_MT_Eroeffnung_Juedische_Kulturtage0001346-edited-600x338.jpg 600w, https:\/\/kulturonline.tv\/wp-content\/uploads\/2022\/07\/API_MT_Eroeffnung_Juedische_Kulturtage0001346-edited-800x450.jpg 800w, https:\/\/kulturonline.tv\/wp-content\/uploads\/2022\/07\/API_MT_Eroeffnung_Juedische_Kulturtage0001346-edited-768x432.jpg 768w, https:\/\/kulturonline.tv\/wp-content\/uploads\/2022\/07\/API_MT_Eroeffnung_Juedische_Kulturtage0001346-edited-1536x864.jpg 1536w, https:\/\/kulturonline.tv\/wp-content\/uploads\/2022\/07\/API_MT_Eroeffnung_Juedische_Kulturtage0001346-edited-2048x1152.jpg 2048w\" sizes=\"(max-width: 1600px) 100vw, 1600px\" \/><figcaption>Pianist Guy Mintus \nEr\u00f6ffnung der 36. J\u00fcdischen Kulturtage SUMMERNIGHT im Literaturhaus in M\u00fcnchen am 3.07.2022\nAGENCY PEOPLE IMAGE (c) Michael Tinnefeld<\/figcaption><\/figure>\n\n\n\n<p>M\u00fcnchens Oberb\u00fcrgermeister und Schirmherr Dieter Reiter begr\u00fc\u00dfte das Publikum mit den Worten: \u201eEs geht bei den J\u00fcdische Kulturtagen darum, j\u00fcdisches Leben in die Gesellschaft zu tragen, und das schon seit Jahrzehnten. Das heute leider wieder Antisemitismus ein Thema in der Gesellschaft ist, ist besch\u00e4mend, daher ist es noch wichtiger, Flagge zu zeigen. Wir werden alles tun, dass sich jegliche Art von Antisemitismus und Ausgrenzung nicht weiter ausbreitet. Die j\u00fcdischen Kulturtage sind daher gerade jetzt ein wichtiges Zeichen f\u00fcr Vers\u00f6hnung und Solidarit\u00e4t.\u201c und lud die Ehreng\u00e4ste im Anschluss zu einem Empfangen.<\/p>\n\n\n\n<p>#kunst #kultur #news <\/p>\n","protected":false},"excerpt":{"rendered":"<p>Unter der Schirmherrschaft von Oberb\u00fcrgermeister Dieter Reiter und in Anwesenheit von hoher Politprominenz wie Ehrengast, seine Exzellenz Reuven \u201eRuvi\u201c Rivlin, 10. Pr\u00e4sident des Staates Israel, und Georg Eisenreich, Bayerischer Staatsminister der Justiz, er\u00f6ffnete Kulturtage-Pr\u00e4sidentin Judith Epstein die \u201eSummernight 2022\u201c der 36. J\u00fcdischen Kulturtage M\u00fcnchen im Literaturhaus mit fulminantem Konzert und Lesung. (c) Video: Gesine Jordan [&hellip;]<\/p>\n","protected":false},"author":2,"featured_media":30484,"comment_status":"closed","ping_status":"closed","sticky":false,"template":"","format":"standard","meta":{"_acf_changed":false,"footnotes":""},"categories":[3],"tags":[],"class_list":["post-30477","post","type-post","status-publish","format-standard","has-post-thumbnail","hentry","category-newsflash"],"acf":[],"yoast_head":"<!-- This site is optimized with the Yoast SEO plugin v26.1.1 - https:\/\/yoast.com\/wordpress\/plugins\/seo\/ -->\n<title>\u201eSummernight 2022\u201c der 36. J\u00fcdischen Kulturtage M\u00fcnchen - Kultur Online TV &amp; FM<\/title>\n<meta name=\"description\" content=\"Unter der Schirmherrschaft von Oberb\u00fcrgermeister Dieter Reiter und in Anwesenheit von hoher Politprominenz wie Ehrengast, seine Exzellenz Reuven \u201eRuvi\u201c Rivlin, 10. Pr\u00e4sident des Staates Israel, und Georg Eisenreich, Bayerischer Staatsminister der Justiz, er\u00f6ffnete Kulturtage-Pr\u00e4sidentin Judith Epstein die \u201eSummernight 2022\u201c der 36. J\u00fcdischen Kulturtage M\u00fcnchen im Literaturhaus mit fulminantem Konzert und Lesung.\" \/>\n<meta name=\"robots\" content=\"index, follow, max-snippet:-1, max-image-preview:large, max-video-preview:-1\" \/>\n<link rel=\"canonical\" href=\"https:\/\/kulturonline.tv\/de\/summernight-2022-der-36-juedischen-kulturtage-muenchen\/\" \/>\n<meta property=\"og:locale\" content=\"de_DE\" \/>\n<meta property=\"og:type\" content=\"article\" \/>\n<meta property=\"og:title\" content=\"\u201eSummernight 2022\u201c der 36. J\u00fcdischen Kulturtage M\u00fcnchen - Kultur Online TV &amp; FM\" \/>\n<meta property=\"og:description\" content=\"Unter der Schirmherrschaft von Oberb\u00fcrgermeister Dieter Reiter und in Anwesenheit von hoher Politprominenz wie Ehrengast, seine Exzellenz Reuven \u201eRuvi\u201c Rivlin, 10. Pr\u00e4sident des Staates Israel, und Georg Eisenreich, Bayerischer Staatsminister der Justiz, er\u00f6ffnete Kulturtage-Pr\u00e4sidentin Judith Epstein die \u201eSummernight 2022\u201c der 36. J\u00fcdischen Kulturtage M\u00fcnchen im Literaturhaus mit fulminantem Konzert und Lesung.\" \/>\n<meta property=\"og:url\" content=\"https:\/\/kulturonline.tv\/de\/summernight-2022-der-36-juedischen-kulturtage-muenchen\/\" \/>\n<meta property=\"og:site_name\" content=\"Kultur Online TV &amp; FM\" \/>\n<meta property=\"article:publisher\" content=\"https:\/\/www.facebook.com\/kulturonline.tv\" \/>\n<meta property=\"article:published_time\" content=\"2022-07-07T07:38:52+00:00\" \/>\n<meta property=\"article:modified_time\" content=\"2022-07-07T10:56:02+00:00\" \/>\n<meta property=\"og:image\" content=\"https:\/\/kulturonline.tv\/wp-content\/uploads\/2022\/07\/API_MT_Eroeffnung_Juedische_Kulturtage0001763-edited-scaled.jpg\" \/>\n\t<meta property=\"og:image:width\" content=\"2560\" \/>\n\t<meta property=\"og:image:height\" content=\"1440\" \/>\n\t<meta property=\"og:image:type\" content=\"image\/jpeg\" \/>\n<meta name=\"author\" content=\"guenter.wolfgang\" \/>\n<meta name=\"twitter:card\" content=\"summary_large_image\" \/>\n<meta name=\"twitter:label1\" content=\"Verfasst von\" \/>\n\t<meta name=\"twitter:data1\" content=\"guenter.wolfgang\" \/>\n\t<meta name=\"twitter:label2\" content=\"Gesch\u00e4tzte Lesezeit\" \/>\n\t<meta name=\"twitter:data2\" content=\"4\u00a0Minuten\" \/>\n<script type=\"application\/ld+json\" class=\"yoast-schema-graph\">{\"@context\":\"https:\/\/schema.org\",\"@graph\":[{\"@type\":\"Article\",\"@id\":\"https:\/\/kulturonline.tv\/de\/summernight-2022-der-36-juedischen-kulturtage-muenchen\/#article\",\"isPartOf\":{\"@id\":\"https:\/\/kulturonline.tv\/de\/summernight-2022-der-36-juedischen-kulturtage-muenchen\/\"},\"author\":{\"name\":\"guenter.wolfgang\",\"@id\":\"https:\/\/kulturonline.tv\/de\/#\/schema\/person\/b0fac729bb9a0c193fb1df23449df4fe\"},\"headline\":\"\u201eSummernight 2022\u201c der 36. J\u00fcdischen Kulturtage M\u00fcnchen\",\"datePublished\":\"2022-07-07T07:38:52+00:00\",\"dateModified\":\"2022-07-07T10:56:02+00:00\",\"mainEntityOfPage\":{\"@id\":\"https:\/\/kulturonline.tv\/de\/summernight-2022-der-36-juedischen-kulturtage-muenchen\/\"},\"wordCount\":709,\"publisher\":{\"@id\":\"https:\/\/kulturonline.tv\/de\/#organization\"},\"image\":{\"@id\":\"https:\/\/kulturonline.tv\/de\/summernight-2022-der-36-juedischen-kulturtage-muenchen\/#primaryimage\"},\"thumbnailUrl\":\"https:\/\/kulturonline.tv\/wp-content\/uploads\/2022\/07\/API_MT_Eroeffnung_Juedische_Kulturtage0001763-edited-scaled.jpg\",\"articleSection\":[\"Newsflash\"],\"inLanguage\":\"de\"},{\"@type\":\"WebPage\",\"@id\":\"https:\/\/kulturonline.tv\/de\/summernight-2022-der-36-juedischen-kulturtage-muenchen\/\",\"url\":\"https:\/\/kulturonline.tv\/de\/summernight-2022-der-36-juedischen-kulturtage-muenchen\/\",\"name\":\"\u201eSummernight 2022\u201c der 36. J\u00fcdischen Kulturtage M\u00fcnchen - Kultur Online TV &amp; FM\",\"isPartOf\":{\"@id\":\"https:\/\/kulturonline.tv\/de\/#website\"},\"primaryImageOfPage\":{\"@id\":\"https:\/\/kulturonline.tv\/de\/summernight-2022-der-36-juedischen-kulturtage-muenchen\/#primaryimage\"},\"image\":{\"@id\":\"https:\/\/kulturonline.tv\/de\/summernight-2022-der-36-juedischen-kulturtage-muenchen\/#primaryimage\"},\"thumbnailUrl\":\"https:\/\/kulturonline.tv\/wp-content\/uploads\/2022\/07\/API_MT_Eroeffnung_Juedische_Kulturtage0001763-edited-scaled.jpg\",\"datePublished\":\"2022-07-07T07:38:52+00:00\",\"dateModified\":\"2022-07-07T10:56:02+00:00\",\"description\":\"Unter der Schirmherrschaft von Oberb\u00fcrgermeister Dieter Reiter und in Anwesenheit von hoher Politprominenz wie Ehrengast, seine Exzellenz Reuven \u201eRuvi\u201c Rivlin, 10. Pr\u00e4sident des Staates Israel, und Georg Eisenreich, Bayerischer Staatsminister der Justiz, er\u00f6ffnete Kulturtage-Pr\u00e4sidentin Judith Epstein die \u201eSummernight 2022\u201c der 36. J\u00fcdischen Kulturtage M\u00fcnchen im Literaturhaus mit fulminantem Konzert und Lesung.\",\"breadcrumb\":{\"@id\":\"https:\/\/kulturonline.tv\/de\/summernight-2022-der-36-juedischen-kulturtage-muenchen\/#breadcrumb\"},\"inLanguage\":\"de\",\"potentialAction\":[{\"@type\":\"ReadAction\",\"target\":[\"https:\/\/kulturonline.tv\/de\/summernight-2022-der-36-juedischen-kulturtage-muenchen\/\"]}]},{\"@type\":\"ImageObject\",\"inLanguage\":\"de\",\"@id\":\"https:\/\/kulturonline.tv\/de\/summernight-2022-der-36-juedischen-kulturtage-muenchen\/#primaryimage\",\"url\":\"https:\/\/kulturonline.tv\/wp-content\/uploads\/2022\/07\/API_MT_Eroeffnung_Juedische_Kulturtage0001763-edited-scaled.jpg\",\"contentUrl\":\"https:\/\/kulturonline.tv\/wp-content\/uploads\/2022\/07\/API_MT_Eroeffnung_Juedische_Kulturtage0001763-edited-scaled.jpg\",\"width\":2560,\"height\":1440,\"caption\":\"Georg Eisenreich (Bayerischer Staatsminister der Justiz), Judith Epstein (Vorsitzende der Gesellschaft zur F\u00f6rderung j\u00fcdischer Kultur und Tradition e.V), Seine Exzellenz Reuven \u201eRuvi\u201c Rivlin (10. Pr\u00e4sident des Staates Israel) und Partnerin Sarit Semah, Regine Sixt, Rabbiner Shmuel Aharon Brodman, Dieter Reiter, Pianist Guy Mintus Er\u00f6ffnung der 36. J\u00fcdischen Kulturtage SUMMERNIGHT im Literaturhaus in M\u00fcnchen am 3.07.2022 AGENCY PEOPLE IMAGE (c) Michael Tinnefeld\"},{\"@type\":\"BreadcrumbList\",\"@id\":\"https:\/\/kulturonline.tv\/de\/summernight-2022-der-36-juedischen-kulturtage-muenchen\/#breadcrumb\",\"itemListElement\":[{\"@type\":\"ListItem\",\"position\":1,\"name\":\"Startseite\",\"item\":\"https:\/\/kulturonline.tv\/de\/\"},{\"@type\":\"ListItem\",\"position\":2,\"name\":\"\u201eSummernight 2022\u201c der 36. J\u00fcdischen Kulturtage M\u00fcnchen\"}]},{\"@type\":\"WebSite\",\"@id\":\"https:\/\/kulturonline.tv\/de\/#website\",\"url\":\"https:\/\/kulturonline.tv\/de\/\",\"name\":\"Kultur Online TV &amp; FM\",\"description\":\"Wir sind Kultur 2.0 zum sehen &amp; h\u00f6ren\",\"publisher\":{\"@id\":\"https:\/\/kulturonline.tv\/de\/#organization\"},\"potentialAction\":[{\"@type\":\"SearchAction\",\"target\":{\"@type\":\"EntryPoint\",\"urlTemplate\":\"https:\/\/kulturonline.tv\/de\/?s={search_term_string}\"},\"query-input\":{\"@type\":\"PropertyValueSpecification\",\"valueRequired\":true,\"valueName\":\"search_term_string\"}}],\"inLanguage\":\"de\"},{\"@type\":\"Organization\",\"@id\":\"https:\/\/kulturonline.tv\/de\/#organization\",\"name\":\"Kultur Online TV\",\"url\":\"https:\/\/kulturonline.tv\/de\/\",\"logo\":{\"@type\":\"ImageObject\",\"inLanguage\":\"de\",\"@id\":\"https:\/\/kulturonline.tv\/de\/#\/schema\/logo\/image\/\",\"url\":\"https:\/\/kulturonline.tv\/wp-content\/uploads\/2021\/08\/Kultur-Online-Tv-Logo-Endversion-neu.png\",\"contentUrl\":\"https:\/\/kulturonline.tv\/wp-content\/uploads\/2021\/08\/Kultur-Online-Tv-Logo-Endversion-neu.png\",\"width\":200,\"height\":200,\"caption\":\"Kultur Online TV\"},\"image\":{\"@id\":\"https:\/\/kulturonline.tv\/de\/#\/schema\/logo\/image\/\"},\"sameAs\":[\"https:\/\/www.facebook.com\/kulturonline.tv\",\"https:\/\/www.instagram.com\/kulturonline.tv\"]},{\"@type\":\"Person\",\"@id\":\"https:\/\/kulturonline.tv\/de\/#\/schema\/person\/b0fac729bb9a0c193fb1df23449df4fe\",\"name\":\"guenter.wolfgang\"}]}<\/script>\n<!-- \/ Yoast SEO plugin. -->","yoast_head_json":{"title":"\u201eSummernight 2022\u201c der 36. J\u00fcdischen Kulturtage M\u00fcnchen - Kultur Online TV &amp; FM","description":"Unter der Schirmherrschaft von Oberb\u00fcrgermeister Dieter Reiter und in Anwesenheit von hoher Politprominenz wie Ehrengast, seine Exzellenz Reuven \u201eRuvi\u201c Rivlin, 10. Pr\u00e4sident des Staates Israel, und Georg Eisenreich, Bayerischer Staatsminister der Justiz, er\u00f6ffnete Kulturtage-Pr\u00e4sidentin Judith Epstein die \u201eSummernight 2022\u201c der 36. J\u00fcdischen Kulturtage M\u00fcnchen im Literaturhaus mit fulminantem Konzert und Lesung.","robots":{"index":"index","follow":"follow","max-snippet":"max-snippet:-1","max-image-preview":"max-image-preview:large","max-video-preview":"max-video-preview:-1"},"canonical":"https:\/\/kulturonline.tv\/de\/summernight-2022-der-36-juedischen-kulturtage-muenchen\/","og_locale":"de_DE","og_type":"article","og_title":"\u201eSummernight 2022\u201c der 36. J\u00fcdischen Kulturtage M\u00fcnchen - Kultur Online TV &amp; FM","og_description":"Unter der Schirmherrschaft von Oberb\u00fcrgermeister Dieter Reiter und in Anwesenheit von hoher Politprominenz wie Ehrengast, seine Exzellenz Reuven \u201eRuvi\u201c Rivlin, 10. Pr\u00e4sident des Staates Israel, und Georg Eisenreich, Bayerischer Staatsminister der Justiz, er\u00f6ffnete Kulturtage-Pr\u00e4sidentin Judith Epstein die \u201eSummernight 2022\u201c der 36. J\u00fcdischen Kulturtage M\u00fcnchen im Literaturhaus mit fulminantem Konzert und Lesung.","og_url":"https:\/\/kulturonline.tv\/de\/summernight-2022-der-36-juedischen-kulturtage-muenchen\/","og_site_name":"Kultur Online TV &amp; FM","article_publisher":"https:\/\/www.facebook.com\/kulturonline.tv","article_published_time":"2022-07-07T07:38:52+00:00","article_modified_time":"2022-07-07T10:56:02+00:00","og_image":[{"width":2560,"height":1440,"url":"https:\/\/kulturonline.tv\/wp-content\/uploads\/2022\/07\/API_MT_Eroeffnung_Juedische_Kulturtage0001763-edited-scaled.jpg","type":"image\/jpeg"}],"author":"guenter.wolfgang","twitter_card":"summary_large_image","twitter_misc":{"Verfasst von":"guenter.wolfgang","Gesch\u00e4tzte Lesezeit":"4\u00a0Minuten"},"schema":{"@context":"https:\/\/schema.org","@graph":[{"@type":"Article","@id":"https:\/\/kulturonline.tv\/de\/summernight-2022-der-36-juedischen-kulturtage-muenchen\/#article","isPartOf":{"@id":"https:\/\/kulturonline.tv\/de\/summernight-2022-der-36-juedischen-kulturtage-muenchen\/"},"author":{"name":"guenter.wolfgang","@id":"https:\/\/kulturonline.tv\/de\/#\/schema\/person\/b0fac729bb9a0c193fb1df23449df4fe"},"headline":"\u201eSummernight 2022\u201c der 36. J\u00fcdischen Kulturtage M\u00fcnchen","datePublished":"2022-07-07T07:38:52+00:00","dateModified":"2022-07-07T10:56:02+00:00","mainEntityOfPage":{"@id":"https:\/\/kulturonline.tv\/de\/summernight-2022-der-36-juedischen-kulturtage-muenchen\/"},"wordCount":709,"publisher":{"@id":"https:\/\/kulturonline.tv\/de\/#organization"},"image":{"@id":"https:\/\/kulturonline.tv\/de\/summernight-2022-der-36-juedischen-kulturtage-muenchen\/#primaryimage"},"thumbnailUrl":"https:\/\/kulturonline.tv\/wp-content\/uploads\/2022\/07\/API_MT_Eroeffnung_Juedische_Kulturtage0001763-edited-scaled.jpg","articleSection":["Newsflash"],"inLanguage":"de"},{"@type":"WebPage","@id":"https:\/\/kulturonline.tv\/de\/summernight-2022-der-36-juedischen-kulturtage-muenchen\/","url":"https:\/\/kulturonline.tv\/de\/summernight-2022-der-36-juedischen-kulturtage-muenchen\/","name":"\u201eSummernight 2022\u201c der 36. J\u00fcdischen Kulturtage M\u00fcnchen - Kultur Online TV &amp; FM","isPartOf":{"@id":"https:\/\/kulturonline.tv\/de\/#website"},"primaryImageOfPage":{"@id":"https:\/\/kulturonline.tv\/de\/summernight-2022-der-36-juedischen-kulturtage-muenchen\/#primaryimage"},"image":{"@id":"https:\/\/kulturonline.tv\/de\/summernight-2022-der-36-juedischen-kulturtage-muenchen\/#primaryimage"},"thumbnailUrl":"https:\/\/kulturonline.tv\/wp-content\/uploads\/2022\/07\/API_MT_Eroeffnung_Juedische_Kulturtage0001763-edited-scaled.jpg","datePublished":"2022-07-07T07:38:52+00:00","dateModified":"2022-07-07T10:56:02+00:00","description":"Unter der Schirmherrschaft von Oberb\u00fcrgermeister Dieter Reiter und in Anwesenheit von hoher Politprominenz wie Ehrengast, seine Exzellenz Reuven \u201eRuvi\u201c Rivlin, 10. Pr\u00e4sident des Staates Israel, und Georg Eisenreich, Bayerischer Staatsminister der Justiz, er\u00f6ffnete Kulturtage-Pr\u00e4sidentin Judith Epstein die \u201eSummernight 2022\u201c der 36. J\u00fcdischen Kulturtage M\u00fcnchen im Literaturhaus mit fulminantem Konzert und Lesung.","breadcrumb":{"@id":"https:\/\/kulturonline.tv\/de\/summernight-2022-der-36-juedischen-kulturtage-muenchen\/#breadcrumb"},"inLanguage":"de","potentialAction":[{"@type":"ReadAction","target":["https:\/\/kulturonline.tv\/de\/summernight-2022-der-36-juedischen-kulturtage-muenchen\/"]}]},{"@type":"ImageObject","inLanguage":"de","@id":"https:\/\/kulturonline.tv\/de\/summernight-2022-der-36-juedischen-kulturtage-muenchen\/#primaryimage","url":"https:\/\/kulturonline.tv\/wp-content\/uploads\/2022\/07\/API_MT_Eroeffnung_Juedische_Kulturtage0001763-edited-scaled.jpg","contentUrl":"https:\/\/kulturonline.tv\/wp-content\/uploads\/2022\/07\/API_MT_Eroeffnung_Juedische_Kulturtage0001763-edited-scaled.jpg","width":2560,"height":1440,"caption":"Georg Eisenreich (Bayerischer Staatsminister der Justiz), Judith Epstein (Vorsitzende der Gesellschaft zur F\u00f6rderung j\u00fcdischer Kultur und Tradition e.V), Seine Exzellenz Reuven \u201eRuvi\u201c Rivlin (10. Pr\u00e4sident des Staates Israel) und Partnerin Sarit Semah, Regine Sixt, Rabbiner Shmuel Aharon Brodman, Dieter Reiter, Pianist Guy Mintus Er\u00f6ffnung der 36. J\u00fcdischen Kulturtage SUMMERNIGHT im Literaturhaus in M\u00fcnchen am 3.07.2022 AGENCY PEOPLE IMAGE (c) Michael Tinnefeld"},{"@type":"BreadcrumbList","@id":"https:\/\/kulturonline.tv\/de\/summernight-2022-der-36-juedischen-kulturtage-muenchen\/#breadcrumb","itemListElement":[{"@type":"ListItem","position":1,"name":"Startseite","item":"https:\/\/kulturonline.tv\/de\/"},{"@type":"ListItem","position":2,"name":"\u201eSummernight 2022\u201c der 36. J\u00fcdischen Kulturtage M\u00fcnchen"}]},{"@type":"WebSite","@id":"https:\/\/kulturonline.tv\/de\/#website","url":"https:\/\/kulturonline.tv\/de\/","name":"Kultur Online TV &amp; FM","description":"Wir sind Kultur 2.0 zum sehen &amp; h\u00f6ren","publisher":{"@id":"https:\/\/kulturonline.tv\/de\/#organization"},"potentialAction":[{"@type":"SearchAction","target":{"@type":"EntryPoint","urlTemplate":"https:\/\/kulturonline.tv\/de\/?s={search_term_string}"},"query-input":{"@type":"PropertyValueSpecification","valueRequired":true,"valueName":"search_term_string"}}],"inLanguage":"de"},{"@type":"Organization","@id":"https:\/\/kulturonline.tv\/de\/#organization","name":"Kultur Online TV","url":"https:\/\/kulturonline.tv\/de\/","logo":{"@type":"ImageObject","inLanguage":"de","@id":"https:\/\/kulturonline.tv\/de\/#\/schema\/logo\/image\/","url":"https:\/\/kulturonline.tv\/wp-content\/uploads\/2021\/08\/Kultur-Online-Tv-Logo-Endversion-neu.png","contentUrl":"https:\/\/kulturonline.tv\/wp-content\/uploads\/2021\/08\/Kultur-Online-Tv-Logo-Endversion-neu.png","width":200,"height":200,"caption":"Kultur Online TV"},"image":{"@id":"https:\/\/kulturonline.tv\/de\/#\/schema\/logo\/image\/"},"sameAs":["https:\/\/www.facebook.com\/kulturonline.tv","https:\/\/www.instagram.com\/kulturonline.tv"]},{"@type":"Person","@id":"https:\/\/kulturonline.tv\/de\/#\/schema\/person\/b0fac729bb9a0c193fb1df23449df4fe","name":"guenter.wolfgang"}]}},"_links":{"self":[{"href":"https:\/\/kulturonline.tv\/de\/wp-json\/wp\/v2\/posts\/30477","targetHints":{"allow":["GET"]}}],"collection":[{"href":"https:\/\/kulturonline.tv\/de\/wp-json\/wp\/v2\/posts"}],"about":[{"href":"https:\/\/kulturonline.tv\/de\/wp-json\/wp\/v2\/types\/post"}],"author":[{"embeddable":true,"href":"https:\/\/kulturonline.tv\/de\/wp-json\/wp\/v2\/users\/2"}],"replies":[{"embeddable":true,"href":"https:\/\/kulturonline.tv\/de\/wp-json\/wp\/v2\/comments?post=30477"}],"version-history":[{"count":0,"href":"https:\/\/kulturonline.tv\/de\/wp-json\/wp\/v2\/posts\/30477\/revisions"}],"wp:featuredmedia":[{"embeddable":true,"href":"https:\/\/kulturonline.tv\/de\/wp-json\/wp\/v2\/media\/30484"}],"wp:attachment":[{"href":"https:\/\/kulturonline.tv\/de\/wp-json\/wp\/v2\/media?parent=30477"}],"wp:term":[{"taxonomy":"category","embeddable":true,"href":"https:\/\/kulturonline.tv\/de\/wp-json\/wp\/v2\/categories?post=30477"},{"taxonomy":"post_tag","embeddable":true,"href":"https:\/\/kulturonline.tv\/de\/wp-json\/wp\/v2\/tags?post=30477"}],"curies":[{"name":"wp","href":"https:\/\/api.w.org\/{rel}","templated":true}]}}