{"id":30868,"date":"2022-07-24T13:01:20","date_gmt":"2022-07-24T11:01:20","guid":{"rendered":"https:\/\/kulturonline.tv\/?p=30868"},"modified":"2022-07-24T13:19:04","modified_gmt":"2022-07-24T11:19:04","slug":"kulturstaatsministerin-claudia-roth-will-sexismus-vorwuerfen-in-bayreuth-nachgehen","status":"publish","type":"post","link":"https:\/\/kulturonline.tv\/de\/kulturstaatsministerin-claudia-roth-will-sexismus-vorwuerfen-in-bayreuth-nachgehen\/","title":{"rendered":"Kulturstaatsministerin Claudia Roth will Sexismus-Vorw\u00fcrfen in Bayreuth nachgehen"},"content":{"rendered":"\n<p><strong>Kulturstaatsministerin Roth&nbsp;hat betont, dass die Berichte \u00fcber Sexismus bei den Bayreuther Festspielen ernst genommen werden.<\/strong><\/p>\n\n\n\n<p><\/p>\n\n\n\n<figure class=\"wp-block-image size-full\"><img fetchpriority=\"high\" decoding=\"async\" width=\"800\" height=\"450\" src=\"https:\/\/kulturonline.tv\/wp-content\/uploads\/2022\/07\/Claudia-Roth-edited.jpg\" alt=\"\" class=\"wp-image-30871\" srcset=\"https:\/\/kulturonline.tv\/wp-content\/uploads\/2022\/07\/Claudia-Roth-edited.jpg 800w, https:\/\/kulturonline.tv\/wp-content\/uploads\/2022\/07\/Claudia-Roth-edited-600x338.jpg 600w, https:\/\/kulturonline.tv\/wp-content\/uploads\/2022\/07\/Claudia-Roth-edited-768x432.jpg 768w\" sizes=\"(max-width: 800px) 100vw, 800px\" \/><figcaption>\u00a0Foto: \u00a9 Michael Lucan, Lizenz:\u00a0<a href=\"https:\/\/creativecommons.org\/licenses\/by-sa\/3.0\/de\/legalcode\">CC-BY-SA 3.0 de<\/a><\/figcaption><\/figure>\n\n\n\n<p>Claudia Roth geht davon aus , dass die Leitung der Festspiele den Vorw\u00fcrfen nachgeht und die notwendigen Konsequenzen zieht. Sexuelle \u00dcbergriffe, egal ob verbal oder k\u00f6rperlich, d\u00fcrften nicht ungeahndet bleiben. Intendantin Katharina Wagner hatte sofortige personelle Konsequenzen angek\u00fcndigt, sollten sich die Vorw\u00fcrfe bewahrheiten.<\/p>\n\n\n\n<p>Kultur Online TV<\/p>\n","protected":false},"excerpt":{"rendered":"<p>Kulturstaatsministerin Roth&nbsp;hat betont, dass die Berichte \u00fcber Sexismus bei den Bayreuther Festspielen ernst genommen werden. Claudia Roth geht davon aus , dass die Leitung der Festspiele den Vorw\u00fcrfen nachgeht und die notwendigen Konsequenzen zieht. Sexuelle \u00dcbergriffe, egal ob verbal oder k\u00f6rperlich, d\u00fcrften nicht ungeahndet bleiben. Intendantin Katharina Wagner hatte sofortige personelle Konsequenzen angek\u00fcndigt, sollten sich [&hellip;]<\/p>\n","protected":false},"author":2,"featured_media":30871,"comment_status":"closed","ping_status":"closed","sticky":false,"template":"","format":"standard","meta":{"_acf_changed":false,"footnotes":""},"categories":[3],"tags":[],"class_list":["post-30868","post","type-post","status-publish","format-standard","has-post-thumbnail","hentry","category-newsflash"],"acf":[],"yoast_head":"<!-- This site is optimized with the Yoast SEO plugin v26.1.1 - https:\/\/yoast.com\/wordpress\/plugins\/seo\/ -->\n<title>Kulturstaatsministerin Claudia Roth will Sexismus-Vorw\u00fcrfen in Bayreuth nachgehen - Kultur Online TV &amp; FM<\/title>\n<meta name=\"description\" content=\"Kulturstaatsministerin Roth\u00a0hat betont, dass die Berichte \u00fcber Sexismus bei den Bayreuther Festspielen ernst genommen werden.\" \/>\n<meta name=\"robots\" content=\"index, follow, max-snippet:-1, max-image-preview:large, max-video-preview:-1\" \/>\n<link rel=\"canonical\" href=\"https:\/\/kulturonline.tv\/de\/kulturstaatsministerin-claudia-roth-will-sexismus-vorwuerfen-in-bayreuth-nachgehen\/\" \/>\n<meta property=\"og:locale\" content=\"de_DE\" \/>\n<meta property=\"og:type\" content=\"article\" \/>\n<meta property=\"og:title\" content=\"Kulturstaatsministerin Claudia Roth will Sexismus-Vorw\u00fcrfen in Bayreuth nachgehen - Kultur Online TV &amp; FM\" \/>\n<meta property=\"og:description\" content=\"Kulturstaatsministerin Roth\u00a0hat betont, dass die Berichte \u00fcber Sexismus bei den Bayreuther Festspielen ernst genommen werden.\" \/>\n<meta property=\"og:url\" content=\"https:\/\/kulturonline.tv\/de\/kulturstaatsministerin-claudia-roth-will-sexismus-vorwuerfen-in-bayreuth-nachgehen\/\" \/>\n<meta property=\"og:site_name\" content=\"Kultur Online TV &amp; FM\" \/>\n<meta property=\"article:publisher\" content=\"https:\/\/www.facebook.com\/kulturonline.tv\" \/>\n<meta property=\"article:published_time\" content=\"2022-07-24T11:01:20+00:00\" \/>\n<meta property=\"article:modified_time\" content=\"2022-07-24T11:19:04+00:00\" \/>\n<meta property=\"og:image\" content=\"https:\/\/kulturonline.tv\/wp-content\/uploads\/2022\/07\/Claudia-Roth-edited.jpg\" \/>\n\t<meta property=\"og:image:width\" content=\"800\" \/>\n\t<meta property=\"og:image:height\" content=\"450\" \/>\n\t<meta property=\"og:image:type\" content=\"image\/jpeg\" \/>\n<meta name=\"author\" content=\"guenter.wolfgang\" \/>\n<meta name=\"twitter:card\" content=\"summary_large_image\" \/>\n<meta name=\"twitter:label1\" content=\"Verfasst von\" \/>\n\t<meta name=\"twitter:data1\" content=\"guenter.wolfgang\" \/>\n<script type=\"application\/ld+json\" class=\"yoast-schema-graph\">{\"@context\":\"https:\/\/schema.org\",\"@graph\":[{\"@type\":\"Article\",\"@id\":\"https:\/\/kulturonline.tv\/de\/kulturstaatsministerin-claudia-roth-will-sexismus-vorwuerfen-in-bayreuth-nachgehen\/#article\",\"isPartOf\":{\"@id\":\"https:\/\/kulturonline.tv\/de\/kulturstaatsministerin-claudia-roth-will-sexismus-vorwuerfen-in-bayreuth-nachgehen\/\"},\"author\":{\"name\":\"guenter.wolfgang\",\"@id\":\"https:\/\/kulturonline.tv\/de\/#\/schema\/person\/b0fac729bb9a0c193fb1df23449df4fe\"},\"headline\":\"Kulturstaatsministerin Claudia Roth will Sexismus-Vorw\u00fcrfen in Bayreuth nachgehen\",\"datePublished\":\"2022-07-24T11:01:20+00:00\",\"dateModified\":\"2022-07-24T11:19:04+00:00\",\"mainEntityOfPage\":{\"@id\":\"https:\/\/kulturonline.tv\/de\/kulturstaatsministerin-claudia-roth-will-sexismus-vorwuerfen-in-bayreuth-nachgehen\/\"},\"wordCount\":82,\"publisher\":{\"@id\":\"https:\/\/kulturonline.tv\/de\/#organization\"},\"image\":{\"@id\":\"https:\/\/kulturonline.tv\/de\/kulturstaatsministerin-claudia-roth-will-sexismus-vorwuerfen-in-bayreuth-nachgehen\/#primaryimage\"},\"thumbnailUrl\":\"https:\/\/kulturonline.tv\/wp-content\/uploads\/2022\/07\/Claudia-Roth-edited.jpg\",\"articleSection\":[\"Newsflash\"],\"inLanguage\":\"de\"},{\"@type\":\"WebPage\",\"@id\":\"https:\/\/kulturonline.tv\/de\/kulturstaatsministerin-claudia-roth-will-sexismus-vorwuerfen-in-bayreuth-nachgehen\/\",\"url\":\"https:\/\/kulturonline.tv\/de\/kulturstaatsministerin-claudia-roth-will-sexismus-vorwuerfen-in-bayreuth-nachgehen\/\",\"name\":\"Kulturstaatsministerin Claudia Roth will Sexismus-Vorw\u00fcrfen in Bayreuth nachgehen - Kultur Online TV &amp; FM\",\"isPartOf\":{\"@id\":\"https:\/\/kulturonline.tv\/de\/#website\"},\"primaryImageOfPage\":{\"@id\":\"https:\/\/kulturonline.tv\/de\/kulturstaatsministerin-claudia-roth-will-sexismus-vorwuerfen-in-bayreuth-nachgehen\/#primaryimage\"},\"image\":{\"@id\":\"https:\/\/kulturonline.tv\/de\/kulturstaatsministerin-claudia-roth-will-sexismus-vorwuerfen-in-bayreuth-nachgehen\/#primaryimage\"},\"thumbnailUrl\":\"https:\/\/kulturonline.tv\/wp-content\/uploads\/2022\/07\/Claudia-Roth-edited.jpg\",\"datePublished\":\"2022-07-24T11:01:20+00:00\",\"dateModified\":\"2022-07-24T11:19:04+00:00\",\"description\":\"Kulturstaatsministerin Roth\u00a0hat betont, dass die Berichte \u00fcber Sexismus bei den Bayreuther Festspielen ernst genommen werden.\",\"breadcrumb\":{\"@id\":\"https:\/\/kulturonline.tv\/de\/kulturstaatsministerin-claudia-roth-will-sexismus-vorwuerfen-in-bayreuth-nachgehen\/#breadcrumb\"},\"inLanguage\":\"de\",\"potentialAction\":[{\"@type\":\"ReadAction\",\"target\":[\"https:\/\/kulturonline.tv\/de\/kulturstaatsministerin-claudia-roth-will-sexismus-vorwuerfen-in-bayreuth-nachgehen\/\"]}]},{\"@type\":\"ImageObject\",\"inLanguage\":\"de\",\"@id\":\"https:\/\/kulturonline.tv\/de\/kulturstaatsministerin-claudia-roth-will-sexismus-vorwuerfen-in-bayreuth-nachgehen\/#primaryimage\",\"url\":\"https:\/\/kulturonline.tv\/wp-content\/uploads\/2022\/07\/Claudia-Roth-edited.jpg\",\"contentUrl\":\"https:\/\/kulturonline.tv\/wp-content\/uploads\/2022\/07\/Claudia-Roth-edited.jpg\",\"width\":800,\"height\":450},{\"@type\":\"BreadcrumbList\",\"@id\":\"https:\/\/kulturonline.tv\/de\/kulturstaatsministerin-claudia-roth-will-sexismus-vorwuerfen-in-bayreuth-nachgehen\/#breadcrumb\",\"itemListElement\":[{\"@type\":\"ListItem\",\"position\":1,\"name\":\"Startseite\",\"item\":\"https:\/\/kulturonline.tv\/de\/\"},{\"@type\":\"ListItem\",\"position\":2,\"name\":\"Kulturstaatsministerin Claudia Roth will Sexismus-Vorw\u00fcrfen in Bayreuth nachgehen\"}]},{\"@type\":\"WebSite\",\"@id\":\"https:\/\/kulturonline.tv\/de\/#website\",\"url\":\"https:\/\/kulturonline.tv\/de\/\",\"name\":\"Kultur Online TV &amp; FM\",\"description\":\"Wir sind Kultur 2.0 zum sehen &amp; h\u00f6ren\",\"publisher\":{\"@id\":\"https:\/\/kulturonline.tv\/de\/#organization\"},\"potentialAction\":[{\"@type\":\"SearchAction\",\"target\":{\"@type\":\"EntryPoint\",\"urlTemplate\":\"https:\/\/kulturonline.tv\/de\/?s={search_term_string}\"},\"query-input\":{\"@type\":\"PropertyValueSpecification\",\"valueRequired\":true,\"valueName\":\"search_term_string\"}}],\"inLanguage\":\"de\"},{\"@type\":\"Organization\",\"@id\":\"https:\/\/kulturonline.tv\/de\/#organization\",\"name\":\"Kultur Online TV\",\"url\":\"https:\/\/kulturonline.tv\/de\/\",\"logo\":{\"@type\":\"ImageObject\",\"inLanguage\":\"de\",\"@id\":\"https:\/\/kulturonline.tv\/de\/#\/schema\/logo\/image\/\",\"url\":\"https:\/\/kulturonline.tv\/wp-content\/uploads\/2021\/08\/Kultur-Online-Tv-Logo-Endversion-neu.png\",\"contentUrl\":\"https:\/\/kulturonline.tv\/wp-content\/uploads\/2021\/08\/Kultur-Online-Tv-Logo-Endversion-neu.png\",\"width\":200,\"height\":200,\"caption\":\"Kultur Online TV\"},\"image\":{\"@id\":\"https:\/\/kulturonline.tv\/de\/#\/schema\/logo\/image\/\"},\"sameAs\":[\"https:\/\/www.facebook.com\/kulturonline.tv\",\"https:\/\/www.instagram.com\/kulturonline.tv\"]},{\"@type\":\"Person\",\"@id\":\"https:\/\/kulturonline.tv\/de\/#\/schema\/person\/b0fac729bb9a0c193fb1df23449df4fe\",\"name\":\"guenter.wolfgang\"}]}<\/script>\n<!-- \/ Yoast SEO plugin. -->","yoast_head_json":{"title":"Kulturstaatsministerin Claudia Roth will Sexismus-Vorw\u00fcrfen in Bayreuth nachgehen - Kultur Online TV &amp; FM","description":"Kulturstaatsministerin Roth\u00a0hat betont, dass die Berichte \u00fcber Sexismus bei den Bayreuther Festspielen ernst genommen werden.","robots":{"index":"index","follow":"follow","max-snippet":"max-snippet:-1","max-image-preview":"max-image-preview:large","max-video-preview":"max-video-preview:-1"},"canonical":"https:\/\/kulturonline.tv\/de\/kulturstaatsministerin-claudia-roth-will-sexismus-vorwuerfen-in-bayreuth-nachgehen\/","og_locale":"de_DE","og_type":"article","og_title":"Kulturstaatsministerin Claudia Roth will Sexismus-Vorw\u00fcrfen in Bayreuth nachgehen - Kultur Online TV &amp; FM","og_description":"Kulturstaatsministerin Roth\u00a0hat betont, dass die Berichte \u00fcber Sexismus bei den Bayreuther Festspielen ernst genommen werden.","og_url":"https:\/\/kulturonline.tv\/de\/kulturstaatsministerin-claudia-roth-will-sexismus-vorwuerfen-in-bayreuth-nachgehen\/","og_site_name":"Kultur Online TV &amp; FM","article_publisher":"https:\/\/www.facebook.com\/kulturonline.tv","article_published_time":"2022-07-24T11:01:20+00:00","article_modified_time":"2022-07-24T11:19:04+00:00","og_image":[{"width":800,"height":450,"url":"https:\/\/kulturonline.tv\/wp-content\/uploads\/2022\/07\/Claudia-Roth-edited.jpg","type":"image\/jpeg"}],"author":"guenter.wolfgang","twitter_card":"summary_large_image","twitter_misc":{"Verfasst von":"guenter.wolfgang"},"schema":{"@context":"https:\/\/schema.org","@graph":[{"@type":"Article","@id":"https:\/\/kulturonline.tv\/de\/kulturstaatsministerin-claudia-roth-will-sexismus-vorwuerfen-in-bayreuth-nachgehen\/#article","isPartOf":{"@id":"https:\/\/kulturonline.tv\/de\/kulturstaatsministerin-claudia-roth-will-sexismus-vorwuerfen-in-bayreuth-nachgehen\/"},"author":{"name":"guenter.wolfgang","@id":"https:\/\/kulturonline.tv\/de\/#\/schema\/person\/b0fac729bb9a0c193fb1df23449df4fe"},"headline":"Kulturstaatsministerin Claudia Roth will Sexismus-Vorw\u00fcrfen in Bayreuth nachgehen","datePublished":"2022-07-24T11:01:20+00:00","dateModified":"2022-07-24T11:19:04+00:00","mainEntityOfPage":{"@id":"https:\/\/kulturonline.tv\/de\/kulturstaatsministerin-claudia-roth-will-sexismus-vorwuerfen-in-bayreuth-nachgehen\/"},"wordCount":82,"publisher":{"@id":"https:\/\/kulturonline.tv\/de\/#organization"},"image":{"@id":"https:\/\/kulturonline.tv\/de\/kulturstaatsministerin-claudia-roth-will-sexismus-vorwuerfen-in-bayreuth-nachgehen\/#primaryimage"},"thumbnailUrl":"https:\/\/kulturonline.tv\/wp-content\/uploads\/2022\/07\/Claudia-Roth-edited.jpg","articleSection":["Newsflash"],"inLanguage":"de"},{"@type":"WebPage","@id":"https:\/\/kulturonline.tv\/de\/kulturstaatsministerin-claudia-roth-will-sexismus-vorwuerfen-in-bayreuth-nachgehen\/","url":"https:\/\/kulturonline.tv\/de\/kulturstaatsministerin-claudia-roth-will-sexismus-vorwuerfen-in-bayreuth-nachgehen\/","name":"Kulturstaatsministerin Claudia Roth will Sexismus-Vorw\u00fcrfen in Bayreuth nachgehen - Kultur Online TV &amp; FM","isPartOf":{"@id":"https:\/\/kulturonline.tv\/de\/#website"},"primaryImageOfPage":{"@id":"https:\/\/kulturonline.tv\/de\/kulturstaatsministerin-claudia-roth-will-sexismus-vorwuerfen-in-bayreuth-nachgehen\/#primaryimage"},"image":{"@id":"https:\/\/kulturonline.tv\/de\/kulturstaatsministerin-claudia-roth-will-sexismus-vorwuerfen-in-bayreuth-nachgehen\/#primaryimage"},"thumbnailUrl":"https:\/\/kulturonline.tv\/wp-content\/uploads\/2022\/07\/Claudia-Roth-edited.jpg","datePublished":"2022-07-24T11:01:20+00:00","dateModified":"2022-07-24T11:19:04+00:00","description":"Kulturstaatsministerin Roth\u00a0hat betont, dass die Berichte \u00fcber Sexismus bei den Bayreuther Festspielen ernst genommen werden.","breadcrumb":{"@id":"https:\/\/kulturonline.tv\/de\/kulturstaatsministerin-claudia-roth-will-sexismus-vorwuerfen-in-bayreuth-nachgehen\/#breadcrumb"},"inLanguage":"de","potentialAction":[{"@type":"ReadAction","target":["https:\/\/kulturonline.tv\/de\/kulturstaatsministerin-claudia-roth-will-sexismus-vorwuerfen-in-bayreuth-nachgehen\/"]}]},{"@type":"ImageObject","inLanguage":"de","@id":"https:\/\/kulturonline.tv\/de\/kulturstaatsministerin-claudia-roth-will-sexismus-vorwuerfen-in-bayreuth-nachgehen\/#primaryimage","url":"https:\/\/kulturonline.tv\/wp-content\/uploads\/2022\/07\/Claudia-Roth-edited.jpg","contentUrl":"https:\/\/kulturonline.tv\/wp-content\/uploads\/2022\/07\/Claudia-Roth-edited.jpg","width":800,"height":450},{"@type":"BreadcrumbList","@id":"https:\/\/kulturonline.tv\/de\/kulturstaatsministerin-claudia-roth-will-sexismus-vorwuerfen-in-bayreuth-nachgehen\/#breadcrumb","itemListElement":[{"@type":"ListItem","position":1,"name":"Startseite","item":"https:\/\/kulturonline.tv\/de\/"},{"@type":"ListItem","position":2,"name":"Kulturstaatsministerin Claudia Roth will Sexismus-Vorw\u00fcrfen in Bayreuth nachgehen"}]},{"@type":"WebSite","@id":"https:\/\/kulturonline.tv\/de\/#website","url":"https:\/\/kulturonline.tv\/de\/","name":"Kultur Online TV &amp; FM","description":"Wir sind Kultur 2.0 zum sehen &amp; h\u00f6ren","publisher":{"@id":"https:\/\/kulturonline.tv\/de\/#organization"},"potentialAction":[{"@type":"SearchAction","target":{"@type":"EntryPoint","urlTemplate":"https:\/\/kulturonline.tv\/de\/?s={search_term_string}"},"query-input":{"@type":"PropertyValueSpecification","valueRequired":true,"valueName":"search_term_string"}}],"inLanguage":"de"},{"@type":"Organization","@id":"https:\/\/kulturonline.tv\/de\/#organization","name":"Kultur Online TV","url":"https:\/\/kulturonline.tv\/de\/","logo":{"@type":"ImageObject","inLanguage":"de","@id":"https:\/\/kulturonline.tv\/de\/#\/schema\/logo\/image\/","url":"https:\/\/kulturonline.tv\/wp-content\/uploads\/2021\/08\/Kultur-Online-Tv-Logo-Endversion-neu.png","contentUrl":"https:\/\/kulturonline.tv\/wp-content\/uploads\/2021\/08\/Kultur-Online-Tv-Logo-Endversion-neu.png","width":200,"height":200,"caption":"Kultur Online TV"},"image":{"@id":"https:\/\/kulturonline.tv\/de\/#\/schema\/logo\/image\/"},"sameAs":["https:\/\/www.facebook.com\/kulturonline.tv","https:\/\/www.instagram.com\/kulturonline.tv"]},{"@type":"Person","@id":"https:\/\/kulturonline.tv\/de\/#\/schema\/person\/b0fac729bb9a0c193fb1df23449df4fe","name":"guenter.wolfgang"}]}},"_links":{"self":[{"href":"https:\/\/kulturonline.tv\/de\/wp-json\/wp\/v2\/posts\/30868","targetHints":{"allow":["GET"]}}],"collection":[{"href":"https:\/\/kulturonline.tv\/de\/wp-json\/wp\/v2\/posts"}],"about":[{"href":"https:\/\/kulturonline.tv\/de\/wp-json\/wp\/v2\/types\/post"}],"author":[{"embeddable":true,"href":"https:\/\/kulturonline.tv\/de\/wp-json\/wp\/v2\/users\/2"}],"replies":[{"embeddable":true,"href":"https:\/\/kulturonline.tv\/de\/wp-json\/wp\/v2\/comments?post=30868"}],"version-history":[{"count":0,"href":"https:\/\/kulturonline.tv\/de\/wp-json\/wp\/v2\/posts\/30868\/revisions"}],"wp:featuredmedia":[{"embeddable":true,"href":"https:\/\/kulturonline.tv\/de\/wp-json\/wp\/v2\/media\/30871"}],"wp:attachment":[{"href":"https:\/\/kulturonline.tv\/de\/wp-json\/wp\/v2\/media?parent=30868"}],"wp:term":[{"taxonomy":"category","embeddable":true,"href":"https:\/\/kulturonline.tv\/de\/wp-json\/wp\/v2\/categories?post=30868"},{"taxonomy":"post_tag","embeddable":true,"href":"https:\/\/kulturonline.tv\/de\/wp-json\/wp\/v2\/tags?post=30868"}],"curies":[{"name":"wp","href":"https:\/\/api.w.org\/{rel}","templated":true}]}}