{"id":30899,"date":"2022-07-24T15:40:16","date_gmt":"2022-07-24T13:40:16","guid":{"rendered":"https:\/\/kulturonline.tv\/?p=30899"},"modified":"2022-07-24T15:40:17","modified_gmt":"2022-07-24T13:40:17","slug":"tipp-open-air-konzert-rock-an-der-muehle-treffen-der-generationen","status":"publish","type":"post","link":"https:\/\/kulturonline.tv\/de\/tipp-open-air-konzert-rock-an-der-muehle-treffen-der-generationen\/","title":{"rendered":"Tipp: Open Air Konzert Rock an der M\u00fchle &#8211; Treffen der Generationen"},"content":{"rendered":"\n<p>Das Rockkonzert an der Papierm\u00fchle wird heran- bis ausgewachsene Rockfans begeistern und versteht sich als rockige Erg\u00e4nzung zur Kulturarena 2022.<br>Es wird aber auch ein Rendezvous von Generationen auf und vor der B\u00fchne.<\/p>\n\n\n\n<figure class=\"wp-block-image size-full is-resized\"><img decoding=\"async\" src=\"https:\/\/kulturonline.tv\/wp-content\/uploads\/2022\/07\/Rock-an-der-Muehle-Kopie-edited.jpg\" alt=\"\" class=\"wp-image-30902\" width=\"843\" srcset=\"https:\/\/kulturonline.tv\/wp-content\/uploads\/2022\/07\/Rock-an-der-Muehle-Kopie-edited.jpg 558w, https:\/\/kulturonline.tv\/wp-content\/uploads\/2022\/07\/Rock-an-der-Muehle-Kopie-edited-416x234.jpg 416w\" sizes=\"(max-width: 558px) 100vw, 558px\" \/><\/figure>\n\n\n\n<p>Es erwartet an diesem Tag jeden Gast vor allem ein solider, handgemachter und kerniger Rock.<br>Man k\u00f6nnte meinen: Die ungest\u00fcmen Enkel der Kultband \u201cDie \u00c4rzte\u201d treffen auf die Zwillingsbr\u00fcder der Rockikonen von KISS.<\/p>\n\n\n\n<p>Schneller, melodischer, deutschsprachiger Punkrock mit viel Witz und nicht allzu viel Ernsthaftigkeit. Dieser Satz bringt das Motto der NOTAUSG\u00c4NG kurz und knackig auf den Punkt. Die dreik\u00f6pfige Kapelle aus Bremen, bringt frischen Wind in das Genre. Emotional und entwicklungstechnisch steckengeblieben in den Hochzeiten des Punkrocks und Skatepunks der 90er Jahre, kennen und kannten die Jungs nie etwas anderes. Statt Plattenvertrag und Champagner, hei\u00dft es hier Dauergeschrammel, DIY und Dosenbier.<br>Bei ihren Konzerten gibt es neben vielen schlechten Witzen jede Menge qualitativ hochwertig komponierte St\u00fccke f\u00fcr Gro\u00df und Klein. Durch Texte, die direkt aus dem Leben der Jungs, \u00f6fter aber aus ihrer schier endlosen Fantasie entspringen, soll die volle Breitseite des deutschen Punkrocks abgeliefert werden.<\/p>\n\n\n\n<p>Als durch die Pandemie das Konzertjahr 2020\/21 mehr oder weniger komplett ins Wasser gefallen ist, hat die NOTAUSG\u00c4NG aus der Not eine Tugend gemacht, sich im Proberaum eingeschlossen (mit gro\u00dfz\u00fcgigem Biervorrat) und Album Nummer drei produziert: &#8222;Besser haben als brauchen&#8220;.<\/p>\n\n\n\n<p>Erstmals in Th\u00fcringen, sogar erstmals im wilden Osten, rocken die Jungs, als w\u00e4ren sie die ungest\u00fcmen Enkel der Kultband &#8222;DIE \u00c4RZTE&#8220;. Live am 6.8.2022 zum &#8222;Rock an der M\u00fchle&#8220; in Jena. Es wird auch ein Treffen der Generationen, denn die NOTAUSG\u00c4NG hat sich die KISS Tribute Band Nr 1 in Europe eingeladen.<\/p>\n\n\n\n<p>KISS FOREVER BAND (Heavy Metal)<\/p>\n\n\n\n<ul class=\"wp-block-list\"><li>KISS Tribute Band Nr.1 in Europa &#8211;<\/li><\/ul>\n\n\n\n<p>Seit 1995 rocken die 4 Musiker im schrillen Outfit, mit ihren e-Gitarren und ihrem Schlagzeug auf internationalen B\u00fchnen, ganz im Stil der Kult-Rockband KISS.<\/p>\n\n\n\n<p>Das Repertoire der KISS Forever Band umfasst das Gesamtwerk von KISS von 1973 bis heute (\u00fcber 80 Songs). Angefangen bei den gr\u00f6\u00dften Hits \u00fcber Songmaterial von Soloalben der Mitglieder, bis hin zu zahlreichen \u00dcberraschungsliedern, die auch KISS selbst LIVE nie spielte. Damit geht ihr Erscheinungsbild und Repertoire weit \u00fcber das einer KISS Coverband hinaus.<\/p>\n\n\n\n<p>Allein in den ersten 15 Jahren bestritt diese KISS Tribute Band mehr als 1000 Shows in 27 L\u00e4ndern und liegt damit im weltweiten Vergleich \u00fcber allen anderen KISS Cover- \/ Doubleshows und Tribute Bands.<\/p>\n\n\n\n<p>Die Fans von KISS und Hardrock Musik konnten die Show unter anderem schon in der Schweiz, in Deutschland, \u00d6sterreich, Tschechien, USA, England, Niederlande, Belgien, Italien, Spanien, Portugal, Rum\u00e4nien, Schweden, Finnland, Ungarn und Russland erleben.<\/p>\n\n\n\n<p>Diese KISS Tribute Band spielte auch schon vor \u00fcber 10.000 Fans.<br>Die KISS FOREVER BAND war Support vor Bands wie The Sweet, Slade, Scorpions, Nazareth, Gotthard, Uriah Heep und Lordi.<\/p>\n\n\n\n<p>Aus \u00fcber 200 angemeldeten KISS Tribute Bands rund um den Globus, wurden nach einer Internetabstimmung zum \u201eKISS Tribute Band Contest\u201c die vier Bestplatzierten nach Las Vegas eingeladen.<br>In der Jury sa\u00df am 29. Januar 2012 auch Tommy Thayer (Spacemann). Die Band belegte den zweiten Platz weltweit und avancierte somit zur Nummer Eins in Europa.<\/p>\n\n\n\n<p>Es gibt am 6.8.2022 in Jena die Haupt-Attribute dieser Live-Band auf die Ohren. In einer 90min\u00fctigen Show &#8211; kraftvoll, schrill und kompromisslos rockig. Hits wie I was made for lovin&#8216; you, God gave rock&#8217;n&#8217;roll to you, Lick it up, God of thunder, Unholy, Hotter then hell, Shock me und Rock and roll all nite geh\u00f6ren zu Metal-Klassikern und Hymnen der Glamrock-\u00c4ra und unverzichtbar in die Show.<\/p>\n\n\n\n<p>Alle weiteren Infos zur Veranstaltung unter\u00a0<a href=\"http:\/\/www.rockmuehle.de\">www.rockmuehle.de<\/a><\/p>\n\n\n\n<p>Kultur Online TV \/ open PR<\/p>\n\n\n\n<p>#mixed #musik #tipps<\/p>\n\n\n\n<p><\/p>\n\n\n\n<p><br><\/p>\n","protected":false},"excerpt":{"rendered":"<p>Das Rockkonzert an der Papierm\u00fchle wird heran- bis ausgewachsene Rockfans begeistern und versteht sich als rockige Erg\u00e4nzung zur Kulturarena 2022.Es wird aber auch ein Rendezvous von Generationen auf und vor der B\u00fchne. Es erwartet an diesem Tag jeden Gast vor allem ein solider, handgemachter und kerniger Rock.Man k\u00f6nnte meinen: Die ungest\u00fcmen Enkel der Kultband \u201cDie [&hellip;]<\/p>\n","protected":false},"author":2,"featured_media":30902,"comment_status":"closed","ping_status":"closed","sticky":false,"template":"","format":"standard","meta":{"_acf_changed":false,"footnotes":""},"categories":[281],"tags":[],"class_list":["post-30899","post","type-post","status-publish","format-standard","has-post-thumbnail","hentry","category-mixed"],"acf":[],"yoast_head":"<!-- This site is optimized with the Yoast SEO plugin v26.1.1 - https:\/\/yoast.com\/wordpress\/plugins\/seo\/ -->\n<title>Tipp: Open Air Konzert Rock an der M\u00fchle - Treffen der Generationen - Kultur Online TV &amp; FM<\/title>\n<meta name=\"description\" content=\"Das Rockkonzert an der Papierm\u00fchle wird heran- bis ausgewachsene Rockfans begeistern und versteht sich als rockige Erg\u00e4nzung zur Kulturarena 2022.\" \/>\n<meta name=\"robots\" content=\"index, follow, max-snippet:-1, max-image-preview:large, max-video-preview:-1\" \/>\n<link rel=\"canonical\" href=\"https:\/\/kulturonline.tv\/de\/tipp-open-air-konzert-rock-an-der-muehle-treffen-der-generationen\/\" \/>\n<meta property=\"og:locale\" content=\"de_DE\" \/>\n<meta property=\"og:type\" content=\"article\" \/>\n<meta property=\"og:title\" content=\"Tipp: Open Air Konzert Rock an der M\u00fchle - Treffen der Generationen - Kultur Online TV &amp; FM\" \/>\n<meta property=\"og:description\" content=\"Das Rockkonzert an der Papierm\u00fchle wird heran- bis ausgewachsene Rockfans begeistern und versteht sich als rockige Erg\u00e4nzung zur Kulturarena 2022.\" \/>\n<meta property=\"og:url\" content=\"https:\/\/kulturonline.tv\/de\/tipp-open-air-konzert-rock-an-der-muehle-treffen-der-generationen\/\" \/>\n<meta property=\"og:site_name\" content=\"Kultur Online TV &amp; FM\" \/>\n<meta property=\"article:publisher\" content=\"https:\/\/www.facebook.com\/kulturonline.tv\" \/>\n<meta property=\"article:published_time\" content=\"2022-07-24T13:40:16+00:00\" \/>\n<meta property=\"article:modified_time\" content=\"2022-07-24T13:40:17+00:00\" \/>\n<meta property=\"og:image\" content=\"https:\/\/kulturonline.tv\/wp-content\/uploads\/2022\/07\/Rock-an-der-Muehle-Kopie-edited.jpg\" \/>\n\t<meta property=\"og:image:width\" content=\"558\" \/>\n\t<meta property=\"og:image:height\" content=\"314\" \/>\n\t<meta property=\"og:image:type\" content=\"image\/jpeg\" \/>\n<meta name=\"author\" content=\"guenter.wolfgang\" \/>\n<meta name=\"twitter:card\" content=\"summary_large_image\" \/>\n<meta name=\"twitter:label1\" content=\"Verfasst von\" \/>\n\t<meta name=\"twitter:data1\" content=\"guenter.wolfgang\" \/>\n\t<meta name=\"twitter:label2\" content=\"Gesch\u00e4tzte Lesezeit\" \/>\n\t<meta name=\"twitter:data2\" content=\"3\u00a0Minuten\" \/>\n<script type=\"application\/ld+json\" class=\"yoast-schema-graph\">{\"@context\":\"https:\/\/schema.org\",\"@graph\":[{\"@type\":\"Article\",\"@id\":\"https:\/\/kulturonline.tv\/de\/tipp-open-air-konzert-rock-an-der-muehle-treffen-der-generationen\/#article\",\"isPartOf\":{\"@id\":\"https:\/\/kulturonline.tv\/de\/tipp-open-air-konzert-rock-an-der-muehle-treffen-der-generationen\/\"},\"author\":{\"name\":\"guenter.wolfgang\",\"@id\":\"https:\/\/kulturonline.tv\/de\/#\/schema\/person\/b0fac729bb9a0c193fb1df23449df4fe\"},\"headline\":\"Tipp: Open Air Konzert Rock an der M\u00fchle &#8211; Treffen der Generationen\",\"datePublished\":\"2022-07-24T13:40:16+00:00\",\"dateModified\":\"2022-07-24T13:40:17+00:00\",\"mainEntityOfPage\":{\"@id\":\"https:\/\/kulturonline.tv\/de\/tipp-open-air-konzert-rock-an-der-muehle-treffen-der-generationen\/\"},\"wordCount\":621,\"publisher\":{\"@id\":\"https:\/\/kulturonline.tv\/de\/#organization\"},\"image\":{\"@id\":\"https:\/\/kulturonline.tv\/de\/tipp-open-air-konzert-rock-an-der-muehle-treffen-der-generationen\/#primaryimage\"},\"thumbnailUrl\":\"https:\/\/kulturonline.tv\/wp-content\/uploads\/2022\/07\/Rock-an-der-Muehle-Kopie-edited.jpg\",\"articleSection\":[\"Mixed\"],\"inLanguage\":\"de\"},{\"@type\":\"WebPage\",\"@id\":\"https:\/\/kulturonline.tv\/de\/tipp-open-air-konzert-rock-an-der-muehle-treffen-der-generationen\/\",\"url\":\"https:\/\/kulturonline.tv\/de\/tipp-open-air-konzert-rock-an-der-muehle-treffen-der-generationen\/\",\"name\":\"Tipp: Open Air Konzert Rock an der M\u00fchle - Treffen der Generationen - Kultur Online TV &amp; FM\",\"isPartOf\":{\"@id\":\"https:\/\/kulturonline.tv\/de\/#website\"},\"primaryImageOfPage\":{\"@id\":\"https:\/\/kulturonline.tv\/de\/tipp-open-air-konzert-rock-an-der-muehle-treffen-der-generationen\/#primaryimage\"},\"image\":{\"@id\":\"https:\/\/kulturonline.tv\/de\/tipp-open-air-konzert-rock-an-der-muehle-treffen-der-generationen\/#primaryimage\"},\"thumbnailUrl\":\"https:\/\/kulturonline.tv\/wp-content\/uploads\/2022\/07\/Rock-an-der-Muehle-Kopie-edited.jpg\",\"datePublished\":\"2022-07-24T13:40:16+00:00\",\"dateModified\":\"2022-07-24T13:40:17+00:00\",\"description\":\"Das Rockkonzert an der Papierm\u00fchle wird heran- bis ausgewachsene Rockfans begeistern und versteht sich als rockige Erg\u00e4nzung zur Kulturarena 2022.\",\"breadcrumb\":{\"@id\":\"https:\/\/kulturonline.tv\/de\/tipp-open-air-konzert-rock-an-der-muehle-treffen-der-generationen\/#breadcrumb\"},\"inLanguage\":\"de\",\"potentialAction\":[{\"@type\":\"ReadAction\",\"target\":[\"https:\/\/kulturonline.tv\/de\/tipp-open-air-konzert-rock-an-der-muehle-treffen-der-generationen\/\"]}]},{\"@type\":\"ImageObject\",\"inLanguage\":\"de\",\"@id\":\"https:\/\/kulturonline.tv\/de\/tipp-open-air-konzert-rock-an-der-muehle-treffen-der-generationen\/#primaryimage\",\"url\":\"https:\/\/kulturonline.tv\/wp-content\/uploads\/2022\/07\/Rock-an-der-Muehle-Kopie-edited.jpg\",\"contentUrl\":\"https:\/\/kulturonline.tv\/wp-content\/uploads\/2022\/07\/Rock-an-der-Muehle-Kopie-edited.jpg\",\"width\":558,\"height\":314},{\"@type\":\"BreadcrumbList\",\"@id\":\"https:\/\/kulturonline.tv\/de\/tipp-open-air-konzert-rock-an-der-muehle-treffen-der-generationen\/#breadcrumb\",\"itemListElement\":[{\"@type\":\"ListItem\",\"position\":1,\"name\":\"Startseite\",\"item\":\"https:\/\/kulturonline.tv\/de\/\"},{\"@type\":\"ListItem\",\"position\":2,\"name\":\"Tipp: Open Air Konzert Rock an der M\u00fchle &#8211; Treffen der Generationen\"}]},{\"@type\":\"WebSite\",\"@id\":\"https:\/\/kulturonline.tv\/de\/#website\",\"url\":\"https:\/\/kulturonline.tv\/de\/\",\"name\":\"Kultur Online TV &amp; FM\",\"description\":\"Wir sind Kultur 2.0 zum sehen &amp; h\u00f6ren\",\"publisher\":{\"@id\":\"https:\/\/kulturonline.tv\/de\/#organization\"},\"potentialAction\":[{\"@type\":\"SearchAction\",\"target\":{\"@type\":\"EntryPoint\",\"urlTemplate\":\"https:\/\/kulturonline.tv\/de\/?s={search_term_string}\"},\"query-input\":{\"@type\":\"PropertyValueSpecification\",\"valueRequired\":true,\"valueName\":\"search_term_string\"}}],\"inLanguage\":\"de\"},{\"@type\":\"Organization\",\"@id\":\"https:\/\/kulturonline.tv\/de\/#organization\",\"name\":\"Kultur Online TV\",\"url\":\"https:\/\/kulturonline.tv\/de\/\",\"logo\":{\"@type\":\"ImageObject\",\"inLanguage\":\"de\",\"@id\":\"https:\/\/kulturonline.tv\/de\/#\/schema\/logo\/image\/\",\"url\":\"https:\/\/kulturonline.tv\/wp-content\/uploads\/2021\/08\/Kultur-Online-Tv-Logo-Endversion-neu.png\",\"contentUrl\":\"https:\/\/kulturonline.tv\/wp-content\/uploads\/2021\/08\/Kultur-Online-Tv-Logo-Endversion-neu.png\",\"width\":200,\"height\":200,\"caption\":\"Kultur Online TV\"},\"image\":{\"@id\":\"https:\/\/kulturonline.tv\/de\/#\/schema\/logo\/image\/\"},\"sameAs\":[\"https:\/\/www.facebook.com\/kulturonline.tv\",\"https:\/\/www.instagram.com\/kulturonline.tv\"]},{\"@type\":\"Person\",\"@id\":\"https:\/\/kulturonline.tv\/de\/#\/schema\/person\/b0fac729bb9a0c193fb1df23449df4fe\",\"name\":\"guenter.wolfgang\"}]}<\/script>\n<!-- \/ Yoast SEO plugin. -->","yoast_head_json":{"title":"Tipp: Open Air Konzert Rock an der M\u00fchle - Treffen der Generationen - Kultur Online TV &amp; FM","description":"Das Rockkonzert an der Papierm\u00fchle wird heran- bis ausgewachsene Rockfans begeistern und versteht sich als rockige Erg\u00e4nzung zur Kulturarena 2022.","robots":{"index":"index","follow":"follow","max-snippet":"max-snippet:-1","max-image-preview":"max-image-preview:large","max-video-preview":"max-video-preview:-1"},"canonical":"https:\/\/kulturonline.tv\/de\/tipp-open-air-konzert-rock-an-der-muehle-treffen-der-generationen\/","og_locale":"de_DE","og_type":"article","og_title":"Tipp: Open Air Konzert Rock an der M\u00fchle - Treffen der Generationen - Kultur Online TV &amp; FM","og_description":"Das Rockkonzert an der Papierm\u00fchle wird heran- bis ausgewachsene Rockfans begeistern und versteht sich als rockige Erg\u00e4nzung zur Kulturarena 2022.","og_url":"https:\/\/kulturonline.tv\/de\/tipp-open-air-konzert-rock-an-der-muehle-treffen-der-generationen\/","og_site_name":"Kultur Online TV &amp; FM","article_publisher":"https:\/\/www.facebook.com\/kulturonline.tv","article_published_time":"2022-07-24T13:40:16+00:00","article_modified_time":"2022-07-24T13:40:17+00:00","og_image":[{"width":558,"height":314,"url":"https:\/\/kulturonline.tv\/wp-content\/uploads\/2022\/07\/Rock-an-der-Muehle-Kopie-edited.jpg","type":"image\/jpeg"}],"author":"guenter.wolfgang","twitter_card":"summary_large_image","twitter_misc":{"Verfasst von":"guenter.wolfgang","Gesch\u00e4tzte Lesezeit":"3\u00a0Minuten"},"schema":{"@context":"https:\/\/schema.org","@graph":[{"@type":"Article","@id":"https:\/\/kulturonline.tv\/de\/tipp-open-air-konzert-rock-an-der-muehle-treffen-der-generationen\/#article","isPartOf":{"@id":"https:\/\/kulturonline.tv\/de\/tipp-open-air-konzert-rock-an-der-muehle-treffen-der-generationen\/"},"author":{"name":"guenter.wolfgang","@id":"https:\/\/kulturonline.tv\/de\/#\/schema\/person\/b0fac729bb9a0c193fb1df23449df4fe"},"headline":"Tipp: Open Air Konzert Rock an der M\u00fchle &#8211; Treffen der Generationen","datePublished":"2022-07-24T13:40:16+00:00","dateModified":"2022-07-24T13:40:17+00:00","mainEntityOfPage":{"@id":"https:\/\/kulturonline.tv\/de\/tipp-open-air-konzert-rock-an-der-muehle-treffen-der-generationen\/"},"wordCount":621,"publisher":{"@id":"https:\/\/kulturonline.tv\/de\/#organization"},"image":{"@id":"https:\/\/kulturonline.tv\/de\/tipp-open-air-konzert-rock-an-der-muehle-treffen-der-generationen\/#primaryimage"},"thumbnailUrl":"https:\/\/kulturonline.tv\/wp-content\/uploads\/2022\/07\/Rock-an-der-Muehle-Kopie-edited.jpg","articleSection":["Mixed"],"inLanguage":"de"},{"@type":"WebPage","@id":"https:\/\/kulturonline.tv\/de\/tipp-open-air-konzert-rock-an-der-muehle-treffen-der-generationen\/","url":"https:\/\/kulturonline.tv\/de\/tipp-open-air-konzert-rock-an-der-muehle-treffen-der-generationen\/","name":"Tipp: Open Air Konzert Rock an der M\u00fchle - Treffen der Generationen - Kultur Online TV &amp; FM","isPartOf":{"@id":"https:\/\/kulturonline.tv\/de\/#website"},"primaryImageOfPage":{"@id":"https:\/\/kulturonline.tv\/de\/tipp-open-air-konzert-rock-an-der-muehle-treffen-der-generationen\/#primaryimage"},"image":{"@id":"https:\/\/kulturonline.tv\/de\/tipp-open-air-konzert-rock-an-der-muehle-treffen-der-generationen\/#primaryimage"},"thumbnailUrl":"https:\/\/kulturonline.tv\/wp-content\/uploads\/2022\/07\/Rock-an-der-Muehle-Kopie-edited.jpg","datePublished":"2022-07-24T13:40:16+00:00","dateModified":"2022-07-24T13:40:17+00:00","description":"Das Rockkonzert an der Papierm\u00fchle wird heran- bis ausgewachsene Rockfans begeistern und versteht sich als rockige Erg\u00e4nzung zur Kulturarena 2022.","breadcrumb":{"@id":"https:\/\/kulturonline.tv\/de\/tipp-open-air-konzert-rock-an-der-muehle-treffen-der-generationen\/#breadcrumb"},"inLanguage":"de","potentialAction":[{"@type":"ReadAction","target":["https:\/\/kulturonline.tv\/de\/tipp-open-air-konzert-rock-an-der-muehle-treffen-der-generationen\/"]}]},{"@type":"ImageObject","inLanguage":"de","@id":"https:\/\/kulturonline.tv\/de\/tipp-open-air-konzert-rock-an-der-muehle-treffen-der-generationen\/#primaryimage","url":"https:\/\/kulturonline.tv\/wp-content\/uploads\/2022\/07\/Rock-an-der-Muehle-Kopie-edited.jpg","contentUrl":"https:\/\/kulturonline.tv\/wp-content\/uploads\/2022\/07\/Rock-an-der-Muehle-Kopie-edited.jpg","width":558,"height":314},{"@type":"BreadcrumbList","@id":"https:\/\/kulturonline.tv\/de\/tipp-open-air-konzert-rock-an-der-muehle-treffen-der-generationen\/#breadcrumb","itemListElement":[{"@type":"ListItem","position":1,"name":"Startseite","item":"https:\/\/kulturonline.tv\/de\/"},{"@type":"ListItem","position":2,"name":"Tipp: Open Air Konzert Rock an der M\u00fchle &#8211; Treffen der Generationen"}]},{"@type":"WebSite","@id":"https:\/\/kulturonline.tv\/de\/#website","url":"https:\/\/kulturonline.tv\/de\/","name":"Kultur Online TV &amp; FM","description":"Wir sind Kultur 2.0 zum sehen &amp; h\u00f6ren","publisher":{"@id":"https:\/\/kulturonline.tv\/de\/#organization"},"potentialAction":[{"@type":"SearchAction","target":{"@type":"EntryPoint","urlTemplate":"https:\/\/kulturonline.tv\/de\/?s={search_term_string}"},"query-input":{"@type":"PropertyValueSpecification","valueRequired":true,"valueName":"search_term_string"}}],"inLanguage":"de"},{"@type":"Organization","@id":"https:\/\/kulturonline.tv\/de\/#organization","name":"Kultur Online TV","url":"https:\/\/kulturonline.tv\/de\/","logo":{"@type":"ImageObject","inLanguage":"de","@id":"https:\/\/kulturonline.tv\/de\/#\/schema\/logo\/image\/","url":"https:\/\/kulturonline.tv\/wp-content\/uploads\/2021\/08\/Kultur-Online-Tv-Logo-Endversion-neu.png","contentUrl":"https:\/\/kulturonline.tv\/wp-content\/uploads\/2021\/08\/Kultur-Online-Tv-Logo-Endversion-neu.png","width":200,"height":200,"caption":"Kultur Online TV"},"image":{"@id":"https:\/\/kulturonline.tv\/de\/#\/schema\/logo\/image\/"},"sameAs":["https:\/\/www.facebook.com\/kulturonline.tv","https:\/\/www.instagram.com\/kulturonline.tv"]},{"@type":"Person","@id":"https:\/\/kulturonline.tv\/de\/#\/schema\/person\/b0fac729bb9a0c193fb1df23449df4fe","name":"guenter.wolfgang"}]}},"_links":{"self":[{"href":"https:\/\/kulturonline.tv\/de\/wp-json\/wp\/v2\/posts\/30899","targetHints":{"allow":["GET"]}}],"collection":[{"href":"https:\/\/kulturonline.tv\/de\/wp-json\/wp\/v2\/posts"}],"about":[{"href":"https:\/\/kulturonline.tv\/de\/wp-json\/wp\/v2\/types\/post"}],"author":[{"embeddable":true,"href":"https:\/\/kulturonline.tv\/de\/wp-json\/wp\/v2\/users\/2"}],"replies":[{"embeddable":true,"href":"https:\/\/kulturonline.tv\/de\/wp-json\/wp\/v2\/comments?post=30899"}],"version-history":[{"count":0,"href":"https:\/\/kulturonline.tv\/de\/wp-json\/wp\/v2\/posts\/30899\/revisions"}],"wp:featuredmedia":[{"embeddable":true,"href":"https:\/\/kulturonline.tv\/de\/wp-json\/wp\/v2\/media\/30902"}],"wp:attachment":[{"href":"https:\/\/kulturonline.tv\/de\/wp-json\/wp\/v2\/media?parent=30899"}],"wp:term":[{"taxonomy":"category","embeddable":true,"href":"https:\/\/kulturonline.tv\/de\/wp-json\/wp\/v2\/categories?post=30899"},{"taxonomy":"post_tag","embeddable":true,"href":"https:\/\/kulturonline.tv\/de\/wp-json\/wp\/v2\/tags?post=30899"}],"curies":[{"name":"wp","href":"https:\/\/api.w.org\/{rel}","templated":true}]}}