{"id":31096,"date":"2022-08-01T17:18:09","date_gmt":"2022-08-01T15:18:09","guid":{"rendered":"https:\/\/kulturonline.tv\/?p=31096"},"modified":"2024-05-05T00:50:10","modified_gmt":"2024-05-04T22:50:10","slug":"people-margaritha-wanitschek-freischaffende-kuenstlerin-aus-schwaz-in-tirol","status":"publish","type":"post","link":"https:\/\/kulturonline.tv\/de\/people-margaritha-wanitschek-freischaffende-kuenstlerin-aus-schwaz-in-tirol\/","title":{"rendered":"Margaritha Wanitschek, freischaffende K\u00fcnstlerin"},"content":{"rendered":"\n<p>Nach dem Matura Studium in Paris und Wien zu Malerei, Theologie, Philosophie sowie Erfahrungen am Theater am Petersplatz in Wien arbeitete Margaritha Wanitschek  nach ihrer R\u00fcckkehr wieder in Schwaz in Tirol u.\u2009a. als Werbegraphikerin bei der Firma Swarovski. <\/p>\n\n\n\n<figure class=\"wp-block-embed is-type-video is-provider-youtube wp-block-embed-youtube wp-embed-aspect-16-9 wp-has-aspect-ratio\"><div class=\"wp-block-embed__wrapper\">\n<iframe title=\"Margaritha Wanitschek\" width=\"800\" height=\"450\" src=\"https:\/\/www.youtube.com\/embed\/PZhZn6YHQYQ?feature=oembed\" frameborder=\"0\" allow=\"accelerometer; autoplay; clipboard-write; encrypted-media; gyroscope; picture-in-picture; web-share\" referrerpolicy=\"strict-origin-when-cross-origin\" allowfullscreen><\/iframe>\n<\/div><\/figure>\n\n\n\n<p>Die K\u00fcnstlerin mit gro\u00dfer N\u00e4he zur Literatur, will ihre eigenen Arbeiten nicht detailliert erkl\u00e4ren. Dies w\u00fcrde dem Betrachter die M\u00f6glichkeit nehmen, \u00fcber die Interpretation durch seine eigene Fantasie sich dem Thema zu n\u00e4hern. Es ist, was der Betrachter, der das Bild durch seine Betrachtung vervollst\u00e4ndigt, zu sehen gewillt ist. Trotzdem ein Versuch, der einem unvoreingenommenen Sehen nicht im Wege steht.<\/p>\n\n\n\n<p>Wir haben Margaritha Wanitschek in Ihrem Atelier in Schwaz in Tirol besucht und das folgende Gespr\u00e4ch mit Ihr gef\u00fchrt.<\/p>\n\n\n\n<figure class=\"wp-block-image size-full\"><a href=\"https:\/\/kulturonline.tv\/at\/radio\"><img fetchpriority=\"high\" decoding=\"async\" width=\"1440\" height=\"810\" src=\"https:\/\/kulturonline.tv\/wp-content\/uploads\/2022\/07\/Margartiha-Wanitschek-Kultur-Online-TV.gif\" alt=\"\" class=\"wp-image-31105\"\/><\/a><\/figure>\n\n\n\n<figure class=\"wp-block-audio\"><audio controls src=\"https:\/\/kulturonline.tv\/wp-content\/uploads\/2022\/08\/MARGARITHA-WANITSCHEK-TIROL-06.08.2022.mp3\"><\/audio><figcaption>\u00a9 Kultur Online TV I FM G\u00fcnter Wolfgang im Gespr\u00e4ch mit Margaritha Wanitschek<\/figcaption><\/figure>\n\n\n\n<p><\/p>\n\n\n\n<p><a href=\"https:\/\/www.margarithawanitschek.at\/\">Kontakt zur K\u00fcnstlerin &#8211; Webseite<\/a><\/p>\n\n\n\n<p><\/p>\n\n\n\n<p>Kultur Online TV-FM<\/p>\n\n\n\n<p>#blog #kunst #kultur #news<\/p>\n\n\n\n<p><\/p>\n\n\n\n<div class=\"wp-block-query is-layout-flow wp-block-query-is-layout-flow\">\n<div class=\"wp-block-group is-layout-flow wp-block-group-is-layout-flow\"><\/div>\n<\/div>\n","protected":false},"excerpt":{"rendered":"<p>Nach dem Matura Studium in Paris und Wien zu Malerei, Theologie, Philosophie sowie Erfahrungen am Theater am Petersplatz in Wien arbeitete Margaritha Wanitschek nach ihrer R\u00fcckkehr wieder in Schwaz in Tirol u.\u2009a. als Werbegraphikerin bei der Firma Swarovski. Die K\u00fcnstlerin mit gro\u00dfer N\u00e4he zur Literatur, will ihre eigenen Arbeiten nicht detailliert erkl\u00e4ren. Dies w\u00fcrde dem [&hellip;]<\/p>\n","protected":false},"author":2,"featured_media":31338,"comment_status":"closed","ping_status":"closed","sticky":false,"template":"","format":"standard","meta":{"_acf_changed":false,"footnotes":""},"categories":[1],"tags":[],"class_list":["post-31096","post","type-post","status-publish","format-standard","has-post-thumbnail","hentry","category-unkategorisiert"],"acf":[],"yoast_head":"<!-- This site is optimized with the Yoast SEO plugin v26.1.1 - https:\/\/yoast.com\/wordpress\/plugins\/seo\/ -->\n<title>Margaritha Wanitschek, freischaffende K\u00fcnstlerin - Kultur Online TV &amp; FM<\/title>\n<meta name=\"description\" content=\"Die K\u00fcnstlerin mit gro\u00dfer N\u00e4he zur Literatur, will ihre eigenen Arbeiten nicht detailliert erkl\u00e4ren., sondern das dem Betrachter \u00fcberlassen.\" \/>\n<meta name=\"robots\" content=\"index, follow, max-snippet:-1, max-image-preview:large, max-video-preview:-1\" \/>\n<link rel=\"canonical\" href=\"https:\/\/kulturonline.tv\/de\/people-margaritha-wanitschek-freischaffende-kuenstlerin-aus-schwaz-in-tirol\/\" \/>\n<meta property=\"og:locale\" content=\"de_DE\" \/>\n<meta property=\"og:type\" content=\"article\" \/>\n<meta property=\"og:title\" content=\"Margaritha Wanitschek, freischaffende K\u00fcnstlerin - Kultur Online TV &amp; FM\" \/>\n<meta property=\"og:description\" content=\"Die K\u00fcnstlerin mit gro\u00dfer N\u00e4he zur Literatur, will ihre eigenen Arbeiten nicht detailliert erkl\u00e4ren., sondern das dem Betrachter \u00fcberlassen.\" \/>\n<meta property=\"og:url\" content=\"https:\/\/kulturonline.tv\/de\/people-margaritha-wanitschek-freischaffende-kuenstlerin-aus-schwaz-in-tirol\/\" \/>\n<meta property=\"og:site_name\" content=\"Kultur Online TV &amp; FM\" \/>\n<meta property=\"article:publisher\" content=\"https:\/\/www.facebook.com\/kulturonline.tv\" \/>\n<meta property=\"article:published_time\" content=\"2022-08-01T15:18:09+00:00\" \/>\n<meta property=\"article:modified_time\" content=\"2024-05-04T22:50:10+00:00\" \/>\n<meta property=\"og:image\" content=\"https:\/\/kulturonline.tv\/wp-content\/uploads\/2022\/08\/IMG_20220805_130659-scaled.jpg\" \/>\n\t<meta property=\"og:image:width\" content=\"2560\" \/>\n\t<meta property=\"og:image:height\" content=\"1920\" \/>\n\t<meta property=\"og:image:type\" content=\"image\/jpeg\" \/>\n<meta name=\"author\" content=\"guenter.wolfgang\" \/>\n<meta name=\"twitter:card\" content=\"summary_large_image\" \/>\n<meta name=\"twitter:label1\" content=\"Verfasst von\" \/>\n\t<meta name=\"twitter:data1\" content=\"guenter.wolfgang\" \/>\n\t<meta name=\"twitter:label2\" content=\"Gesch\u00e4tzte Lesezeit\" \/>\n\t<meta name=\"twitter:data2\" content=\"1\u00a0Minute\" \/>\n<script type=\"application\/ld+json\" class=\"yoast-schema-graph\">{\"@context\":\"https:\/\/schema.org\",\"@graph\":[{\"@type\":\"Article\",\"@id\":\"https:\/\/kulturonline.tv\/de\/people-margaritha-wanitschek-freischaffende-kuenstlerin-aus-schwaz-in-tirol\/#article\",\"isPartOf\":{\"@id\":\"https:\/\/kulturonline.tv\/de\/people-margaritha-wanitschek-freischaffende-kuenstlerin-aus-schwaz-in-tirol\/\"},\"author\":{\"name\":\"guenter.wolfgang\",\"@id\":\"https:\/\/kulturonline.tv\/de\/#\/schema\/person\/b0fac729bb9a0c193fb1df23449df4fe\"},\"headline\":\"Margaritha Wanitschek, freischaffende K\u00fcnstlerin\",\"datePublished\":\"2022-08-01T15:18:09+00:00\",\"dateModified\":\"2024-05-04T22:50:10+00:00\",\"mainEntityOfPage\":{\"@id\":\"https:\/\/kulturonline.tv\/de\/people-margaritha-wanitschek-freischaffende-kuenstlerin-aus-schwaz-in-tirol\/\"},\"wordCount\":169,\"publisher\":{\"@id\":\"https:\/\/kulturonline.tv\/de\/#organization\"},\"image\":{\"@id\":\"https:\/\/kulturonline.tv\/de\/people-margaritha-wanitschek-freischaffende-kuenstlerin-aus-schwaz-in-tirol\/#primaryimage\"},\"thumbnailUrl\":\"https:\/\/kulturonline.tv\/wp-content\/uploads\/2022\/08\/IMG_20220805_130659-scaled.jpg\",\"articleSection\":[\"Unkategorisiert\"],\"inLanguage\":\"de\"},{\"@type\":\"WebPage\",\"@id\":\"https:\/\/kulturonline.tv\/de\/people-margaritha-wanitschek-freischaffende-kuenstlerin-aus-schwaz-in-tirol\/\",\"url\":\"https:\/\/kulturonline.tv\/de\/people-margaritha-wanitschek-freischaffende-kuenstlerin-aus-schwaz-in-tirol\/\",\"name\":\"Margaritha Wanitschek, freischaffende K\u00fcnstlerin - Kultur Online TV &amp; FM\",\"isPartOf\":{\"@id\":\"https:\/\/kulturonline.tv\/de\/#website\"},\"primaryImageOfPage\":{\"@id\":\"https:\/\/kulturonline.tv\/de\/people-margaritha-wanitschek-freischaffende-kuenstlerin-aus-schwaz-in-tirol\/#primaryimage\"},\"image\":{\"@id\":\"https:\/\/kulturonline.tv\/de\/people-margaritha-wanitschek-freischaffende-kuenstlerin-aus-schwaz-in-tirol\/#primaryimage\"},\"thumbnailUrl\":\"https:\/\/kulturonline.tv\/wp-content\/uploads\/2022\/08\/IMG_20220805_130659-scaled.jpg\",\"datePublished\":\"2022-08-01T15:18:09+00:00\",\"dateModified\":\"2024-05-04T22:50:10+00:00\",\"description\":\"Die K\u00fcnstlerin mit gro\u00dfer N\u00e4he zur Literatur, will ihre eigenen Arbeiten nicht detailliert erkl\u00e4ren., sondern das dem Betrachter \u00fcberlassen.\",\"breadcrumb\":{\"@id\":\"https:\/\/kulturonline.tv\/de\/people-margaritha-wanitschek-freischaffende-kuenstlerin-aus-schwaz-in-tirol\/#breadcrumb\"},\"inLanguage\":\"de\",\"potentialAction\":[{\"@type\":\"ReadAction\",\"target\":[\"https:\/\/kulturonline.tv\/de\/people-margaritha-wanitschek-freischaffende-kuenstlerin-aus-schwaz-in-tirol\/\"]}]},{\"@type\":\"ImageObject\",\"inLanguage\":\"de\",\"@id\":\"https:\/\/kulturonline.tv\/de\/people-margaritha-wanitschek-freischaffende-kuenstlerin-aus-schwaz-in-tirol\/#primaryimage\",\"url\":\"https:\/\/kulturonline.tv\/wp-content\/uploads\/2022\/08\/IMG_20220805_130659-scaled.jpg\",\"contentUrl\":\"https:\/\/kulturonline.tv\/wp-content\/uploads\/2022\/08\/IMG_20220805_130659-scaled.jpg\",\"width\":2560,\"height\":1920},{\"@type\":\"BreadcrumbList\",\"@id\":\"https:\/\/kulturonline.tv\/de\/people-margaritha-wanitschek-freischaffende-kuenstlerin-aus-schwaz-in-tirol\/#breadcrumb\",\"itemListElement\":[{\"@type\":\"ListItem\",\"position\":1,\"name\":\"Startseite\",\"item\":\"https:\/\/kulturonline.tv\/de\/\"},{\"@type\":\"ListItem\",\"position\":2,\"name\":\"Margaritha Wanitschek, freischaffende K\u00fcnstlerin\"}]},{\"@type\":\"WebSite\",\"@id\":\"https:\/\/kulturonline.tv\/de\/#website\",\"url\":\"https:\/\/kulturonline.tv\/de\/\",\"name\":\"Kultur Online TV &amp; FM\",\"description\":\"Wir sind Kultur 2.0 zum sehen &amp; h\u00f6ren\",\"publisher\":{\"@id\":\"https:\/\/kulturonline.tv\/de\/#organization\"},\"potentialAction\":[{\"@type\":\"SearchAction\",\"target\":{\"@type\":\"EntryPoint\",\"urlTemplate\":\"https:\/\/kulturonline.tv\/de\/?s={search_term_string}\"},\"query-input\":{\"@type\":\"PropertyValueSpecification\",\"valueRequired\":true,\"valueName\":\"search_term_string\"}}],\"inLanguage\":\"de\"},{\"@type\":\"Organization\",\"@id\":\"https:\/\/kulturonline.tv\/de\/#organization\",\"name\":\"Kultur Online TV\",\"url\":\"https:\/\/kulturonline.tv\/de\/\",\"logo\":{\"@type\":\"ImageObject\",\"inLanguage\":\"de\",\"@id\":\"https:\/\/kulturonline.tv\/de\/#\/schema\/logo\/image\/\",\"url\":\"https:\/\/kulturonline.tv\/wp-content\/uploads\/2021\/08\/Kultur-Online-Tv-Logo-Endversion-neu.png\",\"contentUrl\":\"https:\/\/kulturonline.tv\/wp-content\/uploads\/2021\/08\/Kultur-Online-Tv-Logo-Endversion-neu.png\",\"width\":200,\"height\":200,\"caption\":\"Kultur Online TV\"},\"image\":{\"@id\":\"https:\/\/kulturonline.tv\/de\/#\/schema\/logo\/image\/\"},\"sameAs\":[\"https:\/\/www.facebook.com\/kulturonline.tv\",\"https:\/\/www.instagram.com\/kulturonline.tv\"]},{\"@type\":\"Person\",\"@id\":\"https:\/\/kulturonline.tv\/de\/#\/schema\/person\/b0fac729bb9a0c193fb1df23449df4fe\",\"name\":\"guenter.wolfgang\"}]}<\/script>\n<!-- \/ Yoast SEO plugin. -->","yoast_head_json":{"title":"Margaritha Wanitschek, freischaffende K\u00fcnstlerin - Kultur Online TV &amp; FM","description":"Die K\u00fcnstlerin mit gro\u00dfer N\u00e4he zur Literatur, will ihre eigenen Arbeiten nicht detailliert erkl\u00e4ren., sondern das dem Betrachter \u00fcberlassen.","robots":{"index":"index","follow":"follow","max-snippet":"max-snippet:-1","max-image-preview":"max-image-preview:large","max-video-preview":"max-video-preview:-1"},"canonical":"https:\/\/kulturonline.tv\/de\/people-margaritha-wanitschek-freischaffende-kuenstlerin-aus-schwaz-in-tirol\/","og_locale":"de_DE","og_type":"article","og_title":"Margaritha Wanitschek, freischaffende K\u00fcnstlerin - Kultur Online TV &amp; FM","og_description":"Die K\u00fcnstlerin mit gro\u00dfer N\u00e4he zur Literatur, will ihre eigenen Arbeiten nicht detailliert erkl\u00e4ren., sondern das dem Betrachter \u00fcberlassen.","og_url":"https:\/\/kulturonline.tv\/de\/people-margaritha-wanitschek-freischaffende-kuenstlerin-aus-schwaz-in-tirol\/","og_site_name":"Kultur Online TV &amp; FM","article_publisher":"https:\/\/www.facebook.com\/kulturonline.tv","article_published_time":"2022-08-01T15:18:09+00:00","article_modified_time":"2024-05-04T22:50:10+00:00","og_image":[{"width":2560,"height":1920,"url":"https:\/\/kulturonline.tv\/wp-content\/uploads\/2022\/08\/IMG_20220805_130659-scaled.jpg","type":"image\/jpeg"}],"author":"guenter.wolfgang","twitter_card":"summary_large_image","twitter_misc":{"Verfasst von":"guenter.wolfgang","Gesch\u00e4tzte Lesezeit":"1\u00a0Minute"},"schema":{"@context":"https:\/\/schema.org","@graph":[{"@type":"Article","@id":"https:\/\/kulturonline.tv\/de\/people-margaritha-wanitschek-freischaffende-kuenstlerin-aus-schwaz-in-tirol\/#article","isPartOf":{"@id":"https:\/\/kulturonline.tv\/de\/people-margaritha-wanitschek-freischaffende-kuenstlerin-aus-schwaz-in-tirol\/"},"author":{"name":"guenter.wolfgang","@id":"https:\/\/kulturonline.tv\/de\/#\/schema\/person\/b0fac729bb9a0c193fb1df23449df4fe"},"headline":"Margaritha Wanitschek, freischaffende K\u00fcnstlerin","datePublished":"2022-08-01T15:18:09+00:00","dateModified":"2024-05-04T22:50:10+00:00","mainEntityOfPage":{"@id":"https:\/\/kulturonline.tv\/de\/people-margaritha-wanitschek-freischaffende-kuenstlerin-aus-schwaz-in-tirol\/"},"wordCount":169,"publisher":{"@id":"https:\/\/kulturonline.tv\/de\/#organization"},"image":{"@id":"https:\/\/kulturonline.tv\/de\/people-margaritha-wanitschek-freischaffende-kuenstlerin-aus-schwaz-in-tirol\/#primaryimage"},"thumbnailUrl":"https:\/\/kulturonline.tv\/wp-content\/uploads\/2022\/08\/IMG_20220805_130659-scaled.jpg","articleSection":["Unkategorisiert"],"inLanguage":"de"},{"@type":"WebPage","@id":"https:\/\/kulturonline.tv\/de\/people-margaritha-wanitschek-freischaffende-kuenstlerin-aus-schwaz-in-tirol\/","url":"https:\/\/kulturonline.tv\/de\/people-margaritha-wanitschek-freischaffende-kuenstlerin-aus-schwaz-in-tirol\/","name":"Margaritha Wanitschek, freischaffende K\u00fcnstlerin - Kultur Online TV &amp; FM","isPartOf":{"@id":"https:\/\/kulturonline.tv\/de\/#website"},"primaryImageOfPage":{"@id":"https:\/\/kulturonline.tv\/de\/people-margaritha-wanitschek-freischaffende-kuenstlerin-aus-schwaz-in-tirol\/#primaryimage"},"image":{"@id":"https:\/\/kulturonline.tv\/de\/people-margaritha-wanitschek-freischaffende-kuenstlerin-aus-schwaz-in-tirol\/#primaryimage"},"thumbnailUrl":"https:\/\/kulturonline.tv\/wp-content\/uploads\/2022\/08\/IMG_20220805_130659-scaled.jpg","datePublished":"2022-08-01T15:18:09+00:00","dateModified":"2024-05-04T22:50:10+00:00","description":"Die K\u00fcnstlerin mit gro\u00dfer N\u00e4he zur Literatur, will ihre eigenen Arbeiten nicht detailliert erkl\u00e4ren., sondern das dem Betrachter \u00fcberlassen.","breadcrumb":{"@id":"https:\/\/kulturonline.tv\/de\/people-margaritha-wanitschek-freischaffende-kuenstlerin-aus-schwaz-in-tirol\/#breadcrumb"},"inLanguage":"de","potentialAction":[{"@type":"ReadAction","target":["https:\/\/kulturonline.tv\/de\/people-margaritha-wanitschek-freischaffende-kuenstlerin-aus-schwaz-in-tirol\/"]}]},{"@type":"ImageObject","inLanguage":"de","@id":"https:\/\/kulturonline.tv\/de\/people-margaritha-wanitschek-freischaffende-kuenstlerin-aus-schwaz-in-tirol\/#primaryimage","url":"https:\/\/kulturonline.tv\/wp-content\/uploads\/2022\/08\/IMG_20220805_130659-scaled.jpg","contentUrl":"https:\/\/kulturonline.tv\/wp-content\/uploads\/2022\/08\/IMG_20220805_130659-scaled.jpg","width":2560,"height":1920},{"@type":"BreadcrumbList","@id":"https:\/\/kulturonline.tv\/de\/people-margaritha-wanitschek-freischaffende-kuenstlerin-aus-schwaz-in-tirol\/#breadcrumb","itemListElement":[{"@type":"ListItem","position":1,"name":"Startseite","item":"https:\/\/kulturonline.tv\/de\/"},{"@type":"ListItem","position":2,"name":"Margaritha Wanitschek, freischaffende K\u00fcnstlerin"}]},{"@type":"WebSite","@id":"https:\/\/kulturonline.tv\/de\/#website","url":"https:\/\/kulturonline.tv\/de\/","name":"Kultur Online TV &amp; FM","description":"Wir sind Kultur 2.0 zum sehen &amp; h\u00f6ren","publisher":{"@id":"https:\/\/kulturonline.tv\/de\/#organization"},"potentialAction":[{"@type":"SearchAction","target":{"@type":"EntryPoint","urlTemplate":"https:\/\/kulturonline.tv\/de\/?s={search_term_string}"},"query-input":{"@type":"PropertyValueSpecification","valueRequired":true,"valueName":"search_term_string"}}],"inLanguage":"de"},{"@type":"Organization","@id":"https:\/\/kulturonline.tv\/de\/#organization","name":"Kultur Online TV","url":"https:\/\/kulturonline.tv\/de\/","logo":{"@type":"ImageObject","inLanguage":"de","@id":"https:\/\/kulturonline.tv\/de\/#\/schema\/logo\/image\/","url":"https:\/\/kulturonline.tv\/wp-content\/uploads\/2021\/08\/Kultur-Online-Tv-Logo-Endversion-neu.png","contentUrl":"https:\/\/kulturonline.tv\/wp-content\/uploads\/2021\/08\/Kultur-Online-Tv-Logo-Endversion-neu.png","width":200,"height":200,"caption":"Kultur Online TV"},"image":{"@id":"https:\/\/kulturonline.tv\/de\/#\/schema\/logo\/image\/"},"sameAs":["https:\/\/www.facebook.com\/kulturonline.tv","https:\/\/www.instagram.com\/kulturonline.tv"]},{"@type":"Person","@id":"https:\/\/kulturonline.tv\/de\/#\/schema\/person\/b0fac729bb9a0c193fb1df23449df4fe","name":"guenter.wolfgang"}]}},"_links":{"self":[{"href":"https:\/\/kulturonline.tv\/de\/wp-json\/wp\/v2\/posts\/31096","targetHints":{"allow":["GET"]}}],"collection":[{"href":"https:\/\/kulturonline.tv\/de\/wp-json\/wp\/v2\/posts"}],"about":[{"href":"https:\/\/kulturonline.tv\/de\/wp-json\/wp\/v2\/types\/post"}],"author":[{"embeddable":true,"href":"https:\/\/kulturonline.tv\/de\/wp-json\/wp\/v2\/users\/2"}],"replies":[{"embeddable":true,"href":"https:\/\/kulturonline.tv\/de\/wp-json\/wp\/v2\/comments?post=31096"}],"version-history":[{"count":0,"href":"https:\/\/kulturonline.tv\/de\/wp-json\/wp\/v2\/posts\/31096\/revisions"}],"wp:featuredmedia":[{"embeddable":true,"href":"https:\/\/kulturonline.tv\/de\/wp-json\/wp\/v2\/media\/31338"}],"wp:attachment":[{"href":"https:\/\/kulturonline.tv\/de\/wp-json\/wp\/v2\/media?parent=31096"}],"wp:term":[{"taxonomy":"category","embeddable":true,"href":"https:\/\/kulturonline.tv\/de\/wp-json\/wp\/v2\/categories?post=31096"},{"taxonomy":"post_tag","embeddable":true,"href":"https:\/\/kulturonline.tv\/de\/wp-json\/wp\/v2\/tags?post=31096"}],"curies":[{"name":"wp","href":"https:\/\/api.w.org\/{rel}","templated":true}]}}