{"id":31119,"date":"2022-08-01T17:53:07","date_gmt":"2022-08-01T15:53:07","guid":{"rendered":"https:\/\/kulturonline.tv\/?p=31119"},"modified":"2022-08-01T17:53:39","modified_gmt":"2022-08-01T15:53:39","slug":"klimt-foundation-feiert-erfolgreiche-premierenlesung-mit-herbert-foettinger-und-silvia-meisterle-in-der-villa-paulick-am-attersee","status":"publish","type":"post","link":"https:\/\/kulturonline.tv\/de\/klimt-foundation-feiert-erfolgreiche-premierenlesung-mit-herbert-foettinger-und-silvia-meisterle-in-der-villa-paulick-am-attersee\/","title":{"rendered":"Klimt-Foundation feiert erfolgreiche Premierenlesung mit Herbert F\u00f6ttinger und Silvia Meisterle in der Villa Paulick am Attersee"},"content":{"rendered":"\n<p>\u201eErregungen\u201c von, \u00fcber und an Gustav Klimt wurden an jenem Ort interpretiert, an dem der Weltk\u00fcnstler vor 122 Jahren seine Liebe f\u00fcr den Attersee entdeckte.<\/p>\n\n\n\n<figure class=\"wp-block-image size-full\"><img fetchpriority=\"high\" decoding=\"async\" width=\"902\" height=\"507\" src=\"https:\/\/kulturonline.tv\/wp-content\/uploads\/2022\/08\/Kultur-Online-TV-FM-edited.jpg\" alt=\"\" class=\"wp-image-31122\" srcset=\"https:\/\/kulturonline.tv\/wp-content\/uploads\/2022\/08\/Kultur-Online-TV-FM-edited.jpg 902w, https:\/\/kulturonline.tv\/wp-content\/uploads\/2022\/08\/Kultur-Online-TV-FM-edited-600x337.jpg 600w, https:\/\/kulturonline.tv\/wp-content\/uploads\/2022\/08\/Kultur-Online-TV-FM-edited-800x450.jpg 800w, https:\/\/kulturonline.tv\/wp-content\/uploads\/2022\/08\/Kultur-Online-TV-FM-edited-768x432.jpg 768w\" sizes=\"(max-width: 902px) 100vw, 902px\" \/><figcaption>\u00a9 APA Fototservice<\/figcaption><\/figure>\n\n\n\n<p>Anl\u00e4sslich des 10-j\u00e4hrigen Bestehens des Klimt-Museums in Sch\u00f6rfling am Attersee und des 160. Geburtstages von Gustav Klimt pr\u00e4sentierten Josefstadt-Direktor Kammerschauspieler Herbert F\u00f6ttinger und Ensemblemitglied Silvia Meisterle vergangenes Wochenende auf Einladung der Klimt-Foundation und des Attergauer Kultursommers Skandal\u00f6ses, Humorvolles und Intimes von und \u00fcber Gustav Klimt. Im Fokus standen u.a. Texte von Hermann Bahr, Felix Salten sowie der Saloni\u00e8re Bertha Zuckerkandl. Zudem brachte die Korrespondenz von wichtigen Frauen in Klimts auftragsbezogenem Umfeld erstmals einen besonderen Schwerpunkt \u00fcber seine Sammlerinnen und M\u00e4zeninnen: Briefe von Adele Bloch-Bauer, Fritza Riedler, M\u00e4da Primavesi oder Szerena Lederer illustrierten die Wiener Welt der Jahrhundertwende samt ihren Begehrlichkeiten im Sinne des Gesamtkunstwerkes einer Wiener Werkst\u00e4tte. Pers\u00f6nliche Korrespondenz aus Klimts privatem Umfeld &#8211; an Maria Ucicka, Maria \u201eMizzi\u201c Zimmermann sowie an Emilie Fl\u00f6ge &#8211; schilderte den Menschen Gustav Klimt, ganz privat mit den Sehns\u00fcchten und Sorgen seiner innersten Welt.<\/p>\n\n\n\n<p>Als Schauplatz der Lesung, die Helmut Jasbar auf der Gitarre begleitete, fungierte die historistische, 1877 errichtete Villa Paulick in Seewalchen am Attersee, die f\u00fcr Gustav Klimt und Emilie Fl\u00f6ge einen impulsgebenden Treffpunkt bedeutete. Im August vor 122 Jahren verewigten sich beide im G\u00e4stebuch des Villenbesitzers, dem k.k. Hoftischlermeister Friedrich Georg Paulick. Gustav Klimt schuf fortan \u00fcber 45 vom Attersee inspirierte \u00d6lgem\u00e4lde. Seine Urlaubszeit am Attersee pr\u00e4sentiert das Klimt-Museum in Sch\u00f6rfling aktuell in der Ausstellung \u201eEin Sommer wie damals\u201c mit originalen Zeichnungen, Autografen, Fotografien und zeitgen\u00f6ssischen Urlaubsutensilien.<\/p>\n\n\n\n<p>F\u00fchrungen durch die Villa Paulick werden direkt im Klimt-Museum als Kombitickets angeboten. F\u00fchrungstermine sind von Donnerstag bis Sonntag, jeweils um 15.30 Uhr. Buchungsanfragen richten Sie bitte an: <a href=\"mailto:info@klimt-am-attersee.at\">info@klimt-am-attersee.at<\/a><\/p>\n\n\n\n<p>Kultur Online TV<\/p>\n\n\n\n<p>#news #kunst #kultur #ausstellungen <\/p>\n","protected":false},"excerpt":{"rendered":"<p>\u201eErregungen\u201c von, \u00fcber und an Gustav Klimt wurden an jenem Ort interpretiert, an dem der Weltk\u00fcnstler vor 122 Jahren seine Liebe f\u00fcr den Attersee entdeckte. Anl\u00e4sslich des 10-j\u00e4hrigen Bestehens des Klimt-Museums in Sch\u00f6rfling am Attersee und des 160. Geburtstages von Gustav Klimt pr\u00e4sentierten Josefstadt-Direktor Kammerschauspieler Herbert F\u00f6ttinger und Ensemblemitglied Silvia Meisterle vergangenes Wochenende auf Einladung [&hellip;]<\/p>\n","protected":false},"author":2,"featured_media":31122,"comment_status":"closed","ping_status":"closed","sticky":false,"template":"","format":"standard","meta":{"_acf_changed":false,"footnotes":""},"categories":[107],"tags":[],"class_list":["post-31119","post","type-post","status-publish","format-standard","has-post-thumbnail","hentry","category-kunst"],"acf":[],"yoast_head":"<!-- This site is optimized with the Yoast SEO plugin v26.1.1 - https:\/\/yoast.com\/wordpress\/plugins\/seo\/ -->\n<title>Klimt-Foundation feiert erfolgreiche Premierenlesung mit Herbert F\u00f6ttinger und Silvia Meisterle in der Villa Paulick am Attersee - Kultur Online TV &amp; FM<\/title>\n<meta name=\"description\" content=\"\u201eErregungen\u201c von, \u00fcber und an Gustav Klimt wurden an jenem Ort interpretiert, an dem der Weltk\u00fcnstler vor 122 Jahren seine Liebe f\u00fcr den Attersee entdeckte.\" \/>\n<meta name=\"robots\" content=\"index, follow, max-snippet:-1, max-image-preview:large, max-video-preview:-1\" \/>\n<link rel=\"canonical\" href=\"https:\/\/kulturonline.tv\/de\/klimt-foundation-feiert-erfolgreiche-premierenlesung-mit-herbert-foettinger-und-silvia-meisterle-in-der-villa-paulick-am-attersee\/\" \/>\n<meta property=\"og:locale\" content=\"de_DE\" \/>\n<meta property=\"og:type\" content=\"article\" \/>\n<meta property=\"og:title\" content=\"Klimt-Foundation feiert erfolgreiche Premierenlesung mit Herbert F\u00f6ttinger und Silvia Meisterle in der Villa Paulick am Attersee - Kultur Online TV &amp; FM\" \/>\n<meta property=\"og:description\" content=\"\u201eErregungen\u201c von, \u00fcber und an Gustav Klimt wurden an jenem Ort interpretiert, an dem der Weltk\u00fcnstler vor 122 Jahren seine Liebe f\u00fcr den Attersee entdeckte.\" \/>\n<meta property=\"og:url\" content=\"https:\/\/kulturonline.tv\/de\/klimt-foundation-feiert-erfolgreiche-premierenlesung-mit-herbert-foettinger-und-silvia-meisterle-in-der-villa-paulick-am-attersee\/\" \/>\n<meta property=\"og:site_name\" content=\"Kultur Online TV &amp; FM\" \/>\n<meta property=\"article:publisher\" content=\"https:\/\/www.facebook.com\/kulturonline.tv\" \/>\n<meta property=\"article:published_time\" content=\"2022-08-01T15:53:07+00:00\" \/>\n<meta property=\"article:modified_time\" content=\"2022-08-01T15:53:39+00:00\" \/>\n<meta property=\"og:image\" content=\"https:\/\/kulturonline.tv\/wp-content\/uploads\/2022\/08\/Kultur-Online-TV-FM-edited.jpg\" \/>\n\t<meta property=\"og:image:width\" content=\"902\" \/>\n\t<meta property=\"og:image:height\" content=\"507\" \/>\n\t<meta property=\"og:image:type\" content=\"image\/jpeg\" \/>\n<meta name=\"author\" content=\"guenter.wolfgang\" \/>\n<meta name=\"twitter:card\" content=\"summary_large_image\" \/>\n<meta name=\"twitter:label1\" content=\"Verfasst von\" \/>\n\t<meta name=\"twitter:data1\" content=\"guenter.wolfgang\" \/>\n\t<meta name=\"twitter:label2\" content=\"Gesch\u00e4tzte Lesezeit\" \/>\n\t<meta name=\"twitter:data2\" content=\"2\u00a0Minuten\" \/>\n<script type=\"application\/ld+json\" class=\"yoast-schema-graph\">{\"@context\":\"https:\/\/schema.org\",\"@graph\":[{\"@type\":\"Article\",\"@id\":\"https:\/\/kulturonline.tv\/de\/klimt-foundation-feiert-erfolgreiche-premierenlesung-mit-herbert-foettinger-und-silvia-meisterle-in-der-villa-paulick-am-attersee\/#article\",\"isPartOf\":{\"@id\":\"https:\/\/kulturonline.tv\/de\/klimt-foundation-feiert-erfolgreiche-premierenlesung-mit-herbert-foettinger-und-silvia-meisterle-in-der-villa-paulick-am-attersee\/\"},\"author\":{\"name\":\"guenter.wolfgang\",\"@id\":\"https:\/\/kulturonline.tv\/de\/#\/schema\/person\/b0fac729bb9a0c193fb1df23449df4fe\"},\"headline\":\"Klimt-Foundation feiert erfolgreiche Premierenlesung mit Herbert F\u00f6ttinger und Silvia Meisterle in der Villa Paulick am Attersee\",\"datePublished\":\"2022-08-01T15:53:07+00:00\",\"dateModified\":\"2022-08-01T15:53:39+00:00\",\"mainEntityOfPage\":{\"@id\":\"https:\/\/kulturonline.tv\/de\/klimt-foundation-feiert-erfolgreiche-premierenlesung-mit-herbert-foettinger-und-silvia-meisterle-in-der-villa-paulick-am-attersee\/\"},\"wordCount\":327,\"publisher\":{\"@id\":\"https:\/\/kulturonline.tv\/de\/#organization\"},\"image\":{\"@id\":\"https:\/\/kulturonline.tv\/de\/klimt-foundation-feiert-erfolgreiche-premierenlesung-mit-herbert-foettinger-und-silvia-meisterle-in-der-villa-paulick-am-attersee\/#primaryimage\"},\"thumbnailUrl\":\"https:\/\/kulturonline.tv\/wp-content\/uploads\/2022\/08\/Kultur-Online-TV-FM-edited.jpg\",\"articleSection\":[\"Kunst\"],\"inLanguage\":\"de\"},{\"@type\":\"WebPage\",\"@id\":\"https:\/\/kulturonline.tv\/de\/klimt-foundation-feiert-erfolgreiche-premierenlesung-mit-herbert-foettinger-und-silvia-meisterle-in-der-villa-paulick-am-attersee\/\",\"url\":\"https:\/\/kulturonline.tv\/de\/klimt-foundation-feiert-erfolgreiche-premierenlesung-mit-herbert-foettinger-und-silvia-meisterle-in-der-villa-paulick-am-attersee\/\",\"name\":\"Klimt-Foundation feiert erfolgreiche Premierenlesung mit Herbert F\u00f6ttinger und Silvia Meisterle in der Villa Paulick am Attersee - Kultur Online TV &amp; FM\",\"isPartOf\":{\"@id\":\"https:\/\/kulturonline.tv\/de\/#website\"},\"primaryImageOfPage\":{\"@id\":\"https:\/\/kulturonline.tv\/de\/klimt-foundation-feiert-erfolgreiche-premierenlesung-mit-herbert-foettinger-und-silvia-meisterle-in-der-villa-paulick-am-attersee\/#primaryimage\"},\"image\":{\"@id\":\"https:\/\/kulturonline.tv\/de\/klimt-foundation-feiert-erfolgreiche-premierenlesung-mit-herbert-foettinger-und-silvia-meisterle-in-der-villa-paulick-am-attersee\/#primaryimage\"},\"thumbnailUrl\":\"https:\/\/kulturonline.tv\/wp-content\/uploads\/2022\/08\/Kultur-Online-TV-FM-edited.jpg\",\"datePublished\":\"2022-08-01T15:53:07+00:00\",\"dateModified\":\"2022-08-01T15:53:39+00:00\",\"description\":\"\u201eErregungen\u201c von, \u00fcber und an Gustav Klimt wurden an jenem Ort interpretiert, an dem der Weltk\u00fcnstler vor 122 Jahren seine Liebe f\u00fcr den Attersee entdeckte.\",\"breadcrumb\":{\"@id\":\"https:\/\/kulturonline.tv\/de\/klimt-foundation-feiert-erfolgreiche-premierenlesung-mit-herbert-foettinger-und-silvia-meisterle-in-der-villa-paulick-am-attersee\/#breadcrumb\"},\"inLanguage\":\"de\",\"potentialAction\":[{\"@type\":\"ReadAction\",\"target\":[\"https:\/\/kulturonline.tv\/de\/klimt-foundation-feiert-erfolgreiche-premierenlesung-mit-herbert-foettinger-und-silvia-meisterle-in-der-villa-paulick-am-attersee\/\"]}]},{\"@type\":\"ImageObject\",\"inLanguage\":\"de\",\"@id\":\"https:\/\/kulturonline.tv\/de\/klimt-foundation-feiert-erfolgreiche-premierenlesung-mit-herbert-foettinger-und-silvia-meisterle-in-der-villa-paulick-am-attersee\/#primaryimage\",\"url\":\"https:\/\/kulturonline.tv\/wp-content\/uploads\/2022\/08\/Kultur-Online-TV-FM-edited.jpg\",\"contentUrl\":\"https:\/\/kulturonline.tv\/wp-content\/uploads\/2022\/08\/Kultur-Online-TV-FM-edited.jpg\",\"width\":902,\"height\":507},{\"@type\":\"BreadcrumbList\",\"@id\":\"https:\/\/kulturonline.tv\/de\/klimt-foundation-feiert-erfolgreiche-premierenlesung-mit-herbert-foettinger-und-silvia-meisterle-in-der-villa-paulick-am-attersee\/#breadcrumb\",\"itemListElement\":[{\"@type\":\"ListItem\",\"position\":1,\"name\":\"Startseite\",\"item\":\"https:\/\/kulturonline.tv\/de\/\"},{\"@type\":\"ListItem\",\"position\":2,\"name\":\"Klimt-Foundation feiert erfolgreiche Premierenlesung mit Herbert F\u00f6ttinger und Silvia Meisterle in der Villa Paulick am Attersee\"}]},{\"@type\":\"WebSite\",\"@id\":\"https:\/\/kulturonline.tv\/de\/#website\",\"url\":\"https:\/\/kulturonline.tv\/de\/\",\"name\":\"Kultur Online TV &amp; FM\",\"description\":\"Wir sind Kultur 2.0 zum sehen &amp; h\u00f6ren\",\"publisher\":{\"@id\":\"https:\/\/kulturonline.tv\/de\/#organization\"},\"potentialAction\":[{\"@type\":\"SearchAction\",\"target\":{\"@type\":\"EntryPoint\",\"urlTemplate\":\"https:\/\/kulturonline.tv\/de\/?s={search_term_string}\"},\"query-input\":{\"@type\":\"PropertyValueSpecification\",\"valueRequired\":true,\"valueName\":\"search_term_string\"}}],\"inLanguage\":\"de\"},{\"@type\":\"Organization\",\"@id\":\"https:\/\/kulturonline.tv\/de\/#organization\",\"name\":\"Kultur Online TV\",\"url\":\"https:\/\/kulturonline.tv\/de\/\",\"logo\":{\"@type\":\"ImageObject\",\"inLanguage\":\"de\",\"@id\":\"https:\/\/kulturonline.tv\/de\/#\/schema\/logo\/image\/\",\"url\":\"https:\/\/kulturonline.tv\/wp-content\/uploads\/2021\/08\/Kultur-Online-Tv-Logo-Endversion-neu.png\",\"contentUrl\":\"https:\/\/kulturonline.tv\/wp-content\/uploads\/2021\/08\/Kultur-Online-Tv-Logo-Endversion-neu.png\",\"width\":200,\"height\":200,\"caption\":\"Kultur Online TV\"},\"image\":{\"@id\":\"https:\/\/kulturonline.tv\/de\/#\/schema\/logo\/image\/\"},\"sameAs\":[\"https:\/\/www.facebook.com\/kulturonline.tv\",\"https:\/\/www.instagram.com\/kulturonline.tv\"]},{\"@type\":\"Person\",\"@id\":\"https:\/\/kulturonline.tv\/de\/#\/schema\/person\/b0fac729bb9a0c193fb1df23449df4fe\",\"name\":\"guenter.wolfgang\"}]}<\/script>\n<!-- \/ Yoast SEO plugin. -->","yoast_head_json":{"title":"Klimt-Foundation feiert erfolgreiche Premierenlesung mit Herbert F\u00f6ttinger und Silvia Meisterle in der Villa Paulick am Attersee - Kultur Online TV &amp; FM","description":"\u201eErregungen\u201c von, \u00fcber und an Gustav Klimt wurden an jenem Ort interpretiert, an dem der Weltk\u00fcnstler vor 122 Jahren seine Liebe f\u00fcr den Attersee entdeckte.","robots":{"index":"index","follow":"follow","max-snippet":"max-snippet:-1","max-image-preview":"max-image-preview:large","max-video-preview":"max-video-preview:-1"},"canonical":"https:\/\/kulturonline.tv\/de\/klimt-foundation-feiert-erfolgreiche-premierenlesung-mit-herbert-foettinger-und-silvia-meisterle-in-der-villa-paulick-am-attersee\/","og_locale":"de_DE","og_type":"article","og_title":"Klimt-Foundation feiert erfolgreiche Premierenlesung mit Herbert F\u00f6ttinger und Silvia Meisterle in der Villa Paulick am Attersee - Kultur Online TV &amp; FM","og_description":"\u201eErregungen\u201c von, \u00fcber und an Gustav Klimt wurden an jenem Ort interpretiert, an dem der Weltk\u00fcnstler vor 122 Jahren seine Liebe f\u00fcr den Attersee entdeckte.","og_url":"https:\/\/kulturonline.tv\/de\/klimt-foundation-feiert-erfolgreiche-premierenlesung-mit-herbert-foettinger-und-silvia-meisterle-in-der-villa-paulick-am-attersee\/","og_site_name":"Kultur Online TV &amp; FM","article_publisher":"https:\/\/www.facebook.com\/kulturonline.tv","article_published_time":"2022-08-01T15:53:07+00:00","article_modified_time":"2022-08-01T15:53:39+00:00","og_image":[{"width":902,"height":507,"url":"https:\/\/kulturonline.tv\/wp-content\/uploads\/2022\/08\/Kultur-Online-TV-FM-edited.jpg","type":"image\/jpeg"}],"author":"guenter.wolfgang","twitter_card":"summary_large_image","twitter_misc":{"Verfasst von":"guenter.wolfgang","Gesch\u00e4tzte Lesezeit":"2\u00a0Minuten"},"schema":{"@context":"https:\/\/schema.org","@graph":[{"@type":"Article","@id":"https:\/\/kulturonline.tv\/de\/klimt-foundation-feiert-erfolgreiche-premierenlesung-mit-herbert-foettinger-und-silvia-meisterle-in-der-villa-paulick-am-attersee\/#article","isPartOf":{"@id":"https:\/\/kulturonline.tv\/de\/klimt-foundation-feiert-erfolgreiche-premierenlesung-mit-herbert-foettinger-und-silvia-meisterle-in-der-villa-paulick-am-attersee\/"},"author":{"name":"guenter.wolfgang","@id":"https:\/\/kulturonline.tv\/de\/#\/schema\/person\/b0fac729bb9a0c193fb1df23449df4fe"},"headline":"Klimt-Foundation feiert erfolgreiche Premierenlesung mit Herbert F\u00f6ttinger und Silvia Meisterle in der Villa Paulick am Attersee","datePublished":"2022-08-01T15:53:07+00:00","dateModified":"2022-08-01T15:53:39+00:00","mainEntityOfPage":{"@id":"https:\/\/kulturonline.tv\/de\/klimt-foundation-feiert-erfolgreiche-premierenlesung-mit-herbert-foettinger-und-silvia-meisterle-in-der-villa-paulick-am-attersee\/"},"wordCount":327,"publisher":{"@id":"https:\/\/kulturonline.tv\/de\/#organization"},"image":{"@id":"https:\/\/kulturonline.tv\/de\/klimt-foundation-feiert-erfolgreiche-premierenlesung-mit-herbert-foettinger-und-silvia-meisterle-in-der-villa-paulick-am-attersee\/#primaryimage"},"thumbnailUrl":"https:\/\/kulturonline.tv\/wp-content\/uploads\/2022\/08\/Kultur-Online-TV-FM-edited.jpg","articleSection":["Kunst"],"inLanguage":"de"},{"@type":"WebPage","@id":"https:\/\/kulturonline.tv\/de\/klimt-foundation-feiert-erfolgreiche-premierenlesung-mit-herbert-foettinger-und-silvia-meisterle-in-der-villa-paulick-am-attersee\/","url":"https:\/\/kulturonline.tv\/de\/klimt-foundation-feiert-erfolgreiche-premierenlesung-mit-herbert-foettinger-und-silvia-meisterle-in-der-villa-paulick-am-attersee\/","name":"Klimt-Foundation feiert erfolgreiche Premierenlesung mit Herbert F\u00f6ttinger und Silvia Meisterle in der Villa Paulick am Attersee - Kultur Online TV &amp; FM","isPartOf":{"@id":"https:\/\/kulturonline.tv\/de\/#website"},"primaryImageOfPage":{"@id":"https:\/\/kulturonline.tv\/de\/klimt-foundation-feiert-erfolgreiche-premierenlesung-mit-herbert-foettinger-und-silvia-meisterle-in-der-villa-paulick-am-attersee\/#primaryimage"},"image":{"@id":"https:\/\/kulturonline.tv\/de\/klimt-foundation-feiert-erfolgreiche-premierenlesung-mit-herbert-foettinger-und-silvia-meisterle-in-der-villa-paulick-am-attersee\/#primaryimage"},"thumbnailUrl":"https:\/\/kulturonline.tv\/wp-content\/uploads\/2022\/08\/Kultur-Online-TV-FM-edited.jpg","datePublished":"2022-08-01T15:53:07+00:00","dateModified":"2022-08-01T15:53:39+00:00","description":"\u201eErregungen\u201c von, \u00fcber und an Gustav Klimt wurden an jenem Ort interpretiert, an dem der Weltk\u00fcnstler vor 122 Jahren seine Liebe f\u00fcr den Attersee entdeckte.","breadcrumb":{"@id":"https:\/\/kulturonline.tv\/de\/klimt-foundation-feiert-erfolgreiche-premierenlesung-mit-herbert-foettinger-und-silvia-meisterle-in-der-villa-paulick-am-attersee\/#breadcrumb"},"inLanguage":"de","potentialAction":[{"@type":"ReadAction","target":["https:\/\/kulturonline.tv\/de\/klimt-foundation-feiert-erfolgreiche-premierenlesung-mit-herbert-foettinger-und-silvia-meisterle-in-der-villa-paulick-am-attersee\/"]}]},{"@type":"ImageObject","inLanguage":"de","@id":"https:\/\/kulturonline.tv\/de\/klimt-foundation-feiert-erfolgreiche-premierenlesung-mit-herbert-foettinger-und-silvia-meisterle-in-der-villa-paulick-am-attersee\/#primaryimage","url":"https:\/\/kulturonline.tv\/wp-content\/uploads\/2022\/08\/Kultur-Online-TV-FM-edited.jpg","contentUrl":"https:\/\/kulturonline.tv\/wp-content\/uploads\/2022\/08\/Kultur-Online-TV-FM-edited.jpg","width":902,"height":507},{"@type":"BreadcrumbList","@id":"https:\/\/kulturonline.tv\/de\/klimt-foundation-feiert-erfolgreiche-premierenlesung-mit-herbert-foettinger-und-silvia-meisterle-in-der-villa-paulick-am-attersee\/#breadcrumb","itemListElement":[{"@type":"ListItem","position":1,"name":"Startseite","item":"https:\/\/kulturonline.tv\/de\/"},{"@type":"ListItem","position":2,"name":"Klimt-Foundation feiert erfolgreiche Premierenlesung mit Herbert F\u00f6ttinger und Silvia Meisterle in der Villa Paulick am Attersee"}]},{"@type":"WebSite","@id":"https:\/\/kulturonline.tv\/de\/#website","url":"https:\/\/kulturonline.tv\/de\/","name":"Kultur Online TV &amp; FM","description":"Wir sind Kultur 2.0 zum sehen &amp; h\u00f6ren","publisher":{"@id":"https:\/\/kulturonline.tv\/de\/#organization"},"potentialAction":[{"@type":"SearchAction","target":{"@type":"EntryPoint","urlTemplate":"https:\/\/kulturonline.tv\/de\/?s={search_term_string}"},"query-input":{"@type":"PropertyValueSpecification","valueRequired":true,"valueName":"search_term_string"}}],"inLanguage":"de"},{"@type":"Organization","@id":"https:\/\/kulturonline.tv\/de\/#organization","name":"Kultur Online TV","url":"https:\/\/kulturonline.tv\/de\/","logo":{"@type":"ImageObject","inLanguage":"de","@id":"https:\/\/kulturonline.tv\/de\/#\/schema\/logo\/image\/","url":"https:\/\/kulturonline.tv\/wp-content\/uploads\/2021\/08\/Kultur-Online-Tv-Logo-Endversion-neu.png","contentUrl":"https:\/\/kulturonline.tv\/wp-content\/uploads\/2021\/08\/Kultur-Online-Tv-Logo-Endversion-neu.png","width":200,"height":200,"caption":"Kultur Online TV"},"image":{"@id":"https:\/\/kulturonline.tv\/de\/#\/schema\/logo\/image\/"},"sameAs":["https:\/\/www.facebook.com\/kulturonline.tv","https:\/\/www.instagram.com\/kulturonline.tv"]},{"@type":"Person","@id":"https:\/\/kulturonline.tv\/de\/#\/schema\/person\/b0fac729bb9a0c193fb1df23449df4fe","name":"guenter.wolfgang"}]}},"_links":{"self":[{"href":"https:\/\/kulturonline.tv\/de\/wp-json\/wp\/v2\/posts\/31119","targetHints":{"allow":["GET"]}}],"collection":[{"href":"https:\/\/kulturonline.tv\/de\/wp-json\/wp\/v2\/posts"}],"about":[{"href":"https:\/\/kulturonline.tv\/de\/wp-json\/wp\/v2\/types\/post"}],"author":[{"embeddable":true,"href":"https:\/\/kulturonline.tv\/de\/wp-json\/wp\/v2\/users\/2"}],"replies":[{"embeddable":true,"href":"https:\/\/kulturonline.tv\/de\/wp-json\/wp\/v2\/comments?post=31119"}],"version-history":[{"count":0,"href":"https:\/\/kulturonline.tv\/de\/wp-json\/wp\/v2\/posts\/31119\/revisions"}],"wp:featuredmedia":[{"embeddable":true,"href":"https:\/\/kulturonline.tv\/de\/wp-json\/wp\/v2\/media\/31122"}],"wp:attachment":[{"href":"https:\/\/kulturonline.tv\/de\/wp-json\/wp\/v2\/media?parent=31119"}],"wp:term":[{"taxonomy":"category","embeddable":true,"href":"https:\/\/kulturonline.tv\/de\/wp-json\/wp\/v2\/categories?post=31119"},{"taxonomy":"post_tag","embeddable":true,"href":"https:\/\/kulturonline.tv\/de\/wp-json\/wp\/v2\/tags?post=31119"}],"curies":[{"name":"wp","href":"https:\/\/api.w.org\/{rel}","templated":true}]}}