{"id":31286,"date":"2022-08-02T15:12:47","date_gmt":"2022-08-02T13:12:47","guid":{"rendered":"https:\/\/kulturonline.tv\/?p=31286"},"modified":"2022-08-02T15:12:48","modified_gmt":"2022-08-02T13:12:48","slug":"kontraste-ausstellung-des-bad-nauheimer-kuenstlers-theo-hues-in-der-galerie-22","status":"publish","type":"post","link":"https:\/\/kulturonline.tv\/de\/kontraste-ausstellung-des-bad-nauheimer-kuenstlers-theo-hues-in-der-galerie-22\/","title":{"rendered":"KONTRASTE &#8211; Ausstellung des Bad Nauheimer K\u00fcnstlers Theo Hues in der Galerie 22"},"content":{"rendered":"\n<p>Neue gro\u00dfformatige Werke in Acrylfarben pr\u00e4sentiert der K\u00fcnstler Theo Hues in Bad Nauheim.<\/p>\n\n\n\n<figure class=\"wp-block-image size-full is-resized\"><img decoding=\"async\" src=\"https:\/\/kulturonline.tv\/wp-content\/uploads\/2022\/08\/Kultur-Online-Tv-Kunst-1-edited.jpg\" alt=\"\" class=\"wp-image-31289\" width=\"841\"\/><figcaption><em>Theo Hues im seinem Atelier\u00a0<\/em><small>(\u00a9 S. Justkowiak)<\/small><\/figcaption><\/figure>\n\n\n\n<p>Die Bilder zum Thema \u201cKontraste\u201d sind Kompositionen mit Farben, Linien und geometrischen Formen ohne absichtliche Abbildung von Gegenst\u00e4nden. Die abstrakten Malereien verwenden bildnerische Gestaltungsmittel der gegenstandslosen Kunst. Die mit dem Pinsel oder Spachtel aufgetragenen, teils gedruckten Farben ergeben eine F\u00fclle von linearen und fl\u00e4chigen Strukturen in zahlreichen Farbkontrasten. Zu erkennen ist der Entstehungsprozess der Bilder: die mit dem Pinsel z\u00fcgig aufgetragenen Grundfarben werden mit Schwarz und Wei\u00df gemischt und mit einem Spachtel auf der Leinwand abgezogen. Anschlie\u00dfend werden lineare und fl\u00e4chige Strukturen herausgearbeitet, wobei neue Farbschichten aufgetragen, aber auch wieder abgekratzt werden. Die eingearbeiteten senkrechten und waagerechten Linien vermitteln mit der F\u00fclle an Farben, Formen und Farbkontrasten eine gewisse Struktur und bildnerische Harmonie.<\/p>\n\n\n\n<p>Neben den Bildern zum Thema \u201eKontraste\u201c werden weitere Arbeiten aus den Bereichen der Malerei und Fotografie ausgestellt.<\/p>\n\n\n\n<p>Zu sehen sind die Werke des K\u00fcnstlers in der Galerie seines Ateliers im H\u00f6henweg 22 in Bad Nauheim. Besucher k\u00f6nnen telefonisch einen Termin unter 06032-867388 vereinbaren. Informationen zum K\u00fcnstler gibt es unter www.theohues.de .<\/p>\n\n\n\n<p>Theo Hues lebt als freischaffender K\u00fcnstler in Bad Nauheim. Mit seinen Ausstellungen und Aktionen steht er seit einigen Jahren national und international im Blickpunkt der \u00d6ffentlichkeit. Anerkennenswert ist sein soziales Engagement und das Bestreben, mit seiner Kunst international Kindereinrichtungen zu unterst\u00fctzen. Seit 2021 finden in seiner Galerie 22 regelm\u00e4\u00dfig Ausstellungen statt.<\/p>\n\n\n\n<p>Kultur Online TV \/ openPR<\/p>\n\n\n\n<p>#kunst #kultur news<\/p>\n","protected":false},"excerpt":{"rendered":"<p>Neue gro\u00dfformatige Werke in Acrylfarben pr\u00e4sentiert der K\u00fcnstler Theo Hues in Bad Nauheim. Die Bilder zum Thema \u201cKontraste\u201d sind Kompositionen mit Farben, Linien und geometrischen Formen ohne absichtliche Abbildung von Gegenst\u00e4nden. Die abstrakten Malereien verwenden bildnerische Gestaltungsmittel der gegenstandslosen Kunst. Die mit dem Pinsel oder Spachtel aufgetragenen, teils gedruckten Farben ergeben eine F\u00fclle von linearen [&hellip;]<\/p>\n","protected":false},"author":2,"featured_media":31289,"comment_status":"closed","ping_status":"closed","sticky":false,"template":"","format":"standard","meta":{"_acf_changed":false,"footnotes":""},"categories":[107],"tags":[],"class_list":["post-31286","post","type-post","status-publish","format-standard","has-post-thumbnail","hentry","category-kunst"],"acf":[],"yoast_head":"<!-- This site is optimized with the Yoast SEO plugin v26.1.1 - https:\/\/yoast.com\/wordpress\/plugins\/seo\/ -->\n<title>KONTRASTE - Ausstellung des Bad Nauheimer K\u00fcnstlers Theo Hues in der Galerie 22 - Kultur Online TV &amp; FM<\/title>\n<meta name=\"description\" content=\"Neue gro\u00dfformatige Werke in Acrylfarben pr\u00e4sentiert der K\u00fcnstler Theo Hues in Bad Nauheim.\" \/>\n<meta name=\"robots\" content=\"index, follow, max-snippet:-1, max-image-preview:large, max-video-preview:-1\" \/>\n<link rel=\"canonical\" href=\"https:\/\/kulturonline.tv\/de\/kontraste-ausstellung-des-bad-nauheimer-kuenstlers-theo-hues-in-der-galerie-22\/\" \/>\n<meta property=\"og:locale\" content=\"de_DE\" \/>\n<meta property=\"og:type\" content=\"article\" \/>\n<meta property=\"og:title\" content=\"KONTRASTE - Ausstellung des Bad Nauheimer K\u00fcnstlers Theo Hues in der Galerie 22 - Kultur Online TV &amp; FM\" \/>\n<meta property=\"og:description\" content=\"Neue gro\u00dfformatige Werke in Acrylfarben pr\u00e4sentiert der K\u00fcnstler Theo Hues in Bad Nauheim.\" \/>\n<meta property=\"og:url\" content=\"https:\/\/kulturonline.tv\/de\/kontraste-ausstellung-des-bad-nauheimer-kuenstlers-theo-hues-in-der-galerie-22\/\" \/>\n<meta property=\"og:site_name\" content=\"Kultur Online TV &amp; FM\" \/>\n<meta property=\"article:publisher\" content=\"https:\/\/www.facebook.com\/kulturonline.tv\" \/>\n<meta property=\"article:published_time\" content=\"2022-08-02T13:12:47+00:00\" \/>\n<meta property=\"article:modified_time\" content=\"2022-08-02T13:12:48+00:00\" \/>\n<meta property=\"og:image\" content=\"https:\/\/kulturonline.tv\/wp-content\/uploads\/2022\/08\/Kultur-Online-Tv-Kunst-1-edited.jpg\" \/>\n\t<meta property=\"og:image:width\" content=\"400\" \/>\n\t<meta property=\"og:image:height\" content=\"225\" \/>\n\t<meta property=\"og:image:type\" content=\"image\/jpeg\" \/>\n<meta name=\"author\" content=\"guenter.wolfgang\" \/>\n<meta name=\"twitter:card\" content=\"summary_large_image\" \/>\n<meta name=\"twitter:label1\" content=\"Verfasst von\" \/>\n\t<meta name=\"twitter:data1\" content=\"guenter.wolfgang\" \/>\n\t<meta name=\"twitter:label2\" content=\"Gesch\u00e4tzte Lesezeit\" \/>\n\t<meta name=\"twitter:data2\" content=\"1\u00a0Minute\" \/>\n<script type=\"application\/ld+json\" class=\"yoast-schema-graph\">{\"@context\":\"https:\/\/schema.org\",\"@graph\":[{\"@type\":\"Article\",\"@id\":\"https:\/\/kulturonline.tv\/de\/kontraste-ausstellung-des-bad-nauheimer-kuenstlers-theo-hues-in-der-galerie-22\/#article\",\"isPartOf\":{\"@id\":\"https:\/\/kulturonline.tv\/de\/kontraste-ausstellung-des-bad-nauheimer-kuenstlers-theo-hues-in-der-galerie-22\/\"},\"author\":{\"name\":\"guenter.wolfgang\",\"@id\":\"https:\/\/kulturonline.tv\/de\/#\/schema\/person\/b0fac729bb9a0c193fb1df23449df4fe\"},\"headline\":\"KONTRASTE &#8211; Ausstellung des Bad Nauheimer K\u00fcnstlers Theo Hues in der Galerie 22\",\"datePublished\":\"2022-08-02T13:12:47+00:00\",\"dateModified\":\"2022-08-02T13:12:48+00:00\",\"mainEntityOfPage\":{\"@id\":\"https:\/\/kulturonline.tv\/de\/kontraste-ausstellung-des-bad-nauheimer-kuenstlers-theo-hues-in-der-galerie-22\/\"},\"wordCount\":270,\"publisher\":{\"@id\":\"https:\/\/kulturonline.tv\/de\/#organization\"},\"image\":{\"@id\":\"https:\/\/kulturonline.tv\/de\/kontraste-ausstellung-des-bad-nauheimer-kuenstlers-theo-hues-in-der-galerie-22\/#primaryimage\"},\"thumbnailUrl\":\"https:\/\/kulturonline.tv\/wp-content\/uploads\/2022\/08\/Kultur-Online-Tv-Kunst-1-edited.jpg\",\"articleSection\":[\"Kunst\"],\"inLanguage\":\"de\"},{\"@type\":\"WebPage\",\"@id\":\"https:\/\/kulturonline.tv\/de\/kontraste-ausstellung-des-bad-nauheimer-kuenstlers-theo-hues-in-der-galerie-22\/\",\"url\":\"https:\/\/kulturonline.tv\/de\/kontraste-ausstellung-des-bad-nauheimer-kuenstlers-theo-hues-in-der-galerie-22\/\",\"name\":\"KONTRASTE - Ausstellung des Bad Nauheimer K\u00fcnstlers Theo Hues in der Galerie 22 - Kultur Online TV &amp; FM\",\"isPartOf\":{\"@id\":\"https:\/\/kulturonline.tv\/de\/#website\"},\"primaryImageOfPage\":{\"@id\":\"https:\/\/kulturonline.tv\/de\/kontraste-ausstellung-des-bad-nauheimer-kuenstlers-theo-hues-in-der-galerie-22\/#primaryimage\"},\"image\":{\"@id\":\"https:\/\/kulturonline.tv\/de\/kontraste-ausstellung-des-bad-nauheimer-kuenstlers-theo-hues-in-der-galerie-22\/#primaryimage\"},\"thumbnailUrl\":\"https:\/\/kulturonline.tv\/wp-content\/uploads\/2022\/08\/Kultur-Online-Tv-Kunst-1-edited.jpg\",\"datePublished\":\"2022-08-02T13:12:47+00:00\",\"dateModified\":\"2022-08-02T13:12:48+00:00\",\"description\":\"Neue gro\u00dfformatige Werke in Acrylfarben pr\u00e4sentiert der K\u00fcnstler Theo Hues in Bad Nauheim.\",\"breadcrumb\":{\"@id\":\"https:\/\/kulturonline.tv\/de\/kontraste-ausstellung-des-bad-nauheimer-kuenstlers-theo-hues-in-der-galerie-22\/#breadcrumb\"},\"inLanguage\":\"de\",\"potentialAction\":[{\"@type\":\"ReadAction\",\"target\":[\"https:\/\/kulturonline.tv\/de\/kontraste-ausstellung-des-bad-nauheimer-kuenstlers-theo-hues-in-der-galerie-22\/\"]}]},{\"@type\":\"ImageObject\",\"inLanguage\":\"de\",\"@id\":\"https:\/\/kulturonline.tv\/de\/kontraste-ausstellung-des-bad-nauheimer-kuenstlers-theo-hues-in-der-galerie-22\/#primaryimage\",\"url\":\"https:\/\/kulturonline.tv\/wp-content\/uploads\/2022\/08\/Kultur-Online-Tv-Kunst-1-edited.jpg\",\"contentUrl\":\"https:\/\/kulturonline.tv\/wp-content\/uploads\/2022\/08\/Kultur-Online-Tv-Kunst-1-edited.jpg\",\"width\":400,\"height\":225},{\"@type\":\"BreadcrumbList\",\"@id\":\"https:\/\/kulturonline.tv\/de\/kontraste-ausstellung-des-bad-nauheimer-kuenstlers-theo-hues-in-der-galerie-22\/#breadcrumb\",\"itemListElement\":[{\"@type\":\"ListItem\",\"position\":1,\"name\":\"Startseite\",\"item\":\"https:\/\/kulturonline.tv\/de\/\"},{\"@type\":\"ListItem\",\"position\":2,\"name\":\"KONTRASTE &#8211; Ausstellung des Bad Nauheimer K\u00fcnstlers Theo Hues in der Galerie 22\"}]},{\"@type\":\"WebSite\",\"@id\":\"https:\/\/kulturonline.tv\/de\/#website\",\"url\":\"https:\/\/kulturonline.tv\/de\/\",\"name\":\"Kultur Online TV &amp; FM\",\"description\":\"Wir sind Kultur 2.0 zum sehen &amp; h\u00f6ren\",\"publisher\":{\"@id\":\"https:\/\/kulturonline.tv\/de\/#organization\"},\"potentialAction\":[{\"@type\":\"SearchAction\",\"target\":{\"@type\":\"EntryPoint\",\"urlTemplate\":\"https:\/\/kulturonline.tv\/de\/?s={search_term_string}\"},\"query-input\":{\"@type\":\"PropertyValueSpecification\",\"valueRequired\":true,\"valueName\":\"search_term_string\"}}],\"inLanguage\":\"de\"},{\"@type\":\"Organization\",\"@id\":\"https:\/\/kulturonline.tv\/de\/#organization\",\"name\":\"Kultur Online TV\",\"url\":\"https:\/\/kulturonline.tv\/de\/\",\"logo\":{\"@type\":\"ImageObject\",\"inLanguage\":\"de\",\"@id\":\"https:\/\/kulturonline.tv\/de\/#\/schema\/logo\/image\/\",\"url\":\"https:\/\/kulturonline.tv\/wp-content\/uploads\/2021\/08\/Kultur-Online-Tv-Logo-Endversion-neu.png\",\"contentUrl\":\"https:\/\/kulturonline.tv\/wp-content\/uploads\/2021\/08\/Kultur-Online-Tv-Logo-Endversion-neu.png\",\"width\":200,\"height\":200,\"caption\":\"Kultur Online TV\"},\"image\":{\"@id\":\"https:\/\/kulturonline.tv\/de\/#\/schema\/logo\/image\/\"},\"sameAs\":[\"https:\/\/www.facebook.com\/kulturonline.tv\",\"https:\/\/www.instagram.com\/kulturonline.tv\"]},{\"@type\":\"Person\",\"@id\":\"https:\/\/kulturonline.tv\/de\/#\/schema\/person\/b0fac729bb9a0c193fb1df23449df4fe\",\"name\":\"guenter.wolfgang\"}]}<\/script>\n<!-- \/ Yoast SEO plugin. -->","yoast_head_json":{"title":"KONTRASTE - Ausstellung des Bad Nauheimer K\u00fcnstlers Theo Hues in der Galerie 22 - Kultur Online TV &amp; FM","description":"Neue gro\u00dfformatige Werke in Acrylfarben pr\u00e4sentiert der K\u00fcnstler Theo Hues in Bad Nauheim.","robots":{"index":"index","follow":"follow","max-snippet":"max-snippet:-1","max-image-preview":"max-image-preview:large","max-video-preview":"max-video-preview:-1"},"canonical":"https:\/\/kulturonline.tv\/de\/kontraste-ausstellung-des-bad-nauheimer-kuenstlers-theo-hues-in-der-galerie-22\/","og_locale":"de_DE","og_type":"article","og_title":"KONTRASTE - Ausstellung des Bad Nauheimer K\u00fcnstlers Theo Hues in der Galerie 22 - Kultur Online TV &amp; FM","og_description":"Neue gro\u00dfformatige Werke in Acrylfarben pr\u00e4sentiert der K\u00fcnstler Theo Hues in Bad Nauheim.","og_url":"https:\/\/kulturonline.tv\/de\/kontraste-ausstellung-des-bad-nauheimer-kuenstlers-theo-hues-in-der-galerie-22\/","og_site_name":"Kultur Online TV &amp; FM","article_publisher":"https:\/\/www.facebook.com\/kulturonline.tv","article_published_time":"2022-08-02T13:12:47+00:00","article_modified_time":"2022-08-02T13:12:48+00:00","og_image":[{"width":400,"height":225,"url":"https:\/\/kulturonline.tv\/wp-content\/uploads\/2022\/08\/Kultur-Online-Tv-Kunst-1-edited.jpg","type":"image\/jpeg"}],"author":"guenter.wolfgang","twitter_card":"summary_large_image","twitter_misc":{"Verfasst von":"guenter.wolfgang","Gesch\u00e4tzte Lesezeit":"1\u00a0Minute"},"schema":{"@context":"https:\/\/schema.org","@graph":[{"@type":"Article","@id":"https:\/\/kulturonline.tv\/de\/kontraste-ausstellung-des-bad-nauheimer-kuenstlers-theo-hues-in-der-galerie-22\/#article","isPartOf":{"@id":"https:\/\/kulturonline.tv\/de\/kontraste-ausstellung-des-bad-nauheimer-kuenstlers-theo-hues-in-der-galerie-22\/"},"author":{"name":"guenter.wolfgang","@id":"https:\/\/kulturonline.tv\/de\/#\/schema\/person\/b0fac729bb9a0c193fb1df23449df4fe"},"headline":"KONTRASTE &#8211; Ausstellung des Bad Nauheimer K\u00fcnstlers Theo Hues in der Galerie 22","datePublished":"2022-08-02T13:12:47+00:00","dateModified":"2022-08-02T13:12:48+00:00","mainEntityOfPage":{"@id":"https:\/\/kulturonline.tv\/de\/kontraste-ausstellung-des-bad-nauheimer-kuenstlers-theo-hues-in-der-galerie-22\/"},"wordCount":270,"publisher":{"@id":"https:\/\/kulturonline.tv\/de\/#organization"},"image":{"@id":"https:\/\/kulturonline.tv\/de\/kontraste-ausstellung-des-bad-nauheimer-kuenstlers-theo-hues-in-der-galerie-22\/#primaryimage"},"thumbnailUrl":"https:\/\/kulturonline.tv\/wp-content\/uploads\/2022\/08\/Kultur-Online-Tv-Kunst-1-edited.jpg","articleSection":["Kunst"],"inLanguage":"de"},{"@type":"WebPage","@id":"https:\/\/kulturonline.tv\/de\/kontraste-ausstellung-des-bad-nauheimer-kuenstlers-theo-hues-in-der-galerie-22\/","url":"https:\/\/kulturonline.tv\/de\/kontraste-ausstellung-des-bad-nauheimer-kuenstlers-theo-hues-in-der-galerie-22\/","name":"KONTRASTE - Ausstellung des Bad Nauheimer K\u00fcnstlers Theo Hues in der Galerie 22 - Kultur Online TV &amp; FM","isPartOf":{"@id":"https:\/\/kulturonline.tv\/de\/#website"},"primaryImageOfPage":{"@id":"https:\/\/kulturonline.tv\/de\/kontraste-ausstellung-des-bad-nauheimer-kuenstlers-theo-hues-in-der-galerie-22\/#primaryimage"},"image":{"@id":"https:\/\/kulturonline.tv\/de\/kontraste-ausstellung-des-bad-nauheimer-kuenstlers-theo-hues-in-der-galerie-22\/#primaryimage"},"thumbnailUrl":"https:\/\/kulturonline.tv\/wp-content\/uploads\/2022\/08\/Kultur-Online-Tv-Kunst-1-edited.jpg","datePublished":"2022-08-02T13:12:47+00:00","dateModified":"2022-08-02T13:12:48+00:00","description":"Neue gro\u00dfformatige Werke in Acrylfarben pr\u00e4sentiert der K\u00fcnstler Theo Hues in Bad Nauheim.","breadcrumb":{"@id":"https:\/\/kulturonline.tv\/de\/kontraste-ausstellung-des-bad-nauheimer-kuenstlers-theo-hues-in-der-galerie-22\/#breadcrumb"},"inLanguage":"de","potentialAction":[{"@type":"ReadAction","target":["https:\/\/kulturonline.tv\/de\/kontraste-ausstellung-des-bad-nauheimer-kuenstlers-theo-hues-in-der-galerie-22\/"]}]},{"@type":"ImageObject","inLanguage":"de","@id":"https:\/\/kulturonline.tv\/de\/kontraste-ausstellung-des-bad-nauheimer-kuenstlers-theo-hues-in-der-galerie-22\/#primaryimage","url":"https:\/\/kulturonline.tv\/wp-content\/uploads\/2022\/08\/Kultur-Online-Tv-Kunst-1-edited.jpg","contentUrl":"https:\/\/kulturonline.tv\/wp-content\/uploads\/2022\/08\/Kultur-Online-Tv-Kunst-1-edited.jpg","width":400,"height":225},{"@type":"BreadcrumbList","@id":"https:\/\/kulturonline.tv\/de\/kontraste-ausstellung-des-bad-nauheimer-kuenstlers-theo-hues-in-der-galerie-22\/#breadcrumb","itemListElement":[{"@type":"ListItem","position":1,"name":"Startseite","item":"https:\/\/kulturonline.tv\/de\/"},{"@type":"ListItem","position":2,"name":"KONTRASTE &#8211; Ausstellung des Bad Nauheimer K\u00fcnstlers Theo Hues in der Galerie 22"}]},{"@type":"WebSite","@id":"https:\/\/kulturonline.tv\/de\/#website","url":"https:\/\/kulturonline.tv\/de\/","name":"Kultur Online TV &amp; FM","description":"Wir sind Kultur 2.0 zum sehen &amp; h\u00f6ren","publisher":{"@id":"https:\/\/kulturonline.tv\/de\/#organization"},"potentialAction":[{"@type":"SearchAction","target":{"@type":"EntryPoint","urlTemplate":"https:\/\/kulturonline.tv\/de\/?s={search_term_string}"},"query-input":{"@type":"PropertyValueSpecification","valueRequired":true,"valueName":"search_term_string"}}],"inLanguage":"de"},{"@type":"Organization","@id":"https:\/\/kulturonline.tv\/de\/#organization","name":"Kultur Online TV","url":"https:\/\/kulturonline.tv\/de\/","logo":{"@type":"ImageObject","inLanguage":"de","@id":"https:\/\/kulturonline.tv\/de\/#\/schema\/logo\/image\/","url":"https:\/\/kulturonline.tv\/wp-content\/uploads\/2021\/08\/Kultur-Online-Tv-Logo-Endversion-neu.png","contentUrl":"https:\/\/kulturonline.tv\/wp-content\/uploads\/2021\/08\/Kultur-Online-Tv-Logo-Endversion-neu.png","width":200,"height":200,"caption":"Kultur Online TV"},"image":{"@id":"https:\/\/kulturonline.tv\/de\/#\/schema\/logo\/image\/"},"sameAs":["https:\/\/www.facebook.com\/kulturonline.tv","https:\/\/www.instagram.com\/kulturonline.tv"]},{"@type":"Person","@id":"https:\/\/kulturonline.tv\/de\/#\/schema\/person\/b0fac729bb9a0c193fb1df23449df4fe","name":"guenter.wolfgang"}]}},"_links":{"self":[{"href":"https:\/\/kulturonline.tv\/de\/wp-json\/wp\/v2\/posts\/31286","targetHints":{"allow":["GET"]}}],"collection":[{"href":"https:\/\/kulturonline.tv\/de\/wp-json\/wp\/v2\/posts"}],"about":[{"href":"https:\/\/kulturonline.tv\/de\/wp-json\/wp\/v2\/types\/post"}],"author":[{"embeddable":true,"href":"https:\/\/kulturonline.tv\/de\/wp-json\/wp\/v2\/users\/2"}],"replies":[{"embeddable":true,"href":"https:\/\/kulturonline.tv\/de\/wp-json\/wp\/v2\/comments?post=31286"}],"version-history":[{"count":0,"href":"https:\/\/kulturonline.tv\/de\/wp-json\/wp\/v2\/posts\/31286\/revisions"}],"wp:featuredmedia":[{"embeddable":true,"href":"https:\/\/kulturonline.tv\/de\/wp-json\/wp\/v2\/media\/31289"}],"wp:attachment":[{"href":"https:\/\/kulturonline.tv\/de\/wp-json\/wp\/v2\/media?parent=31286"}],"wp:term":[{"taxonomy":"category","embeddable":true,"href":"https:\/\/kulturonline.tv\/de\/wp-json\/wp\/v2\/categories?post=31286"},{"taxonomy":"post_tag","embeddable":true,"href":"https:\/\/kulturonline.tv\/de\/wp-json\/wp\/v2\/tags?post=31286"}],"curies":[{"name":"wp","href":"https:\/\/api.w.org\/{rel}","templated":true}]}}