{"id":31292,"date":"2022-08-02T15:22:22","date_gmt":"2022-08-02T13:22:22","guid":{"rendered":"https:\/\/kulturonline.tv\/?p=31292"},"modified":"2022-08-02T15:22:23","modified_gmt":"2022-08-02T13:22:23","slug":"neuerscheinung-ostfrieslandkrimi-die-leiche-im-meer-von-jan-olsen-im-klarant-verlag","status":"publish","type":"post","link":"https:\/\/kulturonline.tv\/de\/neuerscheinung-ostfrieslandkrimi-die-leiche-im-meer-von-jan-olsen-im-klarant-verlag\/","title":{"rendered":"Neuerscheinung: Ostfrieslandkrimi &#8222;Die Leiche im Meer&#8220; von Jan Olsen im Klarant Verlag"},"content":{"rendered":"\n<p>Die Leiche eines Mannes wird w\u00e4hrend eines Einsatzes der Wasserschutzpolizei entdeckt. Um wen genau handelt es sich bei dem Opfer und wieso lag der Tote bereits seit einem Jahr auf dem Meeresboden?<\/p>\n\n\n\n<figure class=\"wp-block-image size-large\"><img fetchpriority=\"high\" decoding=\"async\" width=\"1600\" height=\"900\" src=\"https:\/\/kulturonline.tv\/wp-content\/uploads\/2022\/08\/literatur-1600x900.png\" alt=\"\" class=\"wp-image-31293\" srcset=\"https:\/\/kulturonline.tv\/wp-content\/uploads\/2022\/08\/literatur-1600x900.png 1600w, https:\/\/kulturonline.tv\/wp-content\/uploads\/2022\/08\/literatur-600x338.png 600w, https:\/\/kulturonline.tv\/wp-content\/uploads\/2022\/08\/literatur-800x450.png 800w, https:\/\/kulturonline.tv\/wp-content\/uploads\/2022\/08\/literatur-768x432.png 768w, https:\/\/kulturonline.tv\/wp-content\/uploads\/2022\/08\/literatur-1536x864.png 1536w, https:\/\/kulturonline.tv\/wp-content\/uploads\/2022\/08\/literatur-2048x1152.png 2048w\" sizes=\"(max-width: 1600px) 100vw, 1600px\" \/><\/figure>\n\n\n\n<p>Die Greetsieler Kommissare Ruth Fasan und Hagen Reese haben es diesmal mit einem ziemlich verzwickten Fall zu tun: erst entdecken sie ein Tattoo mit dem Schriftzug &#8222;Crescentia&#8220; auf der Fu\u00dfsohle des Opfers und dann findet sich noch eine Frau mit demselben Namen, ausgerechnet in Greetsiel!<\/p>\n\n\n\n<p>Eine Wachsleiche im Ostfriesischen Gatje bei Greetsiel! Kapit\u00e4n Felix Seitz entdeckt w\u00e4hrend eines Einsatzes mit dem Boot der Wasserschutzpolizei die Leiche eines Mannes im Wattenmeer. Der Tote steckt in einem Leichensack, der offensichtlich vom M\u00f6rder mit einem Gewicht beschwert wurde, um ihn am Meeresgrund zu halten. Die Obduktion ergibt, dass der Tote schon etwa ein Jahr unter Wasser lag. Die Greetsieler Kommissare Ruth Fasan und Hagen Reese m\u00fcssen zun\u00e4chst herausfinden, um wen es sich bei dem Toten \u00fcberhaupt handelt. Der junge Mann hatte sich den Namen \u00bbCrescentia\u00ab auf die Fu\u00dfsohle t\u00e4towieren lassen. Ist das Tattoo ausgerechnet auf dieser empfindsamen K\u00f6rperpartie ein Ausdruck \u00fcbersteigerter Leidenschaft? Liegt in der Unbekannten mit dem au\u00dfergew\u00f6hnlichen Namen der Schl\u00fcssel zur L\u00f6sung des Falls? Und tats\u00e4chlich: Die Ermittler finden eine Frau mit dem Namen Crescentia, und zwar in Greetsiel \u2026<\/p>\n\n\n\n<p>&#8222;Die Leiche im Meer&#8220; kann bei allen bekannten E-Book Shops wie Amazon (f\u00fcr den Kindle eReader), Apple iTunes (f\u00fcr iBooks), Thalia (f\u00fcr tolino), Weltbild, buecher.de, buch.de, Hugendubel, Kobo und vielen weiteren erworben werden zum Preis von 3,99 Euro. Die Taschenbuchausgabe ist erh\u00e4ltlich f\u00fcr 12,99 Euro.<\/p>\n\n\n\n<p>Zum Autor:<br>Jan Olsen ist das Pseudonym eines seit 1991 in verschiedenen Genres erfolgreichen Schriftstellers. Jan ist mit einer Hebamme verheiratet, hat drei inzwischen erwachsene Kinder und darf sich seit Kurzem auch Gro\u00dfvater nennen. Als Kind des Nordens ist er der Nordsee mit all ihren rauen und lieblichen Facetten besonders zugetan und lie\u00df kaum eine Ferienzeit verstreichen, ohne diese Gestade mit seiner Familie zu besuchen. Auch heute noch stehen Ferien an der Nordsee jedes Jahr auf dem Programm. Seine Vorliebe f\u00fcr die Nordsee und die dort lebenden Menschen kann er in seinen Ostfrieslandkrimis nun nach Herzenslust ausleben.<\/p>\n\n\n\n<p>Kultur Online TV<\/p>\n\n\n\n<p>#literatur #news #kunst #kultur<\/p>\n","protected":false},"excerpt":{"rendered":"<p>Die Leiche eines Mannes wird w\u00e4hrend eines Einsatzes der Wasserschutzpolizei entdeckt. Um wen genau handelt es sich bei dem Opfer und wieso lag der Tote bereits seit einem Jahr auf dem Meeresboden? Die Greetsieler Kommissare Ruth Fasan und Hagen Reese haben es diesmal mit einem ziemlich verzwickten Fall zu tun: erst entdecken sie ein Tattoo [&hellip;]<\/p>\n","protected":false},"author":2,"featured_media":31293,"comment_status":"closed","ping_status":"closed","sticky":false,"template":"","format":"standard","meta":{"_acf_changed":false,"footnotes":""},"categories":[106],"tags":[],"class_list":["post-31292","post","type-post","status-publish","format-standard","has-post-thumbnail","hentry","category-literatur"],"acf":[],"yoast_head":"<!-- This site is optimized with the Yoast SEO plugin v26.1.1 - https:\/\/yoast.com\/wordpress\/plugins\/seo\/ -->\n<title>Neuerscheinung: Ostfrieslandkrimi &quot;Die Leiche im Meer&quot; von Jan Olsen im Klarant Verlag - Kultur Online TV &amp; FM<\/title>\n<meta name=\"description\" content=\"Die Leiche eines Mannes wird w\u00e4hrend eines Einsatzes der Wasserschutzpolizei entdeckt. Um wen genau handelt es sich bei dem Opfer und wieso lag der Tote bereits seit einem Jahr auf dem Meeresboden?\" \/>\n<meta name=\"robots\" content=\"index, follow, max-snippet:-1, max-image-preview:large, max-video-preview:-1\" \/>\n<link rel=\"canonical\" href=\"https:\/\/kulturonline.tv\/de\/neuerscheinung-ostfrieslandkrimi-die-leiche-im-meer-von-jan-olsen-im-klarant-verlag\/\" \/>\n<meta property=\"og:locale\" content=\"de_DE\" \/>\n<meta property=\"og:type\" content=\"article\" \/>\n<meta property=\"og:title\" content=\"Neuerscheinung: Ostfrieslandkrimi &quot;Die Leiche im Meer&quot; von Jan Olsen im Klarant Verlag - Kultur Online TV &amp; FM\" \/>\n<meta property=\"og:description\" content=\"Die Leiche eines Mannes wird w\u00e4hrend eines Einsatzes der Wasserschutzpolizei entdeckt. Um wen genau handelt es sich bei dem Opfer und wieso lag der Tote bereits seit einem Jahr auf dem Meeresboden?\" \/>\n<meta property=\"og:url\" content=\"https:\/\/kulturonline.tv\/de\/neuerscheinung-ostfrieslandkrimi-die-leiche-im-meer-von-jan-olsen-im-klarant-verlag\/\" \/>\n<meta property=\"og:site_name\" content=\"Kultur Online TV &amp; FM\" \/>\n<meta property=\"article:publisher\" content=\"https:\/\/www.facebook.com\/kulturonline.tv\" \/>\n<meta property=\"article:published_time\" content=\"2022-08-02T13:22:22+00:00\" \/>\n<meta property=\"article:modified_time\" content=\"2022-08-02T13:22:23+00:00\" \/>\n<meta property=\"og:image\" content=\"https:\/\/kulturonline.tv\/wp-content\/uploads\/2022\/08\/literatur-1600x900.png\" \/>\n\t<meta property=\"og:image:width\" content=\"1600\" \/>\n\t<meta property=\"og:image:height\" content=\"900\" \/>\n\t<meta property=\"og:image:type\" content=\"image\/png\" \/>\n<meta name=\"author\" content=\"guenter.wolfgang\" \/>\n<meta name=\"twitter:card\" content=\"summary_large_image\" \/>\n<meta name=\"twitter:label1\" content=\"Verfasst von\" \/>\n\t<meta name=\"twitter:data1\" content=\"guenter.wolfgang\" \/>\n\t<meta name=\"twitter:label2\" content=\"Gesch\u00e4tzte Lesezeit\" \/>\n\t<meta name=\"twitter:data2\" content=\"2\u00a0Minuten\" \/>\n<script type=\"application\/ld+json\" class=\"yoast-schema-graph\">{\"@context\":\"https:\/\/schema.org\",\"@graph\":[{\"@type\":\"Article\",\"@id\":\"https:\/\/kulturonline.tv\/de\/neuerscheinung-ostfrieslandkrimi-die-leiche-im-meer-von-jan-olsen-im-klarant-verlag\/#article\",\"isPartOf\":{\"@id\":\"https:\/\/kulturonline.tv\/de\/neuerscheinung-ostfrieslandkrimi-die-leiche-im-meer-von-jan-olsen-im-klarant-verlag\/\"},\"author\":{\"name\":\"guenter.wolfgang\",\"@id\":\"https:\/\/kulturonline.tv\/de\/#\/schema\/person\/b0fac729bb9a0c193fb1df23449df4fe\"},\"headline\":\"Neuerscheinung: Ostfrieslandkrimi &#8222;Die Leiche im Meer&#8220; von Jan Olsen im Klarant Verlag\",\"datePublished\":\"2022-08-02T13:22:22+00:00\",\"dateModified\":\"2022-08-02T13:22:23+00:00\",\"mainEntityOfPage\":{\"@id\":\"https:\/\/kulturonline.tv\/de\/neuerscheinung-ostfrieslandkrimi-die-leiche-im-meer-von-jan-olsen-im-klarant-verlag\/\"},\"wordCount\":392,\"publisher\":{\"@id\":\"https:\/\/kulturonline.tv\/de\/#organization\"},\"image\":{\"@id\":\"https:\/\/kulturonline.tv\/de\/neuerscheinung-ostfrieslandkrimi-die-leiche-im-meer-von-jan-olsen-im-klarant-verlag\/#primaryimage\"},\"thumbnailUrl\":\"https:\/\/kulturonline.tv\/wp-content\/uploads\/2022\/08\/literatur.png\",\"articleSection\":[\"Literatur\"],\"inLanguage\":\"de\"},{\"@type\":\"WebPage\",\"@id\":\"https:\/\/kulturonline.tv\/de\/neuerscheinung-ostfrieslandkrimi-die-leiche-im-meer-von-jan-olsen-im-klarant-verlag\/\",\"url\":\"https:\/\/kulturonline.tv\/de\/neuerscheinung-ostfrieslandkrimi-die-leiche-im-meer-von-jan-olsen-im-klarant-verlag\/\",\"name\":\"Neuerscheinung: Ostfrieslandkrimi \\\"Die Leiche im Meer\\\" von Jan Olsen im Klarant Verlag - Kultur Online TV &amp; FM\",\"isPartOf\":{\"@id\":\"https:\/\/kulturonline.tv\/de\/#website\"},\"primaryImageOfPage\":{\"@id\":\"https:\/\/kulturonline.tv\/de\/neuerscheinung-ostfrieslandkrimi-die-leiche-im-meer-von-jan-olsen-im-klarant-verlag\/#primaryimage\"},\"image\":{\"@id\":\"https:\/\/kulturonline.tv\/de\/neuerscheinung-ostfrieslandkrimi-die-leiche-im-meer-von-jan-olsen-im-klarant-verlag\/#primaryimage\"},\"thumbnailUrl\":\"https:\/\/kulturonline.tv\/wp-content\/uploads\/2022\/08\/literatur.png\",\"datePublished\":\"2022-08-02T13:22:22+00:00\",\"dateModified\":\"2022-08-02T13:22:23+00:00\",\"description\":\"Die Leiche eines Mannes wird w\u00e4hrend eines Einsatzes der Wasserschutzpolizei entdeckt. Um wen genau handelt es sich bei dem Opfer und wieso lag der Tote bereits seit einem Jahr auf dem Meeresboden?\",\"breadcrumb\":{\"@id\":\"https:\/\/kulturonline.tv\/de\/neuerscheinung-ostfrieslandkrimi-die-leiche-im-meer-von-jan-olsen-im-klarant-verlag\/#breadcrumb\"},\"inLanguage\":\"de\",\"potentialAction\":[{\"@type\":\"ReadAction\",\"target\":[\"https:\/\/kulturonline.tv\/de\/neuerscheinung-ostfrieslandkrimi-die-leiche-im-meer-von-jan-olsen-im-klarant-verlag\/\"]}]},{\"@type\":\"ImageObject\",\"inLanguage\":\"de\",\"@id\":\"https:\/\/kulturonline.tv\/de\/neuerscheinung-ostfrieslandkrimi-die-leiche-im-meer-von-jan-olsen-im-klarant-verlag\/#primaryimage\",\"url\":\"https:\/\/kulturonline.tv\/wp-content\/uploads\/2022\/08\/literatur.png\",\"contentUrl\":\"https:\/\/kulturonline.tv\/wp-content\/uploads\/2022\/08\/literatur.png\",\"width\":2560,\"height\":1440},{\"@type\":\"BreadcrumbList\",\"@id\":\"https:\/\/kulturonline.tv\/de\/neuerscheinung-ostfrieslandkrimi-die-leiche-im-meer-von-jan-olsen-im-klarant-verlag\/#breadcrumb\",\"itemListElement\":[{\"@type\":\"ListItem\",\"position\":1,\"name\":\"Startseite\",\"item\":\"https:\/\/kulturonline.tv\/de\/\"},{\"@type\":\"ListItem\",\"position\":2,\"name\":\"Neuerscheinung: Ostfrieslandkrimi &#8222;Die Leiche im Meer&#8220; von Jan Olsen im Klarant Verlag\"}]},{\"@type\":\"WebSite\",\"@id\":\"https:\/\/kulturonline.tv\/de\/#website\",\"url\":\"https:\/\/kulturonline.tv\/de\/\",\"name\":\"Kultur Online TV &amp; FM\",\"description\":\"Wir sind Kultur 2.0 zum sehen &amp; h\u00f6ren\",\"publisher\":{\"@id\":\"https:\/\/kulturonline.tv\/de\/#organization\"},\"potentialAction\":[{\"@type\":\"SearchAction\",\"target\":{\"@type\":\"EntryPoint\",\"urlTemplate\":\"https:\/\/kulturonline.tv\/de\/?s={search_term_string}\"},\"query-input\":{\"@type\":\"PropertyValueSpecification\",\"valueRequired\":true,\"valueName\":\"search_term_string\"}}],\"inLanguage\":\"de\"},{\"@type\":\"Organization\",\"@id\":\"https:\/\/kulturonline.tv\/de\/#organization\",\"name\":\"Kultur Online TV\",\"url\":\"https:\/\/kulturonline.tv\/de\/\",\"logo\":{\"@type\":\"ImageObject\",\"inLanguage\":\"de\",\"@id\":\"https:\/\/kulturonline.tv\/de\/#\/schema\/logo\/image\/\",\"url\":\"https:\/\/kulturonline.tv\/wp-content\/uploads\/2021\/08\/Kultur-Online-Tv-Logo-Endversion-neu.png\",\"contentUrl\":\"https:\/\/kulturonline.tv\/wp-content\/uploads\/2021\/08\/Kultur-Online-Tv-Logo-Endversion-neu.png\",\"width\":200,\"height\":200,\"caption\":\"Kultur Online TV\"},\"image\":{\"@id\":\"https:\/\/kulturonline.tv\/de\/#\/schema\/logo\/image\/\"},\"sameAs\":[\"https:\/\/www.facebook.com\/kulturonline.tv\",\"https:\/\/www.instagram.com\/kulturonline.tv\"]},{\"@type\":\"Person\",\"@id\":\"https:\/\/kulturonline.tv\/de\/#\/schema\/person\/b0fac729bb9a0c193fb1df23449df4fe\",\"name\":\"guenter.wolfgang\"}]}<\/script>\n<!-- \/ Yoast SEO plugin. -->","yoast_head_json":{"title":"Neuerscheinung: Ostfrieslandkrimi \"Die Leiche im Meer\" von Jan Olsen im Klarant Verlag - Kultur Online TV &amp; FM","description":"Die Leiche eines Mannes wird w\u00e4hrend eines Einsatzes der Wasserschutzpolizei entdeckt. Um wen genau handelt es sich bei dem Opfer und wieso lag der Tote bereits seit einem Jahr auf dem Meeresboden?","robots":{"index":"index","follow":"follow","max-snippet":"max-snippet:-1","max-image-preview":"max-image-preview:large","max-video-preview":"max-video-preview:-1"},"canonical":"https:\/\/kulturonline.tv\/de\/neuerscheinung-ostfrieslandkrimi-die-leiche-im-meer-von-jan-olsen-im-klarant-verlag\/","og_locale":"de_DE","og_type":"article","og_title":"Neuerscheinung: Ostfrieslandkrimi \"Die Leiche im Meer\" von Jan Olsen im Klarant Verlag - Kultur Online TV &amp; FM","og_description":"Die Leiche eines Mannes wird w\u00e4hrend eines Einsatzes der Wasserschutzpolizei entdeckt. Um wen genau handelt es sich bei dem Opfer und wieso lag der Tote bereits seit einem Jahr auf dem Meeresboden?","og_url":"https:\/\/kulturonline.tv\/de\/neuerscheinung-ostfrieslandkrimi-die-leiche-im-meer-von-jan-olsen-im-klarant-verlag\/","og_site_name":"Kultur Online TV &amp; FM","article_publisher":"https:\/\/www.facebook.com\/kulturonline.tv","article_published_time":"2022-08-02T13:22:22+00:00","article_modified_time":"2022-08-02T13:22:23+00:00","og_image":[{"width":1600,"height":900,"url":"https:\/\/kulturonline.tv\/wp-content\/uploads\/2022\/08\/literatur-1600x900.png","type":"image\/png"}],"author":"guenter.wolfgang","twitter_card":"summary_large_image","twitter_misc":{"Verfasst von":"guenter.wolfgang","Gesch\u00e4tzte Lesezeit":"2\u00a0Minuten"},"schema":{"@context":"https:\/\/schema.org","@graph":[{"@type":"Article","@id":"https:\/\/kulturonline.tv\/de\/neuerscheinung-ostfrieslandkrimi-die-leiche-im-meer-von-jan-olsen-im-klarant-verlag\/#article","isPartOf":{"@id":"https:\/\/kulturonline.tv\/de\/neuerscheinung-ostfrieslandkrimi-die-leiche-im-meer-von-jan-olsen-im-klarant-verlag\/"},"author":{"name":"guenter.wolfgang","@id":"https:\/\/kulturonline.tv\/de\/#\/schema\/person\/b0fac729bb9a0c193fb1df23449df4fe"},"headline":"Neuerscheinung: Ostfrieslandkrimi &#8222;Die Leiche im Meer&#8220; von Jan Olsen im Klarant Verlag","datePublished":"2022-08-02T13:22:22+00:00","dateModified":"2022-08-02T13:22:23+00:00","mainEntityOfPage":{"@id":"https:\/\/kulturonline.tv\/de\/neuerscheinung-ostfrieslandkrimi-die-leiche-im-meer-von-jan-olsen-im-klarant-verlag\/"},"wordCount":392,"publisher":{"@id":"https:\/\/kulturonline.tv\/de\/#organization"},"image":{"@id":"https:\/\/kulturonline.tv\/de\/neuerscheinung-ostfrieslandkrimi-die-leiche-im-meer-von-jan-olsen-im-klarant-verlag\/#primaryimage"},"thumbnailUrl":"https:\/\/kulturonline.tv\/wp-content\/uploads\/2022\/08\/literatur.png","articleSection":["Literatur"],"inLanguage":"de"},{"@type":"WebPage","@id":"https:\/\/kulturonline.tv\/de\/neuerscheinung-ostfrieslandkrimi-die-leiche-im-meer-von-jan-olsen-im-klarant-verlag\/","url":"https:\/\/kulturonline.tv\/de\/neuerscheinung-ostfrieslandkrimi-die-leiche-im-meer-von-jan-olsen-im-klarant-verlag\/","name":"Neuerscheinung: Ostfrieslandkrimi \"Die Leiche im Meer\" von Jan Olsen im Klarant Verlag - Kultur Online TV &amp; FM","isPartOf":{"@id":"https:\/\/kulturonline.tv\/de\/#website"},"primaryImageOfPage":{"@id":"https:\/\/kulturonline.tv\/de\/neuerscheinung-ostfrieslandkrimi-die-leiche-im-meer-von-jan-olsen-im-klarant-verlag\/#primaryimage"},"image":{"@id":"https:\/\/kulturonline.tv\/de\/neuerscheinung-ostfrieslandkrimi-die-leiche-im-meer-von-jan-olsen-im-klarant-verlag\/#primaryimage"},"thumbnailUrl":"https:\/\/kulturonline.tv\/wp-content\/uploads\/2022\/08\/literatur.png","datePublished":"2022-08-02T13:22:22+00:00","dateModified":"2022-08-02T13:22:23+00:00","description":"Die Leiche eines Mannes wird w\u00e4hrend eines Einsatzes der Wasserschutzpolizei entdeckt. Um wen genau handelt es sich bei dem Opfer und wieso lag der Tote bereits seit einem Jahr auf dem Meeresboden?","breadcrumb":{"@id":"https:\/\/kulturonline.tv\/de\/neuerscheinung-ostfrieslandkrimi-die-leiche-im-meer-von-jan-olsen-im-klarant-verlag\/#breadcrumb"},"inLanguage":"de","potentialAction":[{"@type":"ReadAction","target":["https:\/\/kulturonline.tv\/de\/neuerscheinung-ostfrieslandkrimi-die-leiche-im-meer-von-jan-olsen-im-klarant-verlag\/"]}]},{"@type":"ImageObject","inLanguage":"de","@id":"https:\/\/kulturonline.tv\/de\/neuerscheinung-ostfrieslandkrimi-die-leiche-im-meer-von-jan-olsen-im-klarant-verlag\/#primaryimage","url":"https:\/\/kulturonline.tv\/wp-content\/uploads\/2022\/08\/literatur.png","contentUrl":"https:\/\/kulturonline.tv\/wp-content\/uploads\/2022\/08\/literatur.png","width":2560,"height":1440},{"@type":"BreadcrumbList","@id":"https:\/\/kulturonline.tv\/de\/neuerscheinung-ostfrieslandkrimi-die-leiche-im-meer-von-jan-olsen-im-klarant-verlag\/#breadcrumb","itemListElement":[{"@type":"ListItem","position":1,"name":"Startseite","item":"https:\/\/kulturonline.tv\/de\/"},{"@type":"ListItem","position":2,"name":"Neuerscheinung: Ostfrieslandkrimi &#8222;Die Leiche im Meer&#8220; von Jan Olsen im Klarant Verlag"}]},{"@type":"WebSite","@id":"https:\/\/kulturonline.tv\/de\/#website","url":"https:\/\/kulturonline.tv\/de\/","name":"Kultur Online TV &amp; FM","description":"Wir sind Kultur 2.0 zum sehen &amp; h\u00f6ren","publisher":{"@id":"https:\/\/kulturonline.tv\/de\/#organization"},"potentialAction":[{"@type":"SearchAction","target":{"@type":"EntryPoint","urlTemplate":"https:\/\/kulturonline.tv\/de\/?s={search_term_string}"},"query-input":{"@type":"PropertyValueSpecification","valueRequired":true,"valueName":"search_term_string"}}],"inLanguage":"de"},{"@type":"Organization","@id":"https:\/\/kulturonline.tv\/de\/#organization","name":"Kultur Online TV","url":"https:\/\/kulturonline.tv\/de\/","logo":{"@type":"ImageObject","inLanguage":"de","@id":"https:\/\/kulturonline.tv\/de\/#\/schema\/logo\/image\/","url":"https:\/\/kulturonline.tv\/wp-content\/uploads\/2021\/08\/Kultur-Online-Tv-Logo-Endversion-neu.png","contentUrl":"https:\/\/kulturonline.tv\/wp-content\/uploads\/2021\/08\/Kultur-Online-Tv-Logo-Endversion-neu.png","width":200,"height":200,"caption":"Kultur Online TV"},"image":{"@id":"https:\/\/kulturonline.tv\/de\/#\/schema\/logo\/image\/"},"sameAs":["https:\/\/www.facebook.com\/kulturonline.tv","https:\/\/www.instagram.com\/kulturonline.tv"]},{"@type":"Person","@id":"https:\/\/kulturonline.tv\/de\/#\/schema\/person\/b0fac729bb9a0c193fb1df23449df4fe","name":"guenter.wolfgang"}]}},"_links":{"self":[{"href":"https:\/\/kulturonline.tv\/de\/wp-json\/wp\/v2\/posts\/31292","targetHints":{"allow":["GET"]}}],"collection":[{"href":"https:\/\/kulturonline.tv\/de\/wp-json\/wp\/v2\/posts"}],"about":[{"href":"https:\/\/kulturonline.tv\/de\/wp-json\/wp\/v2\/types\/post"}],"author":[{"embeddable":true,"href":"https:\/\/kulturonline.tv\/de\/wp-json\/wp\/v2\/users\/2"}],"replies":[{"embeddable":true,"href":"https:\/\/kulturonline.tv\/de\/wp-json\/wp\/v2\/comments?post=31292"}],"version-history":[{"count":0,"href":"https:\/\/kulturonline.tv\/de\/wp-json\/wp\/v2\/posts\/31292\/revisions"}],"wp:featuredmedia":[{"embeddable":true,"href":"https:\/\/kulturonline.tv\/de\/wp-json\/wp\/v2\/media\/31293"}],"wp:attachment":[{"href":"https:\/\/kulturonline.tv\/de\/wp-json\/wp\/v2\/media?parent=31292"}],"wp:term":[{"taxonomy":"category","embeddable":true,"href":"https:\/\/kulturonline.tv\/de\/wp-json\/wp\/v2\/categories?post=31292"},{"taxonomy":"post_tag","embeddable":true,"href":"https:\/\/kulturonline.tv\/de\/wp-json\/wp\/v2\/tags?post=31292"}],"curies":[{"name":"wp","href":"https:\/\/api.w.org\/{rel}","templated":true}]}}