{"id":31296,"date":"2022-08-02T15:47:10","date_gmt":"2022-08-02T13:47:10","guid":{"rendered":"https:\/\/kulturonline.tv\/?p=31296"},"modified":"2022-08-02T15:47:11","modified_gmt":"2022-08-02T13:47:11","slug":"faex-pop-up-store-geht-im-september-mit-designern-auf-tour","status":"publish","type":"post","link":"https:\/\/kulturonline.tv\/de\/faex-pop-up-store-geht-im-september-mit-designern-auf-tour\/","title":{"rendered":"FAEX Pop Up Store geht im September mit Designern auf Tour"},"content":{"rendered":"\n<p>Der FAEX Pop Up Store tourt im September durch Deutschland und zeigt au\u00dfergew\u00f6hnliche Mode an ungew\u00f6hnlichen Orten.<\/p>\n\n\n\n<figure class=\"wp-block-image size-full is-resized\"><img decoding=\"async\" src=\"https:\/\/kulturonline.tv\/wp-content\/uploads\/2022\/08\/Kultur-Onlije-Tv-Mixerd-edited.jpg\" alt=\"\" class=\"wp-image-31299\" width=\"841\" srcset=\"https:\/\/kulturonline.tv\/wp-content\/uploads\/2022\/08\/Kultur-Onlije-Tv-Mixerd-edited.jpg 600w, https:\/\/kulturonline.tv\/wp-content\/uploads\/2022\/08\/Kultur-Onlije-Tv-Mixerd-edited-416x234.jpg 416w\" sizes=\"(max-width: 600px) 100vw, 600px\" \/><\/figure>\n\n\n\n<p>In Berlin, Bremen, Freiburg und Heilbronn pr\u00e4sentiert FAEX \u00fcber 40 Slow Fashion Kollektionen aus Ateliers in Deutschland sowie internationale Modesch\u00f6pfer. Mit Fashion Shows und Designer Talks erleben die Besucher die kuratierten Designs.<\/p>\n\n\n\n<p>Das Modeformat FAEX bringt die Kollektionen von unabh\u00e4ngigen Fashionbrands aus Deutschland und Europa nach Berlin, Freiburg, Heilbronn und Bremen. Weitere St\u00e4dte folgen im Herbst. Dahinter steckt ein innovatives Konzept, mit dem die Berliner Agentur kuratierte Designer und anspruchsvolle Kunden zusammenbringt. In Zusammenarbeit mit den St\u00e4dten und lokalen Einzelh\u00e4ndlern bringen sie frischen Wind in die Einkaufsstra\u00dfen.<\/p>\n\n\n\n<p>Nicht erst seit der Corona-Pandemie ist das Sterben der Innenst\u00e4dte ein Problem. Initiator Ingo M\u00fcller-Dormann schafft mit FAEX eine attraktive L\u00f6sung, von der St\u00e4dte und H\u00e4ndler dauerhaft profitieren. Das eigens entwickelte Konzept der Fashion Days setzte er bereits zweimal erfolgreich in Bremen um. Im September folgt die Premiere in Freiburg in Zusammenarbeit mit der FWTM Freiburg Wirtschaft Touristik und Messe. Mit einem abwechslungsreichen Programm sollen die Besucher f\u00fcr die Innenstadt begeistert werden und dadurch der Einzelhandel nachhaltig gest\u00e4rkt werden. <\/p>\n\n\n\n<p>Weitere Informationen unter <a href=\"http:\/\/www.faex-shop.de\">www.faex-shop.de<\/a><\/p>\n\n\n\n<p>Kultur Online TV<\/p>\n\n\n\n<p>#mixed #regional #kunst #kultur #news<\/p>\n","protected":false},"excerpt":{"rendered":"<p>Der FAEX Pop Up Store tourt im September durch Deutschland und zeigt au\u00dfergew\u00f6hnliche Mode an ungew\u00f6hnlichen Orten. In Berlin, Bremen, Freiburg und Heilbronn pr\u00e4sentiert FAEX \u00fcber 40 Slow Fashion Kollektionen aus Ateliers in Deutschland sowie internationale Modesch\u00f6pfer. Mit Fashion Shows und Designer Talks erleben die Besucher die kuratierten Designs. Das Modeformat FAEX bringt die Kollektionen [&hellip;]<\/p>\n","protected":false},"author":2,"featured_media":31299,"comment_status":"closed","ping_status":"closed","sticky":false,"template":"","format":"standard","meta":{"_acf_changed":false,"footnotes":""},"categories":[281],"tags":[],"class_list":["post-31296","post","type-post","status-publish","format-standard","has-post-thumbnail","hentry","category-mixed"],"acf":[],"yoast_head":"<!-- This site is optimized with the Yoast SEO plugin v26.1.1 - https:\/\/yoast.com\/wordpress\/plugins\/seo\/ -->\n<title>FAEX Pop Up Store geht im September mit Designern auf Tour - Kultur Online TV &amp; FM<\/title>\n<meta name=\"description\" content=\"Der FAEX Pop Up Store tourt im September durch Deutschland und zeigt au\u00dfergew\u00f6hnliche Mode an ungew\u00f6hnlichen Orten.\" \/>\n<meta name=\"robots\" content=\"index, follow, max-snippet:-1, max-image-preview:large, max-video-preview:-1\" \/>\n<link rel=\"canonical\" href=\"https:\/\/kulturonline.tv\/de\/faex-pop-up-store-geht-im-september-mit-designern-auf-tour\/\" \/>\n<meta property=\"og:locale\" content=\"de_DE\" \/>\n<meta property=\"og:type\" content=\"article\" \/>\n<meta property=\"og:title\" content=\"FAEX Pop Up Store geht im September mit Designern auf Tour - Kultur Online TV &amp; FM\" \/>\n<meta property=\"og:description\" content=\"Der FAEX Pop Up Store tourt im September durch Deutschland und zeigt au\u00dfergew\u00f6hnliche Mode an ungew\u00f6hnlichen Orten.\" \/>\n<meta property=\"og:url\" content=\"https:\/\/kulturonline.tv\/de\/faex-pop-up-store-geht-im-september-mit-designern-auf-tour\/\" \/>\n<meta property=\"og:site_name\" content=\"Kultur Online TV &amp; FM\" \/>\n<meta property=\"article:publisher\" content=\"https:\/\/www.facebook.com\/kulturonline.tv\" \/>\n<meta property=\"article:published_time\" content=\"2022-08-02T13:47:10+00:00\" \/>\n<meta property=\"article:modified_time\" content=\"2022-08-02T13:47:11+00:00\" \/>\n<meta property=\"og:image\" content=\"https:\/\/kulturonline.tv\/wp-content\/uploads\/2022\/08\/Kultur-Onlije-Tv-Mixerd-edited.jpg\" \/>\n\t<meta property=\"og:image:width\" content=\"600\" \/>\n\t<meta property=\"og:image:height\" content=\"338\" \/>\n\t<meta property=\"og:image:type\" content=\"image\/jpeg\" \/>\n<meta name=\"author\" content=\"guenter.wolfgang\" \/>\n<meta name=\"twitter:card\" content=\"summary_large_image\" \/>\n<meta name=\"twitter:label1\" content=\"Verfasst von\" \/>\n\t<meta name=\"twitter:data1\" content=\"guenter.wolfgang\" \/>\n\t<meta name=\"twitter:label2\" content=\"Gesch\u00e4tzte Lesezeit\" \/>\n\t<meta name=\"twitter:data2\" content=\"1\u00a0Minute\" \/>\n<script type=\"application\/ld+json\" class=\"yoast-schema-graph\">{\"@context\":\"https:\/\/schema.org\",\"@graph\":[{\"@type\":\"Article\",\"@id\":\"https:\/\/kulturonline.tv\/de\/faex-pop-up-store-geht-im-september-mit-designern-auf-tour\/#article\",\"isPartOf\":{\"@id\":\"https:\/\/kulturonline.tv\/de\/faex-pop-up-store-geht-im-september-mit-designern-auf-tour\/\"},\"author\":{\"name\":\"guenter.wolfgang\",\"@id\":\"https:\/\/kulturonline.tv\/de\/#\/schema\/person\/b0fac729bb9a0c193fb1df23449df4fe\"},\"headline\":\"FAEX Pop Up Store geht im September mit Designern auf Tour\",\"datePublished\":\"2022-08-02T13:47:10+00:00\",\"dateModified\":\"2022-08-02T13:47:11+00:00\",\"mainEntityOfPage\":{\"@id\":\"https:\/\/kulturonline.tv\/de\/faex-pop-up-store-geht-im-september-mit-designern-auf-tour\/\"},\"wordCount\":224,\"publisher\":{\"@id\":\"https:\/\/kulturonline.tv\/de\/#organization\"},\"image\":{\"@id\":\"https:\/\/kulturonline.tv\/de\/faex-pop-up-store-geht-im-september-mit-designern-auf-tour\/#primaryimage\"},\"thumbnailUrl\":\"https:\/\/kulturonline.tv\/wp-content\/uploads\/2022\/08\/Kultur-Onlije-Tv-Mixerd-edited.jpg\",\"articleSection\":[\"Mixed\"],\"inLanguage\":\"de\"},{\"@type\":\"WebPage\",\"@id\":\"https:\/\/kulturonline.tv\/de\/faex-pop-up-store-geht-im-september-mit-designern-auf-tour\/\",\"url\":\"https:\/\/kulturonline.tv\/de\/faex-pop-up-store-geht-im-september-mit-designern-auf-tour\/\",\"name\":\"FAEX Pop Up Store geht im September mit Designern auf Tour - Kultur Online TV &amp; FM\",\"isPartOf\":{\"@id\":\"https:\/\/kulturonline.tv\/de\/#website\"},\"primaryImageOfPage\":{\"@id\":\"https:\/\/kulturonline.tv\/de\/faex-pop-up-store-geht-im-september-mit-designern-auf-tour\/#primaryimage\"},\"image\":{\"@id\":\"https:\/\/kulturonline.tv\/de\/faex-pop-up-store-geht-im-september-mit-designern-auf-tour\/#primaryimage\"},\"thumbnailUrl\":\"https:\/\/kulturonline.tv\/wp-content\/uploads\/2022\/08\/Kultur-Onlije-Tv-Mixerd-edited.jpg\",\"datePublished\":\"2022-08-02T13:47:10+00:00\",\"dateModified\":\"2022-08-02T13:47:11+00:00\",\"description\":\"Der FAEX Pop Up Store tourt im September durch Deutschland und zeigt au\u00dfergew\u00f6hnliche Mode an ungew\u00f6hnlichen Orten.\",\"breadcrumb\":{\"@id\":\"https:\/\/kulturonline.tv\/de\/faex-pop-up-store-geht-im-september-mit-designern-auf-tour\/#breadcrumb\"},\"inLanguage\":\"de\",\"potentialAction\":[{\"@type\":\"ReadAction\",\"target\":[\"https:\/\/kulturonline.tv\/de\/faex-pop-up-store-geht-im-september-mit-designern-auf-tour\/\"]}]},{\"@type\":\"ImageObject\",\"inLanguage\":\"de\",\"@id\":\"https:\/\/kulturonline.tv\/de\/faex-pop-up-store-geht-im-september-mit-designern-auf-tour\/#primaryimage\",\"url\":\"https:\/\/kulturonline.tv\/wp-content\/uploads\/2022\/08\/Kultur-Onlije-Tv-Mixerd-edited.jpg\",\"contentUrl\":\"https:\/\/kulturonline.tv\/wp-content\/uploads\/2022\/08\/Kultur-Onlije-Tv-Mixerd-edited.jpg\",\"width\":600,\"height\":338},{\"@type\":\"BreadcrumbList\",\"@id\":\"https:\/\/kulturonline.tv\/de\/faex-pop-up-store-geht-im-september-mit-designern-auf-tour\/#breadcrumb\",\"itemListElement\":[{\"@type\":\"ListItem\",\"position\":1,\"name\":\"Startseite\",\"item\":\"https:\/\/kulturonline.tv\/de\/\"},{\"@type\":\"ListItem\",\"position\":2,\"name\":\"FAEX Pop Up Store geht im September mit Designern auf Tour\"}]},{\"@type\":\"WebSite\",\"@id\":\"https:\/\/kulturonline.tv\/de\/#website\",\"url\":\"https:\/\/kulturonline.tv\/de\/\",\"name\":\"Kultur Online TV &amp; FM\",\"description\":\"Wir sind Kultur 2.0 zum sehen &amp; h\u00f6ren\",\"publisher\":{\"@id\":\"https:\/\/kulturonline.tv\/de\/#organization\"},\"potentialAction\":[{\"@type\":\"SearchAction\",\"target\":{\"@type\":\"EntryPoint\",\"urlTemplate\":\"https:\/\/kulturonline.tv\/de\/?s={search_term_string}\"},\"query-input\":{\"@type\":\"PropertyValueSpecification\",\"valueRequired\":true,\"valueName\":\"search_term_string\"}}],\"inLanguage\":\"de\"},{\"@type\":\"Organization\",\"@id\":\"https:\/\/kulturonline.tv\/de\/#organization\",\"name\":\"Kultur Online TV\",\"url\":\"https:\/\/kulturonline.tv\/de\/\",\"logo\":{\"@type\":\"ImageObject\",\"inLanguage\":\"de\",\"@id\":\"https:\/\/kulturonline.tv\/de\/#\/schema\/logo\/image\/\",\"url\":\"https:\/\/kulturonline.tv\/wp-content\/uploads\/2021\/08\/Kultur-Online-Tv-Logo-Endversion-neu.png\",\"contentUrl\":\"https:\/\/kulturonline.tv\/wp-content\/uploads\/2021\/08\/Kultur-Online-Tv-Logo-Endversion-neu.png\",\"width\":200,\"height\":200,\"caption\":\"Kultur Online TV\"},\"image\":{\"@id\":\"https:\/\/kulturonline.tv\/de\/#\/schema\/logo\/image\/\"},\"sameAs\":[\"https:\/\/www.facebook.com\/kulturonline.tv\",\"https:\/\/www.instagram.com\/kulturonline.tv\"]},{\"@type\":\"Person\",\"@id\":\"https:\/\/kulturonline.tv\/de\/#\/schema\/person\/b0fac729bb9a0c193fb1df23449df4fe\",\"name\":\"guenter.wolfgang\"}]}<\/script>\n<!-- \/ Yoast SEO plugin. -->","yoast_head_json":{"title":"FAEX Pop Up Store geht im September mit Designern auf Tour - Kultur Online TV &amp; FM","description":"Der FAEX Pop Up Store tourt im September durch Deutschland und zeigt au\u00dfergew\u00f6hnliche Mode an ungew\u00f6hnlichen Orten.","robots":{"index":"index","follow":"follow","max-snippet":"max-snippet:-1","max-image-preview":"max-image-preview:large","max-video-preview":"max-video-preview:-1"},"canonical":"https:\/\/kulturonline.tv\/de\/faex-pop-up-store-geht-im-september-mit-designern-auf-tour\/","og_locale":"de_DE","og_type":"article","og_title":"FAEX Pop Up Store geht im September mit Designern auf Tour - Kultur Online TV &amp; FM","og_description":"Der FAEX Pop Up Store tourt im September durch Deutschland und zeigt au\u00dfergew\u00f6hnliche Mode an ungew\u00f6hnlichen Orten.","og_url":"https:\/\/kulturonline.tv\/de\/faex-pop-up-store-geht-im-september-mit-designern-auf-tour\/","og_site_name":"Kultur Online TV &amp; FM","article_publisher":"https:\/\/www.facebook.com\/kulturonline.tv","article_published_time":"2022-08-02T13:47:10+00:00","article_modified_time":"2022-08-02T13:47:11+00:00","og_image":[{"width":600,"height":338,"url":"https:\/\/kulturonline.tv\/wp-content\/uploads\/2022\/08\/Kultur-Onlije-Tv-Mixerd-edited.jpg","type":"image\/jpeg"}],"author":"guenter.wolfgang","twitter_card":"summary_large_image","twitter_misc":{"Verfasst von":"guenter.wolfgang","Gesch\u00e4tzte Lesezeit":"1\u00a0Minute"},"schema":{"@context":"https:\/\/schema.org","@graph":[{"@type":"Article","@id":"https:\/\/kulturonline.tv\/de\/faex-pop-up-store-geht-im-september-mit-designern-auf-tour\/#article","isPartOf":{"@id":"https:\/\/kulturonline.tv\/de\/faex-pop-up-store-geht-im-september-mit-designern-auf-tour\/"},"author":{"name":"guenter.wolfgang","@id":"https:\/\/kulturonline.tv\/de\/#\/schema\/person\/b0fac729bb9a0c193fb1df23449df4fe"},"headline":"FAEX Pop Up Store geht im September mit Designern auf Tour","datePublished":"2022-08-02T13:47:10+00:00","dateModified":"2022-08-02T13:47:11+00:00","mainEntityOfPage":{"@id":"https:\/\/kulturonline.tv\/de\/faex-pop-up-store-geht-im-september-mit-designern-auf-tour\/"},"wordCount":224,"publisher":{"@id":"https:\/\/kulturonline.tv\/de\/#organization"},"image":{"@id":"https:\/\/kulturonline.tv\/de\/faex-pop-up-store-geht-im-september-mit-designern-auf-tour\/#primaryimage"},"thumbnailUrl":"https:\/\/kulturonline.tv\/wp-content\/uploads\/2022\/08\/Kultur-Onlije-Tv-Mixerd-edited.jpg","articleSection":["Mixed"],"inLanguage":"de"},{"@type":"WebPage","@id":"https:\/\/kulturonline.tv\/de\/faex-pop-up-store-geht-im-september-mit-designern-auf-tour\/","url":"https:\/\/kulturonline.tv\/de\/faex-pop-up-store-geht-im-september-mit-designern-auf-tour\/","name":"FAEX Pop Up Store geht im September mit Designern auf Tour - Kultur Online TV &amp; FM","isPartOf":{"@id":"https:\/\/kulturonline.tv\/de\/#website"},"primaryImageOfPage":{"@id":"https:\/\/kulturonline.tv\/de\/faex-pop-up-store-geht-im-september-mit-designern-auf-tour\/#primaryimage"},"image":{"@id":"https:\/\/kulturonline.tv\/de\/faex-pop-up-store-geht-im-september-mit-designern-auf-tour\/#primaryimage"},"thumbnailUrl":"https:\/\/kulturonline.tv\/wp-content\/uploads\/2022\/08\/Kultur-Onlije-Tv-Mixerd-edited.jpg","datePublished":"2022-08-02T13:47:10+00:00","dateModified":"2022-08-02T13:47:11+00:00","description":"Der FAEX Pop Up Store tourt im September durch Deutschland und zeigt au\u00dfergew\u00f6hnliche Mode an ungew\u00f6hnlichen Orten.","breadcrumb":{"@id":"https:\/\/kulturonline.tv\/de\/faex-pop-up-store-geht-im-september-mit-designern-auf-tour\/#breadcrumb"},"inLanguage":"de","potentialAction":[{"@type":"ReadAction","target":["https:\/\/kulturonline.tv\/de\/faex-pop-up-store-geht-im-september-mit-designern-auf-tour\/"]}]},{"@type":"ImageObject","inLanguage":"de","@id":"https:\/\/kulturonline.tv\/de\/faex-pop-up-store-geht-im-september-mit-designern-auf-tour\/#primaryimage","url":"https:\/\/kulturonline.tv\/wp-content\/uploads\/2022\/08\/Kultur-Onlije-Tv-Mixerd-edited.jpg","contentUrl":"https:\/\/kulturonline.tv\/wp-content\/uploads\/2022\/08\/Kultur-Onlije-Tv-Mixerd-edited.jpg","width":600,"height":338},{"@type":"BreadcrumbList","@id":"https:\/\/kulturonline.tv\/de\/faex-pop-up-store-geht-im-september-mit-designern-auf-tour\/#breadcrumb","itemListElement":[{"@type":"ListItem","position":1,"name":"Startseite","item":"https:\/\/kulturonline.tv\/de\/"},{"@type":"ListItem","position":2,"name":"FAEX Pop Up Store geht im September mit Designern auf Tour"}]},{"@type":"WebSite","@id":"https:\/\/kulturonline.tv\/de\/#website","url":"https:\/\/kulturonline.tv\/de\/","name":"Kultur Online TV &amp; FM","description":"Wir sind Kultur 2.0 zum sehen &amp; h\u00f6ren","publisher":{"@id":"https:\/\/kulturonline.tv\/de\/#organization"},"potentialAction":[{"@type":"SearchAction","target":{"@type":"EntryPoint","urlTemplate":"https:\/\/kulturonline.tv\/de\/?s={search_term_string}"},"query-input":{"@type":"PropertyValueSpecification","valueRequired":true,"valueName":"search_term_string"}}],"inLanguage":"de"},{"@type":"Organization","@id":"https:\/\/kulturonline.tv\/de\/#organization","name":"Kultur Online TV","url":"https:\/\/kulturonline.tv\/de\/","logo":{"@type":"ImageObject","inLanguage":"de","@id":"https:\/\/kulturonline.tv\/de\/#\/schema\/logo\/image\/","url":"https:\/\/kulturonline.tv\/wp-content\/uploads\/2021\/08\/Kultur-Online-Tv-Logo-Endversion-neu.png","contentUrl":"https:\/\/kulturonline.tv\/wp-content\/uploads\/2021\/08\/Kultur-Online-Tv-Logo-Endversion-neu.png","width":200,"height":200,"caption":"Kultur Online TV"},"image":{"@id":"https:\/\/kulturonline.tv\/de\/#\/schema\/logo\/image\/"},"sameAs":["https:\/\/www.facebook.com\/kulturonline.tv","https:\/\/www.instagram.com\/kulturonline.tv"]},{"@type":"Person","@id":"https:\/\/kulturonline.tv\/de\/#\/schema\/person\/b0fac729bb9a0c193fb1df23449df4fe","name":"guenter.wolfgang"}]}},"_links":{"self":[{"href":"https:\/\/kulturonline.tv\/de\/wp-json\/wp\/v2\/posts\/31296","targetHints":{"allow":["GET"]}}],"collection":[{"href":"https:\/\/kulturonline.tv\/de\/wp-json\/wp\/v2\/posts"}],"about":[{"href":"https:\/\/kulturonline.tv\/de\/wp-json\/wp\/v2\/types\/post"}],"author":[{"embeddable":true,"href":"https:\/\/kulturonline.tv\/de\/wp-json\/wp\/v2\/users\/2"}],"replies":[{"embeddable":true,"href":"https:\/\/kulturonline.tv\/de\/wp-json\/wp\/v2\/comments?post=31296"}],"version-history":[{"count":0,"href":"https:\/\/kulturonline.tv\/de\/wp-json\/wp\/v2\/posts\/31296\/revisions"}],"wp:featuredmedia":[{"embeddable":true,"href":"https:\/\/kulturonline.tv\/de\/wp-json\/wp\/v2\/media\/31299"}],"wp:attachment":[{"href":"https:\/\/kulturonline.tv\/de\/wp-json\/wp\/v2\/media?parent=31296"}],"wp:term":[{"taxonomy":"category","embeddable":true,"href":"https:\/\/kulturonline.tv\/de\/wp-json\/wp\/v2\/categories?post=31296"},{"taxonomy":"post_tag","embeddable":true,"href":"https:\/\/kulturonline.tv\/de\/wp-json\/wp\/v2\/tags?post=31296"}],"curies":[{"name":"wp","href":"https:\/\/api.w.org\/{rel}","templated":true}]}}